{"id":79845,"date":"2022-10-12T11:59:15","date_gmt":"2022-10-12T09:59:15","guid":{"rendered":"http:\/\/www.noubarris.net\/web40\/?p=79845"},"modified":"2022-10-12T12:00:50","modified_gmt":"2022-10-12T10:00:50","slug":"vadebesos-una-jornada-per-posar-en-valor-el-riu-la-natura-la-cultura-i-la-memoria-historica","status":"publish","type":"post","link":"https:\/\/www.noubarris.net\/web40\/vadebesos-una-jornada-per-posar-en-valor-el-riu-la-natura-la-cultura-i-la-memoria-historica\/","title":{"rendered":"VadeBes\u00f2s, una jornada per posar en valor el riu, la natura, la cultura i la mem\u00f2ria hist\u00f2rica"},"content":{"rendered":"<p><strong>Les quatre ciutats del tram final del Bes\u00f2s organitzen diverses activitats el proper dissabte en quatre escenaris<\/strong><\/p>\n<p>Barcelona, Montcada i Reixac, Sant Adri\u00e0 de Bes\u00f2s i Santa Coloma de Gramenet, juntament amb el Consorci del Bes\u00f2s organitzen el proper dissabte, 15 d&#8217;octubre, una jornada festiva per celebrar el potencial del tram baix del riu Bes\u00f2s. Sota el nom de VadeBes\u00f2s ompliran els darrers 7,6 quil\u00f2metres del riu d&#8217;activitats l\u00fadiques, esportives i divulgatives sobre sostenibilitat i natura, obertes a tothom.<\/p>\n<p>Tot plegat es far\u00e0 a l&#8217;entorn de quatre escenaris. Cap d&#8217;ells \u00e9s a Nou Barris, ja que a Vallbona, el tram noubarrienc que resegueix el riu, no compta ara per ara amb un espai idoni. Per\u00f2 s\u00ed que la <strong>Zona Nord de Nou Barris<\/strong> queda englobada al que anomenen zona 2 de la festa, juntament amb <strong>Santa Coloma de Gramenet<\/strong> i amb el parc de Can Zam com a escenari. Els altres espais s\u00f3n: <strong>Montcada i Reixac<\/strong> i l\u2019escenari principal del parc de les Aig\u00fces (rec Comtal amunt, prop de Vallbona); <strong>Sant Andreu<\/strong>, amb l\u2019escenari a la llosa del Bon Pastor; i <strong>Sant Mart\u00ed<\/strong>\u00a0i\u00a0<strong>Sant Adri\u00e0 de Bes\u00f2s<\/strong>, amb l\u2019escenari al parc del Litoral<\/p>\n<p>En aquests espais trobareu tot tipus d&#8217;activitat. Des d&#8217;anellament d&#8217;ocells o reparaci\u00f3 de bicicletes a concerts com, per exemple, dels joves de la Franja Bes\u00f2s (i aqu\u00ed entren tamb\u00e9 noubarriencs i noubarrienques) del Cabal Musical, sessions de ioga, jocs infantils, de taula i familiars, o una xerrada sobre les principals reinvindicacions de la coordinadora de ve\u00efns del baix Bes\u00f2s, entre moltes altres. Podeu consultar-les totes a la p\u00e0gina oficial:<\/p>\n\n\n<figure class=\"wp-block-image size-large\"><a href=\"https:\/\/vadebesos.cat\/activitats\"><img loading=\"lazy\" decoding=\"async\" width=\"1024\" height=\"322\" src=\"https:\/\/www.noubarris.net\/web40\/wp-content\/uploads\/2022\/10\/vadebesos-1024x322.jpg\" alt=\"\" class=\"wp-image-79848\" srcset=\"https:\/\/www.noubarris.net\/web40\/wp-content\/uploads\/2022\/10\/vadebesos-1024x322.jpg 1024w, https:\/\/www.noubarris.net\/web40\/wp-content\/uploads\/2022\/10\/vadebesos-300x94.jpg 300w, https:\/\/www.noubarris.net\/web40\/wp-content\/uploads\/2022\/10\/vadebesos-768x241.jpg 768w, https:\/\/www.noubarris.net\/web40\/wp-content\/uploads\/2022\/10\/vadebesos-600x189.jpg 600w, https:\/\/www.noubarris.net\/web40\/wp-content\/uploads\/2022\/10\/vadebesos-1536x483.jpg 1536w, https:\/\/www.noubarris.net\/web40\/wp-content\/uploads\/2022\/10\/vadebesos-150x47.jpg 150w, https:\/\/www.noubarris.net\/web40\/wp-content\/uploads\/2022\/10\/vadebesos.jpg 1728w\" sizes=\"auto, (max-width: 1024px) 100vw, 1024px\" \/><\/a><\/figure>\n\n\n","protected":false},"excerpt":{"rendered":"<p>Les quatre ciutats del tram final del Bes\u00f2s organitzen diverses activitats el proper dissabte en quatre escenaris Barcelona, Montcada i<\/p>\n","protected":false},"author":2,"featured_media":79846,"comment_status":"closed","ping_status":"closed","sticky":false,"template":"","format":"standard","meta":{"colormag_page_layout":"default_layout","_monsterinsights_skip_tracking":false,"_monsterinsights_sitenote_active":false,"_monsterinsights_sitenote_note":"","_monsterinsights_sitenote_category":0,"footnotes":""},"categories":[129,1],"tags":[690,352,436],"class_list":["post-79845","post","type-post","status-publish","format-standard","has-post-thumbnail","hentry","category-cultura","category-nou-barris","tag-besos","tag-medi-ambient","tag-sostenibilitat"],"yoast_head":"<!-- This site is optimized with the Yoast SEO plugin v25.3 - https:\/\/yoast.com\/wordpress\/plugins\/seo\/ -->\n<title>VadeBes\u00f2s, una jornada per posar en valor el riu, la natura, la cultura i la mem\u00f2ria hist\u00f2rica - NouBarris.Net<\/title>\n<meta name=\"robots\" content=\"index, follow, max-snippet:-1, max-image-preview:large, max-video-preview:-1\" \/>\n<link rel=\"canonical\" href=\"https:\/\/www.noubarris.net\/web40\/vadebesos-una-jornada-per-posar-en-valor-el-riu-la-natura-la-cultura-i-la-memoria-historica\/\" \/>\n<meta property=\"og:locale\" content=\"ca_ES\" \/>\n<meta property=\"og:type\" content=\"article\" \/>\n<meta property=\"og:title\" content=\"VadeBes\u00f2s, una jornada per posar en valor el riu, la natura, la cultura i la mem\u00f2ria hist\u00f2rica - NouBarris.Net\" \/>\n<meta property=\"og:description\" content=\"Les quatre ciutats del tram final del Bes\u00f2s organitzen diverses activitats el proper dissabte en quatre escenaris Barcelona, Montcada i\" \/>\n<meta property=\"og:url\" content=\"https:\/\/www.noubarris.net\/web40\/vadebesos-una-jornada-per-posar-en-valor-el-riu-la-natura-la-cultura-i-la-memoria-historica\/\" \/>\n<meta property=\"og:site_name\" content=\"NouBarris.Net\" \/>\n<meta property=\"article:publisher\" content=\"https:\/\/www.facebook.com\/NouBarris.net\/?locale=es_ES\" \/>\n<meta property=\"article:published_time\" content=\"2022-10-12T09:59:15+00:00\" \/>\n<meta property=\"article:modified_time\" content=\"2022-10-12T10:00:50+00:00\" \/>\n<meta property=\"og:image\" content=\"https:\/\/www.noubarris.net\/web40\/wp-content\/uploads\/2022\/10\/121022.jpg\" \/>\n\t<meta property=\"og:image:width\" content=\"768\" \/>\n\t<meta property=\"og:image:height\" content=\"432\" \/>\n\t<meta property=\"og:image:type\" content=\"image\/jpeg\" \/>\n<meta name=\"author\" content=\"Informatius\" \/>\n<meta name=\"twitter:card\" content=\"summary_large_image\" \/>\n<meta name=\"twitter:creator\" content=\"@9BTV\" \/>\n<meta name=\"twitter:site\" content=\"@9BTV\" \/>\n<meta name=\"twitter:label1\" content=\"Escrit per\" \/>\n\t<meta name=\"twitter:data1\" content=\"Informatius\" \/>\n\t<meta name=\"twitter:label2\" content=\"Temps estimat de lectura\" \/>\n\t<meta name=\"twitter:data2\" content=\"1 minut\" \/>\n<script type=\"application\/ld+json\" class=\"yoast-schema-graph\">{\"@context\":\"https:\/\/schema.org\",\"@graph\":[{\"@type\":\"Article\",\"@id\":\"https:\/\/www.noubarris.net\/web40\/vadebesos-una-jornada-per-posar-en-valor-el-riu-la-natura-la-cultura-i-la-memoria-historica\/#article\",\"isPartOf\":{\"@id\":\"https:\/\/www.noubarris.net\/web40\/vadebesos-una-jornada-per-posar-en-valor-el-riu-la-natura-la-cultura-i-la-memoria-historica\/\"},\"author\":{\"name\":\"Informatius\",\"@id\":\"https:\/\/www.noubarris.net\/web40\/#\/schema\/person\/1827f92aaa316c54abbf4dac0de76069\"},\"headline\":\"VadeBes\u00f2s, una jornada per posar en valor el riu, la natura, la cultura i la mem\u00f2ria hist\u00f2rica\",\"datePublished\":\"2022-10-12T09:59:15+00:00\",\"dateModified\":\"2022-10-12T10:00:50+00:00\",\"mainEntityOfPage\":{\"@id\":\"https:\/\/www.noubarris.net\/web40\/vadebesos-una-jornada-per-posar-en-valor-el-riu-la-natura-la-cultura-i-la-memoria-historica\/\"},\"wordCount\":304,\"publisher\":{\"@id\":\"https:\/\/www.noubarris.net\/web40\/#organization\"},\"image\":{\"@id\":\"https:\/\/www.noubarris.net\/web40\/vadebesos-una-jornada-per-posar-en-valor-el-riu-la-natura-la-cultura-i-la-memoria-historica\/#primaryimage\"},\"thumbnailUrl\":\"https:\/\/www.noubarris.net\/web40\/wp-content\/uploads\/2022\/10\/121022.jpg\",\"keywords\":[\"Bes\u00f2s\",\"Medi ambient\",\"Sostenibilitat\"],\"articleSection\":[\"Cultura\",\"Nou Barris\"],\"inLanguage\":\"ca\"},{\"@type\":\"WebPage\",\"@id\":\"https:\/\/www.noubarris.net\/web40\/vadebesos-una-jornada-per-posar-en-valor-el-riu-la-natura-la-cultura-i-la-memoria-historica\/\",\"url\":\"https:\/\/www.noubarris.net\/web40\/vadebesos-una-jornada-per-posar-en-valor-el-riu-la-natura-la-cultura-i-la-memoria-historica\/\",\"name\":\"VadeBes\u00f2s, una jornada per posar en valor el riu, la natura, la cultura i la mem\u00f2ria hist\u00f2rica - NouBarris.Net\",\"isPartOf\":{\"@id\":\"https:\/\/www.noubarris.net\/web40\/#website\"},\"primaryImageOfPage\":{\"@id\":\"https:\/\/www.noubarris.net\/web40\/vadebesos-una-jornada-per-posar-en-valor-el-riu-la-natura-la-cultura-i-la-memoria-historica\/#primaryimage\"},\"image\":{\"@id\":\"https:\/\/www.noubarris.net\/web40\/vadebesos-una-jornada-per-posar-en-valor-el-riu-la-natura-la-cultura-i-la-memoria-historica\/#primaryimage\"},\"thumbnailUrl\":\"https:\/\/www.noubarris.net\/web40\/wp-content\/uploads\/2022\/10\/121022.jpg\",\"datePublished\":\"2022-10-12T09:59:15+00:00\",\"dateModified\":\"2022-10-12T10:00:50+00:00\",\"breadcrumb\":{\"@id\":\"https:\/\/www.noubarris.net\/web40\/vadebesos-una-jornada-per-posar-en-valor-el-riu-la-natura-la-cultura-i-la-memoria-historica\/#breadcrumb\"},\"inLanguage\":\"ca\",\"potentialAction\":[{\"@type\":\"ReadAction\",\"target\":[\"https:\/\/www.noubarris.net\/web40\/vadebesos-una-jornada-per-posar-en-valor-el-riu-la-natura-la-cultura-i-la-memoria-historica\/\"]}]},{\"@type\":\"ImageObject\",\"inLanguage\":\"ca\",\"@id\":\"https:\/\/www.noubarris.net\/web40\/vadebesos-una-jornada-per-posar-en-valor-el-riu-la-natura-la-cultura-i-la-memoria-historica\/#primaryimage\",\"url\":\"https:\/\/www.noubarris.net\/web40\/wp-content\/uploads\/2022\/10\/121022.jpg\",\"contentUrl\":\"https:\/\/www.noubarris.net\/web40\/wp-content\/uploads\/2022\/10\/121022.jpg\",\"width\":768,\"height\":432},{\"@type\":\"BreadcrumbList\",\"@id\":\"https:\/\/www.noubarris.net\/web40\/vadebesos-una-jornada-per-posar-en-valor-el-riu-la-natura-la-cultura-i-la-memoria-historica\/#breadcrumb\",\"itemListElement\":[{\"@type\":\"ListItem\",\"position\":1,\"name\":\"Inici\",\"item\":\"https:\/\/www.noubarris.net\/web40\/\"},{\"@type\":\"ListItem\",\"position\":2,\"name\":\"VadeBes\u00f2s, una jornada per posar en valor el riu, la natura, la cultura i la mem\u00f2ria hist\u00f2rica\"}]},{\"@type\":\"WebSite\",\"@id\":\"https:\/\/www.noubarris.net\/web40\/#website\",\"url\":\"https:\/\/www.noubarris.net\/web40\/\",\"name\":\"NouBarris.Net\",\"description\":\"Seguint la vida de Nou Barris des de 1985\",\"publisher\":{\"@id\":\"https:\/\/www.noubarris.net\/web40\/#organization\"},\"potentialAction\":[{\"@type\":\"SearchAction\",\"target\":{\"@type\":\"EntryPoint\",\"urlTemplate\":\"https:\/\/www.noubarris.net\/web40\/?s={search_term_string}\"},\"query-input\":{\"@type\":\"PropertyValueSpecification\",\"valueRequired\":true,\"valueName\":\"search_term_string\"}}],\"inLanguage\":\"ca\"},{\"@type\":\"Organization\",\"@id\":\"https:\/\/www.noubarris.net\/web40\/#organization\",\"name\":\"NouBarris.Net\",\"url\":\"https:\/\/www.noubarris.net\/web40\/\",\"logo\":{\"@type\":\"ImageObject\",\"inLanguage\":\"ca\",\"@id\":\"https:\/\/www.noubarris.net\/web40\/#\/schema\/logo\/image\/\",\"url\":\"https:\/\/www.noubarris.net\/web40\/wp-content\/uploads\/2024\/11\/cropped-cropped-LOGO_9BTV-2024_Insta-1.jpg\",\"contentUrl\":\"https:\/\/www.noubarris.net\/web40\/wp-content\/uploads\/2024\/11\/cropped-cropped-LOGO_9BTV-2024_Insta-1.jpg\",\"width\":512,\"height\":512,\"caption\":\"NouBarris.Net\"},\"image\":{\"@id\":\"https:\/\/www.noubarris.net\/web40\/#\/schema\/logo\/image\/\"},\"sameAs\":[\"https:\/\/www.facebook.com\/NouBarris.net\/?locale=es_ES\",\"https:\/\/x.com\/9BTV\"]},{\"@type\":\"Person\",\"@id\":\"https:\/\/www.noubarris.net\/web40\/#\/schema\/person\/1827f92aaa316c54abbf4dac0de76069\",\"name\":\"Informatius\",\"image\":{\"@type\":\"ImageObject\",\"inLanguage\":\"ca\",\"@id\":\"https:\/\/www.noubarris.net\/web40\/#\/schema\/person\/image\/\",\"url\":\"https:\/\/secure.gravatar.com\/avatar\/87a3b47928835fc72c6ee5b0e1a7263ef0c2d05003a98189bc14926c5f11bcdb?s=96&d=mm&r=g\",\"contentUrl\":\"https:\/\/secure.gravatar.com\/avatar\/87a3b47928835fc72c6ee5b0e1a7263ef0c2d05003a98189bc14926c5f11bcdb?s=96&d=mm&r=g\",\"caption\":\"Informatius\"},\"url\":\"https:\/\/www.noubarris.net\/web40\/author\/tele\/\"}]}<\/script>\n<!-- \/ Yoast SEO plugin. -->","yoast_head_json":{"title":"VadeBes\u00f2s, una jornada per posar en valor el riu, la natura, la cultura i la mem\u00f2ria hist\u00f2rica - NouBarris.Net","robots":{"index":"index","follow":"follow","max-snippet":"max-snippet:-1","max-image-preview":"max-image-preview:large","max-video-preview":"max-video-preview:-1"},"canonical":"https:\/\/www.noubarris.net\/web40\/vadebesos-una-jornada-per-posar-en-valor-el-riu-la-natura-la-cultura-i-la-memoria-historica\/","og_locale":"ca_ES","og_type":"article","og_title":"VadeBes\u00f2s, una jornada per posar en valor el riu, la natura, la cultura i la mem\u00f2ria hist\u00f2rica - NouBarris.Net","og_description":"Les quatre ciutats del tram final del Bes\u00f2s organitzen diverses activitats el proper dissabte en quatre escenaris Barcelona, Montcada i","og_url":"https:\/\/www.noubarris.net\/web40\/vadebesos-una-jornada-per-posar-en-valor-el-riu-la-natura-la-cultura-i-la-memoria-historica\/","og_site_name":"NouBarris.Net","article_publisher":"https:\/\/www.facebook.com\/NouBarris.net\/?locale=es_ES","article_published_time":"2022-10-12T09:59:15+00:00","article_modified_time":"2022-10-12T10:00:50+00:00","og_image":[{"width":768,"height":432,"url":"https:\/\/www.noubarris.net\/web40\/wp-content\/uploads\/2022\/10\/121022.jpg","type":"image\/jpeg"}],"author":"Informatius","twitter_card":"summary_large_image","twitter_creator":"@9BTV","twitter_site":"@9BTV","twitter_misc":{"Escrit per":"Informatius","Temps estimat de lectura":"1 minut"},"schema":{"@context":"https:\/\/schema.org","@graph":[{"@type":"Article","@id":"https:\/\/www.noubarris.net\/web40\/vadebesos-una-jornada-per-posar-en-valor-el-riu-la-natura-la-cultura-i-la-memoria-historica\/#article","isPartOf":{"@id":"https:\/\/www.noubarris.net\/web40\/vadebesos-una-jornada-per-posar-en-valor-el-riu-la-natura-la-cultura-i-la-memoria-historica\/"},"author":{"name":"Informatius","@id":"https:\/\/www.noubarris.net\/web40\/#\/schema\/person\/1827f92aaa316c54abbf4dac0de76069"},"headline":"VadeBes\u00f2s, una jornada per posar en valor el riu, la natura, la cultura i la mem\u00f2ria hist\u00f2rica","datePublished":"2022-10-12T09:59:15+00:00","dateModified":"2022-10-12T10:00:50+00:00","mainEntityOfPage":{"@id":"https:\/\/www.noubarris.net\/web40\/vadebesos-una-jornada-per-posar-en-valor-el-riu-la-natura-la-cultura-i-la-memoria-historica\/"},"wordCount":304,"publisher":{"@id":"https:\/\/www.noubarris.net\/web40\/#organization"},"image":{"@id":"https:\/\/www.noubarris.net\/web40\/vadebesos-una-jornada-per-posar-en-valor-el-riu-la-natura-la-cultura-i-la-memoria-historica\/#primaryimage"},"thumbnailUrl":"https:\/\/www.noubarris.net\/web40\/wp-content\/uploads\/2022\/10\/121022.jpg","keywords":["Bes\u00f2s","Medi ambient","Sostenibilitat"],"articleSection":["Cultura","Nou Barris"],"inLanguage":"ca"},{"@type":"WebPage","@id":"https:\/\/www.noubarris.net\/web40\/vadebesos-una-jornada-per-posar-en-valor-el-riu-la-natura-la-cultura-i-la-memoria-historica\/","url":"https:\/\/www.noubarris.net\/web40\/vadebesos-una-jornada-per-posar-en-valor-el-riu-la-natura-la-cultura-i-la-memoria-historica\/","name":"VadeBes\u00f2s, una jornada per posar en valor el riu, la natura, la cultura i la mem\u00f2ria hist\u00f2rica - NouBarris.Net","isPartOf":{"@id":"https:\/\/www.noubarris.net\/web40\/#website"},"primaryImageOfPage":{"@id":"https:\/\/www.noubarris.net\/web40\/vadebesos-una-jornada-per-posar-en-valor-el-riu-la-natura-la-cultura-i-la-memoria-historica\/#primaryimage"},"image":{"@id":"https:\/\/www.noubarris.net\/web40\/vadebesos-una-jornada-per-posar-en-valor-el-riu-la-natura-la-cultura-i-la-memoria-historica\/#primaryimage"},"thumbnailUrl":"https:\/\/www.noubarris.net\/web40\/wp-content\/uploads\/2022\/10\/121022.jpg","datePublished":"2022-10-12T09:59:15+00:00","dateModified":"2022-10-12T10:00:50+00:00","breadcrumb":{"@id":"https:\/\/www.noubarris.net\/web40\/vadebesos-una-jornada-per-posar-en-valor-el-riu-la-natura-la-cultura-i-la-memoria-historica\/#breadcrumb"},"inLanguage":"ca","potentialAction":[{"@type":"ReadAction","target":["https:\/\/www.noubarris.net\/web40\/vadebesos-una-jornada-per-posar-en-valor-el-riu-la-natura-la-cultura-i-la-memoria-historica\/"]}]},{"@type":"ImageObject","inLanguage":"ca","@id":"https:\/\/www.noubarris.net\/web40\/vadebesos-una-jornada-per-posar-en-valor-el-riu-la-natura-la-cultura-i-la-memoria-historica\/#primaryimage","url":"https:\/\/www.noubarris.net\/web40\/wp-content\/uploads\/2022\/10\/121022.jpg","contentUrl":"https:\/\/www.noubarris.net\/web40\/wp-content\/uploads\/2022\/10\/121022.jpg","width":768,"height":432},{"@type":"BreadcrumbList","@id":"https:\/\/www.noubarris.net\/web40\/vadebesos-una-jornada-per-posar-en-valor-el-riu-la-natura-la-cultura-i-la-memoria-historica\/#breadcrumb","itemListElement":[{"@type":"ListItem","position":1,"name":"Inici","item":"https:\/\/www.noubarris.net\/web40\/"},{"@type":"ListItem","position":2,"name":"VadeBes\u00f2s, una jornada per posar en valor el riu, la natura, la cultura i la mem\u00f2ria hist\u00f2rica"}]},{"@type":"WebSite","@id":"https:\/\/www.noubarris.net\/web40\/#website","url":"https:\/\/www.noubarris.net\/web40\/","name":"NouBarris.Net","description":"Seguint la vida de Nou Barris des de 1985","publisher":{"@id":"https:\/\/www.noubarris.net\/web40\/#organization"},"potentialAction":[{"@type":"SearchAction","target":{"@type":"EntryPoint","urlTemplate":"https:\/\/www.noubarris.net\/web40\/?s={search_term_string}"},"query-input":{"@type":"PropertyValueSpecification","valueRequired":true,"valueName":"search_term_string"}}],"inLanguage":"ca"},{"@type":"Organization","@id":"https:\/\/www.noubarris.net\/web40\/#organization","name":"NouBarris.Net","url":"https:\/\/www.noubarris.net\/web40\/","logo":{"@type":"ImageObject","inLanguage":"ca","@id":"https:\/\/www.noubarris.net\/web40\/#\/schema\/logo\/image\/","url":"https:\/\/www.noubarris.net\/web40\/wp-content\/uploads\/2024\/11\/cropped-cropped-LOGO_9BTV-2024_Insta-1.jpg","contentUrl":"https:\/\/www.noubarris.net\/web40\/wp-content\/uploads\/2024\/11\/cropped-cropped-LOGO_9BTV-2024_Insta-1.jpg","width":512,"height":512,"caption":"NouBarris.Net"},"image":{"@id":"https:\/\/www.noubarris.net\/web40\/#\/schema\/logo\/image\/"},"sameAs":["https:\/\/www.facebook.com\/NouBarris.net\/?locale=es_ES","https:\/\/x.com\/9BTV"]},{"@type":"Person","@id":"https:\/\/www.noubarris.net\/web40\/#\/schema\/person\/1827f92aaa316c54abbf4dac0de76069","name":"Informatius","image":{"@type":"ImageObject","inLanguage":"ca","@id":"https:\/\/www.noubarris.net\/web40\/#\/schema\/person\/image\/","url":"https:\/\/secure.gravatar.com\/avatar\/87a3b47928835fc72c6ee5b0e1a7263ef0c2d05003a98189bc14926c5f11bcdb?s=96&d=mm&r=g","contentUrl":"https:\/\/secure.gravatar.com\/avatar\/87a3b47928835fc72c6ee5b0e1a7263ef0c2d05003a98189bc14926c5f11bcdb?s=96&d=mm&r=g","caption":"Informatius"},"url":"https:\/\/www.noubarris.net\/web40\/author\/tele\/"}]}},"_links":{"self":[{"href":"https:\/\/www.noubarris.net\/web40\/wp-json\/wp\/v2\/posts\/79845","targetHints":{"allow":["GET"]}}],"collection":[{"href":"https:\/\/www.noubarris.net\/web40\/wp-json\/wp\/v2\/posts"}],"about":[{"href":"https:\/\/www.noubarris.net\/web40\/wp-json\/wp\/v2\/types\/post"}],"author":[{"embeddable":true,"href":"https:\/\/www.noubarris.net\/web40\/wp-json\/wp\/v2\/users\/2"}],"replies":[{"embeddable":true,"href":"https:\/\/www.noubarris.net\/web40\/wp-json\/wp\/v2\/comments?post=79845"}],"version-history":[{"count":3,"href":"https:\/\/www.noubarris.net\/web40\/wp-json\/wp\/v2\/posts\/79845\/revisions"}],"predecessor-version":[{"id":79853,"href":"https:\/\/www.noubarris.net\/web40\/wp-json\/wp\/v2\/posts\/79845\/revisions\/79853"}],"wp:featuredmedia":[{"embeddable":true,"href":"https:\/\/www.noubarris.net\/web40\/wp-json\/wp\/v2\/media\/79846"}],"wp:attachment":[{"href":"https:\/\/www.noubarris.net\/web40\/wp-json\/wp\/v2\/media?parent=79845"}],"wp:term":[{"taxonomy":"category","embeddable":true,"href":"https:\/\/www.noubarris.net\/web40\/wp-json\/wp\/v2\/categories?post=79845"},{"taxonomy":"post_tag","embeddable":true,"href":"https:\/\/www.noubarris.net\/web40\/wp-json\/wp\/v2\/tags?post=79845"}],"curies":[{"name":"wp","href":"https:\/\/api.w.org\/{rel}","templated":true}]}}