{"id":79856,"date":"2022-10-13T00:00:23","date_gmt":"2022-10-12T22:00:23","guid":{"rendered":"http:\/\/www.noubarris.net\/web40\/?p=79856"},"modified":"2022-10-12T12:43:03","modified_gmt":"2022-10-12T10:43:03","slug":"la-transformacio-integral-del-cem-artesania-prevista-per-al-proper-mandat","status":"publish","type":"post","link":"https:\/\/www.noubarris.net\/web40\/la-transformacio-integral-del-cem-artesania-prevista-per-al-proper-mandat\/","title":{"rendered":"La &#8220;transformaci\u00f3 integral&#8221; del CEM Artesania, prevista per al proper mandat"},"content":{"rendered":"<p><strong>El nou poliesportiu \u00e9s una de reivindicacions m\u00e9s llargues de l\u2019AV Canyelles<\/strong><\/p>\n<p>L&#8217;Institut Barcelona Esports ha anunciat la construcci\u00f3 de 4 nous equipaments esportiu i la &#8220;transformaci\u00f3 integral&#8221; de 5 m\u00e9s. Dins aquests darrers ha incl\u00f2s una de les grans lluites hist\u00f2riques de Canyelles i les Roquetes, el poliesportiu del carrer d&#8217;Artesania, ja que l&#8217;actual s&#8217;ha quedat petit, envellit i caduc.<\/p>\n<p>La nota de premsa de l&#8217;Ajuntament parla de &#8220;transformaci\u00f3 integral&#8221; i apunta que ja es disposa ja del projecte b\u00e0sic i s\u2019ha iniciat la redacci\u00f3 del projecte executiu del nou Centre Esportiu Municipal Artesania. Sense projecte executiu encara, les obres hauran d&#8217;esperar encara al proper mandat.<\/p>\n<p>Conceptes a banda, es parla de construir una nova piscina i sales d\u2019activitats al solar reservat per a tal fi des de fa m\u00e9s de vint anys, on encara es conserva un cartell en qu\u00e8 es podia llegir aquesta finalitat fins fa uns anys, quan el sol va acabar d&#8217;esborrar les lletres. La idea de l&#8217;Institut Barcelona Esports \u00e9s encabir tota l&#8217;activitat en un sol pavell\u00f3 compacte, el que es mostra a la imatge que encap\u00e7ala aquesta not\u00edcia, de manera que es pugui mantenir l\u2019activitat del centre actual mentre duri la construcci\u00f3 del nou CEM. El poliesportiu estar\u00e0 limitat pel carrer d\u2019Antonio Machado, l\u2019edificaci\u00f3 de l\u2019actual CEM Artesania, la benzinera de la via Fav\u00e8ncia, i a l\u2019oest per un espai lliure que ser\u00e0 en un futur el connector verd del parc de la Guineueta amb la serralada de Collserola.<\/p>\n\n\n<figure class=\"wp-block-image size-full\"><img loading=\"lazy\" decoding=\"async\" width=\"768\" height=\"432\" src=\"https:\/\/www.noubarris.net\/web40\/wp-content\/uploads\/2022\/10\/solar-poliesportiu-canyelles.jpg\" alt=\"\" class=\"wp-image-79862\" srcset=\"https:\/\/www.noubarris.net\/web40\/wp-content\/uploads\/2022\/10\/solar-poliesportiu-canyelles.jpg 768w, https:\/\/www.noubarris.net\/web40\/wp-content\/uploads\/2022\/10\/solar-poliesportiu-canyelles-300x169.jpg 300w, https:\/\/www.noubarris.net\/web40\/wp-content\/uploads\/2022\/10\/solar-poliesportiu-canyelles-600x338.jpg 600w, https:\/\/www.noubarris.net\/web40\/wp-content\/uploads\/2022\/10\/solar-poliesportiu-canyelles-150x84.jpg 150w\" sizes=\"auto, (max-width: 768px) 100vw, 768px\" \/><figcaption>L&#8217;AV Canyelles al solar destinat al futur poliesportiu, en una imatge de l&#8217;any 2018<\/figcaption><\/figure>\n\n\n\n<h6><strong>Una reivindicaci\u00f3 hist\u00f2rica<\/strong><\/h6>\n<p>El ve\u00efnat ha acollit l&#8217;anunci amb cert escepticisme. No \u00e9s la primera vegada que s&#8217;anuncia la construcci\u00f3 del poliesportiu. L&#8217;AV Canyelles conserva encara un CD-ROM amb les imategs virtuals del projecte de fa vint anys. <strong><a href=\"https:\/\/www.noubarris.net\/web40\/?p=59419\" target=\"_blank\" rel=\"noopener\">Al setembre de 2001 ja es va anunciar el concurs per tirar endavant les obres<\/a><\/strong>, per\u00f2 les obres per fer arribar la l\u00ednia 3 de metro fins a Canyelles van aturar el projecte, ja que el t\u00fanel passava per sota.<\/p>\n<p>Al <strong><a href=\"https:\/\/www.noubarris.net\/web40\/?p=60695\" target=\"_blank\" rel=\"noopener\">mar\u00e7 de 2006 l\u2019Ajuntament va aprovar la remodelaci\u00f3 de la piscina<\/a><\/strong> del carrer Artesania i l\u2019ampliaci\u00f3 del recinte. Les obres les havia de dur a terme l&#8217;empresa Nou Barris Fitness \u2013 UBAE, que aleshores gestionava les instal\u00b7lacions. Per\u00f2 no es va fixar un data concreta, sin\u00f3 un termini m\u00e0xim, i per problemes econ\u00f2mics, aquestes obres no van comen\u00e7ar mai. El ve\u00efnat van exigir que es rescat\u00e9s el projecte i s&#8217;assum\u00eds des de l&#8217;Ajuntament<\/p>\n<p>El nou CEM <a href=\"https:\/\/www.noubarris.net\/web40\/?p=69172\" target=\"_blank\" rel=\"noopener\"><strong>es va reprendre al mar\u00e7 de 2017, quan el govern de Nou Barris va anunciar<\/strong> als ve\u00efns de Canyelles i les Roquetes que estava treballant en l\u2019elaboraci\u00f3 de l\u2019avantprojecte<\/a> de poliesportiu.\u00a0 Un any despr\u00e9s, <strong><a href=\"https:\/\/www.noubarris.net\/web40\/?p=73176\" target=\"_blank\" rel=\"noopener\">es va apuntar que el projecte podria engegar al 2021<\/a><\/strong>, si l&#8217;Institut Barcelona Esports assumia la inversi\u00f3. I amb una pand\u00e8mia i crisi pel mig, l&#8217;IBE anuncia que s&#8217;encarregar\u00e0 de la inversi\u00f3 i posa el CEM Artesania en el calendari del nou mandat, que comen\u00e7ar\u00e0 despr\u00e9s de les eleccions del proper mes de maig.<\/p>\n","protected":false},"excerpt":{"rendered":"<p>El nou poliesportiu \u00e9s una de reivindicacions m\u00e9s llargues de l\u2019AV Canyelles L&#8217;Institut Barcelona Esports ha anunciat la construcci\u00f3 de<\/p>\n","protected":false},"author":2,"featured_media":79858,"comment_status":"closed","ping_status":"closed","sticky":false,"template":"","format":"standard","meta":{"colormag_page_layout":"default_layout","_monsterinsights_skip_tracking":false,"_monsterinsights_sitenote_active":false,"_monsterinsights_sitenote_note":"","_monsterinsights_sitenote_category":0,"footnotes":""},"categories":[131,302],"tags":[121],"class_list":["post-79856","post","type-post","status-publish","format-standard","has-post-thumbnail","hentry","category-canyelles","category-urbanisme","tag-equipaments"],"yoast_head":"<!-- This site is optimized with the Yoast SEO plugin v25.3 - https:\/\/yoast.com\/wordpress\/plugins\/seo\/ -->\n<title>La &quot;transformaci\u00f3 integral&quot; del CEM Artesania, prevista per al proper mandat - NouBarris.Net<\/title>\n<meta name=\"robots\" content=\"index, follow, max-snippet:-1, max-image-preview:large, max-video-preview:-1\" \/>\n<link rel=\"canonical\" href=\"https:\/\/www.noubarris.net\/web40\/la-transformacio-integral-del-cem-artesania-prevista-per-al-proper-mandat\/\" \/>\n<meta property=\"og:locale\" content=\"ca_ES\" \/>\n<meta property=\"og:type\" content=\"article\" \/>\n<meta property=\"og:title\" content=\"La &quot;transformaci\u00f3 integral&quot; del CEM Artesania, prevista per al proper mandat - NouBarris.Net\" \/>\n<meta property=\"og:description\" content=\"El nou poliesportiu \u00e9s una de reivindicacions m\u00e9s llargues de l\u2019AV Canyelles L&#8217;Institut Barcelona Esports ha anunciat la construcci\u00f3 de\" \/>\n<meta property=\"og:url\" content=\"https:\/\/www.noubarris.net\/web40\/la-transformacio-integral-del-cem-artesania-prevista-per-al-proper-mandat\/\" \/>\n<meta property=\"og:site_name\" content=\"NouBarris.Net\" \/>\n<meta property=\"article:publisher\" content=\"https:\/\/www.facebook.com\/NouBarris.net\/?locale=es_ES\" \/>\n<meta property=\"article:published_time\" content=\"2022-10-12T22:00:23+00:00\" \/>\n<meta property=\"og:image\" content=\"https:\/\/www.noubarris.net\/web40\/wp-content\/uploads\/2022\/10\/131022.jpg\" \/>\n\t<meta property=\"og:image:width\" content=\"768\" \/>\n\t<meta property=\"og:image:height\" content=\"432\" \/>\n\t<meta property=\"og:image:type\" content=\"image\/jpeg\" \/>\n<meta name=\"author\" content=\"Informatius\" \/>\n<meta name=\"twitter:card\" content=\"summary_large_image\" \/>\n<meta name=\"twitter:creator\" content=\"@9BTV\" \/>\n<meta name=\"twitter:site\" content=\"@9BTV\" \/>\n<meta name=\"twitter:label1\" content=\"Escrit per\" \/>\n\t<meta name=\"twitter:data1\" content=\"Informatius\" \/>\n\t<meta name=\"twitter:label2\" content=\"Temps estimat de lectura\" \/>\n\t<meta name=\"twitter:data2\" content=\"3 minuts\" \/>\n<script type=\"application\/ld+json\" class=\"yoast-schema-graph\">{\"@context\":\"https:\/\/schema.org\",\"@graph\":[{\"@type\":\"Article\",\"@id\":\"https:\/\/www.noubarris.net\/web40\/la-transformacio-integral-del-cem-artesania-prevista-per-al-proper-mandat\/#article\",\"isPartOf\":{\"@id\":\"https:\/\/www.noubarris.net\/web40\/la-transformacio-integral-del-cem-artesania-prevista-per-al-proper-mandat\/\"},\"author\":{\"name\":\"Informatius\",\"@id\":\"https:\/\/www.noubarris.net\/web40\/#\/schema\/person\/1827f92aaa316c54abbf4dac0de76069\"},\"headline\":\"La &#8220;transformaci\u00f3 integral&#8221; del CEM Artesania, prevista per al proper mandat\",\"datePublished\":\"2022-10-12T22:00:23+00:00\",\"mainEntityOfPage\":{\"@id\":\"https:\/\/www.noubarris.net\/web40\/la-transformacio-integral-del-cem-artesania-prevista-per-al-proper-mandat\/\"},\"wordCount\":562,\"publisher\":{\"@id\":\"https:\/\/www.noubarris.net\/web40\/#organization\"},\"image\":{\"@id\":\"https:\/\/www.noubarris.net\/web40\/la-transformacio-integral-del-cem-artesania-prevista-per-al-proper-mandat\/#primaryimage\"},\"thumbnailUrl\":\"https:\/\/www.noubarris.net\/web40\/wp-content\/uploads\/2022\/10\/131022.jpg\",\"keywords\":[\"Equipaments\"],\"articleSection\":[\"Canyelles\",\"Urbanisme\"],\"inLanguage\":\"ca\"},{\"@type\":\"WebPage\",\"@id\":\"https:\/\/www.noubarris.net\/web40\/la-transformacio-integral-del-cem-artesania-prevista-per-al-proper-mandat\/\",\"url\":\"https:\/\/www.noubarris.net\/web40\/la-transformacio-integral-del-cem-artesania-prevista-per-al-proper-mandat\/\",\"name\":\"La \\\"transformaci\u00f3 integral\\\" del CEM Artesania, prevista per al proper mandat - NouBarris.Net\",\"isPartOf\":{\"@id\":\"https:\/\/www.noubarris.net\/web40\/#website\"},\"primaryImageOfPage\":{\"@id\":\"https:\/\/www.noubarris.net\/web40\/la-transformacio-integral-del-cem-artesania-prevista-per-al-proper-mandat\/#primaryimage\"},\"image\":{\"@id\":\"https:\/\/www.noubarris.net\/web40\/la-transformacio-integral-del-cem-artesania-prevista-per-al-proper-mandat\/#primaryimage\"},\"thumbnailUrl\":\"https:\/\/www.noubarris.net\/web40\/wp-content\/uploads\/2022\/10\/131022.jpg\",\"datePublished\":\"2022-10-12T22:00:23+00:00\",\"breadcrumb\":{\"@id\":\"https:\/\/www.noubarris.net\/web40\/la-transformacio-integral-del-cem-artesania-prevista-per-al-proper-mandat\/#breadcrumb\"},\"inLanguage\":\"ca\",\"potentialAction\":[{\"@type\":\"ReadAction\",\"target\":[\"https:\/\/www.noubarris.net\/web40\/la-transformacio-integral-del-cem-artesania-prevista-per-al-proper-mandat\/\"]}]},{\"@type\":\"ImageObject\",\"inLanguage\":\"ca\",\"@id\":\"https:\/\/www.noubarris.net\/web40\/la-transformacio-integral-del-cem-artesania-prevista-per-al-proper-mandat\/#primaryimage\",\"url\":\"https:\/\/www.noubarris.net\/web40\/wp-content\/uploads\/2022\/10\/131022.jpg\",\"contentUrl\":\"https:\/\/www.noubarris.net\/web40\/wp-content\/uploads\/2022\/10\/131022.jpg\",\"width\":768,\"height\":432},{\"@type\":\"BreadcrumbList\",\"@id\":\"https:\/\/www.noubarris.net\/web40\/la-transformacio-integral-del-cem-artesania-prevista-per-al-proper-mandat\/#breadcrumb\",\"itemListElement\":[{\"@type\":\"ListItem\",\"position\":1,\"name\":\"Inici\",\"item\":\"https:\/\/www.noubarris.net\/web40\/\"},{\"@type\":\"ListItem\",\"position\":2,\"name\":\"La &#8220;transformaci\u00f3 integral&#8221; del CEM Artesania, prevista per al proper mandat\"}]},{\"@type\":\"WebSite\",\"@id\":\"https:\/\/www.noubarris.net\/web40\/#website\",\"url\":\"https:\/\/www.noubarris.net\/web40\/\",\"name\":\"NouBarris.Net\",\"description\":\"Seguint la vida de Nou Barris des de 1985\",\"publisher\":{\"@id\":\"https:\/\/www.noubarris.net\/web40\/#organization\"},\"potentialAction\":[{\"@type\":\"SearchAction\",\"target\":{\"@type\":\"EntryPoint\",\"urlTemplate\":\"https:\/\/www.noubarris.net\/web40\/?s={search_term_string}\"},\"query-input\":{\"@type\":\"PropertyValueSpecification\",\"valueRequired\":true,\"valueName\":\"search_term_string\"}}],\"inLanguage\":\"ca\"},{\"@type\":\"Organization\",\"@id\":\"https:\/\/www.noubarris.net\/web40\/#organization\",\"name\":\"NouBarris.Net\",\"url\":\"https:\/\/www.noubarris.net\/web40\/\",\"logo\":{\"@type\":\"ImageObject\",\"inLanguage\":\"ca\",\"@id\":\"https:\/\/www.noubarris.net\/web40\/#\/schema\/logo\/image\/\",\"url\":\"https:\/\/www.noubarris.net\/web40\/wp-content\/uploads\/2024\/11\/cropped-cropped-LOGO_9BTV-2024_Insta-1.jpg\",\"contentUrl\":\"https:\/\/www.noubarris.net\/web40\/wp-content\/uploads\/2024\/11\/cropped-cropped-LOGO_9BTV-2024_Insta-1.jpg\",\"width\":512,\"height\":512,\"caption\":\"NouBarris.Net\"},\"image\":{\"@id\":\"https:\/\/www.noubarris.net\/web40\/#\/schema\/logo\/image\/\"},\"sameAs\":[\"https:\/\/www.facebook.com\/NouBarris.net\/?locale=es_ES\",\"https:\/\/x.com\/9BTV\"]},{\"@type\":\"Person\",\"@id\":\"https:\/\/www.noubarris.net\/web40\/#\/schema\/person\/1827f92aaa316c54abbf4dac0de76069\",\"name\":\"Informatius\",\"image\":{\"@type\":\"ImageObject\",\"inLanguage\":\"ca\",\"@id\":\"https:\/\/www.noubarris.net\/web40\/#\/schema\/person\/image\/\",\"url\":\"https:\/\/secure.gravatar.com\/avatar\/87a3b47928835fc72c6ee5b0e1a7263ef0c2d05003a98189bc14926c5f11bcdb?s=96&d=mm&r=g\",\"contentUrl\":\"https:\/\/secure.gravatar.com\/avatar\/87a3b47928835fc72c6ee5b0e1a7263ef0c2d05003a98189bc14926c5f11bcdb?s=96&d=mm&r=g\",\"caption\":\"Informatius\"},\"url\":\"https:\/\/www.noubarris.net\/web40\/author\/tele\/\"}]}<\/script>\n<!-- \/ Yoast SEO plugin. -->","yoast_head_json":{"title":"La \"transformaci\u00f3 integral\" del CEM Artesania, prevista per al proper mandat - NouBarris.Net","robots":{"index":"index","follow":"follow","max-snippet":"max-snippet:-1","max-image-preview":"max-image-preview:large","max-video-preview":"max-video-preview:-1"},"canonical":"https:\/\/www.noubarris.net\/web40\/la-transformacio-integral-del-cem-artesania-prevista-per-al-proper-mandat\/","og_locale":"ca_ES","og_type":"article","og_title":"La \"transformaci\u00f3 integral\" del CEM Artesania, prevista per al proper mandat - NouBarris.Net","og_description":"El nou poliesportiu \u00e9s una de reivindicacions m\u00e9s llargues de l\u2019AV Canyelles L&#8217;Institut Barcelona Esports ha anunciat la construcci\u00f3 de","og_url":"https:\/\/www.noubarris.net\/web40\/la-transformacio-integral-del-cem-artesania-prevista-per-al-proper-mandat\/","og_site_name":"NouBarris.Net","article_publisher":"https:\/\/www.facebook.com\/NouBarris.net\/?locale=es_ES","article_published_time":"2022-10-12T22:00:23+00:00","og_image":[{"width":768,"height":432,"url":"https:\/\/www.noubarris.net\/web40\/wp-content\/uploads\/2022\/10\/131022.jpg","type":"image\/jpeg"}],"author":"Informatius","twitter_card":"summary_large_image","twitter_creator":"@9BTV","twitter_site":"@9BTV","twitter_misc":{"Escrit per":"Informatius","Temps estimat de lectura":"3 minuts"},"schema":{"@context":"https:\/\/schema.org","@graph":[{"@type":"Article","@id":"https:\/\/www.noubarris.net\/web40\/la-transformacio-integral-del-cem-artesania-prevista-per-al-proper-mandat\/#article","isPartOf":{"@id":"https:\/\/www.noubarris.net\/web40\/la-transformacio-integral-del-cem-artesania-prevista-per-al-proper-mandat\/"},"author":{"name":"Informatius","@id":"https:\/\/www.noubarris.net\/web40\/#\/schema\/person\/1827f92aaa316c54abbf4dac0de76069"},"headline":"La &#8220;transformaci\u00f3 integral&#8221; del CEM Artesania, prevista per al proper mandat","datePublished":"2022-10-12T22:00:23+00:00","mainEntityOfPage":{"@id":"https:\/\/www.noubarris.net\/web40\/la-transformacio-integral-del-cem-artesania-prevista-per-al-proper-mandat\/"},"wordCount":562,"publisher":{"@id":"https:\/\/www.noubarris.net\/web40\/#organization"},"image":{"@id":"https:\/\/www.noubarris.net\/web40\/la-transformacio-integral-del-cem-artesania-prevista-per-al-proper-mandat\/#primaryimage"},"thumbnailUrl":"https:\/\/www.noubarris.net\/web40\/wp-content\/uploads\/2022\/10\/131022.jpg","keywords":["Equipaments"],"articleSection":["Canyelles","Urbanisme"],"inLanguage":"ca"},{"@type":"WebPage","@id":"https:\/\/www.noubarris.net\/web40\/la-transformacio-integral-del-cem-artesania-prevista-per-al-proper-mandat\/","url":"https:\/\/www.noubarris.net\/web40\/la-transformacio-integral-del-cem-artesania-prevista-per-al-proper-mandat\/","name":"La \"transformaci\u00f3 integral\" del CEM Artesania, prevista per al proper mandat - NouBarris.Net","isPartOf":{"@id":"https:\/\/www.noubarris.net\/web40\/#website"},"primaryImageOfPage":{"@id":"https:\/\/www.noubarris.net\/web40\/la-transformacio-integral-del-cem-artesania-prevista-per-al-proper-mandat\/#primaryimage"},"image":{"@id":"https:\/\/www.noubarris.net\/web40\/la-transformacio-integral-del-cem-artesania-prevista-per-al-proper-mandat\/#primaryimage"},"thumbnailUrl":"https:\/\/www.noubarris.net\/web40\/wp-content\/uploads\/2022\/10\/131022.jpg","datePublished":"2022-10-12T22:00:23+00:00","breadcrumb":{"@id":"https:\/\/www.noubarris.net\/web40\/la-transformacio-integral-del-cem-artesania-prevista-per-al-proper-mandat\/#breadcrumb"},"inLanguage":"ca","potentialAction":[{"@type":"ReadAction","target":["https:\/\/www.noubarris.net\/web40\/la-transformacio-integral-del-cem-artesania-prevista-per-al-proper-mandat\/"]}]},{"@type":"ImageObject","inLanguage":"ca","@id":"https:\/\/www.noubarris.net\/web40\/la-transformacio-integral-del-cem-artesania-prevista-per-al-proper-mandat\/#primaryimage","url":"https:\/\/www.noubarris.net\/web40\/wp-content\/uploads\/2022\/10\/131022.jpg","contentUrl":"https:\/\/www.noubarris.net\/web40\/wp-content\/uploads\/2022\/10\/131022.jpg","width":768,"height":432},{"@type":"BreadcrumbList","@id":"https:\/\/www.noubarris.net\/web40\/la-transformacio-integral-del-cem-artesania-prevista-per-al-proper-mandat\/#breadcrumb","itemListElement":[{"@type":"ListItem","position":1,"name":"Inici","item":"https:\/\/www.noubarris.net\/web40\/"},{"@type":"ListItem","position":2,"name":"La &#8220;transformaci\u00f3 integral&#8221; del CEM Artesania, prevista per al proper mandat"}]},{"@type":"WebSite","@id":"https:\/\/www.noubarris.net\/web40\/#website","url":"https:\/\/www.noubarris.net\/web40\/","name":"NouBarris.Net","description":"Seguint la vida de Nou Barris des de 1985","publisher":{"@id":"https:\/\/www.noubarris.net\/web40\/#organization"},"potentialAction":[{"@type":"SearchAction","target":{"@type":"EntryPoint","urlTemplate":"https:\/\/www.noubarris.net\/web40\/?s={search_term_string}"},"query-input":{"@type":"PropertyValueSpecification","valueRequired":true,"valueName":"search_term_string"}}],"inLanguage":"ca"},{"@type":"Organization","@id":"https:\/\/www.noubarris.net\/web40\/#organization","name":"NouBarris.Net","url":"https:\/\/www.noubarris.net\/web40\/","logo":{"@type":"ImageObject","inLanguage":"ca","@id":"https:\/\/www.noubarris.net\/web40\/#\/schema\/logo\/image\/","url":"https:\/\/www.noubarris.net\/web40\/wp-content\/uploads\/2024\/11\/cropped-cropped-LOGO_9BTV-2024_Insta-1.jpg","contentUrl":"https:\/\/www.noubarris.net\/web40\/wp-content\/uploads\/2024\/11\/cropped-cropped-LOGO_9BTV-2024_Insta-1.jpg","width":512,"height":512,"caption":"NouBarris.Net"},"image":{"@id":"https:\/\/www.noubarris.net\/web40\/#\/schema\/logo\/image\/"},"sameAs":["https:\/\/www.facebook.com\/NouBarris.net\/?locale=es_ES","https:\/\/x.com\/9BTV"]},{"@type":"Person","@id":"https:\/\/www.noubarris.net\/web40\/#\/schema\/person\/1827f92aaa316c54abbf4dac0de76069","name":"Informatius","image":{"@type":"ImageObject","inLanguage":"ca","@id":"https:\/\/www.noubarris.net\/web40\/#\/schema\/person\/image\/","url":"https:\/\/secure.gravatar.com\/avatar\/87a3b47928835fc72c6ee5b0e1a7263ef0c2d05003a98189bc14926c5f11bcdb?s=96&d=mm&r=g","contentUrl":"https:\/\/secure.gravatar.com\/avatar\/87a3b47928835fc72c6ee5b0e1a7263ef0c2d05003a98189bc14926c5f11bcdb?s=96&d=mm&r=g","caption":"Informatius"},"url":"https:\/\/www.noubarris.net\/web40\/author\/tele\/"}]}},"_links":{"self":[{"href":"https:\/\/www.noubarris.net\/web40\/wp-json\/wp\/v2\/posts\/79856","targetHints":{"allow":["GET"]}}],"collection":[{"href":"https:\/\/www.noubarris.net\/web40\/wp-json\/wp\/v2\/posts"}],"about":[{"href":"https:\/\/www.noubarris.net\/web40\/wp-json\/wp\/v2\/types\/post"}],"author":[{"embeddable":true,"href":"https:\/\/www.noubarris.net\/web40\/wp-json\/wp\/v2\/users\/2"}],"replies":[{"embeddable":true,"href":"https:\/\/www.noubarris.net\/web40\/wp-json\/wp\/v2\/comments?post=79856"}],"version-history":[{"count":5,"href":"https:\/\/www.noubarris.net\/web40\/wp-json\/wp\/v2\/posts\/79856\/revisions"}],"predecessor-version":[{"id":79863,"href":"https:\/\/www.noubarris.net\/web40\/wp-json\/wp\/v2\/posts\/79856\/revisions\/79863"}],"wp:featuredmedia":[{"embeddable":true,"href":"https:\/\/www.noubarris.net\/web40\/wp-json\/wp\/v2\/media\/79858"}],"wp:attachment":[{"href":"https:\/\/www.noubarris.net\/web40\/wp-json\/wp\/v2\/media?parent=79856"}],"wp:term":[{"taxonomy":"category","embeddable":true,"href":"https:\/\/www.noubarris.net\/web40\/wp-json\/wp\/v2\/categories?post=79856"},{"taxonomy":"post_tag","embeddable":true,"href":"https:\/\/www.noubarris.net\/web40\/wp-json\/wp\/v2\/tags?post=79856"}],"curies":[{"name":"wp","href":"https:\/\/api.w.org\/{rel}","templated":true}]}}