{"id":79943,"date":"2022-11-01T00:00:30","date_gmt":"2022-10-31T22:00:30","guid":{"rendered":"http:\/\/www.noubarris.net\/web40\/?p=79943"},"modified":"2022-10-29T17:04:46","modified_gmt":"2022-10-29T15:04:46","slug":"tots-sants-temps-de-recordar-els-difunts","status":"publish","type":"post","link":"https:\/\/www.noubarris.net\/web40\/tots-sants-temps-de-recordar-els-difunts\/","title":{"rendered":"Tots Sants, temps de recordar els difunts"},"content":{"rendered":"<p><strong>Els cementiris de Barcelona amplien l\u2019horari i TMB refor\u00e7a el servei d\u2019autobusos que connecten amb els principals recintes funeraris<\/strong><\/p>\n<p>Tots Sants \u00e9s la festa de tardor m\u00e9s esperada, durant la qual hi ha el costum de menjar castanyes i fer panellets. Per\u00f2 la festivitat tamb\u00e9 \u00e9s el moment de l\u2019any en qu\u00e8 recordem els nostres difunts i anem al cementiri a portar flors als avantpassats.<\/p>\n<p>La festa de Tots Sants \u00e9s her\u00e8ncia d\u2019una celebraci\u00f3 celta. L\u20191 de novembre feien les festes del \u2018Semain\u2019 en honor dels morts, perqu\u00e8 \u00e9s quan comen\u00e7a el per\u00edode m\u00e9s fosc de l\u2019any, un moment que consideraven m\u00e0gic perqu\u00e8 creien que s\u2019establien connexions entre els dos mons, el dels vius i el dels morts.<\/p>\n<p><iframe loading=\"lazy\" title=\"YouTube video player\" src=\"https:\/\/www.youtube.com\/embed\/iDe1E43GejQ\" width=\"560\" height=\"315\" frameborder=\"0\" allowfullscreen=\"allowfullscreen\"><\/iframe><\/p>\n<p>Per atendre les necessitats dels ciutadans, pels volts de la diada de Tots Sants els cementiris de Barcelona amplien l\u2019horari. Transports Metropolitans de Barcelona refor\u00e7a tamb\u00e9 el servei d\u2019autobusos que connecten amb els principals cementiris de la ciutat.<\/p>\n<p>La campanya de Tots Sants 2022 als Cementiris t\u00e9 lloc els dies 29 i 30 d&#8217;octubre i 1, 5 i 6 de novembre. Per tal d\u2019evitar aglomeracions i garantir una visita \u00edntima, Cementiris de Barcelona recomana a la ciutadania planificar la visita amb antelaci\u00f3, consultant els pl\u00e0nols i el localitzador de difunts disponibles al seu web. Aix\u00ed mateix, es demana assistir-hi de manera esglaonada i no en grups grans.<\/p>\n<p>Tamb\u00e9 per Tots Sants, TMB refor\u00e7a el servei d\u2019autobusos per arribar als cementiris de Montju\u00efc i Collserola.En concret, per arribar al cementiri de Montju\u00efc en transport p\u00fablic es refor\u00e7ar\u00e0 la l\u00ednia 21 (Paral\u00b7lel \u2013 Prat),els dies 30 d\u2019octubre i l\u20191 de novembre. I tamb\u00e9 hi haur\u00e0 refor\u00e7 de la l\u00ednia 107 que fa el recorregut per l\u2019interior del cementiri, des del 24 d\u2019octubre fins al dia 1 de novembre. A banda, l\u20191 de novembre, es posa en marxa una llan\u00e7adora especial entre la pla\u00e7a d\u2019Espanya i la Porta de Sant Llu\u00eds (acc\u00e9s superior del recinte).<\/p>\n<p>Pel que fa al cementiri de Collserola, es refor\u00e7aran les l\u00ednies 102 (pla\u00e7a d\u2019Eivissa), des del dia 24 d\u2019octubre fins al dia 1 de novembre; i la 104 (Fabra i Puig), els dies 29 i 30 d\u2019octubre i l\u20191 de novembre.<\/p>\n<p>Durant aquests dies, als cementiris de Poblenou, Sant Andreu, Les Corts i Montjuic hi haur\u00e0 punts de venda de flor natural de 8:00 a 18:00 hores:<\/p>\n<p>Poblenou: des del 22 d\u2019octubre fins al 6 de novembre<br \/>\nSant Andreu: des del 29 d\u2019octubre fins al 6 de novembre<br \/>\nLes Corts: 22 i 23 d\u2019octubre (de 9.00 a 17.00 hores), 29, 30 i 31 d\u2019octubre i 1 de novembre<br \/>\nMontju\u00efc: del 29 al 31 d\u2019octubre i 1 de novembre<\/p>\n","protected":false},"excerpt":{"rendered":"<p>Els cementiris de Barcelona amplien l\u2019horari i TMB refor\u00e7a el servei d\u2019autobusos que connecten amb els principals recintes funeraris Tots<\/p>\n","protected":false},"author":2,"featured_media":79944,"comment_status":"closed","ping_status":"closed","sticky":false,"template":"","format":"standard","meta":{"colormag_page_layout":"default_layout","_monsterinsights_skip_tracking":false,"_monsterinsights_sitenote_active":false,"_monsterinsights_sitenote_note":"","_monsterinsights_sitenote_category":0,"footnotes":""},"categories":[1,124],"tags":[228,319,489],"class_list":["post-79943","post","type-post","status-publish","format-standard","has-post-thumbnail","hentry","category-nou-barris","category-societat","tag-cementiri-de-sant-andreu","tag-nou-barris","tag-tradicions"],"yoast_head":"<!-- This site is optimized with the Yoast SEO plugin v25.3 - https:\/\/yoast.com\/wordpress\/plugins\/seo\/ -->\n<title>Tots Sants, temps de recordar els difunts - NouBarris.Net<\/title>\n<meta name=\"robots\" content=\"index, follow, max-snippet:-1, max-image-preview:large, max-video-preview:-1\" \/>\n<link rel=\"canonical\" href=\"https:\/\/www.noubarris.net\/web40\/tots-sants-temps-de-recordar-els-difunts\/\" \/>\n<meta property=\"og:locale\" content=\"ca_ES\" \/>\n<meta property=\"og:type\" content=\"article\" \/>\n<meta property=\"og:title\" content=\"Tots Sants, temps de recordar els difunts - NouBarris.Net\" \/>\n<meta property=\"og:description\" content=\"Els cementiris de Barcelona amplien l\u2019horari i TMB refor\u00e7a el servei d\u2019autobusos que connecten amb els principals recintes funeraris Tots\" \/>\n<meta property=\"og:url\" content=\"https:\/\/www.noubarris.net\/web40\/tots-sants-temps-de-recordar-els-difunts\/\" \/>\n<meta property=\"og:site_name\" content=\"NouBarris.Net\" \/>\n<meta property=\"article:publisher\" content=\"https:\/\/www.facebook.com\/NouBarris.net\/?locale=es_ES\" \/>\n<meta property=\"article:published_time\" content=\"2022-10-31T22:00:30+00:00\" \/>\n<meta property=\"og:image\" content=\"https:\/\/www.noubarris.net\/web40\/wp-content\/uploads\/2022\/10\/011122.jpg\" \/>\n\t<meta property=\"og:image:width\" content=\"768\" \/>\n\t<meta property=\"og:image:height\" content=\"432\" \/>\n\t<meta property=\"og:image:type\" content=\"image\/jpeg\" \/>\n<meta name=\"author\" content=\"Informatius\" \/>\n<meta name=\"twitter:card\" content=\"summary_large_image\" \/>\n<meta name=\"twitter:creator\" content=\"@9BTV\" \/>\n<meta name=\"twitter:site\" content=\"@9BTV\" \/>\n<meta name=\"twitter:label1\" content=\"Escrit per\" \/>\n\t<meta name=\"twitter:data1\" content=\"Informatius\" \/>\n\t<meta name=\"twitter:label2\" content=\"Temps estimat de lectura\" \/>\n\t<meta name=\"twitter:data2\" content=\"2 minuts\" \/>\n<script type=\"application\/ld+json\" class=\"yoast-schema-graph\">{\"@context\":\"https:\/\/schema.org\",\"@graph\":[{\"@type\":\"Article\",\"@id\":\"https:\/\/www.noubarris.net\/web40\/tots-sants-temps-de-recordar-els-difunts\/#article\",\"isPartOf\":{\"@id\":\"https:\/\/www.noubarris.net\/web40\/tots-sants-temps-de-recordar-els-difunts\/\"},\"author\":{\"name\":\"Informatius\",\"@id\":\"https:\/\/www.noubarris.net\/web40\/#\/schema\/person\/1827f92aaa316c54abbf4dac0de76069\"},\"headline\":\"Tots Sants, temps de recordar els difunts\",\"datePublished\":\"2022-10-31T22:00:30+00:00\",\"mainEntityOfPage\":{\"@id\":\"https:\/\/www.noubarris.net\/web40\/tots-sants-temps-de-recordar-els-difunts\/\"},\"wordCount\":460,\"publisher\":{\"@id\":\"https:\/\/www.noubarris.net\/web40\/#organization\"},\"image\":{\"@id\":\"https:\/\/www.noubarris.net\/web40\/tots-sants-temps-de-recordar-els-difunts\/#primaryimage\"},\"thumbnailUrl\":\"https:\/\/www.noubarris.net\/web40\/wp-content\/uploads\/2022\/10\/011122.jpg\",\"keywords\":[\"Cementiri de Sant Andreu\",\"Nou Barris\",\"Tradicions\"],\"articleSection\":[\"Nou Barris\",\"Societat\"],\"inLanguage\":\"ca\"},{\"@type\":\"WebPage\",\"@id\":\"https:\/\/www.noubarris.net\/web40\/tots-sants-temps-de-recordar-els-difunts\/\",\"url\":\"https:\/\/www.noubarris.net\/web40\/tots-sants-temps-de-recordar-els-difunts\/\",\"name\":\"Tots Sants, temps de recordar els difunts - NouBarris.Net\",\"isPartOf\":{\"@id\":\"https:\/\/www.noubarris.net\/web40\/#website\"},\"primaryImageOfPage\":{\"@id\":\"https:\/\/www.noubarris.net\/web40\/tots-sants-temps-de-recordar-els-difunts\/#primaryimage\"},\"image\":{\"@id\":\"https:\/\/www.noubarris.net\/web40\/tots-sants-temps-de-recordar-els-difunts\/#primaryimage\"},\"thumbnailUrl\":\"https:\/\/www.noubarris.net\/web40\/wp-content\/uploads\/2022\/10\/011122.jpg\",\"datePublished\":\"2022-10-31T22:00:30+00:00\",\"breadcrumb\":{\"@id\":\"https:\/\/www.noubarris.net\/web40\/tots-sants-temps-de-recordar-els-difunts\/#breadcrumb\"},\"inLanguage\":\"ca\",\"potentialAction\":[{\"@type\":\"ReadAction\",\"target\":[\"https:\/\/www.noubarris.net\/web40\/tots-sants-temps-de-recordar-els-difunts\/\"]}]},{\"@type\":\"ImageObject\",\"inLanguage\":\"ca\",\"@id\":\"https:\/\/www.noubarris.net\/web40\/tots-sants-temps-de-recordar-els-difunts\/#primaryimage\",\"url\":\"https:\/\/www.noubarris.net\/web40\/wp-content\/uploads\/2022\/10\/011122.jpg\",\"contentUrl\":\"https:\/\/www.noubarris.net\/web40\/wp-content\/uploads\/2022\/10\/011122.jpg\",\"width\":768,\"height\":432},{\"@type\":\"BreadcrumbList\",\"@id\":\"https:\/\/www.noubarris.net\/web40\/tots-sants-temps-de-recordar-els-difunts\/#breadcrumb\",\"itemListElement\":[{\"@type\":\"ListItem\",\"position\":1,\"name\":\"Inici\",\"item\":\"https:\/\/www.noubarris.net\/web40\/\"},{\"@type\":\"ListItem\",\"position\":2,\"name\":\"Tots Sants, temps de recordar els difunts\"}]},{\"@type\":\"WebSite\",\"@id\":\"https:\/\/www.noubarris.net\/web40\/#website\",\"url\":\"https:\/\/www.noubarris.net\/web40\/\",\"name\":\"NouBarris.Net\",\"description\":\"Seguint la vida de Nou Barris des de 1985\",\"publisher\":{\"@id\":\"https:\/\/www.noubarris.net\/web40\/#organization\"},\"potentialAction\":[{\"@type\":\"SearchAction\",\"target\":{\"@type\":\"EntryPoint\",\"urlTemplate\":\"https:\/\/www.noubarris.net\/web40\/?s={search_term_string}\"},\"query-input\":{\"@type\":\"PropertyValueSpecification\",\"valueRequired\":true,\"valueName\":\"search_term_string\"}}],\"inLanguage\":\"ca\"},{\"@type\":\"Organization\",\"@id\":\"https:\/\/www.noubarris.net\/web40\/#organization\",\"name\":\"NouBarris.Net\",\"url\":\"https:\/\/www.noubarris.net\/web40\/\",\"logo\":{\"@type\":\"ImageObject\",\"inLanguage\":\"ca\",\"@id\":\"https:\/\/www.noubarris.net\/web40\/#\/schema\/logo\/image\/\",\"url\":\"https:\/\/www.noubarris.net\/web40\/wp-content\/uploads\/2024\/11\/cropped-cropped-LOGO_9BTV-2024_Insta-1.jpg\",\"contentUrl\":\"https:\/\/www.noubarris.net\/web40\/wp-content\/uploads\/2024\/11\/cropped-cropped-LOGO_9BTV-2024_Insta-1.jpg\",\"width\":512,\"height\":512,\"caption\":\"NouBarris.Net\"},\"image\":{\"@id\":\"https:\/\/www.noubarris.net\/web40\/#\/schema\/logo\/image\/\"},\"sameAs\":[\"https:\/\/www.facebook.com\/NouBarris.net\/?locale=es_ES\",\"https:\/\/x.com\/9BTV\"]},{\"@type\":\"Person\",\"@id\":\"https:\/\/www.noubarris.net\/web40\/#\/schema\/person\/1827f92aaa316c54abbf4dac0de76069\",\"name\":\"Informatius\",\"image\":{\"@type\":\"ImageObject\",\"inLanguage\":\"ca\",\"@id\":\"https:\/\/www.noubarris.net\/web40\/#\/schema\/person\/image\/\",\"url\":\"https:\/\/secure.gravatar.com\/avatar\/87a3b47928835fc72c6ee5b0e1a7263ef0c2d05003a98189bc14926c5f11bcdb?s=96&d=mm&r=g\",\"contentUrl\":\"https:\/\/secure.gravatar.com\/avatar\/87a3b47928835fc72c6ee5b0e1a7263ef0c2d05003a98189bc14926c5f11bcdb?s=96&d=mm&r=g\",\"caption\":\"Informatius\"},\"url\":\"https:\/\/www.noubarris.net\/web40\/author\/tele\/\"}]}<\/script>\n<!-- \/ Yoast SEO plugin. -->","yoast_head_json":{"title":"Tots Sants, temps de recordar els difunts - NouBarris.Net","robots":{"index":"index","follow":"follow","max-snippet":"max-snippet:-1","max-image-preview":"max-image-preview:large","max-video-preview":"max-video-preview:-1"},"canonical":"https:\/\/www.noubarris.net\/web40\/tots-sants-temps-de-recordar-els-difunts\/","og_locale":"ca_ES","og_type":"article","og_title":"Tots Sants, temps de recordar els difunts - NouBarris.Net","og_description":"Els cementiris de Barcelona amplien l\u2019horari i TMB refor\u00e7a el servei d\u2019autobusos que connecten amb els principals recintes funeraris Tots","og_url":"https:\/\/www.noubarris.net\/web40\/tots-sants-temps-de-recordar-els-difunts\/","og_site_name":"NouBarris.Net","article_publisher":"https:\/\/www.facebook.com\/NouBarris.net\/?locale=es_ES","article_published_time":"2022-10-31T22:00:30+00:00","og_image":[{"width":768,"height":432,"url":"https:\/\/www.noubarris.net\/web40\/wp-content\/uploads\/2022\/10\/011122.jpg","type":"image\/jpeg"}],"author":"Informatius","twitter_card":"summary_large_image","twitter_creator":"@9BTV","twitter_site":"@9BTV","twitter_misc":{"Escrit per":"Informatius","Temps estimat de lectura":"2 minuts"},"schema":{"@context":"https:\/\/schema.org","@graph":[{"@type":"Article","@id":"https:\/\/www.noubarris.net\/web40\/tots-sants-temps-de-recordar-els-difunts\/#article","isPartOf":{"@id":"https:\/\/www.noubarris.net\/web40\/tots-sants-temps-de-recordar-els-difunts\/"},"author":{"name":"Informatius","@id":"https:\/\/www.noubarris.net\/web40\/#\/schema\/person\/1827f92aaa316c54abbf4dac0de76069"},"headline":"Tots Sants, temps de recordar els difunts","datePublished":"2022-10-31T22:00:30+00:00","mainEntityOfPage":{"@id":"https:\/\/www.noubarris.net\/web40\/tots-sants-temps-de-recordar-els-difunts\/"},"wordCount":460,"publisher":{"@id":"https:\/\/www.noubarris.net\/web40\/#organization"},"image":{"@id":"https:\/\/www.noubarris.net\/web40\/tots-sants-temps-de-recordar-els-difunts\/#primaryimage"},"thumbnailUrl":"https:\/\/www.noubarris.net\/web40\/wp-content\/uploads\/2022\/10\/011122.jpg","keywords":["Cementiri de Sant Andreu","Nou Barris","Tradicions"],"articleSection":["Nou Barris","Societat"],"inLanguage":"ca"},{"@type":"WebPage","@id":"https:\/\/www.noubarris.net\/web40\/tots-sants-temps-de-recordar-els-difunts\/","url":"https:\/\/www.noubarris.net\/web40\/tots-sants-temps-de-recordar-els-difunts\/","name":"Tots Sants, temps de recordar els difunts - NouBarris.Net","isPartOf":{"@id":"https:\/\/www.noubarris.net\/web40\/#website"},"primaryImageOfPage":{"@id":"https:\/\/www.noubarris.net\/web40\/tots-sants-temps-de-recordar-els-difunts\/#primaryimage"},"image":{"@id":"https:\/\/www.noubarris.net\/web40\/tots-sants-temps-de-recordar-els-difunts\/#primaryimage"},"thumbnailUrl":"https:\/\/www.noubarris.net\/web40\/wp-content\/uploads\/2022\/10\/011122.jpg","datePublished":"2022-10-31T22:00:30+00:00","breadcrumb":{"@id":"https:\/\/www.noubarris.net\/web40\/tots-sants-temps-de-recordar-els-difunts\/#breadcrumb"},"inLanguage":"ca","potentialAction":[{"@type":"ReadAction","target":["https:\/\/www.noubarris.net\/web40\/tots-sants-temps-de-recordar-els-difunts\/"]}]},{"@type":"ImageObject","inLanguage":"ca","@id":"https:\/\/www.noubarris.net\/web40\/tots-sants-temps-de-recordar-els-difunts\/#primaryimage","url":"https:\/\/www.noubarris.net\/web40\/wp-content\/uploads\/2022\/10\/011122.jpg","contentUrl":"https:\/\/www.noubarris.net\/web40\/wp-content\/uploads\/2022\/10\/011122.jpg","width":768,"height":432},{"@type":"BreadcrumbList","@id":"https:\/\/www.noubarris.net\/web40\/tots-sants-temps-de-recordar-els-difunts\/#breadcrumb","itemListElement":[{"@type":"ListItem","position":1,"name":"Inici","item":"https:\/\/www.noubarris.net\/web40\/"},{"@type":"ListItem","position":2,"name":"Tots Sants, temps de recordar els difunts"}]},{"@type":"WebSite","@id":"https:\/\/www.noubarris.net\/web40\/#website","url":"https:\/\/www.noubarris.net\/web40\/","name":"NouBarris.Net","description":"Seguint la vida de Nou Barris des de 1985","publisher":{"@id":"https:\/\/www.noubarris.net\/web40\/#organization"},"potentialAction":[{"@type":"SearchAction","target":{"@type":"EntryPoint","urlTemplate":"https:\/\/www.noubarris.net\/web40\/?s={search_term_string}"},"query-input":{"@type":"PropertyValueSpecification","valueRequired":true,"valueName":"search_term_string"}}],"inLanguage":"ca"},{"@type":"Organization","@id":"https:\/\/www.noubarris.net\/web40\/#organization","name":"NouBarris.Net","url":"https:\/\/www.noubarris.net\/web40\/","logo":{"@type":"ImageObject","inLanguage":"ca","@id":"https:\/\/www.noubarris.net\/web40\/#\/schema\/logo\/image\/","url":"https:\/\/www.noubarris.net\/web40\/wp-content\/uploads\/2024\/11\/cropped-cropped-LOGO_9BTV-2024_Insta-1.jpg","contentUrl":"https:\/\/www.noubarris.net\/web40\/wp-content\/uploads\/2024\/11\/cropped-cropped-LOGO_9BTV-2024_Insta-1.jpg","width":512,"height":512,"caption":"NouBarris.Net"},"image":{"@id":"https:\/\/www.noubarris.net\/web40\/#\/schema\/logo\/image\/"},"sameAs":["https:\/\/www.facebook.com\/NouBarris.net\/?locale=es_ES","https:\/\/x.com\/9BTV"]},{"@type":"Person","@id":"https:\/\/www.noubarris.net\/web40\/#\/schema\/person\/1827f92aaa316c54abbf4dac0de76069","name":"Informatius","image":{"@type":"ImageObject","inLanguage":"ca","@id":"https:\/\/www.noubarris.net\/web40\/#\/schema\/person\/image\/","url":"https:\/\/secure.gravatar.com\/avatar\/87a3b47928835fc72c6ee5b0e1a7263ef0c2d05003a98189bc14926c5f11bcdb?s=96&d=mm&r=g","contentUrl":"https:\/\/secure.gravatar.com\/avatar\/87a3b47928835fc72c6ee5b0e1a7263ef0c2d05003a98189bc14926c5f11bcdb?s=96&d=mm&r=g","caption":"Informatius"},"url":"https:\/\/www.noubarris.net\/web40\/author\/tele\/"}]}},"_links":{"self":[{"href":"https:\/\/www.noubarris.net\/web40\/wp-json\/wp\/v2\/posts\/79943","targetHints":{"allow":["GET"]}}],"collection":[{"href":"https:\/\/www.noubarris.net\/web40\/wp-json\/wp\/v2\/posts"}],"about":[{"href":"https:\/\/www.noubarris.net\/web40\/wp-json\/wp\/v2\/types\/post"}],"author":[{"embeddable":true,"href":"https:\/\/www.noubarris.net\/web40\/wp-json\/wp\/v2\/users\/2"}],"replies":[{"embeddable":true,"href":"https:\/\/www.noubarris.net\/web40\/wp-json\/wp\/v2\/comments?post=79943"}],"version-history":[{"count":2,"href":"https:\/\/www.noubarris.net\/web40\/wp-json\/wp\/v2\/posts\/79943\/revisions"}],"predecessor-version":[{"id":79947,"href":"https:\/\/www.noubarris.net\/web40\/wp-json\/wp\/v2\/posts\/79943\/revisions\/79947"}],"wp:featuredmedia":[{"embeddable":true,"href":"https:\/\/www.noubarris.net\/web40\/wp-json\/wp\/v2\/media\/79944"}],"wp:attachment":[{"href":"https:\/\/www.noubarris.net\/web40\/wp-json\/wp\/v2\/media?parent=79943"}],"wp:term":[{"taxonomy":"category","embeddable":true,"href":"https:\/\/www.noubarris.net\/web40\/wp-json\/wp\/v2\/categories?post=79943"},{"taxonomy":"post_tag","embeddable":true,"href":"https:\/\/www.noubarris.net\/web40\/wp-json\/wp\/v2\/tags?post=79943"}],"curies":[{"name":"wp","href":"https:\/\/api.w.org\/{rel}","templated":true}]}}