{"id":79959,"date":"2022-11-03T00:00:02","date_gmt":"2022-11-02T22:00:02","guid":{"rendered":"http:\/\/www.noubarris.net\/web40\/?p=79959"},"modified":"2022-11-02T23:16:20","modified_gmt":"2022-11-02T21:16:20","slug":"engeguen-les-trobades-deconomia-a-nou-barris-amb-el-debat-sobre-la-influencia-de-la-tecnologia","status":"publish","type":"post","link":"https:\/\/www.noubarris.net\/web40\/engeguen-les-trobades-deconomia-a-nou-barris-amb-el-debat-sobre-la-influencia-de-la-tecnologia\/","title":{"rendered":"Engeguen les Trobades d\u2019Economia a Nou Barris amb el debat sobre la influ\u00e8ncia de la tecnologia"},"content":{"rendered":"<p><strong>La Casa de l&#8217;Aigua rep avui experts econ\u00f2mics i tecnol\u00f2gics per reflexionar sobre la tecnologia i l&#8217;\u00e8tica<\/strong><\/p>\n<p>Tornen les &#8216;Trobades d\u2019Economia a Nou Barris&#8217; a la Casa de l&#8217;Aigua. Es tracta d&#8217;una de les mesures que el govern del districte defensa per promoure l&#8217;economia i l&#8217;ocupaci\u00f3 a Nou Barris. La idea \u00e9s atraure experts en economia i tecnologia al nostre territori i, a partir d&#8217;aqu\u00ed, enguany s&#8217;ha triat com a fil conductor la influ\u00e8ncia de la tecnologia sobre l&#8217;economia i el benestar.<\/p>\n<p>La d&#8217;avui ser\u00e0 la primera de les dues jornades programades (la segona \u00e9s el proper 17 de novembre i el programa \u00e9s el seg\u00fcent:<\/p>\n<p>9.30 a 9.45h&nbsp; Inauguraci\u00f3. A c\u00e0rrec de Jaume Collboni, primer tinent d\u2019Alcaldia de l\u2019Ajuntament de Barcelona<\/p>\n<p>9.45 a 10.30h&nbsp; Pon\u00e8ncia: \u201cTecnologia i \u00e8tica\u201d. A c\u00e0rrec de Gabriela Ramos, directora general adjunta de Ci\u00e8ncies Socials i Humanes de la UNESCO<\/p>\n<p>11.15 a 13.15 h Taula rodona: \u201cL\u2019impacte de les noves tecnologies: com afecten l\u2019economia?\u201d<br \/>\nGen\u00eds Roca, expert en Internet i president de la Fundaci\u00f3 puntCat<br \/>\nJos\u00e9 Maria Cela, director del departament CASE (Computer Applications in Science and Engineering) del BSC<br \/>\nNorman Albi, CEO de Barcelona Cable Landing<br \/>\nEduard Martin, CIO i director de Connectivitat Intel\u00b7ligent de Mobile World Capital<br \/>\nRegina Llopis, presidenta del Grup AIA<br \/>\nModera: Xantal Llavina<\/p>\n<p>16.30 a 18.30 h Taula rodona: \u201cQuines mesures hem d\u2019impulsar per aconseguir orientar el desenvolupament tecnol\u00f2gic tenint en compte les necessitats i el benestar de les persones?\u201d<br \/>\nMichael Donaldson, comissionat d\u2019Innovaci\u00f3<br \/>\nDigital, Administraci\u00f3 Electr\u00f2nica i Bon Govern de l\u2019Ajuntament de Barcelona<br \/>\nS\u00f2nia Fuertes, comissionada d\u2019Acci\u00f3 Social de l\u2019Ajuntament de Barcelona<br \/>\nFerran S\u00e1ez, fil\u00f2sof i autor del llibre Pantallas<br \/>\nCristina Vill\u00e0, directora d\u2019Innovaci\u00f3, Recerca i Estrat\u00e8gia Digital de la CCMA<br \/>\nJoan Ramon Barrera, president del Patronat de la Fundaci\u00f3 Cercle Tecnol\u00f2gic de Catalunya<br \/>\nModera: Xantal Llavina<\/p>\n<p>18.30 a 18.45 h Conclusions i cloenda. A c\u00e0rrec de Xavier Marc\u00e9, regidor de Nou Barris<\/p>\n\n\n<p>Podeu seguir la jornada tamb\u00e9 en streaming:<\/p>\n\n\n\n<figure class=\"wp-block-embed is-type-video is-provider-youtube wp-block-embed-youtube wp-embed-aspect-16-9 wp-has-aspect-ratio\"><div class=\"wp-block-embed__wrapper\">\n<iframe loading=\"lazy\" title=\"Jornada &quot;La tecnologia com a vehicle per millorar la qualitat de vida de les persones&quot;\" width=\"800\" height=\"450\" src=\"https:\/\/www.youtube.com\/embed\/VaT5zGTHUSo?feature=oembed\" frameborder=\"0\" allow=\"accelerometer; autoplay; clipboard-write; encrypted-media; gyroscope; picture-in-picture\" allowfullscreen><\/iframe>\n<\/div><\/figure>\n","protected":false},"excerpt":{"rendered":"<p>La Casa de l&#8217;Aigua rep avui experts econ\u00f2mics i tecnol\u00f2gics per reflexionar sobre la tecnologia i l&#8217;\u00e8tica Tornen les &#8216;Trobades<\/p>\n","protected":false},"author":2,"featured_media":79960,"comment_status":"closed","ping_status":"closed","sticky":false,"template":"","format":"standard","meta":{"colormag_page_layout":"default_layout","_monsterinsights_skip_tracking":false,"_monsterinsights_sitenote_active":false,"_monsterinsights_sitenote_note":"","_monsterinsights_sitenote_category":0,"footnotes":""},"categories":[138,124],"tags":[444,523],"class_list":["post-79959","post","type-post","status-publish","format-standard","has-post-thumbnail","hentry","category-la-trinitat-nova","category-societat","tag-economia","tag-tecnologia"],"yoast_head":"<!-- This site is optimized with the Yoast SEO plugin v25.3 - https:\/\/yoast.com\/wordpress\/plugins\/seo\/ -->\n<title>Engeguen les Trobades d\u2019Economia a Nou Barris amb el debat sobre la influ\u00e8ncia de la tecnologia - NouBarris.Net<\/title>\n<meta name=\"robots\" content=\"index, follow, max-snippet:-1, max-image-preview:large, max-video-preview:-1\" \/>\n<link rel=\"canonical\" href=\"https:\/\/www.noubarris.net\/web40\/engeguen-les-trobades-deconomia-a-nou-barris-amb-el-debat-sobre-la-influencia-de-la-tecnologia\/\" \/>\n<meta property=\"og:locale\" content=\"ca_ES\" \/>\n<meta property=\"og:type\" content=\"article\" \/>\n<meta property=\"og:title\" content=\"Engeguen les Trobades d\u2019Economia a Nou Barris amb el debat sobre la influ\u00e8ncia de la tecnologia - NouBarris.Net\" \/>\n<meta property=\"og:description\" content=\"La Casa de l&#8217;Aigua rep avui experts econ\u00f2mics i tecnol\u00f2gics per reflexionar sobre la tecnologia i l&#8217;\u00e8tica Tornen les &#8216;Trobades\" \/>\n<meta property=\"og:url\" content=\"https:\/\/www.noubarris.net\/web40\/engeguen-les-trobades-deconomia-a-nou-barris-amb-el-debat-sobre-la-influencia-de-la-tecnologia\/\" \/>\n<meta property=\"og:site_name\" content=\"NouBarris.Net\" \/>\n<meta property=\"article:publisher\" content=\"https:\/\/www.facebook.com\/NouBarris.net\/?locale=es_ES\" \/>\n<meta property=\"article:published_time\" content=\"2022-11-02T22:00:02+00:00\" \/>\n<meta property=\"og:image\" content=\"https:\/\/www.noubarris.net\/web40\/wp-content\/uploads\/2022\/11\/031122.jpg\" \/>\n\t<meta property=\"og:image:width\" content=\"768\" \/>\n\t<meta property=\"og:image:height\" content=\"432\" \/>\n\t<meta property=\"og:image:type\" content=\"image\/jpeg\" \/>\n<meta name=\"author\" content=\"Informatius\" \/>\n<meta name=\"twitter:card\" content=\"summary_large_image\" \/>\n<meta name=\"twitter:creator\" content=\"@9BTV\" \/>\n<meta name=\"twitter:site\" content=\"@9BTV\" \/>\n<meta name=\"twitter:label1\" content=\"Escrit per\" \/>\n\t<meta name=\"twitter:data1\" content=\"Informatius\" \/>\n\t<meta name=\"twitter:label2\" content=\"Temps estimat de lectura\" \/>\n\t<meta name=\"twitter:data2\" content=\"2 minuts\" \/>\n<script type=\"application\/ld+json\" class=\"yoast-schema-graph\">{\"@context\":\"https:\/\/schema.org\",\"@graph\":[{\"@type\":\"Article\",\"@id\":\"https:\/\/www.noubarris.net\/web40\/engeguen-les-trobades-deconomia-a-nou-barris-amb-el-debat-sobre-la-influencia-de-la-tecnologia\/#article\",\"isPartOf\":{\"@id\":\"https:\/\/www.noubarris.net\/web40\/engeguen-les-trobades-deconomia-a-nou-barris-amb-el-debat-sobre-la-influencia-de-la-tecnologia\/\"},\"author\":{\"name\":\"Informatius\",\"@id\":\"https:\/\/www.noubarris.net\/web40\/#\/schema\/person\/1827f92aaa316c54abbf4dac0de76069\"},\"headline\":\"Engeguen les Trobades d\u2019Economia a Nou Barris amb el debat sobre la influ\u00e8ncia de la tecnologia\",\"datePublished\":\"2022-11-02T22:00:02+00:00\",\"mainEntityOfPage\":{\"@id\":\"https:\/\/www.noubarris.net\/web40\/engeguen-les-trobades-deconomia-a-nou-barris-amb-el-debat-sobre-la-influencia-de-la-tecnologia\/\"},\"wordCount\":379,\"publisher\":{\"@id\":\"https:\/\/www.noubarris.net\/web40\/#organization\"},\"image\":{\"@id\":\"https:\/\/www.noubarris.net\/web40\/engeguen-les-trobades-deconomia-a-nou-barris-amb-el-debat-sobre-la-influencia-de-la-tecnologia\/#primaryimage\"},\"thumbnailUrl\":\"https:\/\/www.noubarris.net\/web40\/wp-content\/uploads\/2022\/11\/031122.jpg\",\"keywords\":[\"Economia\",\"tecnologia\"],\"articleSection\":[\"La Trinitat Nova\",\"Societat\"],\"inLanguage\":\"ca\"},{\"@type\":\"WebPage\",\"@id\":\"https:\/\/www.noubarris.net\/web40\/engeguen-les-trobades-deconomia-a-nou-barris-amb-el-debat-sobre-la-influencia-de-la-tecnologia\/\",\"url\":\"https:\/\/www.noubarris.net\/web40\/engeguen-les-trobades-deconomia-a-nou-barris-amb-el-debat-sobre-la-influencia-de-la-tecnologia\/\",\"name\":\"Engeguen les Trobades d\u2019Economia a Nou Barris amb el debat sobre la influ\u00e8ncia de la tecnologia - NouBarris.Net\",\"isPartOf\":{\"@id\":\"https:\/\/www.noubarris.net\/web40\/#website\"},\"primaryImageOfPage\":{\"@id\":\"https:\/\/www.noubarris.net\/web40\/engeguen-les-trobades-deconomia-a-nou-barris-amb-el-debat-sobre-la-influencia-de-la-tecnologia\/#primaryimage\"},\"image\":{\"@id\":\"https:\/\/www.noubarris.net\/web40\/engeguen-les-trobades-deconomia-a-nou-barris-amb-el-debat-sobre-la-influencia-de-la-tecnologia\/#primaryimage\"},\"thumbnailUrl\":\"https:\/\/www.noubarris.net\/web40\/wp-content\/uploads\/2022\/11\/031122.jpg\",\"datePublished\":\"2022-11-02T22:00:02+00:00\",\"breadcrumb\":{\"@id\":\"https:\/\/www.noubarris.net\/web40\/engeguen-les-trobades-deconomia-a-nou-barris-amb-el-debat-sobre-la-influencia-de-la-tecnologia\/#breadcrumb\"},\"inLanguage\":\"ca\",\"potentialAction\":[{\"@type\":\"ReadAction\",\"target\":[\"https:\/\/www.noubarris.net\/web40\/engeguen-les-trobades-deconomia-a-nou-barris-amb-el-debat-sobre-la-influencia-de-la-tecnologia\/\"]}]},{\"@type\":\"ImageObject\",\"inLanguage\":\"ca\",\"@id\":\"https:\/\/www.noubarris.net\/web40\/engeguen-les-trobades-deconomia-a-nou-barris-amb-el-debat-sobre-la-influencia-de-la-tecnologia\/#primaryimage\",\"url\":\"https:\/\/www.noubarris.net\/web40\/wp-content\/uploads\/2022\/11\/031122.jpg\",\"contentUrl\":\"https:\/\/www.noubarris.net\/web40\/wp-content\/uploads\/2022\/11\/031122.jpg\",\"width\":768,\"height\":432},{\"@type\":\"BreadcrumbList\",\"@id\":\"https:\/\/www.noubarris.net\/web40\/engeguen-les-trobades-deconomia-a-nou-barris-amb-el-debat-sobre-la-influencia-de-la-tecnologia\/#breadcrumb\",\"itemListElement\":[{\"@type\":\"ListItem\",\"position\":1,\"name\":\"Inici\",\"item\":\"https:\/\/www.noubarris.net\/web40\/\"},{\"@type\":\"ListItem\",\"position\":2,\"name\":\"Engeguen les Trobades d\u2019Economia a Nou Barris amb el debat sobre la influ\u00e8ncia de la tecnologia\"}]},{\"@type\":\"WebSite\",\"@id\":\"https:\/\/www.noubarris.net\/web40\/#website\",\"url\":\"https:\/\/www.noubarris.net\/web40\/\",\"name\":\"NouBarris.Net\",\"description\":\"Seguint la vida de Nou Barris des de 1985\",\"publisher\":{\"@id\":\"https:\/\/www.noubarris.net\/web40\/#organization\"},\"potentialAction\":[{\"@type\":\"SearchAction\",\"target\":{\"@type\":\"EntryPoint\",\"urlTemplate\":\"https:\/\/www.noubarris.net\/web40\/?s={search_term_string}\"},\"query-input\":{\"@type\":\"PropertyValueSpecification\",\"valueRequired\":true,\"valueName\":\"search_term_string\"}}],\"inLanguage\":\"ca\"},{\"@type\":\"Organization\",\"@id\":\"https:\/\/www.noubarris.net\/web40\/#organization\",\"name\":\"NouBarris.Net\",\"url\":\"https:\/\/www.noubarris.net\/web40\/\",\"logo\":{\"@type\":\"ImageObject\",\"inLanguage\":\"ca\",\"@id\":\"https:\/\/www.noubarris.net\/web40\/#\/schema\/logo\/image\/\",\"url\":\"https:\/\/www.noubarris.net\/web40\/wp-content\/uploads\/2024\/11\/cropped-cropped-LOGO_9BTV-2024_Insta-1.jpg\",\"contentUrl\":\"https:\/\/www.noubarris.net\/web40\/wp-content\/uploads\/2024\/11\/cropped-cropped-LOGO_9BTV-2024_Insta-1.jpg\",\"width\":512,\"height\":512,\"caption\":\"NouBarris.Net\"},\"image\":{\"@id\":\"https:\/\/www.noubarris.net\/web40\/#\/schema\/logo\/image\/\"},\"sameAs\":[\"https:\/\/www.facebook.com\/NouBarris.net\/?locale=es_ES\",\"https:\/\/x.com\/9BTV\"]},{\"@type\":\"Person\",\"@id\":\"https:\/\/www.noubarris.net\/web40\/#\/schema\/person\/1827f92aaa316c54abbf4dac0de76069\",\"name\":\"Informatius\",\"image\":{\"@type\":\"ImageObject\",\"inLanguage\":\"ca\",\"@id\":\"https:\/\/www.noubarris.net\/web40\/#\/schema\/person\/image\/\",\"url\":\"https:\/\/secure.gravatar.com\/avatar\/87a3b47928835fc72c6ee5b0e1a7263ef0c2d05003a98189bc14926c5f11bcdb?s=96&d=mm&r=g\",\"contentUrl\":\"https:\/\/secure.gravatar.com\/avatar\/87a3b47928835fc72c6ee5b0e1a7263ef0c2d05003a98189bc14926c5f11bcdb?s=96&d=mm&r=g\",\"caption\":\"Informatius\"},\"url\":\"https:\/\/www.noubarris.net\/web40\/author\/tele\/\"}]}<\/script>\n<!-- \/ Yoast SEO plugin. -->","yoast_head_json":{"title":"Engeguen les Trobades d\u2019Economia a Nou Barris amb el debat sobre la influ\u00e8ncia de la tecnologia - NouBarris.Net","robots":{"index":"index","follow":"follow","max-snippet":"max-snippet:-1","max-image-preview":"max-image-preview:large","max-video-preview":"max-video-preview:-1"},"canonical":"https:\/\/www.noubarris.net\/web40\/engeguen-les-trobades-deconomia-a-nou-barris-amb-el-debat-sobre-la-influencia-de-la-tecnologia\/","og_locale":"ca_ES","og_type":"article","og_title":"Engeguen les Trobades d\u2019Economia a Nou Barris amb el debat sobre la influ\u00e8ncia de la tecnologia - NouBarris.Net","og_description":"La Casa de l&#8217;Aigua rep avui experts econ\u00f2mics i tecnol\u00f2gics per reflexionar sobre la tecnologia i l&#8217;\u00e8tica Tornen les &#8216;Trobades","og_url":"https:\/\/www.noubarris.net\/web40\/engeguen-les-trobades-deconomia-a-nou-barris-amb-el-debat-sobre-la-influencia-de-la-tecnologia\/","og_site_name":"NouBarris.Net","article_publisher":"https:\/\/www.facebook.com\/NouBarris.net\/?locale=es_ES","article_published_time":"2022-11-02T22:00:02+00:00","og_image":[{"width":768,"height":432,"url":"https:\/\/www.noubarris.net\/web40\/wp-content\/uploads\/2022\/11\/031122.jpg","type":"image\/jpeg"}],"author":"Informatius","twitter_card":"summary_large_image","twitter_creator":"@9BTV","twitter_site":"@9BTV","twitter_misc":{"Escrit per":"Informatius","Temps estimat de lectura":"2 minuts"},"schema":{"@context":"https:\/\/schema.org","@graph":[{"@type":"Article","@id":"https:\/\/www.noubarris.net\/web40\/engeguen-les-trobades-deconomia-a-nou-barris-amb-el-debat-sobre-la-influencia-de-la-tecnologia\/#article","isPartOf":{"@id":"https:\/\/www.noubarris.net\/web40\/engeguen-les-trobades-deconomia-a-nou-barris-amb-el-debat-sobre-la-influencia-de-la-tecnologia\/"},"author":{"name":"Informatius","@id":"https:\/\/www.noubarris.net\/web40\/#\/schema\/person\/1827f92aaa316c54abbf4dac0de76069"},"headline":"Engeguen les Trobades d\u2019Economia a Nou Barris amb el debat sobre la influ\u00e8ncia de la tecnologia","datePublished":"2022-11-02T22:00:02+00:00","mainEntityOfPage":{"@id":"https:\/\/www.noubarris.net\/web40\/engeguen-les-trobades-deconomia-a-nou-barris-amb-el-debat-sobre-la-influencia-de-la-tecnologia\/"},"wordCount":379,"publisher":{"@id":"https:\/\/www.noubarris.net\/web40\/#organization"},"image":{"@id":"https:\/\/www.noubarris.net\/web40\/engeguen-les-trobades-deconomia-a-nou-barris-amb-el-debat-sobre-la-influencia-de-la-tecnologia\/#primaryimage"},"thumbnailUrl":"https:\/\/www.noubarris.net\/web40\/wp-content\/uploads\/2022\/11\/031122.jpg","keywords":["Economia","tecnologia"],"articleSection":["La Trinitat Nova","Societat"],"inLanguage":"ca"},{"@type":"WebPage","@id":"https:\/\/www.noubarris.net\/web40\/engeguen-les-trobades-deconomia-a-nou-barris-amb-el-debat-sobre-la-influencia-de-la-tecnologia\/","url":"https:\/\/www.noubarris.net\/web40\/engeguen-les-trobades-deconomia-a-nou-barris-amb-el-debat-sobre-la-influencia-de-la-tecnologia\/","name":"Engeguen les Trobades d\u2019Economia a Nou Barris amb el debat sobre la influ\u00e8ncia de la tecnologia - NouBarris.Net","isPartOf":{"@id":"https:\/\/www.noubarris.net\/web40\/#website"},"primaryImageOfPage":{"@id":"https:\/\/www.noubarris.net\/web40\/engeguen-les-trobades-deconomia-a-nou-barris-amb-el-debat-sobre-la-influencia-de-la-tecnologia\/#primaryimage"},"image":{"@id":"https:\/\/www.noubarris.net\/web40\/engeguen-les-trobades-deconomia-a-nou-barris-amb-el-debat-sobre-la-influencia-de-la-tecnologia\/#primaryimage"},"thumbnailUrl":"https:\/\/www.noubarris.net\/web40\/wp-content\/uploads\/2022\/11\/031122.jpg","datePublished":"2022-11-02T22:00:02+00:00","breadcrumb":{"@id":"https:\/\/www.noubarris.net\/web40\/engeguen-les-trobades-deconomia-a-nou-barris-amb-el-debat-sobre-la-influencia-de-la-tecnologia\/#breadcrumb"},"inLanguage":"ca","potentialAction":[{"@type":"ReadAction","target":["https:\/\/www.noubarris.net\/web40\/engeguen-les-trobades-deconomia-a-nou-barris-amb-el-debat-sobre-la-influencia-de-la-tecnologia\/"]}]},{"@type":"ImageObject","inLanguage":"ca","@id":"https:\/\/www.noubarris.net\/web40\/engeguen-les-trobades-deconomia-a-nou-barris-amb-el-debat-sobre-la-influencia-de-la-tecnologia\/#primaryimage","url":"https:\/\/www.noubarris.net\/web40\/wp-content\/uploads\/2022\/11\/031122.jpg","contentUrl":"https:\/\/www.noubarris.net\/web40\/wp-content\/uploads\/2022\/11\/031122.jpg","width":768,"height":432},{"@type":"BreadcrumbList","@id":"https:\/\/www.noubarris.net\/web40\/engeguen-les-trobades-deconomia-a-nou-barris-amb-el-debat-sobre-la-influencia-de-la-tecnologia\/#breadcrumb","itemListElement":[{"@type":"ListItem","position":1,"name":"Inici","item":"https:\/\/www.noubarris.net\/web40\/"},{"@type":"ListItem","position":2,"name":"Engeguen les Trobades d\u2019Economia a Nou Barris amb el debat sobre la influ\u00e8ncia de la tecnologia"}]},{"@type":"WebSite","@id":"https:\/\/www.noubarris.net\/web40\/#website","url":"https:\/\/www.noubarris.net\/web40\/","name":"NouBarris.Net","description":"Seguint la vida de Nou Barris des de 1985","publisher":{"@id":"https:\/\/www.noubarris.net\/web40\/#organization"},"potentialAction":[{"@type":"SearchAction","target":{"@type":"EntryPoint","urlTemplate":"https:\/\/www.noubarris.net\/web40\/?s={search_term_string}"},"query-input":{"@type":"PropertyValueSpecification","valueRequired":true,"valueName":"search_term_string"}}],"inLanguage":"ca"},{"@type":"Organization","@id":"https:\/\/www.noubarris.net\/web40\/#organization","name":"NouBarris.Net","url":"https:\/\/www.noubarris.net\/web40\/","logo":{"@type":"ImageObject","inLanguage":"ca","@id":"https:\/\/www.noubarris.net\/web40\/#\/schema\/logo\/image\/","url":"https:\/\/www.noubarris.net\/web40\/wp-content\/uploads\/2024\/11\/cropped-cropped-LOGO_9BTV-2024_Insta-1.jpg","contentUrl":"https:\/\/www.noubarris.net\/web40\/wp-content\/uploads\/2024\/11\/cropped-cropped-LOGO_9BTV-2024_Insta-1.jpg","width":512,"height":512,"caption":"NouBarris.Net"},"image":{"@id":"https:\/\/www.noubarris.net\/web40\/#\/schema\/logo\/image\/"},"sameAs":["https:\/\/www.facebook.com\/NouBarris.net\/?locale=es_ES","https:\/\/x.com\/9BTV"]},{"@type":"Person","@id":"https:\/\/www.noubarris.net\/web40\/#\/schema\/person\/1827f92aaa316c54abbf4dac0de76069","name":"Informatius","image":{"@type":"ImageObject","inLanguage":"ca","@id":"https:\/\/www.noubarris.net\/web40\/#\/schema\/person\/image\/","url":"https:\/\/secure.gravatar.com\/avatar\/87a3b47928835fc72c6ee5b0e1a7263ef0c2d05003a98189bc14926c5f11bcdb?s=96&d=mm&r=g","contentUrl":"https:\/\/secure.gravatar.com\/avatar\/87a3b47928835fc72c6ee5b0e1a7263ef0c2d05003a98189bc14926c5f11bcdb?s=96&d=mm&r=g","caption":"Informatius"},"url":"https:\/\/www.noubarris.net\/web40\/author\/tele\/"}]}},"_links":{"self":[{"href":"https:\/\/www.noubarris.net\/web40\/wp-json\/wp\/v2\/posts\/79959","targetHints":{"allow":["GET"]}}],"collection":[{"href":"https:\/\/www.noubarris.net\/web40\/wp-json\/wp\/v2\/posts"}],"about":[{"href":"https:\/\/www.noubarris.net\/web40\/wp-json\/wp\/v2\/types\/post"}],"author":[{"embeddable":true,"href":"https:\/\/www.noubarris.net\/web40\/wp-json\/wp\/v2\/users\/2"}],"replies":[{"embeddable":true,"href":"https:\/\/www.noubarris.net\/web40\/wp-json\/wp\/v2\/comments?post=79959"}],"version-history":[{"count":2,"href":"https:\/\/www.noubarris.net\/web40\/wp-json\/wp\/v2\/posts\/79959\/revisions"}],"predecessor-version":[{"id":79962,"href":"https:\/\/www.noubarris.net\/web40\/wp-json\/wp\/v2\/posts\/79959\/revisions\/79962"}],"wp:featuredmedia":[{"embeddable":true,"href":"https:\/\/www.noubarris.net\/web40\/wp-json\/wp\/v2\/media\/79960"}],"wp:attachment":[{"href":"https:\/\/www.noubarris.net\/web40\/wp-json\/wp\/v2\/media?parent=79959"}],"wp:term":[{"taxonomy":"category","embeddable":true,"href":"https:\/\/www.noubarris.net\/web40\/wp-json\/wp\/v2\/categories?post=79959"},{"taxonomy":"post_tag","embeddable":true,"href":"https:\/\/www.noubarris.net\/web40\/wp-json\/wp\/v2\/tags?post=79959"}],"curies":[{"name":"wp","href":"https:\/\/api.w.org\/{rel}","templated":true}]}}