{"id":80002,"date":"2022-11-13T00:00:26","date_gmt":"2022-11-12T22:00:26","guid":{"rendered":"http:\/\/www.noubarris.net\/web40\/?p=80002"},"modified":"2022-11-10T21:27:52","modified_gmt":"2022-11-10T19:27:52","slug":"gairebe-160-nous-arbres-per-a-nou-barris-aquesta-tardor","status":"publish","type":"post","link":"https:\/\/www.noubarris.net\/web40\/gairebe-160-nous-arbres-per-a-nou-barris-aquesta-tardor\/","title":{"rendered":"Gaireb\u00e9 160 nous arbres per a Nou Barris aquesta tardor"},"content":{"rendered":"<p><strong>El pla municipal tamb\u00e9 preveu plantar 452 m2 de grups de flors<\/strong><\/p>\n<p>Aquesta tardor hi ha previst plantar 158 arbres al llarg del districte de Nou Barris. Alguns aniran a cobrir escocells buits, dels que tant es queixen algun ve\u00efns en consells de barri o audi\u00e8ncies p\u00fabliques. A m\u00e9s, Parcs i Jardins ha anunciat que fins al desembre es prioritzaran tasques com la plantaci\u00f3 de grups de flor i\/o grups mixtes de vivaces, tamb\u00e9 d\u2019arbrat de clima fred, a m\u00e9s sembrar i desbrossar el que anomenen &#8220;prats florits&#8221;. D&#8217;altra banda hi ha previst podar arbres.<\/p>\n<p>Tot plegat, ho han plasmat en aquest mapa del districte:<\/p>\n\n\n<div data-wp-interactive=\"core\/file\" class=\"wp-block-file\"><object data-wp-bind--hidden=\"!state.hasPdfPreview\" hidden class=\"wp-block-file__embed\" data=\"https:\/\/www.noubarris.net\/web40\/wp-content\/uploads\/2022\/11\/Verd-hivern-Nou-Barris.pdf\" type=\"application\/pdf\" style=\"width:100%;height:600px\" aria-label=\"Incrustaci\u00f3 del fitxer Incrustaci\u00f3 del fitxer Verd-hivern-Nou-Barris..\"><\/object><a href=\"https:\/\/www.noubarris.net\/web40\/wp-content\/uploads\/2022\/11\/Verd-hivern-Nou-Barris.pdf\">Verd-hivern-Nou-Barris<\/a><a href=\"https:\/\/www.noubarris.net\/web40\/wp-content\/uploads\/2022\/11\/Verd-hivern-Nou-Barris.pdf\" class=\"wp-block-file__button\" download>Baixa<\/a><\/div>\n","protected":false},"excerpt":{"rendered":"<p>El pla municipal tamb\u00e9 preveu plantar 452 m2 de grups de flors Aquesta tardor hi ha previst plantar 158 arbres<\/p>\n","protected":false},"author":2,"featured_media":80003,"comment_status":"closed","ping_status":"closed","sticky":false,"template":"","format":"standard","meta":{"colormag_page_layout":"default_layout","_monsterinsights_skip_tracking":false,"_monsterinsights_sitenote_active":false,"_monsterinsights_sitenote_note":"","_monsterinsights_sitenote_category":0,"footnotes":""},"categories":[1,124],"tags":[413],"class_list":["post-80002","post","type-post","status-publish","format-standard","has-post-thumbnail","hentry","category-nou-barris","category-societat","tag-parcs"],"yoast_head":"<!-- This site is optimized with the Yoast SEO plugin v25.3 - https:\/\/yoast.com\/wordpress\/plugins\/seo\/ -->\n<title>Gaireb\u00e9 160 nous arbres per a Nou Barris aquesta tardor - NouBarris.Net<\/title>\n<meta name=\"robots\" content=\"index, follow, max-snippet:-1, max-image-preview:large, max-video-preview:-1\" \/>\n<link rel=\"canonical\" href=\"https:\/\/www.noubarris.net\/web40\/gairebe-160-nous-arbres-per-a-nou-barris-aquesta-tardor\/\" \/>\n<meta property=\"og:locale\" content=\"ca_ES\" \/>\n<meta property=\"og:type\" content=\"article\" \/>\n<meta property=\"og:title\" content=\"Gaireb\u00e9 160 nous arbres per a Nou Barris aquesta tardor - NouBarris.Net\" \/>\n<meta property=\"og:description\" content=\"El pla municipal tamb\u00e9 preveu plantar 452 m2 de grups de flors Aquesta tardor hi ha previst plantar 158 arbres\" \/>\n<meta property=\"og:url\" content=\"https:\/\/www.noubarris.net\/web40\/gairebe-160-nous-arbres-per-a-nou-barris-aquesta-tardor\/\" \/>\n<meta property=\"og:site_name\" content=\"NouBarris.Net\" \/>\n<meta property=\"article:publisher\" content=\"https:\/\/www.facebook.com\/NouBarris.net\/?locale=es_ES\" \/>\n<meta property=\"article:published_time\" content=\"2022-11-12T22:00:26+00:00\" \/>\n<meta property=\"og:image\" content=\"https:\/\/www.noubarris.net\/web40\/wp-content\/uploads\/2022\/11\/111122.jpg\" \/>\n\t<meta property=\"og:image:width\" content=\"768\" \/>\n\t<meta property=\"og:image:height\" content=\"432\" \/>\n\t<meta property=\"og:image:type\" content=\"image\/jpeg\" \/>\n<meta name=\"author\" content=\"Informatius\" \/>\n<meta name=\"twitter:card\" content=\"summary_large_image\" \/>\n<meta name=\"twitter:creator\" content=\"@9BTV\" \/>\n<meta name=\"twitter:site\" content=\"@9BTV\" \/>\n<meta name=\"twitter:label1\" content=\"Escrit per\" \/>\n\t<meta name=\"twitter:data1\" content=\"Informatius\" \/>\n\t<meta name=\"twitter:label2\" content=\"Temps estimat de lectura\" \/>\n\t<meta name=\"twitter:data2\" content=\"1 minut\" \/>\n<script type=\"application\/ld+json\" class=\"yoast-schema-graph\">{\"@context\":\"https:\/\/schema.org\",\"@graph\":[{\"@type\":\"Article\",\"@id\":\"https:\/\/www.noubarris.net\/web40\/gairebe-160-nous-arbres-per-a-nou-barris-aquesta-tardor\/#article\",\"isPartOf\":{\"@id\":\"https:\/\/www.noubarris.net\/web40\/gairebe-160-nous-arbres-per-a-nou-barris-aquesta-tardor\/\"},\"author\":{\"name\":\"Informatius\",\"@id\":\"https:\/\/www.noubarris.net\/web40\/#\/schema\/person\/1827f92aaa316c54abbf4dac0de76069\"},\"headline\":\"Gaireb\u00e9 160 nous arbres per a Nou Barris aquesta tardor\",\"datePublished\":\"2022-11-12T22:00:26+00:00\",\"mainEntityOfPage\":{\"@id\":\"https:\/\/www.noubarris.net\/web40\/gairebe-160-nous-arbres-per-a-nou-barris-aquesta-tardor\/\"},\"wordCount\":122,\"publisher\":{\"@id\":\"https:\/\/www.noubarris.net\/web40\/#organization\"},\"image\":{\"@id\":\"https:\/\/www.noubarris.net\/web40\/gairebe-160-nous-arbres-per-a-nou-barris-aquesta-tardor\/#primaryimage\"},\"thumbnailUrl\":\"https:\/\/www.noubarris.net\/web40\/wp-content\/uploads\/2022\/11\/111122.jpg\",\"keywords\":[\"Parcs\"],\"articleSection\":[\"Nou Barris\",\"Societat\"],\"inLanguage\":\"ca\"},{\"@type\":\"WebPage\",\"@id\":\"https:\/\/www.noubarris.net\/web40\/gairebe-160-nous-arbres-per-a-nou-barris-aquesta-tardor\/\",\"url\":\"https:\/\/www.noubarris.net\/web40\/gairebe-160-nous-arbres-per-a-nou-barris-aquesta-tardor\/\",\"name\":\"Gaireb\u00e9 160 nous arbres per a Nou Barris aquesta tardor - NouBarris.Net\",\"isPartOf\":{\"@id\":\"https:\/\/www.noubarris.net\/web40\/#website\"},\"primaryImageOfPage\":{\"@id\":\"https:\/\/www.noubarris.net\/web40\/gairebe-160-nous-arbres-per-a-nou-barris-aquesta-tardor\/#primaryimage\"},\"image\":{\"@id\":\"https:\/\/www.noubarris.net\/web40\/gairebe-160-nous-arbres-per-a-nou-barris-aquesta-tardor\/#primaryimage\"},\"thumbnailUrl\":\"https:\/\/www.noubarris.net\/web40\/wp-content\/uploads\/2022\/11\/111122.jpg\",\"datePublished\":\"2022-11-12T22:00:26+00:00\",\"breadcrumb\":{\"@id\":\"https:\/\/www.noubarris.net\/web40\/gairebe-160-nous-arbres-per-a-nou-barris-aquesta-tardor\/#breadcrumb\"},\"inLanguage\":\"ca\",\"potentialAction\":[{\"@type\":\"ReadAction\",\"target\":[\"https:\/\/www.noubarris.net\/web40\/gairebe-160-nous-arbres-per-a-nou-barris-aquesta-tardor\/\"]}]},{\"@type\":\"ImageObject\",\"inLanguage\":\"ca\",\"@id\":\"https:\/\/www.noubarris.net\/web40\/gairebe-160-nous-arbres-per-a-nou-barris-aquesta-tardor\/#primaryimage\",\"url\":\"https:\/\/www.noubarris.net\/web40\/wp-content\/uploads\/2022\/11\/111122.jpg\",\"contentUrl\":\"https:\/\/www.noubarris.net\/web40\/wp-content\/uploads\/2022\/11\/111122.jpg\",\"width\":768,\"height\":432},{\"@type\":\"BreadcrumbList\",\"@id\":\"https:\/\/www.noubarris.net\/web40\/gairebe-160-nous-arbres-per-a-nou-barris-aquesta-tardor\/#breadcrumb\",\"itemListElement\":[{\"@type\":\"ListItem\",\"position\":1,\"name\":\"Inici\",\"item\":\"https:\/\/www.noubarris.net\/web40\/\"},{\"@type\":\"ListItem\",\"position\":2,\"name\":\"Gaireb\u00e9 160 nous arbres per a Nou Barris aquesta tardor\"}]},{\"@type\":\"WebSite\",\"@id\":\"https:\/\/www.noubarris.net\/web40\/#website\",\"url\":\"https:\/\/www.noubarris.net\/web40\/\",\"name\":\"NouBarris.Net\",\"description\":\"Seguint la vida de Nou Barris des de 1985\",\"publisher\":{\"@id\":\"https:\/\/www.noubarris.net\/web40\/#organization\"},\"potentialAction\":[{\"@type\":\"SearchAction\",\"target\":{\"@type\":\"EntryPoint\",\"urlTemplate\":\"https:\/\/www.noubarris.net\/web40\/?s={search_term_string}\"},\"query-input\":{\"@type\":\"PropertyValueSpecification\",\"valueRequired\":true,\"valueName\":\"search_term_string\"}}],\"inLanguage\":\"ca\"},{\"@type\":\"Organization\",\"@id\":\"https:\/\/www.noubarris.net\/web40\/#organization\",\"name\":\"NouBarris.Net\",\"url\":\"https:\/\/www.noubarris.net\/web40\/\",\"logo\":{\"@type\":\"ImageObject\",\"inLanguage\":\"ca\",\"@id\":\"https:\/\/www.noubarris.net\/web40\/#\/schema\/logo\/image\/\",\"url\":\"https:\/\/www.noubarris.net\/web40\/wp-content\/uploads\/2024\/11\/cropped-cropped-LOGO_9BTV-2024_Insta-1.jpg\",\"contentUrl\":\"https:\/\/www.noubarris.net\/web40\/wp-content\/uploads\/2024\/11\/cropped-cropped-LOGO_9BTV-2024_Insta-1.jpg\",\"width\":512,\"height\":512,\"caption\":\"NouBarris.Net\"},\"image\":{\"@id\":\"https:\/\/www.noubarris.net\/web40\/#\/schema\/logo\/image\/\"},\"sameAs\":[\"https:\/\/www.facebook.com\/NouBarris.net\/?locale=es_ES\",\"https:\/\/x.com\/9BTV\"]},{\"@type\":\"Person\",\"@id\":\"https:\/\/www.noubarris.net\/web40\/#\/schema\/person\/1827f92aaa316c54abbf4dac0de76069\",\"name\":\"Informatius\",\"image\":{\"@type\":\"ImageObject\",\"inLanguage\":\"ca\",\"@id\":\"https:\/\/www.noubarris.net\/web40\/#\/schema\/person\/image\/\",\"url\":\"https:\/\/secure.gravatar.com\/avatar\/87a3b47928835fc72c6ee5b0e1a7263ef0c2d05003a98189bc14926c5f11bcdb?s=96&d=mm&r=g\",\"contentUrl\":\"https:\/\/secure.gravatar.com\/avatar\/87a3b47928835fc72c6ee5b0e1a7263ef0c2d05003a98189bc14926c5f11bcdb?s=96&d=mm&r=g\",\"caption\":\"Informatius\"},\"url\":\"https:\/\/www.noubarris.net\/web40\/author\/tele\/\"}]}<\/script>\n<!-- \/ Yoast SEO plugin. -->","yoast_head_json":{"title":"Gaireb\u00e9 160 nous arbres per a Nou Barris aquesta tardor - NouBarris.Net","robots":{"index":"index","follow":"follow","max-snippet":"max-snippet:-1","max-image-preview":"max-image-preview:large","max-video-preview":"max-video-preview:-1"},"canonical":"https:\/\/www.noubarris.net\/web40\/gairebe-160-nous-arbres-per-a-nou-barris-aquesta-tardor\/","og_locale":"ca_ES","og_type":"article","og_title":"Gaireb\u00e9 160 nous arbres per a Nou Barris aquesta tardor - NouBarris.Net","og_description":"El pla municipal tamb\u00e9 preveu plantar 452 m2 de grups de flors Aquesta tardor hi ha previst plantar 158 arbres","og_url":"https:\/\/www.noubarris.net\/web40\/gairebe-160-nous-arbres-per-a-nou-barris-aquesta-tardor\/","og_site_name":"NouBarris.Net","article_publisher":"https:\/\/www.facebook.com\/NouBarris.net\/?locale=es_ES","article_published_time":"2022-11-12T22:00:26+00:00","og_image":[{"width":768,"height":432,"url":"https:\/\/www.noubarris.net\/web40\/wp-content\/uploads\/2022\/11\/111122.jpg","type":"image\/jpeg"}],"author":"Informatius","twitter_card":"summary_large_image","twitter_creator":"@9BTV","twitter_site":"@9BTV","twitter_misc":{"Escrit per":"Informatius","Temps estimat de lectura":"1 minut"},"schema":{"@context":"https:\/\/schema.org","@graph":[{"@type":"Article","@id":"https:\/\/www.noubarris.net\/web40\/gairebe-160-nous-arbres-per-a-nou-barris-aquesta-tardor\/#article","isPartOf":{"@id":"https:\/\/www.noubarris.net\/web40\/gairebe-160-nous-arbres-per-a-nou-barris-aquesta-tardor\/"},"author":{"name":"Informatius","@id":"https:\/\/www.noubarris.net\/web40\/#\/schema\/person\/1827f92aaa316c54abbf4dac0de76069"},"headline":"Gaireb\u00e9 160 nous arbres per a Nou Barris aquesta tardor","datePublished":"2022-11-12T22:00:26+00:00","mainEntityOfPage":{"@id":"https:\/\/www.noubarris.net\/web40\/gairebe-160-nous-arbres-per-a-nou-barris-aquesta-tardor\/"},"wordCount":122,"publisher":{"@id":"https:\/\/www.noubarris.net\/web40\/#organization"},"image":{"@id":"https:\/\/www.noubarris.net\/web40\/gairebe-160-nous-arbres-per-a-nou-barris-aquesta-tardor\/#primaryimage"},"thumbnailUrl":"https:\/\/www.noubarris.net\/web40\/wp-content\/uploads\/2022\/11\/111122.jpg","keywords":["Parcs"],"articleSection":["Nou Barris","Societat"],"inLanguage":"ca"},{"@type":"WebPage","@id":"https:\/\/www.noubarris.net\/web40\/gairebe-160-nous-arbres-per-a-nou-barris-aquesta-tardor\/","url":"https:\/\/www.noubarris.net\/web40\/gairebe-160-nous-arbres-per-a-nou-barris-aquesta-tardor\/","name":"Gaireb\u00e9 160 nous arbres per a Nou Barris aquesta tardor - NouBarris.Net","isPartOf":{"@id":"https:\/\/www.noubarris.net\/web40\/#website"},"primaryImageOfPage":{"@id":"https:\/\/www.noubarris.net\/web40\/gairebe-160-nous-arbres-per-a-nou-barris-aquesta-tardor\/#primaryimage"},"image":{"@id":"https:\/\/www.noubarris.net\/web40\/gairebe-160-nous-arbres-per-a-nou-barris-aquesta-tardor\/#primaryimage"},"thumbnailUrl":"https:\/\/www.noubarris.net\/web40\/wp-content\/uploads\/2022\/11\/111122.jpg","datePublished":"2022-11-12T22:00:26+00:00","breadcrumb":{"@id":"https:\/\/www.noubarris.net\/web40\/gairebe-160-nous-arbres-per-a-nou-barris-aquesta-tardor\/#breadcrumb"},"inLanguage":"ca","potentialAction":[{"@type":"ReadAction","target":["https:\/\/www.noubarris.net\/web40\/gairebe-160-nous-arbres-per-a-nou-barris-aquesta-tardor\/"]}]},{"@type":"ImageObject","inLanguage":"ca","@id":"https:\/\/www.noubarris.net\/web40\/gairebe-160-nous-arbres-per-a-nou-barris-aquesta-tardor\/#primaryimage","url":"https:\/\/www.noubarris.net\/web40\/wp-content\/uploads\/2022\/11\/111122.jpg","contentUrl":"https:\/\/www.noubarris.net\/web40\/wp-content\/uploads\/2022\/11\/111122.jpg","width":768,"height":432},{"@type":"BreadcrumbList","@id":"https:\/\/www.noubarris.net\/web40\/gairebe-160-nous-arbres-per-a-nou-barris-aquesta-tardor\/#breadcrumb","itemListElement":[{"@type":"ListItem","position":1,"name":"Inici","item":"https:\/\/www.noubarris.net\/web40\/"},{"@type":"ListItem","position":2,"name":"Gaireb\u00e9 160 nous arbres per a Nou Barris aquesta tardor"}]},{"@type":"WebSite","@id":"https:\/\/www.noubarris.net\/web40\/#website","url":"https:\/\/www.noubarris.net\/web40\/","name":"NouBarris.Net","description":"Seguint la vida de Nou Barris des de 1985","publisher":{"@id":"https:\/\/www.noubarris.net\/web40\/#organization"},"potentialAction":[{"@type":"SearchAction","target":{"@type":"EntryPoint","urlTemplate":"https:\/\/www.noubarris.net\/web40\/?s={search_term_string}"},"query-input":{"@type":"PropertyValueSpecification","valueRequired":true,"valueName":"search_term_string"}}],"inLanguage":"ca"},{"@type":"Organization","@id":"https:\/\/www.noubarris.net\/web40\/#organization","name":"NouBarris.Net","url":"https:\/\/www.noubarris.net\/web40\/","logo":{"@type":"ImageObject","inLanguage":"ca","@id":"https:\/\/www.noubarris.net\/web40\/#\/schema\/logo\/image\/","url":"https:\/\/www.noubarris.net\/web40\/wp-content\/uploads\/2024\/11\/cropped-cropped-LOGO_9BTV-2024_Insta-1.jpg","contentUrl":"https:\/\/www.noubarris.net\/web40\/wp-content\/uploads\/2024\/11\/cropped-cropped-LOGO_9BTV-2024_Insta-1.jpg","width":512,"height":512,"caption":"NouBarris.Net"},"image":{"@id":"https:\/\/www.noubarris.net\/web40\/#\/schema\/logo\/image\/"},"sameAs":["https:\/\/www.facebook.com\/NouBarris.net\/?locale=es_ES","https:\/\/x.com\/9BTV"]},{"@type":"Person","@id":"https:\/\/www.noubarris.net\/web40\/#\/schema\/person\/1827f92aaa316c54abbf4dac0de76069","name":"Informatius","image":{"@type":"ImageObject","inLanguage":"ca","@id":"https:\/\/www.noubarris.net\/web40\/#\/schema\/person\/image\/","url":"https:\/\/secure.gravatar.com\/avatar\/87a3b47928835fc72c6ee5b0e1a7263ef0c2d05003a98189bc14926c5f11bcdb?s=96&d=mm&r=g","contentUrl":"https:\/\/secure.gravatar.com\/avatar\/87a3b47928835fc72c6ee5b0e1a7263ef0c2d05003a98189bc14926c5f11bcdb?s=96&d=mm&r=g","caption":"Informatius"},"url":"https:\/\/www.noubarris.net\/web40\/author\/tele\/"}]}},"_links":{"self":[{"href":"https:\/\/www.noubarris.net\/web40\/wp-json\/wp\/v2\/posts\/80002","targetHints":{"allow":["GET"]}}],"collection":[{"href":"https:\/\/www.noubarris.net\/web40\/wp-json\/wp\/v2\/posts"}],"about":[{"href":"https:\/\/www.noubarris.net\/web40\/wp-json\/wp\/v2\/types\/post"}],"author":[{"embeddable":true,"href":"https:\/\/www.noubarris.net\/web40\/wp-json\/wp\/v2\/users\/2"}],"replies":[{"embeddable":true,"href":"https:\/\/www.noubarris.net\/web40\/wp-json\/wp\/v2\/comments?post=80002"}],"version-history":[{"count":2,"href":"https:\/\/www.noubarris.net\/web40\/wp-json\/wp\/v2\/posts\/80002\/revisions"}],"predecessor-version":[{"id":80006,"href":"https:\/\/www.noubarris.net\/web40\/wp-json\/wp\/v2\/posts\/80002\/revisions\/80006"}],"wp:featuredmedia":[{"embeddable":true,"href":"https:\/\/www.noubarris.net\/web40\/wp-json\/wp\/v2\/media\/80003"}],"wp:attachment":[{"href":"https:\/\/www.noubarris.net\/web40\/wp-json\/wp\/v2\/media?parent=80002"}],"wp:term":[{"taxonomy":"category","embeddable":true,"href":"https:\/\/www.noubarris.net\/web40\/wp-json\/wp\/v2\/categories?post=80002"},{"taxonomy":"post_tag","embeddable":true,"href":"https:\/\/www.noubarris.net\/web40\/wp-json\/wp\/v2\/tags?post=80002"}],"curies":[{"name":"wp","href":"https:\/\/api.w.org\/{rel}","templated":true}]}}