{"id":80181,"date":"2022-12-15T00:00:41","date_gmt":"2022-12-14T22:00:41","guid":{"rendered":"http:\/\/www.noubarris.net\/web40\/?p=80181"},"modified":"2022-12-14T19:59:48","modified_gmt":"2022-12-14T17:59:48","slug":"consell-de-barri-de-la-prosperitat-5","status":"publish","type":"post","link":"https:\/\/www.noubarris.net\/web40\/consell-de-barri-de-la-prosperitat-5\/","title":{"rendered":"Consell de Barri de la Prosperitat"},"content":{"rendered":"<p><strong>Entre els temes de l&#8217;ordre del dia es tractar\u00e0 la pacificaci\u00f3 del carrer de Santa Engr\u00e0cia i es presentar\u00e0 el servei de Vilave\u00efna\u00a0<\/strong><\/p>\n<p>Aquest dijous, 15 de desembre, a les 18h, tindr\u00e0 lloc un nou consell de Barri a la Prosperitat. La sessi\u00f3 ser\u00e0 en format presencial a l&#8217;Escola Santiago Rusi\u00f1ol (passeig de Valldaura, 261), sense necessitat de fer reserva pr\u00e8via. Recordem que per motius sanitaris es recomana l&#8217;\u00fas de la mascareta.\u00a0 Entre els temes de l&#8217;ordre del dia hi ha la presentaci\u00f3 del servei Vilave\u00efna al barri de la Prosperitat. Es tracta d&#8217;un servei gratu\u00eft de l\u2019Ajuntament per informar-se dels recursos i serveis que hi ha m\u00e9s a prop per cuidar d\u2019altres persones: gent gran, criatures, persones amb discapacitat, ect.<\/p>\n<p>Temes a tractar:<\/p>\n<p>1. Desplegament de la nova contracta de neteja i recollida de residus, i presentaci\u00f3 del pla de manteniment de barri Cuidem Barcelona<br \/>\n2. Pacificaci\u00f3 del carrer de Santa Engr\u00e0cia<br \/>\n3. Situaci\u00f3 actual \u00c0rea d\u2019Esbarjo de Gossos de la Prosperitat<br \/>\n4. Presentaci\u00f3 Vilave\u00efna a la Prosperitat<br \/>\n5. Equipaments esportius a la Prosperitat<br \/>\n6. Torn obert de paraules<\/p>\n","protected":false},"excerpt":{"rendered":"<p>Entre els temes de l&#8217;ordre del dia es tractar\u00e0 la pacificaci\u00f3 del carrer de Santa Engr\u00e0cia i es presentar\u00e0 el<\/p>\n","protected":false},"author":2,"featured_media":80182,"comment_status":"closed","ping_status":"closed","sticky":false,"template":"","format":"standard","meta":{"colormag_page_layout":"default_layout","_monsterinsights_skip_tracking":false,"_monsterinsights_sitenote_active":false,"_monsterinsights_sitenote_note":"","_monsterinsights_sitenote_category":0,"footnotes":""},"categories":[135,484],"tags":[331,51],"class_list":["post-80181","post","type-post","status-publish","format-standard","has-post-thumbnail","hentry","category-la-prosperitat","category-participacio","tag-consell-de-barri","tag-la-prosperitat"],"yoast_head":"<!-- This site is optimized with the Yoast SEO plugin v25.3 - https:\/\/yoast.com\/wordpress\/plugins\/seo\/ -->\n<title>Consell de Barri de la Prosperitat - NouBarris.Net<\/title>\n<meta name=\"robots\" content=\"index, follow, max-snippet:-1, max-image-preview:large, max-video-preview:-1\" \/>\n<link rel=\"canonical\" href=\"https:\/\/www.noubarris.net\/web40\/consell-de-barri-de-la-prosperitat-5\/\" \/>\n<meta property=\"og:locale\" content=\"ca_ES\" \/>\n<meta property=\"og:type\" content=\"article\" \/>\n<meta property=\"og:title\" content=\"Consell de Barri de la Prosperitat - NouBarris.Net\" \/>\n<meta property=\"og:description\" content=\"Entre els temes de l&#8217;ordre del dia es tractar\u00e0 la pacificaci\u00f3 del carrer de Santa Engr\u00e0cia i es presentar\u00e0 el\" \/>\n<meta property=\"og:url\" content=\"https:\/\/www.noubarris.net\/web40\/consell-de-barri-de-la-prosperitat-5\/\" \/>\n<meta property=\"og:site_name\" content=\"NouBarris.Net\" \/>\n<meta property=\"article:publisher\" content=\"https:\/\/www.facebook.com\/NouBarris.net\/?locale=es_ES\" \/>\n<meta property=\"article:published_time\" content=\"2022-12-14T22:00:41+00:00\" \/>\n<meta property=\"og:image\" content=\"https:\/\/www.noubarris.net\/web40\/wp-content\/uploads\/2022\/12\/151222.jpg\" \/>\n\t<meta property=\"og:image:width\" content=\"768\" \/>\n\t<meta property=\"og:image:height\" content=\"432\" \/>\n\t<meta property=\"og:image:type\" content=\"image\/jpeg\" \/>\n<meta name=\"author\" content=\"Informatius\" \/>\n<meta name=\"twitter:card\" content=\"summary_large_image\" \/>\n<meta name=\"twitter:creator\" content=\"@9BTV\" \/>\n<meta name=\"twitter:site\" content=\"@9BTV\" \/>\n<meta name=\"twitter:label1\" content=\"Escrit per\" \/>\n\t<meta name=\"twitter:data1\" content=\"Informatius\" \/>\n\t<meta name=\"twitter:label2\" content=\"Temps estimat de lectura\" \/>\n\t<meta name=\"twitter:data2\" content=\"1 minut\" \/>\n<script type=\"application\/ld+json\" class=\"yoast-schema-graph\">{\"@context\":\"https:\/\/schema.org\",\"@graph\":[{\"@type\":\"Article\",\"@id\":\"https:\/\/www.noubarris.net\/web40\/consell-de-barri-de-la-prosperitat-5\/#article\",\"isPartOf\":{\"@id\":\"https:\/\/www.noubarris.net\/web40\/consell-de-barri-de-la-prosperitat-5\/\"},\"author\":{\"name\":\"Informatius\",\"@id\":\"https:\/\/www.noubarris.net\/web40\/#\/schema\/person\/1827f92aaa316c54abbf4dac0de76069\"},\"headline\":\"Consell de Barri de la Prosperitat\",\"datePublished\":\"2022-12-14T22:00:41+00:00\",\"mainEntityOfPage\":{\"@id\":\"https:\/\/www.noubarris.net\/web40\/consell-de-barri-de-la-prosperitat-5\/\"},\"wordCount\":195,\"publisher\":{\"@id\":\"https:\/\/www.noubarris.net\/web40\/#organization\"},\"image\":{\"@id\":\"https:\/\/www.noubarris.net\/web40\/consell-de-barri-de-la-prosperitat-5\/#primaryimage\"},\"thumbnailUrl\":\"https:\/\/www.noubarris.net\/web40\/wp-content\/uploads\/2022\/12\/151222.jpg\",\"keywords\":[\"Consell de barri\",\"La Prosperitat\"],\"articleSection\":[\"La Prosperitat\",\"Participaci\u00f3\"],\"inLanguage\":\"ca\"},{\"@type\":\"WebPage\",\"@id\":\"https:\/\/www.noubarris.net\/web40\/consell-de-barri-de-la-prosperitat-5\/\",\"url\":\"https:\/\/www.noubarris.net\/web40\/consell-de-barri-de-la-prosperitat-5\/\",\"name\":\"Consell de Barri de la Prosperitat - NouBarris.Net\",\"isPartOf\":{\"@id\":\"https:\/\/www.noubarris.net\/web40\/#website\"},\"primaryImageOfPage\":{\"@id\":\"https:\/\/www.noubarris.net\/web40\/consell-de-barri-de-la-prosperitat-5\/#primaryimage\"},\"image\":{\"@id\":\"https:\/\/www.noubarris.net\/web40\/consell-de-barri-de-la-prosperitat-5\/#primaryimage\"},\"thumbnailUrl\":\"https:\/\/www.noubarris.net\/web40\/wp-content\/uploads\/2022\/12\/151222.jpg\",\"datePublished\":\"2022-12-14T22:00:41+00:00\",\"breadcrumb\":{\"@id\":\"https:\/\/www.noubarris.net\/web40\/consell-de-barri-de-la-prosperitat-5\/#breadcrumb\"},\"inLanguage\":\"ca\",\"potentialAction\":[{\"@type\":\"ReadAction\",\"target\":[\"https:\/\/www.noubarris.net\/web40\/consell-de-barri-de-la-prosperitat-5\/\"]}]},{\"@type\":\"ImageObject\",\"inLanguage\":\"ca\",\"@id\":\"https:\/\/www.noubarris.net\/web40\/consell-de-barri-de-la-prosperitat-5\/#primaryimage\",\"url\":\"https:\/\/www.noubarris.net\/web40\/wp-content\/uploads\/2022\/12\/151222.jpg\",\"contentUrl\":\"https:\/\/www.noubarris.net\/web40\/wp-content\/uploads\/2022\/12\/151222.jpg\",\"width\":768,\"height\":432},{\"@type\":\"BreadcrumbList\",\"@id\":\"https:\/\/www.noubarris.net\/web40\/consell-de-barri-de-la-prosperitat-5\/#breadcrumb\",\"itemListElement\":[{\"@type\":\"ListItem\",\"position\":1,\"name\":\"Inici\",\"item\":\"https:\/\/www.noubarris.net\/web40\/\"},{\"@type\":\"ListItem\",\"position\":2,\"name\":\"Consell de Barri de la Prosperitat\"}]},{\"@type\":\"WebSite\",\"@id\":\"https:\/\/www.noubarris.net\/web40\/#website\",\"url\":\"https:\/\/www.noubarris.net\/web40\/\",\"name\":\"NouBarris.Net\",\"description\":\"Seguint la vida de Nou Barris des de 1985\",\"publisher\":{\"@id\":\"https:\/\/www.noubarris.net\/web40\/#organization\"},\"potentialAction\":[{\"@type\":\"SearchAction\",\"target\":{\"@type\":\"EntryPoint\",\"urlTemplate\":\"https:\/\/www.noubarris.net\/web40\/?s={search_term_string}\"},\"query-input\":{\"@type\":\"PropertyValueSpecification\",\"valueRequired\":true,\"valueName\":\"search_term_string\"}}],\"inLanguage\":\"ca\"},{\"@type\":\"Organization\",\"@id\":\"https:\/\/www.noubarris.net\/web40\/#organization\",\"name\":\"NouBarris.Net\",\"url\":\"https:\/\/www.noubarris.net\/web40\/\",\"logo\":{\"@type\":\"ImageObject\",\"inLanguage\":\"ca\",\"@id\":\"https:\/\/www.noubarris.net\/web40\/#\/schema\/logo\/image\/\",\"url\":\"https:\/\/www.noubarris.net\/web40\/wp-content\/uploads\/2024\/11\/cropped-cropped-LOGO_9BTV-2024_Insta-1.jpg\",\"contentUrl\":\"https:\/\/www.noubarris.net\/web40\/wp-content\/uploads\/2024\/11\/cropped-cropped-LOGO_9BTV-2024_Insta-1.jpg\",\"width\":512,\"height\":512,\"caption\":\"NouBarris.Net\"},\"image\":{\"@id\":\"https:\/\/www.noubarris.net\/web40\/#\/schema\/logo\/image\/\"},\"sameAs\":[\"https:\/\/www.facebook.com\/NouBarris.net\/?locale=es_ES\",\"https:\/\/x.com\/9BTV\"]},{\"@type\":\"Person\",\"@id\":\"https:\/\/www.noubarris.net\/web40\/#\/schema\/person\/1827f92aaa316c54abbf4dac0de76069\",\"name\":\"Informatius\",\"image\":{\"@type\":\"ImageObject\",\"inLanguage\":\"ca\",\"@id\":\"https:\/\/www.noubarris.net\/web40\/#\/schema\/person\/image\/\",\"url\":\"https:\/\/secure.gravatar.com\/avatar\/87a3b47928835fc72c6ee5b0e1a7263ef0c2d05003a98189bc14926c5f11bcdb?s=96&d=mm&r=g\",\"contentUrl\":\"https:\/\/secure.gravatar.com\/avatar\/87a3b47928835fc72c6ee5b0e1a7263ef0c2d05003a98189bc14926c5f11bcdb?s=96&d=mm&r=g\",\"caption\":\"Informatius\"},\"url\":\"https:\/\/www.noubarris.net\/web40\/author\/tele\/\"}]}<\/script>\n<!-- \/ Yoast SEO plugin. -->","yoast_head_json":{"title":"Consell de Barri de la Prosperitat - NouBarris.Net","robots":{"index":"index","follow":"follow","max-snippet":"max-snippet:-1","max-image-preview":"max-image-preview:large","max-video-preview":"max-video-preview:-1"},"canonical":"https:\/\/www.noubarris.net\/web40\/consell-de-barri-de-la-prosperitat-5\/","og_locale":"ca_ES","og_type":"article","og_title":"Consell de Barri de la Prosperitat - NouBarris.Net","og_description":"Entre els temes de l&#8217;ordre del dia es tractar\u00e0 la pacificaci\u00f3 del carrer de Santa Engr\u00e0cia i es presentar\u00e0 el","og_url":"https:\/\/www.noubarris.net\/web40\/consell-de-barri-de-la-prosperitat-5\/","og_site_name":"NouBarris.Net","article_publisher":"https:\/\/www.facebook.com\/NouBarris.net\/?locale=es_ES","article_published_time":"2022-12-14T22:00:41+00:00","og_image":[{"width":768,"height":432,"url":"https:\/\/www.noubarris.net\/web40\/wp-content\/uploads\/2022\/12\/151222.jpg","type":"image\/jpeg"}],"author":"Informatius","twitter_card":"summary_large_image","twitter_creator":"@9BTV","twitter_site":"@9BTV","twitter_misc":{"Escrit per":"Informatius","Temps estimat de lectura":"1 minut"},"schema":{"@context":"https:\/\/schema.org","@graph":[{"@type":"Article","@id":"https:\/\/www.noubarris.net\/web40\/consell-de-barri-de-la-prosperitat-5\/#article","isPartOf":{"@id":"https:\/\/www.noubarris.net\/web40\/consell-de-barri-de-la-prosperitat-5\/"},"author":{"name":"Informatius","@id":"https:\/\/www.noubarris.net\/web40\/#\/schema\/person\/1827f92aaa316c54abbf4dac0de76069"},"headline":"Consell de Barri de la Prosperitat","datePublished":"2022-12-14T22:00:41+00:00","mainEntityOfPage":{"@id":"https:\/\/www.noubarris.net\/web40\/consell-de-barri-de-la-prosperitat-5\/"},"wordCount":195,"publisher":{"@id":"https:\/\/www.noubarris.net\/web40\/#organization"},"image":{"@id":"https:\/\/www.noubarris.net\/web40\/consell-de-barri-de-la-prosperitat-5\/#primaryimage"},"thumbnailUrl":"https:\/\/www.noubarris.net\/web40\/wp-content\/uploads\/2022\/12\/151222.jpg","keywords":["Consell de barri","La Prosperitat"],"articleSection":["La Prosperitat","Participaci\u00f3"],"inLanguage":"ca"},{"@type":"WebPage","@id":"https:\/\/www.noubarris.net\/web40\/consell-de-barri-de-la-prosperitat-5\/","url":"https:\/\/www.noubarris.net\/web40\/consell-de-barri-de-la-prosperitat-5\/","name":"Consell de Barri de la Prosperitat - NouBarris.Net","isPartOf":{"@id":"https:\/\/www.noubarris.net\/web40\/#website"},"primaryImageOfPage":{"@id":"https:\/\/www.noubarris.net\/web40\/consell-de-barri-de-la-prosperitat-5\/#primaryimage"},"image":{"@id":"https:\/\/www.noubarris.net\/web40\/consell-de-barri-de-la-prosperitat-5\/#primaryimage"},"thumbnailUrl":"https:\/\/www.noubarris.net\/web40\/wp-content\/uploads\/2022\/12\/151222.jpg","datePublished":"2022-12-14T22:00:41+00:00","breadcrumb":{"@id":"https:\/\/www.noubarris.net\/web40\/consell-de-barri-de-la-prosperitat-5\/#breadcrumb"},"inLanguage":"ca","potentialAction":[{"@type":"ReadAction","target":["https:\/\/www.noubarris.net\/web40\/consell-de-barri-de-la-prosperitat-5\/"]}]},{"@type":"ImageObject","inLanguage":"ca","@id":"https:\/\/www.noubarris.net\/web40\/consell-de-barri-de-la-prosperitat-5\/#primaryimage","url":"https:\/\/www.noubarris.net\/web40\/wp-content\/uploads\/2022\/12\/151222.jpg","contentUrl":"https:\/\/www.noubarris.net\/web40\/wp-content\/uploads\/2022\/12\/151222.jpg","width":768,"height":432},{"@type":"BreadcrumbList","@id":"https:\/\/www.noubarris.net\/web40\/consell-de-barri-de-la-prosperitat-5\/#breadcrumb","itemListElement":[{"@type":"ListItem","position":1,"name":"Inici","item":"https:\/\/www.noubarris.net\/web40\/"},{"@type":"ListItem","position":2,"name":"Consell de Barri de la Prosperitat"}]},{"@type":"WebSite","@id":"https:\/\/www.noubarris.net\/web40\/#website","url":"https:\/\/www.noubarris.net\/web40\/","name":"NouBarris.Net","description":"Seguint la vida de Nou Barris des de 1985","publisher":{"@id":"https:\/\/www.noubarris.net\/web40\/#organization"},"potentialAction":[{"@type":"SearchAction","target":{"@type":"EntryPoint","urlTemplate":"https:\/\/www.noubarris.net\/web40\/?s={search_term_string}"},"query-input":{"@type":"PropertyValueSpecification","valueRequired":true,"valueName":"search_term_string"}}],"inLanguage":"ca"},{"@type":"Organization","@id":"https:\/\/www.noubarris.net\/web40\/#organization","name":"NouBarris.Net","url":"https:\/\/www.noubarris.net\/web40\/","logo":{"@type":"ImageObject","inLanguage":"ca","@id":"https:\/\/www.noubarris.net\/web40\/#\/schema\/logo\/image\/","url":"https:\/\/www.noubarris.net\/web40\/wp-content\/uploads\/2024\/11\/cropped-cropped-LOGO_9BTV-2024_Insta-1.jpg","contentUrl":"https:\/\/www.noubarris.net\/web40\/wp-content\/uploads\/2024\/11\/cropped-cropped-LOGO_9BTV-2024_Insta-1.jpg","width":512,"height":512,"caption":"NouBarris.Net"},"image":{"@id":"https:\/\/www.noubarris.net\/web40\/#\/schema\/logo\/image\/"},"sameAs":["https:\/\/www.facebook.com\/NouBarris.net\/?locale=es_ES","https:\/\/x.com\/9BTV"]},{"@type":"Person","@id":"https:\/\/www.noubarris.net\/web40\/#\/schema\/person\/1827f92aaa316c54abbf4dac0de76069","name":"Informatius","image":{"@type":"ImageObject","inLanguage":"ca","@id":"https:\/\/www.noubarris.net\/web40\/#\/schema\/person\/image\/","url":"https:\/\/secure.gravatar.com\/avatar\/87a3b47928835fc72c6ee5b0e1a7263ef0c2d05003a98189bc14926c5f11bcdb?s=96&d=mm&r=g","contentUrl":"https:\/\/secure.gravatar.com\/avatar\/87a3b47928835fc72c6ee5b0e1a7263ef0c2d05003a98189bc14926c5f11bcdb?s=96&d=mm&r=g","caption":"Informatius"},"url":"https:\/\/www.noubarris.net\/web40\/author\/tele\/"}]}},"_links":{"self":[{"href":"https:\/\/www.noubarris.net\/web40\/wp-json\/wp\/v2\/posts\/80181","targetHints":{"allow":["GET"]}}],"collection":[{"href":"https:\/\/www.noubarris.net\/web40\/wp-json\/wp\/v2\/posts"}],"about":[{"href":"https:\/\/www.noubarris.net\/web40\/wp-json\/wp\/v2\/types\/post"}],"author":[{"embeddable":true,"href":"https:\/\/www.noubarris.net\/web40\/wp-json\/wp\/v2\/users\/2"}],"replies":[{"embeddable":true,"href":"https:\/\/www.noubarris.net\/web40\/wp-json\/wp\/v2\/comments?post=80181"}],"version-history":[{"count":1,"href":"https:\/\/www.noubarris.net\/web40\/wp-json\/wp\/v2\/posts\/80181\/revisions"}],"predecessor-version":[{"id":80183,"href":"https:\/\/www.noubarris.net\/web40\/wp-json\/wp\/v2\/posts\/80181\/revisions\/80183"}],"wp:featuredmedia":[{"embeddable":true,"href":"https:\/\/www.noubarris.net\/web40\/wp-json\/wp\/v2\/media\/80182"}],"wp:attachment":[{"href":"https:\/\/www.noubarris.net\/web40\/wp-json\/wp\/v2\/media?parent=80181"}],"wp:term":[{"taxonomy":"category","embeddable":true,"href":"https:\/\/www.noubarris.net\/web40\/wp-json\/wp\/v2\/categories?post=80181"},{"taxonomy":"post_tag","embeddable":true,"href":"https:\/\/www.noubarris.net\/web40\/wp-json\/wp\/v2\/tags?post=80181"}],"curies":[{"name":"wp","href":"https:\/\/api.w.org\/{rel}","templated":true}]}}