{"id":80264,"date":"2023-01-02T00:00:51","date_gmt":"2023-01-01T22:00:51","guid":{"rendered":"http:\/\/www.noubarris.net\/web40\/?p=80264"},"modified":"2022-12-30T12:16:06","modified_gmt":"2022-12-30T10:16:06","slug":"obre-el-campament-dels-reis-dorient-al-pati-de-la-seu-del-districte","status":"publish","type":"post","link":"https:\/\/www.noubarris.net\/web40\/obre-el-campament-dels-reis-dorient-al-pati-de-la-seu-del-districte\/","title":{"rendered":"Obre el campament dels Reis d&#8217;Orient al pati de la Seu del Districte"},"content":{"rendered":"<p><strong>La comitiva hi ser\u00e0 durant tres dies amb portes obertes, i el dia 4 faran una visita adaptada a persones amb diversitat funcional<\/strong><\/p>\n<p>Arrenca el compte enrere per al dia m\u00e9s esperat per molts petits, el de Reis. I mentre no arriba la m\u00e0gica nit que els portar\u00e0 regals, tenen per davant dues cites ineludibles: la cavalcada de la tarda i vespre del dia 5, i la visita al Campament Reial. Aquest darrer \u00e9s un esdeveniment que se celebra per tercer consecutiu a Nou Barris. Va sorgir durant el Nadal de 2020, quan les condicions epidemiol\u00f2giques van fer cancel\u00b7lar la cavalcada. Aquesta alternativa va agradar tant i va tenir tant \u00e8xit que la comitiva reial s&#8217;ha avingut a repeteir l&#8217;experi\u00e8ncia. Podeu visitar el campament els dies 2, 3 i 4 de gener a les tardes, entre les 17 i les 21h (tancaran la cua amb antel\u00b7laci\u00f3 suficient per plegar a les 21h). L&#8217;entrada \u00e9s gratu\u00efta i sense reserva pr\u00e8via, tot i que t\u00e9 l\u2019aforament limitat per q\u00fcestions de seguretat.<\/p>\n<p>Qu\u00e8 hi trobareu al campament situat al Pati de la Seu del Districte? Tot el seguici: Patges Reials, astr\u00f2legs, l\u2019estel, els carters, les cosidores, la carbonera, les fades de la son, els vigilants de la clau m\u00e0gica, les vetlladores de la llum&#8230; i tamb\u00e9, malauradament, aquells qui preparen els carb\u00f3, que sempre n&#8217;hi ha que mereix una mica.<\/p>\n<p>I com la comitiva reial vol que el campament sigui obert per a tothom, han habil\u00b7litat un codi QR amb l\u2019audiodescripci\u00f3 del recorregut. I el dia 4 de gener, a les 17h, es far\u00e0 una visita t\u00e0ctil per tot el recorregut, en el qual tamb\u00e9 hi haur\u00e0 un int\u00e8rpret de llengua de signes.<\/p>\n<p>Les entitats que han pres part en els preparatius d\u2019aquest campament s\u00f3n: A.E ASOGYM, AMPA Escola Cor de Maria Sabastida, AMPA FEDAC Am\u00edlcar, AFA Jes\u00fas-Maria Claudina Th\u00e9venet, AMPA Scala Dei, Associaci\u00f3 Porta-Cultural, AVV Tur\u00f3 de la Peira (Vocal\u00eda de Joves), CC Manuel de Falla, AFA Escola \u00c0gora, Grup de Foc de Nou Barris, i la Societat Coral L\u2019Ideal d\u2019en Clav\u00e9.<\/p>\n","protected":false},"excerpt":{"rendered":"<p>La comitiva hi ser\u00e0 durant tres dies amb portes obertes, i el dia 4 faran una visita adaptada a persones<\/p>\n","protected":false},"author":2,"featured_media":80265,"comment_status":"closed","ping_status":"closed","sticky":false,"template":"","format":"standard","meta":{"colormag_page_layout":"default_layout","_monsterinsights_skip_tracking":false,"_monsterinsights_sitenote_active":false,"_monsterinsights_sitenote_note":"","_monsterinsights_sitenote_category":0,"footnotes":""},"categories":[133,124],"tags":[369],"class_list":["post-80264","post","type-post","status-publish","format-standard","has-post-thumbnail","hentry","category-la-guineueta","category-societat","tag-nadal"],"yoast_head":"<!-- This site is optimized with the Yoast SEO plugin v25.3 - https:\/\/yoast.com\/wordpress\/plugins\/seo\/ -->\n<title>Obre el campament dels Reis d&#039;Orient al pati de la Seu del Districte - NouBarris.Net<\/title>\n<meta name=\"robots\" content=\"index, follow, max-snippet:-1, max-image-preview:large, max-video-preview:-1\" \/>\n<link rel=\"canonical\" href=\"https:\/\/www.noubarris.net\/web40\/obre-el-campament-dels-reis-dorient-al-pati-de-la-seu-del-districte\/\" \/>\n<meta property=\"og:locale\" content=\"ca_ES\" \/>\n<meta property=\"og:type\" content=\"article\" \/>\n<meta property=\"og:title\" content=\"Obre el campament dels Reis d&#039;Orient al pati de la Seu del Districte - NouBarris.Net\" \/>\n<meta property=\"og:description\" content=\"La comitiva hi ser\u00e0 durant tres dies amb portes obertes, i el dia 4 faran una visita adaptada a persones\" \/>\n<meta property=\"og:url\" content=\"https:\/\/www.noubarris.net\/web40\/obre-el-campament-dels-reis-dorient-al-pati-de-la-seu-del-districte\/\" \/>\n<meta property=\"og:site_name\" content=\"NouBarris.Net\" \/>\n<meta property=\"article:publisher\" content=\"https:\/\/www.facebook.com\/NouBarris.net\/?locale=es_ES\" \/>\n<meta property=\"article:published_time\" content=\"2023-01-01T22:00:51+00:00\" \/>\n<meta property=\"og:image\" content=\"https:\/\/www.noubarris.net\/web40\/wp-content\/uploads\/2022\/12\/020122.jpg\" \/>\n\t<meta property=\"og:image:width\" content=\"768\" \/>\n\t<meta property=\"og:image:height\" content=\"432\" \/>\n\t<meta property=\"og:image:type\" content=\"image\/jpeg\" \/>\n<meta name=\"author\" content=\"Informatius\" \/>\n<meta name=\"twitter:card\" content=\"summary_large_image\" \/>\n<meta name=\"twitter:creator\" content=\"@9BTV\" \/>\n<meta name=\"twitter:site\" content=\"@9BTV\" \/>\n<meta name=\"twitter:label1\" content=\"Escrit per\" \/>\n\t<meta name=\"twitter:data1\" content=\"Informatius\" \/>\n\t<meta name=\"twitter:label2\" content=\"Temps estimat de lectura\" \/>\n\t<meta name=\"twitter:data2\" content=\"2 minuts\" \/>\n<script type=\"application\/ld+json\" class=\"yoast-schema-graph\">{\"@context\":\"https:\/\/schema.org\",\"@graph\":[{\"@type\":\"Article\",\"@id\":\"https:\/\/www.noubarris.net\/web40\/obre-el-campament-dels-reis-dorient-al-pati-de-la-seu-del-districte\/#article\",\"isPartOf\":{\"@id\":\"https:\/\/www.noubarris.net\/web40\/obre-el-campament-dels-reis-dorient-al-pati-de-la-seu-del-districte\/\"},\"author\":{\"name\":\"Informatius\",\"@id\":\"https:\/\/www.noubarris.net\/web40\/#\/schema\/person\/1827f92aaa316c54abbf4dac0de76069\"},\"headline\":\"Obre el campament dels Reis d&#8217;Orient al pati de la Seu del Districte\",\"datePublished\":\"2023-01-01T22:00:51+00:00\",\"mainEntityOfPage\":{\"@id\":\"https:\/\/www.noubarris.net\/web40\/obre-el-campament-dels-reis-dorient-al-pati-de-la-seu-del-districte\/\"},\"wordCount\":376,\"publisher\":{\"@id\":\"https:\/\/www.noubarris.net\/web40\/#organization\"},\"image\":{\"@id\":\"https:\/\/www.noubarris.net\/web40\/obre-el-campament-dels-reis-dorient-al-pati-de-la-seu-del-districte\/#primaryimage\"},\"thumbnailUrl\":\"https:\/\/www.noubarris.net\/web40\/wp-content\/uploads\/2022\/12\/020122.jpg\",\"keywords\":[\"Nadal\"],\"articleSection\":[\"La Guineueta\",\"Societat\"],\"inLanguage\":\"ca\"},{\"@type\":\"WebPage\",\"@id\":\"https:\/\/www.noubarris.net\/web40\/obre-el-campament-dels-reis-dorient-al-pati-de-la-seu-del-districte\/\",\"url\":\"https:\/\/www.noubarris.net\/web40\/obre-el-campament-dels-reis-dorient-al-pati-de-la-seu-del-districte\/\",\"name\":\"Obre el campament dels Reis d'Orient al pati de la Seu del Districte - NouBarris.Net\",\"isPartOf\":{\"@id\":\"https:\/\/www.noubarris.net\/web40\/#website\"},\"primaryImageOfPage\":{\"@id\":\"https:\/\/www.noubarris.net\/web40\/obre-el-campament-dels-reis-dorient-al-pati-de-la-seu-del-districte\/#primaryimage\"},\"image\":{\"@id\":\"https:\/\/www.noubarris.net\/web40\/obre-el-campament-dels-reis-dorient-al-pati-de-la-seu-del-districte\/#primaryimage\"},\"thumbnailUrl\":\"https:\/\/www.noubarris.net\/web40\/wp-content\/uploads\/2022\/12\/020122.jpg\",\"datePublished\":\"2023-01-01T22:00:51+00:00\",\"breadcrumb\":{\"@id\":\"https:\/\/www.noubarris.net\/web40\/obre-el-campament-dels-reis-dorient-al-pati-de-la-seu-del-districte\/#breadcrumb\"},\"inLanguage\":\"ca\",\"potentialAction\":[{\"@type\":\"ReadAction\",\"target\":[\"https:\/\/www.noubarris.net\/web40\/obre-el-campament-dels-reis-dorient-al-pati-de-la-seu-del-districte\/\"]}]},{\"@type\":\"ImageObject\",\"inLanguage\":\"ca\",\"@id\":\"https:\/\/www.noubarris.net\/web40\/obre-el-campament-dels-reis-dorient-al-pati-de-la-seu-del-districte\/#primaryimage\",\"url\":\"https:\/\/www.noubarris.net\/web40\/wp-content\/uploads\/2022\/12\/020122.jpg\",\"contentUrl\":\"https:\/\/www.noubarris.net\/web40\/wp-content\/uploads\/2022\/12\/020122.jpg\",\"width\":768,\"height\":432},{\"@type\":\"BreadcrumbList\",\"@id\":\"https:\/\/www.noubarris.net\/web40\/obre-el-campament-dels-reis-dorient-al-pati-de-la-seu-del-districte\/#breadcrumb\",\"itemListElement\":[{\"@type\":\"ListItem\",\"position\":1,\"name\":\"Inici\",\"item\":\"https:\/\/www.noubarris.net\/web40\/\"},{\"@type\":\"ListItem\",\"position\":2,\"name\":\"Obre el campament dels Reis d&#8217;Orient al pati de la Seu del Districte\"}]},{\"@type\":\"WebSite\",\"@id\":\"https:\/\/www.noubarris.net\/web40\/#website\",\"url\":\"https:\/\/www.noubarris.net\/web40\/\",\"name\":\"NouBarris.Net\",\"description\":\"Seguint la vida de Nou Barris des de 1985\",\"publisher\":{\"@id\":\"https:\/\/www.noubarris.net\/web40\/#organization\"},\"potentialAction\":[{\"@type\":\"SearchAction\",\"target\":{\"@type\":\"EntryPoint\",\"urlTemplate\":\"https:\/\/www.noubarris.net\/web40\/?s={search_term_string}\"},\"query-input\":{\"@type\":\"PropertyValueSpecification\",\"valueRequired\":true,\"valueName\":\"search_term_string\"}}],\"inLanguage\":\"ca\"},{\"@type\":\"Organization\",\"@id\":\"https:\/\/www.noubarris.net\/web40\/#organization\",\"name\":\"NouBarris.Net\",\"url\":\"https:\/\/www.noubarris.net\/web40\/\",\"logo\":{\"@type\":\"ImageObject\",\"inLanguage\":\"ca\",\"@id\":\"https:\/\/www.noubarris.net\/web40\/#\/schema\/logo\/image\/\",\"url\":\"https:\/\/www.noubarris.net\/web40\/wp-content\/uploads\/2024\/11\/cropped-cropped-LOGO_9BTV-2024_Insta-1.jpg\",\"contentUrl\":\"https:\/\/www.noubarris.net\/web40\/wp-content\/uploads\/2024\/11\/cropped-cropped-LOGO_9BTV-2024_Insta-1.jpg\",\"width\":512,\"height\":512,\"caption\":\"NouBarris.Net\"},\"image\":{\"@id\":\"https:\/\/www.noubarris.net\/web40\/#\/schema\/logo\/image\/\"},\"sameAs\":[\"https:\/\/www.facebook.com\/NouBarris.net\/?locale=es_ES\",\"https:\/\/x.com\/9BTV\"]},{\"@type\":\"Person\",\"@id\":\"https:\/\/www.noubarris.net\/web40\/#\/schema\/person\/1827f92aaa316c54abbf4dac0de76069\",\"name\":\"Informatius\",\"image\":{\"@type\":\"ImageObject\",\"inLanguage\":\"ca\",\"@id\":\"https:\/\/www.noubarris.net\/web40\/#\/schema\/person\/image\/\",\"url\":\"https:\/\/secure.gravatar.com\/avatar\/87a3b47928835fc72c6ee5b0e1a7263ef0c2d05003a98189bc14926c5f11bcdb?s=96&d=mm&r=g\",\"contentUrl\":\"https:\/\/secure.gravatar.com\/avatar\/87a3b47928835fc72c6ee5b0e1a7263ef0c2d05003a98189bc14926c5f11bcdb?s=96&d=mm&r=g\",\"caption\":\"Informatius\"},\"url\":\"https:\/\/www.noubarris.net\/web40\/author\/tele\/\"}]}<\/script>\n<!-- \/ Yoast SEO plugin. -->","yoast_head_json":{"title":"Obre el campament dels Reis d'Orient al pati de la Seu del Districte - NouBarris.Net","robots":{"index":"index","follow":"follow","max-snippet":"max-snippet:-1","max-image-preview":"max-image-preview:large","max-video-preview":"max-video-preview:-1"},"canonical":"https:\/\/www.noubarris.net\/web40\/obre-el-campament-dels-reis-dorient-al-pati-de-la-seu-del-districte\/","og_locale":"ca_ES","og_type":"article","og_title":"Obre el campament dels Reis d'Orient al pati de la Seu del Districte - NouBarris.Net","og_description":"La comitiva hi ser\u00e0 durant tres dies amb portes obertes, i el dia 4 faran una visita adaptada a persones","og_url":"https:\/\/www.noubarris.net\/web40\/obre-el-campament-dels-reis-dorient-al-pati-de-la-seu-del-districte\/","og_site_name":"NouBarris.Net","article_publisher":"https:\/\/www.facebook.com\/NouBarris.net\/?locale=es_ES","article_published_time":"2023-01-01T22:00:51+00:00","og_image":[{"width":768,"height":432,"url":"https:\/\/www.noubarris.net\/web40\/wp-content\/uploads\/2022\/12\/020122.jpg","type":"image\/jpeg"}],"author":"Informatius","twitter_card":"summary_large_image","twitter_creator":"@9BTV","twitter_site":"@9BTV","twitter_misc":{"Escrit per":"Informatius","Temps estimat de lectura":"2 minuts"},"schema":{"@context":"https:\/\/schema.org","@graph":[{"@type":"Article","@id":"https:\/\/www.noubarris.net\/web40\/obre-el-campament-dels-reis-dorient-al-pati-de-la-seu-del-districte\/#article","isPartOf":{"@id":"https:\/\/www.noubarris.net\/web40\/obre-el-campament-dels-reis-dorient-al-pati-de-la-seu-del-districte\/"},"author":{"name":"Informatius","@id":"https:\/\/www.noubarris.net\/web40\/#\/schema\/person\/1827f92aaa316c54abbf4dac0de76069"},"headline":"Obre el campament dels Reis d&#8217;Orient al pati de la Seu del Districte","datePublished":"2023-01-01T22:00:51+00:00","mainEntityOfPage":{"@id":"https:\/\/www.noubarris.net\/web40\/obre-el-campament-dels-reis-dorient-al-pati-de-la-seu-del-districte\/"},"wordCount":376,"publisher":{"@id":"https:\/\/www.noubarris.net\/web40\/#organization"},"image":{"@id":"https:\/\/www.noubarris.net\/web40\/obre-el-campament-dels-reis-dorient-al-pati-de-la-seu-del-districte\/#primaryimage"},"thumbnailUrl":"https:\/\/www.noubarris.net\/web40\/wp-content\/uploads\/2022\/12\/020122.jpg","keywords":["Nadal"],"articleSection":["La Guineueta","Societat"],"inLanguage":"ca"},{"@type":"WebPage","@id":"https:\/\/www.noubarris.net\/web40\/obre-el-campament-dels-reis-dorient-al-pati-de-la-seu-del-districte\/","url":"https:\/\/www.noubarris.net\/web40\/obre-el-campament-dels-reis-dorient-al-pati-de-la-seu-del-districte\/","name":"Obre el campament dels Reis d'Orient al pati de la Seu del Districte - NouBarris.Net","isPartOf":{"@id":"https:\/\/www.noubarris.net\/web40\/#website"},"primaryImageOfPage":{"@id":"https:\/\/www.noubarris.net\/web40\/obre-el-campament-dels-reis-dorient-al-pati-de-la-seu-del-districte\/#primaryimage"},"image":{"@id":"https:\/\/www.noubarris.net\/web40\/obre-el-campament-dels-reis-dorient-al-pati-de-la-seu-del-districte\/#primaryimage"},"thumbnailUrl":"https:\/\/www.noubarris.net\/web40\/wp-content\/uploads\/2022\/12\/020122.jpg","datePublished":"2023-01-01T22:00:51+00:00","breadcrumb":{"@id":"https:\/\/www.noubarris.net\/web40\/obre-el-campament-dels-reis-dorient-al-pati-de-la-seu-del-districte\/#breadcrumb"},"inLanguage":"ca","potentialAction":[{"@type":"ReadAction","target":["https:\/\/www.noubarris.net\/web40\/obre-el-campament-dels-reis-dorient-al-pati-de-la-seu-del-districte\/"]}]},{"@type":"ImageObject","inLanguage":"ca","@id":"https:\/\/www.noubarris.net\/web40\/obre-el-campament-dels-reis-dorient-al-pati-de-la-seu-del-districte\/#primaryimage","url":"https:\/\/www.noubarris.net\/web40\/wp-content\/uploads\/2022\/12\/020122.jpg","contentUrl":"https:\/\/www.noubarris.net\/web40\/wp-content\/uploads\/2022\/12\/020122.jpg","width":768,"height":432},{"@type":"BreadcrumbList","@id":"https:\/\/www.noubarris.net\/web40\/obre-el-campament-dels-reis-dorient-al-pati-de-la-seu-del-districte\/#breadcrumb","itemListElement":[{"@type":"ListItem","position":1,"name":"Inici","item":"https:\/\/www.noubarris.net\/web40\/"},{"@type":"ListItem","position":2,"name":"Obre el campament dels Reis d&#8217;Orient al pati de la Seu del Districte"}]},{"@type":"WebSite","@id":"https:\/\/www.noubarris.net\/web40\/#website","url":"https:\/\/www.noubarris.net\/web40\/","name":"NouBarris.Net","description":"Seguint la vida de Nou Barris des de 1985","publisher":{"@id":"https:\/\/www.noubarris.net\/web40\/#organization"},"potentialAction":[{"@type":"SearchAction","target":{"@type":"EntryPoint","urlTemplate":"https:\/\/www.noubarris.net\/web40\/?s={search_term_string}"},"query-input":{"@type":"PropertyValueSpecification","valueRequired":true,"valueName":"search_term_string"}}],"inLanguage":"ca"},{"@type":"Organization","@id":"https:\/\/www.noubarris.net\/web40\/#organization","name":"NouBarris.Net","url":"https:\/\/www.noubarris.net\/web40\/","logo":{"@type":"ImageObject","inLanguage":"ca","@id":"https:\/\/www.noubarris.net\/web40\/#\/schema\/logo\/image\/","url":"https:\/\/www.noubarris.net\/web40\/wp-content\/uploads\/2024\/11\/cropped-cropped-LOGO_9BTV-2024_Insta-1.jpg","contentUrl":"https:\/\/www.noubarris.net\/web40\/wp-content\/uploads\/2024\/11\/cropped-cropped-LOGO_9BTV-2024_Insta-1.jpg","width":512,"height":512,"caption":"NouBarris.Net"},"image":{"@id":"https:\/\/www.noubarris.net\/web40\/#\/schema\/logo\/image\/"},"sameAs":["https:\/\/www.facebook.com\/NouBarris.net\/?locale=es_ES","https:\/\/x.com\/9BTV"]},{"@type":"Person","@id":"https:\/\/www.noubarris.net\/web40\/#\/schema\/person\/1827f92aaa316c54abbf4dac0de76069","name":"Informatius","image":{"@type":"ImageObject","inLanguage":"ca","@id":"https:\/\/www.noubarris.net\/web40\/#\/schema\/person\/image\/","url":"https:\/\/secure.gravatar.com\/avatar\/87a3b47928835fc72c6ee5b0e1a7263ef0c2d05003a98189bc14926c5f11bcdb?s=96&d=mm&r=g","contentUrl":"https:\/\/secure.gravatar.com\/avatar\/87a3b47928835fc72c6ee5b0e1a7263ef0c2d05003a98189bc14926c5f11bcdb?s=96&d=mm&r=g","caption":"Informatius"},"url":"https:\/\/www.noubarris.net\/web40\/author\/tele\/"}]}},"_links":{"self":[{"href":"https:\/\/www.noubarris.net\/web40\/wp-json\/wp\/v2\/posts\/80264","targetHints":{"allow":["GET"]}}],"collection":[{"href":"https:\/\/www.noubarris.net\/web40\/wp-json\/wp\/v2\/posts"}],"about":[{"href":"https:\/\/www.noubarris.net\/web40\/wp-json\/wp\/v2\/types\/post"}],"author":[{"embeddable":true,"href":"https:\/\/www.noubarris.net\/web40\/wp-json\/wp\/v2\/users\/2"}],"replies":[{"embeddable":true,"href":"https:\/\/www.noubarris.net\/web40\/wp-json\/wp\/v2\/comments?post=80264"}],"version-history":[{"count":1,"href":"https:\/\/www.noubarris.net\/web40\/wp-json\/wp\/v2\/posts\/80264\/revisions"}],"predecessor-version":[{"id":80266,"href":"https:\/\/www.noubarris.net\/web40\/wp-json\/wp\/v2\/posts\/80264\/revisions\/80266"}],"wp:featuredmedia":[{"embeddable":true,"href":"https:\/\/www.noubarris.net\/web40\/wp-json\/wp\/v2\/media\/80265"}],"wp:attachment":[{"href":"https:\/\/www.noubarris.net\/web40\/wp-json\/wp\/v2\/media?parent=80264"}],"wp:term":[{"taxonomy":"category","embeddable":true,"href":"https:\/\/www.noubarris.net\/web40\/wp-json\/wp\/v2\/categories?post=80264"},{"taxonomy":"post_tag","embeddable":true,"href":"https:\/\/www.noubarris.net\/web40\/wp-json\/wp\/v2\/tags?post=80264"}],"curies":[{"name":"wp","href":"https:\/\/api.w.org\/{rel}","templated":true}]}}