{"id":80278,"date":"2023-01-03T00:00:36","date_gmt":"2023-01-02T22:00:36","guid":{"rendered":"http:\/\/www.noubarris.net\/web40\/?p=80278"},"modified":"2023-01-01T21:52:57","modified_gmt":"2023-01-01T19:52:57","slug":"cartes-patges-reials-i-tallers-de-nadal","status":"publish","type":"post","link":"https:\/\/www.noubarris.net\/web40\/cartes-patges-reials-i-tallers-de-nadal\/","title":{"rendered":"Cartes, patges reials i tallers de Nadal"},"content":{"rendered":"<p><strong>Nou Barris es prepara per l&#8217;arribada d&#8217;una de les nits m\u00e9s m\u00e0giques de l&#8217;any\u00a0<\/strong><\/p>\n<p>Aquests dies els patges reials es troben a diversos punts del districte per recollir en ma les cartes dels nens i nenes del districte. Els m\u00e9s petits de la casa disposen tamb\u00e9 d&#8217;una amplia oferta d&#8217;activitats per fer aquests dies a Nou Barris. Per avui hi ha organitzats tot un seguit de tallers i actvitats relacionades amb el Nadal. Us les detallem a continuaci\u00f3:<\/p>\n<ul>\n<li>Patge Reial<\/li>\n<\/ul>\n<p>17 h a la pla\u00e7a dels Eucaliptus<br \/>\nEntrega la teva carta al Patge Reial!<br \/>\nOrganitzen: Camp de Treball de Nadal, PES Cru\u00eflla i Comissi\u00f3 de Festes Torre Bar\u00f3<\/p>\n<ul>\n<li>Circuit de Nadal i lliurament de cartes a Ses Majestats els Reis Mags<\/li>\n<\/ul>\n<p>17.30 h a la pla\u00e7a de les Roquetes.<br \/>\nOrganitzen: entitats de les Roquetes<\/p>\n<ul>\n<li>Taller de Nadal &#8220;Fem llibretes&#8221;<\/li>\n<\/ul>\n<p>17.30 h a la Biblioteca Canyelles, rda. de la Guineueta Vella, 34<br \/>\nT&#8217;agraden les manualitats? Vols fer una llibreta divertida? Amb materials de reciclatge creareu la nostra llibreta personalitzada.<br \/>\nA c\u00e0rrec d\u2019Airun Serveis Culturals<br \/>\nPer a infants de 8 a 12 anys<br \/>\nCal inscripci\u00f3 pr\u00e8via: <a href=\"http:\/\/ow.ly\/VOUL50M9kPZ\">http:\/\/ow.ly\/VOUL50M9kPZ<\/a><\/p>\n<ul>\n<li>Taller de Nadal &#8220;Refem els Contes&#8221;<\/li>\n<\/ul>\n<p>17.30 h a la Biblioteca Les Roquetes &#8211; Rafa Juncadella, Via Fav\u00e8ncia, 288 B<br \/>\nLlegirem un conte i l&#8217;analitzarem. Hi ha alguna part que no ens convenci? Ens agradaria que acab\u00e9s d\u2019una\u00a0 altra manera? Doncs refem-ho! Podrem crear un conte nou modificant-ne les parts que no ens hagin agradat de l&#8217;original o utilitzant all\u00f2 que m\u00e9s ens hagi cridat l&#8217;atenci\u00f3. Tamb\u00e9 tindrem l&#8217;opci\u00f3 de triar dos o m\u00e9s contes i crear-ne un de nou agafant el que trobem m\u00e9s interessant de cadascun d\u2019ells.<br \/>\nPer a infants de 7 a 11 anys<br \/>\nCal inscripci\u00f3 pr\u00e8via: <a href=\"http:\/\/ow.ly\/bylm50M9kUv\">http:\/\/ow.ly\/bylm50M9kUv<\/a><\/p>\n<ul>\n<li>Carpa Reial<\/li>\n<\/ul>\n<p>De 17.30 a 20 h\u00a0 a la pla\u00e7a del Virrei Amat amb el passeig de Fabra i Puig<br \/>\nEls patges reials recolliran les cartes de nens i nenes<br \/>\nOrganitza: Fabra Centre<\/p>\n","protected":false},"excerpt":{"rendered":"<p>Nou Barris es prepara per l&#8217;arribada d&#8217;una de les nits m\u00e9s m\u00e0giques de l&#8217;any\u00a0 Aquests dies els patges reials es<\/p>\n","protected":false},"author":2,"featured_media":80279,"comment_status":"closed","ping_status":"closed","sticky":false,"template":"","format":"standard","meta":{"colormag_page_layout":"default_layout","_monsterinsights_skip_tracking":false,"_monsterinsights_sitenote_active":false,"_monsterinsights_sitenote_note":"","_monsterinsights_sitenote_category":0,"footnotes":""},"categories":[1,124],"tags":[369,319],"class_list":["post-80278","post","type-post","status-publish","format-standard","has-post-thumbnail","hentry","category-nou-barris","category-societat","tag-nadal","tag-nou-barris"],"yoast_head":"<!-- This site is optimized with the Yoast SEO plugin v25.3 - https:\/\/yoast.com\/wordpress\/plugins\/seo\/ -->\n<title>Cartes, patges reials i tallers de Nadal - NouBarris.Net<\/title>\n<meta name=\"robots\" content=\"index, follow, max-snippet:-1, max-image-preview:large, max-video-preview:-1\" \/>\n<link rel=\"canonical\" href=\"https:\/\/www.noubarris.net\/web40\/cartes-patges-reials-i-tallers-de-nadal\/\" \/>\n<meta property=\"og:locale\" content=\"ca_ES\" \/>\n<meta property=\"og:type\" content=\"article\" \/>\n<meta property=\"og:title\" content=\"Cartes, patges reials i tallers de Nadal - NouBarris.Net\" \/>\n<meta property=\"og:description\" content=\"Nou Barris es prepara per l&#8217;arribada d&#8217;una de les nits m\u00e9s m\u00e0giques de l&#8217;any\u00a0 Aquests dies els patges reials es\" \/>\n<meta property=\"og:url\" content=\"https:\/\/www.noubarris.net\/web40\/cartes-patges-reials-i-tallers-de-nadal\/\" \/>\n<meta property=\"og:site_name\" content=\"NouBarris.Net\" \/>\n<meta property=\"article:publisher\" content=\"https:\/\/www.facebook.com\/NouBarris.net\/?locale=es_ES\" \/>\n<meta property=\"article:published_time\" content=\"2023-01-02T22:00:36+00:00\" \/>\n<meta property=\"og:image\" content=\"https:\/\/www.noubarris.net\/web40\/wp-content\/uploads\/2023\/01\/030123.jpg\" \/>\n\t<meta property=\"og:image:width\" content=\"768\" \/>\n\t<meta property=\"og:image:height\" content=\"432\" \/>\n\t<meta property=\"og:image:type\" content=\"image\/jpeg\" \/>\n<meta name=\"author\" content=\"Informatius\" \/>\n<meta name=\"twitter:card\" content=\"summary_large_image\" \/>\n<meta name=\"twitter:creator\" content=\"@9BTV\" \/>\n<meta name=\"twitter:site\" content=\"@9BTV\" \/>\n<meta name=\"twitter:label1\" content=\"Escrit per\" \/>\n\t<meta name=\"twitter:data1\" content=\"Informatius\" \/>\n\t<meta name=\"twitter:label2\" content=\"Temps estimat de lectura\" \/>\n\t<meta name=\"twitter:data2\" content=\"2 minuts\" \/>\n<script type=\"application\/ld+json\" class=\"yoast-schema-graph\">{\"@context\":\"https:\/\/schema.org\",\"@graph\":[{\"@type\":\"Article\",\"@id\":\"https:\/\/www.noubarris.net\/web40\/cartes-patges-reials-i-tallers-de-nadal\/#article\",\"isPartOf\":{\"@id\":\"https:\/\/www.noubarris.net\/web40\/cartes-patges-reials-i-tallers-de-nadal\/\"},\"author\":{\"name\":\"Informatius\",\"@id\":\"https:\/\/www.noubarris.net\/web40\/#\/schema\/person\/1827f92aaa316c54abbf4dac0de76069\"},\"headline\":\"Cartes, patges reials i tallers de Nadal\",\"datePublished\":\"2023-01-02T22:00:36+00:00\",\"mainEntityOfPage\":{\"@id\":\"https:\/\/www.noubarris.net\/web40\/cartes-patges-reials-i-tallers-de-nadal\/\"},\"wordCount\":352,\"publisher\":{\"@id\":\"https:\/\/www.noubarris.net\/web40\/#organization\"},\"image\":{\"@id\":\"https:\/\/www.noubarris.net\/web40\/cartes-patges-reials-i-tallers-de-nadal\/#primaryimage\"},\"thumbnailUrl\":\"https:\/\/www.noubarris.net\/web40\/wp-content\/uploads\/2023\/01\/030123.jpg\",\"keywords\":[\"Nadal\",\"Nou Barris\"],\"articleSection\":[\"Nou Barris\",\"Societat\"],\"inLanguage\":\"ca\"},{\"@type\":\"WebPage\",\"@id\":\"https:\/\/www.noubarris.net\/web40\/cartes-patges-reials-i-tallers-de-nadal\/\",\"url\":\"https:\/\/www.noubarris.net\/web40\/cartes-patges-reials-i-tallers-de-nadal\/\",\"name\":\"Cartes, patges reials i tallers de Nadal - NouBarris.Net\",\"isPartOf\":{\"@id\":\"https:\/\/www.noubarris.net\/web40\/#website\"},\"primaryImageOfPage\":{\"@id\":\"https:\/\/www.noubarris.net\/web40\/cartes-patges-reials-i-tallers-de-nadal\/#primaryimage\"},\"image\":{\"@id\":\"https:\/\/www.noubarris.net\/web40\/cartes-patges-reials-i-tallers-de-nadal\/#primaryimage\"},\"thumbnailUrl\":\"https:\/\/www.noubarris.net\/web40\/wp-content\/uploads\/2023\/01\/030123.jpg\",\"datePublished\":\"2023-01-02T22:00:36+00:00\",\"breadcrumb\":{\"@id\":\"https:\/\/www.noubarris.net\/web40\/cartes-patges-reials-i-tallers-de-nadal\/#breadcrumb\"},\"inLanguage\":\"ca\",\"potentialAction\":[{\"@type\":\"ReadAction\",\"target\":[\"https:\/\/www.noubarris.net\/web40\/cartes-patges-reials-i-tallers-de-nadal\/\"]}]},{\"@type\":\"ImageObject\",\"inLanguage\":\"ca\",\"@id\":\"https:\/\/www.noubarris.net\/web40\/cartes-patges-reials-i-tallers-de-nadal\/#primaryimage\",\"url\":\"https:\/\/www.noubarris.net\/web40\/wp-content\/uploads\/2023\/01\/030123.jpg\",\"contentUrl\":\"https:\/\/www.noubarris.net\/web40\/wp-content\/uploads\/2023\/01\/030123.jpg\",\"width\":768,\"height\":432},{\"@type\":\"BreadcrumbList\",\"@id\":\"https:\/\/www.noubarris.net\/web40\/cartes-patges-reials-i-tallers-de-nadal\/#breadcrumb\",\"itemListElement\":[{\"@type\":\"ListItem\",\"position\":1,\"name\":\"Inici\",\"item\":\"https:\/\/www.noubarris.net\/web40\/\"},{\"@type\":\"ListItem\",\"position\":2,\"name\":\"Cartes, patges reials i tallers de Nadal\"}]},{\"@type\":\"WebSite\",\"@id\":\"https:\/\/www.noubarris.net\/web40\/#website\",\"url\":\"https:\/\/www.noubarris.net\/web40\/\",\"name\":\"NouBarris.Net\",\"description\":\"Seguint la vida de Nou Barris des de 1985\",\"publisher\":{\"@id\":\"https:\/\/www.noubarris.net\/web40\/#organization\"},\"potentialAction\":[{\"@type\":\"SearchAction\",\"target\":{\"@type\":\"EntryPoint\",\"urlTemplate\":\"https:\/\/www.noubarris.net\/web40\/?s={search_term_string}\"},\"query-input\":{\"@type\":\"PropertyValueSpecification\",\"valueRequired\":true,\"valueName\":\"search_term_string\"}}],\"inLanguage\":\"ca\"},{\"@type\":\"Organization\",\"@id\":\"https:\/\/www.noubarris.net\/web40\/#organization\",\"name\":\"NouBarris.Net\",\"url\":\"https:\/\/www.noubarris.net\/web40\/\",\"logo\":{\"@type\":\"ImageObject\",\"inLanguage\":\"ca\",\"@id\":\"https:\/\/www.noubarris.net\/web40\/#\/schema\/logo\/image\/\",\"url\":\"https:\/\/www.noubarris.net\/web40\/wp-content\/uploads\/2024\/11\/cropped-cropped-LOGO_9BTV-2024_Insta-1.jpg\",\"contentUrl\":\"https:\/\/www.noubarris.net\/web40\/wp-content\/uploads\/2024\/11\/cropped-cropped-LOGO_9BTV-2024_Insta-1.jpg\",\"width\":512,\"height\":512,\"caption\":\"NouBarris.Net\"},\"image\":{\"@id\":\"https:\/\/www.noubarris.net\/web40\/#\/schema\/logo\/image\/\"},\"sameAs\":[\"https:\/\/www.facebook.com\/NouBarris.net\/?locale=es_ES\",\"https:\/\/x.com\/9BTV\"]},{\"@type\":\"Person\",\"@id\":\"https:\/\/www.noubarris.net\/web40\/#\/schema\/person\/1827f92aaa316c54abbf4dac0de76069\",\"name\":\"Informatius\",\"image\":{\"@type\":\"ImageObject\",\"inLanguage\":\"ca\",\"@id\":\"https:\/\/www.noubarris.net\/web40\/#\/schema\/person\/image\/\",\"url\":\"https:\/\/secure.gravatar.com\/avatar\/87a3b47928835fc72c6ee5b0e1a7263ef0c2d05003a98189bc14926c5f11bcdb?s=96&d=mm&r=g\",\"contentUrl\":\"https:\/\/secure.gravatar.com\/avatar\/87a3b47928835fc72c6ee5b0e1a7263ef0c2d05003a98189bc14926c5f11bcdb?s=96&d=mm&r=g\",\"caption\":\"Informatius\"},\"url\":\"https:\/\/www.noubarris.net\/web40\/author\/tele\/\"}]}<\/script>\n<!-- \/ Yoast SEO plugin. -->","yoast_head_json":{"title":"Cartes, patges reials i tallers de Nadal - NouBarris.Net","robots":{"index":"index","follow":"follow","max-snippet":"max-snippet:-1","max-image-preview":"max-image-preview:large","max-video-preview":"max-video-preview:-1"},"canonical":"https:\/\/www.noubarris.net\/web40\/cartes-patges-reials-i-tallers-de-nadal\/","og_locale":"ca_ES","og_type":"article","og_title":"Cartes, patges reials i tallers de Nadal - NouBarris.Net","og_description":"Nou Barris es prepara per l&#8217;arribada d&#8217;una de les nits m\u00e9s m\u00e0giques de l&#8217;any\u00a0 Aquests dies els patges reials es","og_url":"https:\/\/www.noubarris.net\/web40\/cartes-patges-reials-i-tallers-de-nadal\/","og_site_name":"NouBarris.Net","article_publisher":"https:\/\/www.facebook.com\/NouBarris.net\/?locale=es_ES","article_published_time":"2023-01-02T22:00:36+00:00","og_image":[{"width":768,"height":432,"url":"https:\/\/www.noubarris.net\/web40\/wp-content\/uploads\/2023\/01\/030123.jpg","type":"image\/jpeg"}],"author":"Informatius","twitter_card":"summary_large_image","twitter_creator":"@9BTV","twitter_site":"@9BTV","twitter_misc":{"Escrit per":"Informatius","Temps estimat de lectura":"2 minuts"},"schema":{"@context":"https:\/\/schema.org","@graph":[{"@type":"Article","@id":"https:\/\/www.noubarris.net\/web40\/cartes-patges-reials-i-tallers-de-nadal\/#article","isPartOf":{"@id":"https:\/\/www.noubarris.net\/web40\/cartes-patges-reials-i-tallers-de-nadal\/"},"author":{"name":"Informatius","@id":"https:\/\/www.noubarris.net\/web40\/#\/schema\/person\/1827f92aaa316c54abbf4dac0de76069"},"headline":"Cartes, patges reials i tallers de Nadal","datePublished":"2023-01-02T22:00:36+00:00","mainEntityOfPage":{"@id":"https:\/\/www.noubarris.net\/web40\/cartes-patges-reials-i-tallers-de-nadal\/"},"wordCount":352,"publisher":{"@id":"https:\/\/www.noubarris.net\/web40\/#organization"},"image":{"@id":"https:\/\/www.noubarris.net\/web40\/cartes-patges-reials-i-tallers-de-nadal\/#primaryimage"},"thumbnailUrl":"https:\/\/www.noubarris.net\/web40\/wp-content\/uploads\/2023\/01\/030123.jpg","keywords":["Nadal","Nou Barris"],"articleSection":["Nou Barris","Societat"],"inLanguage":"ca"},{"@type":"WebPage","@id":"https:\/\/www.noubarris.net\/web40\/cartes-patges-reials-i-tallers-de-nadal\/","url":"https:\/\/www.noubarris.net\/web40\/cartes-patges-reials-i-tallers-de-nadal\/","name":"Cartes, patges reials i tallers de Nadal - NouBarris.Net","isPartOf":{"@id":"https:\/\/www.noubarris.net\/web40\/#website"},"primaryImageOfPage":{"@id":"https:\/\/www.noubarris.net\/web40\/cartes-patges-reials-i-tallers-de-nadal\/#primaryimage"},"image":{"@id":"https:\/\/www.noubarris.net\/web40\/cartes-patges-reials-i-tallers-de-nadal\/#primaryimage"},"thumbnailUrl":"https:\/\/www.noubarris.net\/web40\/wp-content\/uploads\/2023\/01\/030123.jpg","datePublished":"2023-01-02T22:00:36+00:00","breadcrumb":{"@id":"https:\/\/www.noubarris.net\/web40\/cartes-patges-reials-i-tallers-de-nadal\/#breadcrumb"},"inLanguage":"ca","potentialAction":[{"@type":"ReadAction","target":["https:\/\/www.noubarris.net\/web40\/cartes-patges-reials-i-tallers-de-nadal\/"]}]},{"@type":"ImageObject","inLanguage":"ca","@id":"https:\/\/www.noubarris.net\/web40\/cartes-patges-reials-i-tallers-de-nadal\/#primaryimage","url":"https:\/\/www.noubarris.net\/web40\/wp-content\/uploads\/2023\/01\/030123.jpg","contentUrl":"https:\/\/www.noubarris.net\/web40\/wp-content\/uploads\/2023\/01\/030123.jpg","width":768,"height":432},{"@type":"BreadcrumbList","@id":"https:\/\/www.noubarris.net\/web40\/cartes-patges-reials-i-tallers-de-nadal\/#breadcrumb","itemListElement":[{"@type":"ListItem","position":1,"name":"Inici","item":"https:\/\/www.noubarris.net\/web40\/"},{"@type":"ListItem","position":2,"name":"Cartes, patges reials i tallers de Nadal"}]},{"@type":"WebSite","@id":"https:\/\/www.noubarris.net\/web40\/#website","url":"https:\/\/www.noubarris.net\/web40\/","name":"NouBarris.Net","description":"Seguint la vida de Nou Barris des de 1985","publisher":{"@id":"https:\/\/www.noubarris.net\/web40\/#organization"},"potentialAction":[{"@type":"SearchAction","target":{"@type":"EntryPoint","urlTemplate":"https:\/\/www.noubarris.net\/web40\/?s={search_term_string}"},"query-input":{"@type":"PropertyValueSpecification","valueRequired":true,"valueName":"search_term_string"}}],"inLanguage":"ca"},{"@type":"Organization","@id":"https:\/\/www.noubarris.net\/web40\/#organization","name":"NouBarris.Net","url":"https:\/\/www.noubarris.net\/web40\/","logo":{"@type":"ImageObject","inLanguage":"ca","@id":"https:\/\/www.noubarris.net\/web40\/#\/schema\/logo\/image\/","url":"https:\/\/www.noubarris.net\/web40\/wp-content\/uploads\/2024\/11\/cropped-cropped-LOGO_9BTV-2024_Insta-1.jpg","contentUrl":"https:\/\/www.noubarris.net\/web40\/wp-content\/uploads\/2024\/11\/cropped-cropped-LOGO_9BTV-2024_Insta-1.jpg","width":512,"height":512,"caption":"NouBarris.Net"},"image":{"@id":"https:\/\/www.noubarris.net\/web40\/#\/schema\/logo\/image\/"},"sameAs":["https:\/\/www.facebook.com\/NouBarris.net\/?locale=es_ES","https:\/\/x.com\/9BTV"]},{"@type":"Person","@id":"https:\/\/www.noubarris.net\/web40\/#\/schema\/person\/1827f92aaa316c54abbf4dac0de76069","name":"Informatius","image":{"@type":"ImageObject","inLanguage":"ca","@id":"https:\/\/www.noubarris.net\/web40\/#\/schema\/person\/image\/","url":"https:\/\/secure.gravatar.com\/avatar\/87a3b47928835fc72c6ee5b0e1a7263ef0c2d05003a98189bc14926c5f11bcdb?s=96&d=mm&r=g","contentUrl":"https:\/\/secure.gravatar.com\/avatar\/87a3b47928835fc72c6ee5b0e1a7263ef0c2d05003a98189bc14926c5f11bcdb?s=96&d=mm&r=g","caption":"Informatius"},"url":"https:\/\/www.noubarris.net\/web40\/author\/tele\/"}]}},"_links":{"self":[{"href":"https:\/\/www.noubarris.net\/web40\/wp-json\/wp\/v2\/posts\/80278","targetHints":{"allow":["GET"]}}],"collection":[{"href":"https:\/\/www.noubarris.net\/web40\/wp-json\/wp\/v2\/posts"}],"about":[{"href":"https:\/\/www.noubarris.net\/web40\/wp-json\/wp\/v2\/types\/post"}],"author":[{"embeddable":true,"href":"https:\/\/www.noubarris.net\/web40\/wp-json\/wp\/v2\/users\/2"}],"replies":[{"embeddable":true,"href":"https:\/\/www.noubarris.net\/web40\/wp-json\/wp\/v2\/comments?post=80278"}],"version-history":[{"count":2,"href":"https:\/\/www.noubarris.net\/web40\/wp-json\/wp\/v2\/posts\/80278\/revisions"}],"predecessor-version":[{"id":80281,"href":"https:\/\/www.noubarris.net\/web40\/wp-json\/wp\/v2\/posts\/80278\/revisions\/80281"}],"wp:featuredmedia":[{"embeddable":true,"href":"https:\/\/www.noubarris.net\/web40\/wp-json\/wp\/v2\/media\/80279"}],"wp:attachment":[{"href":"https:\/\/www.noubarris.net\/web40\/wp-json\/wp\/v2\/media?parent=80278"}],"wp:term":[{"taxonomy":"category","embeddable":true,"href":"https:\/\/www.noubarris.net\/web40\/wp-json\/wp\/v2\/categories?post=80278"},{"taxonomy":"post_tag","embeddable":true,"href":"https:\/\/www.noubarris.net\/web40\/wp-json\/wp\/v2\/tags?post=80278"}],"curies":[{"name":"wp","href":"https:\/\/api.w.org\/{rel}","templated":true}]}}