{"id":80324,"date":"2023-01-12T00:00:43","date_gmt":"2023-01-11T22:00:43","guid":{"rendered":"http:\/\/www.noubarris.net\/web40\/?p=80324"},"modified":"2023-01-11T22:51:49","modified_gmt":"2023-01-11T20:51:49","slug":"ciutat-meridiana-lamenta-la-tornada-dels-desnonaments-despres-del-parentesi-nadalenc","status":"publish","type":"post","link":"https:\/\/www.noubarris.net\/web40\/ciutat-meridiana-lamenta-la-tornada-dels-desnonaments-despres-del-parentesi-nadalenc\/","title":{"rendered":"Ciutat Meridiana lamenta la tornada dels desnonaments despr\u00e9s del par\u00e8ntesi nadalenc"},"content":{"rendered":"<p><strong>L&#8217;associaci\u00f3 de ve\u00efns informa de tres desnonaments previstos per a aquest divendres<\/strong><\/p>\n<p>Despr\u00e9s d&#8217;uns dies de relativa calma, l&#8217;AV de Ciutat Meridiana ha lamentat la tornada dels desnonaments al barri. Per aquest divendres hi ha previstos tres llan\u00e7aments, els\u00a0 tres fam\u00edlies amb menors. Al darrere hi ha fons d&#8217;inversi\u00f3 o bancs com el BBVA o el Santander. Davant la triple convocat\u00f2ria, han estat diversos els ve\u00efns i entitats que han expressat el rebuig a una situaci\u00f3 que s&#8217;allarga al barri, tot i les morat\u00f2ries per la pand\u00e8mia.<\/p>\n\n\n<figure class=\"wp-block-embed is-type-rich is-provider-twitter wp-block-embed-twitter\"><div class=\"wp-block-embed__wrapper\">\n<blockquote class=\"twitter-tweet\" data-width=\"550\" data-dnt=\"true\"><p lang=\"es\" dir=\"ltr\">SE ACABARON LAS FIESTAS DE LAS FELICITACIONES Y COMIENZAN LAS FIESTAS DE LAS LAGRIMAS. MALDITOS BANCOS, MALDITOS FONDOS BUITRES Y MALDITOS GOBERNANTES QUE NOS ENGA\u00d1AN CON SUS FALSAS PROMESAS. <a href=\"https:\/\/t.co\/KKqexj1X7a\">pic.twitter.com\/KKqexj1X7a<\/a><\/p>&mdash; AVV de Ciutat Meridiana (@avvcmeridiana) <a href=\"https:\/\/twitter.com\/avvcmeridiana\/status\/1612871229714665472?ref_src=twsrc%5Etfw\">January 10, 2023<\/a><\/blockquote><script async src=\"https:\/\/platform.twitter.com\/widgets.js\" charset=\"utf-8\"><\/script>\n<\/div><\/figure>\n\n\n\n<p>Fa m\u00e9s de deu anys que Ciutat Meridiana acumula convocat\u00f2ries de desnonaments. Uns cops es fan efectives i altres s&#8217;aturen, gaireb\u00e9 sempre per l&#8217;acci\u00f3 del suport ve\u00efnal i de l&#8217;actuaci\u00f3 de l&#8217;Unitat Anti-desnonament de l&#8217;Ajuntament. Tanmateix, des de l&#8217;AV Ciutat Meridiana s&#8217;insisteix sempre que, en realitat, no s&#8217;aturen, sin\u00f3 que s&#8217;ajornen, allargant el patiment psicol\u00f2gic de les fam\u00edlies i els infants. Per aix\u00f2, reclamen una soluci\u00f3 definitiva que passi per lloguer social o pisos de la Taula d&#8217;emerg\u00e8ncia.\u00a0<\/p>\n","protected":false},"excerpt":{"rendered":"<p>L&#8217;associaci\u00f3 de ve\u00efns informa de tres desnonaments previstos per a aquest divendres Despr\u00e9s d&#8217;uns dies de relativa calma, l&#8217;AV de<\/p>\n","protected":false},"author":2,"featured_media":80325,"comment_status":"closed","ping_status":"closed","sticky":false,"template":"","format":"standard","meta":{"colormag_page_layout":"default_layout","_monsterinsights_skip_tracking":false,"_monsterinsights_sitenote_active":false,"_monsterinsights_sitenote_note":"","_monsterinsights_sitenote_category":0,"footnotes":""},"categories":[132,124],"tags":[95,94],"class_list":["post-80324","post","type-post","status-publish","format-standard","has-post-thumbnail","hentry","category-ciutat-meridiana","category-societat","tag-desnonaments","tag-habitatge"],"yoast_head":"<!-- This site is optimized with the Yoast SEO plugin v25.3 - https:\/\/yoast.com\/wordpress\/plugins\/seo\/ -->\n<title>Ciutat Meridiana lamenta la tornada dels desnonaments despr\u00e9s del par\u00e8ntesi nadalenc - NouBarris.Net<\/title>\n<meta name=\"robots\" content=\"index, follow, max-snippet:-1, max-image-preview:large, max-video-preview:-1\" \/>\n<link rel=\"canonical\" href=\"https:\/\/www.noubarris.net\/web40\/ciutat-meridiana-lamenta-la-tornada-dels-desnonaments-despres-del-parentesi-nadalenc\/\" \/>\n<meta property=\"og:locale\" content=\"ca_ES\" \/>\n<meta property=\"og:type\" content=\"article\" \/>\n<meta property=\"og:title\" content=\"Ciutat Meridiana lamenta la tornada dels desnonaments despr\u00e9s del par\u00e8ntesi nadalenc - NouBarris.Net\" \/>\n<meta property=\"og:description\" content=\"L&#8217;associaci\u00f3 de ve\u00efns informa de tres desnonaments previstos per a aquest divendres Despr\u00e9s d&#8217;uns dies de relativa calma, l&#8217;AV de\" \/>\n<meta property=\"og:url\" content=\"https:\/\/www.noubarris.net\/web40\/ciutat-meridiana-lamenta-la-tornada-dels-desnonaments-despres-del-parentesi-nadalenc\/\" \/>\n<meta property=\"og:site_name\" content=\"NouBarris.Net\" \/>\n<meta property=\"article:publisher\" content=\"https:\/\/www.facebook.com\/NouBarris.net\/?locale=es_ES\" \/>\n<meta property=\"article:published_time\" content=\"2023-01-11T22:00:43+00:00\" \/>\n<meta property=\"og:image\" content=\"https:\/\/www.noubarris.net\/web40\/wp-content\/uploads\/2023\/01\/291222.jpg\" \/>\n\t<meta property=\"og:image:width\" content=\"768\" \/>\n\t<meta property=\"og:image:height\" content=\"432\" \/>\n\t<meta property=\"og:image:type\" content=\"image\/jpeg\" \/>\n<meta name=\"author\" content=\"Informatius\" \/>\n<meta name=\"twitter:card\" content=\"summary_large_image\" \/>\n<meta name=\"twitter:creator\" content=\"@9BTV\" \/>\n<meta name=\"twitter:site\" content=\"@9BTV\" \/>\n<meta name=\"twitter:label1\" content=\"Escrit per\" \/>\n\t<meta name=\"twitter:data1\" content=\"Informatius\" \/>\n\t<meta name=\"twitter:label2\" content=\"Temps estimat de lectura\" \/>\n\t<meta name=\"twitter:data2\" content=\"1 minut\" \/>\n<script type=\"application\/ld+json\" class=\"yoast-schema-graph\">{\"@context\":\"https:\/\/schema.org\",\"@graph\":[{\"@type\":\"Article\",\"@id\":\"https:\/\/www.noubarris.net\/web40\/ciutat-meridiana-lamenta-la-tornada-dels-desnonaments-despres-del-parentesi-nadalenc\/#article\",\"isPartOf\":{\"@id\":\"https:\/\/www.noubarris.net\/web40\/ciutat-meridiana-lamenta-la-tornada-dels-desnonaments-despres-del-parentesi-nadalenc\/\"},\"author\":{\"name\":\"Informatius\",\"@id\":\"https:\/\/www.noubarris.net\/web40\/#\/schema\/person\/1827f92aaa316c54abbf4dac0de76069\"},\"headline\":\"Ciutat Meridiana lamenta la tornada dels desnonaments despr\u00e9s del par\u00e8ntesi nadalenc\",\"datePublished\":\"2023-01-11T22:00:43+00:00\",\"mainEntityOfPage\":{\"@id\":\"https:\/\/www.noubarris.net\/web40\/ciutat-meridiana-lamenta-la-tornada-dels-desnonaments-despres-del-parentesi-nadalenc\/\"},\"wordCount\":212,\"publisher\":{\"@id\":\"https:\/\/www.noubarris.net\/web40\/#organization\"},\"image\":{\"@id\":\"https:\/\/www.noubarris.net\/web40\/ciutat-meridiana-lamenta-la-tornada-dels-desnonaments-despres-del-parentesi-nadalenc\/#primaryimage\"},\"thumbnailUrl\":\"https:\/\/www.noubarris.net\/web40\/wp-content\/uploads\/2023\/01\/291222.jpg\",\"keywords\":[\"Desnonaments\",\"Habitatge\"],\"articleSection\":[\"Ciutat Meridiana\",\"Societat\"],\"inLanguage\":\"ca\"},{\"@type\":\"WebPage\",\"@id\":\"https:\/\/www.noubarris.net\/web40\/ciutat-meridiana-lamenta-la-tornada-dels-desnonaments-despres-del-parentesi-nadalenc\/\",\"url\":\"https:\/\/www.noubarris.net\/web40\/ciutat-meridiana-lamenta-la-tornada-dels-desnonaments-despres-del-parentesi-nadalenc\/\",\"name\":\"Ciutat Meridiana lamenta la tornada dels desnonaments despr\u00e9s del par\u00e8ntesi nadalenc - NouBarris.Net\",\"isPartOf\":{\"@id\":\"https:\/\/www.noubarris.net\/web40\/#website\"},\"primaryImageOfPage\":{\"@id\":\"https:\/\/www.noubarris.net\/web40\/ciutat-meridiana-lamenta-la-tornada-dels-desnonaments-despres-del-parentesi-nadalenc\/#primaryimage\"},\"image\":{\"@id\":\"https:\/\/www.noubarris.net\/web40\/ciutat-meridiana-lamenta-la-tornada-dels-desnonaments-despres-del-parentesi-nadalenc\/#primaryimage\"},\"thumbnailUrl\":\"https:\/\/www.noubarris.net\/web40\/wp-content\/uploads\/2023\/01\/291222.jpg\",\"datePublished\":\"2023-01-11T22:00:43+00:00\",\"breadcrumb\":{\"@id\":\"https:\/\/www.noubarris.net\/web40\/ciutat-meridiana-lamenta-la-tornada-dels-desnonaments-despres-del-parentesi-nadalenc\/#breadcrumb\"},\"inLanguage\":\"ca\",\"potentialAction\":[{\"@type\":\"ReadAction\",\"target\":[\"https:\/\/www.noubarris.net\/web40\/ciutat-meridiana-lamenta-la-tornada-dels-desnonaments-despres-del-parentesi-nadalenc\/\"]}]},{\"@type\":\"ImageObject\",\"inLanguage\":\"ca\",\"@id\":\"https:\/\/www.noubarris.net\/web40\/ciutat-meridiana-lamenta-la-tornada-dels-desnonaments-despres-del-parentesi-nadalenc\/#primaryimage\",\"url\":\"https:\/\/www.noubarris.net\/web40\/wp-content\/uploads\/2023\/01\/291222.jpg\",\"contentUrl\":\"https:\/\/www.noubarris.net\/web40\/wp-content\/uploads\/2023\/01\/291222.jpg\",\"width\":768,\"height\":432},{\"@type\":\"BreadcrumbList\",\"@id\":\"https:\/\/www.noubarris.net\/web40\/ciutat-meridiana-lamenta-la-tornada-dels-desnonaments-despres-del-parentesi-nadalenc\/#breadcrumb\",\"itemListElement\":[{\"@type\":\"ListItem\",\"position\":1,\"name\":\"Inici\",\"item\":\"https:\/\/www.noubarris.net\/web40\/\"},{\"@type\":\"ListItem\",\"position\":2,\"name\":\"Ciutat Meridiana lamenta la tornada dels desnonaments despr\u00e9s del par\u00e8ntesi nadalenc\"}]},{\"@type\":\"WebSite\",\"@id\":\"https:\/\/www.noubarris.net\/web40\/#website\",\"url\":\"https:\/\/www.noubarris.net\/web40\/\",\"name\":\"NouBarris.Net\",\"description\":\"Seguint la vida de Nou Barris des de 1985\",\"publisher\":{\"@id\":\"https:\/\/www.noubarris.net\/web40\/#organization\"},\"potentialAction\":[{\"@type\":\"SearchAction\",\"target\":{\"@type\":\"EntryPoint\",\"urlTemplate\":\"https:\/\/www.noubarris.net\/web40\/?s={search_term_string}\"},\"query-input\":{\"@type\":\"PropertyValueSpecification\",\"valueRequired\":true,\"valueName\":\"search_term_string\"}}],\"inLanguage\":\"ca\"},{\"@type\":\"Organization\",\"@id\":\"https:\/\/www.noubarris.net\/web40\/#organization\",\"name\":\"NouBarris.Net\",\"url\":\"https:\/\/www.noubarris.net\/web40\/\",\"logo\":{\"@type\":\"ImageObject\",\"inLanguage\":\"ca\",\"@id\":\"https:\/\/www.noubarris.net\/web40\/#\/schema\/logo\/image\/\",\"url\":\"https:\/\/www.noubarris.net\/web40\/wp-content\/uploads\/2024\/11\/cropped-cropped-LOGO_9BTV-2024_Insta-1.jpg\",\"contentUrl\":\"https:\/\/www.noubarris.net\/web40\/wp-content\/uploads\/2024\/11\/cropped-cropped-LOGO_9BTV-2024_Insta-1.jpg\",\"width\":512,\"height\":512,\"caption\":\"NouBarris.Net\"},\"image\":{\"@id\":\"https:\/\/www.noubarris.net\/web40\/#\/schema\/logo\/image\/\"},\"sameAs\":[\"https:\/\/www.facebook.com\/NouBarris.net\/?locale=es_ES\",\"https:\/\/x.com\/9BTV\"]},{\"@type\":\"Person\",\"@id\":\"https:\/\/www.noubarris.net\/web40\/#\/schema\/person\/1827f92aaa316c54abbf4dac0de76069\",\"name\":\"Informatius\",\"image\":{\"@type\":\"ImageObject\",\"inLanguage\":\"ca\",\"@id\":\"https:\/\/www.noubarris.net\/web40\/#\/schema\/person\/image\/\",\"url\":\"https:\/\/secure.gravatar.com\/avatar\/87a3b47928835fc72c6ee5b0e1a7263ef0c2d05003a98189bc14926c5f11bcdb?s=96&d=mm&r=g\",\"contentUrl\":\"https:\/\/secure.gravatar.com\/avatar\/87a3b47928835fc72c6ee5b0e1a7263ef0c2d05003a98189bc14926c5f11bcdb?s=96&d=mm&r=g\",\"caption\":\"Informatius\"},\"url\":\"https:\/\/www.noubarris.net\/web40\/author\/tele\/\"}]}<\/script>\n<!-- \/ Yoast SEO plugin. -->","yoast_head_json":{"title":"Ciutat Meridiana lamenta la tornada dels desnonaments despr\u00e9s del par\u00e8ntesi nadalenc - NouBarris.Net","robots":{"index":"index","follow":"follow","max-snippet":"max-snippet:-1","max-image-preview":"max-image-preview:large","max-video-preview":"max-video-preview:-1"},"canonical":"https:\/\/www.noubarris.net\/web40\/ciutat-meridiana-lamenta-la-tornada-dels-desnonaments-despres-del-parentesi-nadalenc\/","og_locale":"ca_ES","og_type":"article","og_title":"Ciutat Meridiana lamenta la tornada dels desnonaments despr\u00e9s del par\u00e8ntesi nadalenc - NouBarris.Net","og_description":"L&#8217;associaci\u00f3 de ve\u00efns informa de tres desnonaments previstos per a aquest divendres Despr\u00e9s d&#8217;uns dies de relativa calma, l&#8217;AV de","og_url":"https:\/\/www.noubarris.net\/web40\/ciutat-meridiana-lamenta-la-tornada-dels-desnonaments-despres-del-parentesi-nadalenc\/","og_site_name":"NouBarris.Net","article_publisher":"https:\/\/www.facebook.com\/NouBarris.net\/?locale=es_ES","article_published_time":"2023-01-11T22:00:43+00:00","og_image":[{"width":768,"height":432,"url":"https:\/\/www.noubarris.net\/web40\/wp-content\/uploads\/2023\/01\/291222.jpg","type":"image\/jpeg"}],"author":"Informatius","twitter_card":"summary_large_image","twitter_creator":"@9BTV","twitter_site":"@9BTV","twitter_misc":{"Escrit per":"Informatius","Temps estimat de lectura":"1 minut"},"schema":{"@context":"https:\/\/schema.org","@graph":[{"@type":"Article","@id":"https:\/\/www.noubarris.net\/web40\/ciutat-meridiana-lamenta-la-tornada-dels-desnonaments-despres-del-parentesi-nadalenc\/#article","isPartOf":{"@id":"https:\/\/www.noubarris.net\/web40\/ciutat-meridiana-lamenta-la-tornada-dels-desnonaments-despres-del-parentesi-nadalenc\/"},"author":{"name":"Informatius","@id":"https:\/\/www.noubarris.net\/web40\/#\/schema\/person\/1827f92aaa316c54abbf4dac0de76069"},"headline":"Ciutat Meridiana lamenta la tornada dels desnonaments despr\u00e9s del par\u00e8ntesi nadalenc","datePublished":"2023-01-11T22:00:43+00:00","mainEntityOfPage":{"@id":"https:\/\/www.noubarris.net\/web40\/ciutat-meridiana-lamenta-la-tornada-dels-desnonaments-despres-del-parentesi-nadalenc\/"},"wordCount":212,"publisher":{"@id":"https:\/\/www.noubarris.net\/web40\/#organization"},"image":{"@id":"https:\/\/www.noubarris.net\/web40\/ciutat-meridiana-lamenta-la-tornada-dels-desnonaments-despres-del-parentesi-nadalenc\/#primaryimage"},"thumbnailUrl":"https:\/\/www.noubarris.net\/web40\/wp-content\/uploads\/2023\/01\/291222.jpg","keywords":["Desnonaments","Habitatge"],"articleSection":["Ciutat Meridiana","Societat"],"inLanguage":"ca"},{"@type":"WebPage","@id":"https:\/\/www.noubarris.net\/web40\/ciutat-meridiana-lamenta-la-tornada-dels-desnonaments-despres-del-parentesi-nadalenc\/","url":"https:\/\/www.noubarris.net\/web40\/ciutat-meridiana-lamenta-la-tornada-dels-desnonaments-despres-del-parentesi-nadalenc\/","name":"Ciutat Meridiana lamenta la tornada dels desnonaments despr\u00e9s del par\u00e8ntesi nadalenc - NouBarris.Net","isPartOf":{"@id":"https:\/\/www.noubarris.net\/web40\/#website"},"primaryImageOfPage":{"@id":"https:\/\/www.noubarris.net\/web40\/ciutat-meridiana-lamenta-la-tornada-dels-desnonaments-despres-del-parentesi-nadalenc\/#primaryimage"},"image":{"@id":"https:\/\/www.noubarris.net\/web40\/ciutat-meridiana-lamenta-la-tornada-dels-desnonaments-despres-del-parentesi-nadalenc\/#primaryimage"},"thumbnailUrl":"https:\/\/www.noubarris.net\/web40\/wp-content\/uploads\/2023\/01\/291222.jpg","datePublished":"2023-01-11T22:00:43+00:00","breadcrumb":{"@id":"https:\/\/www.noubarris.net\/web40\/ciutat-meridiana-lamenta-la-tornada-dels-desnonaments-despres-del-parentesi-nadalenc\/#breadcrumb"},"inLanguage":"ca","potentialAction":[{"@type":"ReadAction","target":["https:\/\/www.noubarris.net\/web40\/ciutat-meridiana-lamenta-la-tornada-dels-desnonaments-despres-del-parentesi-nadalenc\/"]}]},{"@type":"ImageObject","inLanguage":"ca","@id":"https:\/\/www.noubarris.net\/web40\/ciutat-meridiana-lamenta-la-tornada-dels-desnonaments-despres-del-parentesi-nadalenc\/#primaryimage","url":"https:\/\/www.noubarris.net\/web40\/wp-content\/uploads\/2023\/01\/291222.jpg","contentUrl":"https:\/\/www.noubarris.net\/web40\/wp-content\/uploads\/2023\/01\/291222.jpg","width":768,"height":432},{"@type":"BreadcrumbList","@id":"https:\/\/www.noubarris.net\/web40\/ciutat-meridiana-lamenta-la-tornada-dels-desnonaments-despres-del-parentesi-nadalenc\/#breadcrumb","itemListElement":[{"@type":"ListItem","position":1,"name":"Inici","item":"https:\/\/www.noubarris.net\/web40\/"},{"@type":"ListItem","position":2,"name":"Ciutat Meridiana lamenta la tornada dels desnonaments despr\u00e9s del par\u00e8ntesi nadalenc"}]},{"@type":"WebSite","@id":"https:\/\/www.noubarris.net\/web40\/#website","url":"https:\/\/www.noubarris.net\/web40\/","name":"NouBarris.Net","description":"Seguint la vida de Nou Barris des de 1985","publisher":{"@id":"https:\/\/www.noubarris.net\/web40\/#organization"},"potentialAction":[{"@type":"SearchAction","target":{"@type":"EntryPoint","urlTemplate":"https:\/\/www.noubarris.net\/web40\/?s={search_term_string}"},"query-input":{"@type":"PropertyValueSpecification","valueRequired":true,"valueName":"search_term_string"}}],"inLanguage":"ca"},{"@type":"Organization","@id":"https:\/\/www.noubarris.net\/web40\/#organization","name":"NouBarris.Net","url":"https:\/\/www.noubarris.net\/web40\/","logo":{"@type":"ImageObject","inLanguage":"ca","@id":"https:\/\/www.noubarris.net\/web40\/#\/schema\/logo\/image\/","url":"https:\/\/www.noubarris.net\/web40\/wp-content\/uploads\/2024\/11\/cropped-cropped-LOGO_9BTV-2024_Insta-1.jpg","contentUrl":"https:\/\/www.noubarris.net\/web40\/wp-content\/uploads\/2024\/11\/cropped-cropped-LOGO_9BTV-2024_Insta-1.jpg","width":512,"height":512,"caption":"NouBarris.Net"},"image":{"@id":"https:\/\/www.noubarris.net\/web40\/#\/schema\/logo\/image\/"},"sameAs":["https:\/\/www.facebook.com\/NouBarris.net\/?locale=es_ES","https:\/\/x.com\/9BTV"]},{"@type":"Person","@id":"https:\/\/www.noubarris.net\/web40\/#\/schema\/person\/1827f92aaa316c54abbf4dac0de76069","name":"Informatius","image":{"@type":"ImageObject","inLanguage":"ca","@id":"https:\/\/www.noubarris.net\/web40\/#\/schema\/person\/image\/","url":"https:\/\/secure.gravatar.com\/avatar\/87a3b47928835fc72c6ee5b0e1a7263ef0c2d05003a98189bc14926c5f11bcdb?s=96&d=mm&r=g","contentUrl":"https:\/\/secure.gravatar.com\/avatar\/87a3b47928835fc72c6ee5b0e1a7263ef0c2d05003a98189bc14926c5f11bcdb?s=96&d=mm&r=g","caption":"Informatius"},"url":"https:\/\/www.noubarris.net\/web40\/author\/tele\/"}]}},"_links":{"self":[{"href":"https:\/\/www.noubarris.net\/web40\/wp-json\/wp\/v2\/posts\/80324","targetHints":{"allow":["GET"]}}],"collection":[{"href":"https:\/\/www.noubarris.net\/web40\/wp-json\/wp\/v2\/posts"}],"about":[{"href":"https:\/\/www.noubarris.net\/web40\/wp-json\/wp\/v2\/types\/post"}],"author":[{"embeddable":true,"href":"https:\/\/www.noubarris.net\/web40\/wp-json\/wp\/v2\/users\/2"}],"replies":[{"embeddable":true,"href":"https:\/\/www.noubarris.net\/web40\/wp-json\/wp\/v2\/comments?post=80324"}],"version-history":[{"count":3,"href":"https:\/\/www.noubarris.net\/web40\/wp-json\/wp\/v2\/posts\/80324\/revisions"}],"predecessor-version":[{"id":80328,"href":"https:\/\/www.noubarris.net\/web40\/wp-json\/wp\/v2\/posts\/80324\/revisions\/80328"}],"wp:featuredmedia":[{"embeddable":true,"href":"https:\/\/www.noubarris.net\/web40\/wp-json\/wp\/v2\/media\/80325"}],"wp:attachment":[{"href":"https:\/\/www.noubarris.net\/web40\/wp-json\/wp\/v2\/media?parent=80324"}],"wp:term":[{"taxonomy":"category","embeddable":true,"href":"https:\/\/www.noubarris.net\/web40\/wp-json\/wp\/v2\/categories?post=80324"},{"taxonomy":"post_tag","embeddable":true,"href":"https:\/\/www.noubarris.net\/web40\/wp-json\/wp\/v2\/tags?post=80324"}],"curies":[{"name":"wp","href":"https:\/\/api.w.org\/{rel}","templated":true}]}}