{"id":80410,"date":"2023-01-28T11:47:00","date_gmt":"2023-01-28T09:47:00","guid":{"rendered":"http:\/\/www.noubarris.net\/web40\/?p=80410"},"modified":"2023-01-28T12:00:17","modified_gmt":"2023-01-28T10:00:17","slug":"larxiu-historic-roquetes-nb-ret-homenatge-a-antonio-silva-soci-numero-1-i-lider-veinal","status":"publish","type":"post","link":"https:\/\/www.noubarris.net\/web40\/larxiu-historic-roquetes-nb-ret-homenatge-a-antonio-silva-soci-numero-1-i-lider-veinal\/","title":{"rendered":"L&#8217;Arxiu Hist\u00f2ric Roquetes-NB ret homenatge a Antonio Silva, soci n\u00famero 1 i l\u00edder ve\u00efnal"},"content":{"rendered":"<p><b>L&#8217;acte va servir per engegar la commemoraci\u00f3 dels 40 anys de l&#8217;entitat<\/b><\/p>\n<p><span style=\"font-weight: 400;\">L&#8217;Arxiu Hist\u00f2ric Roquetes-NB ha engegat aquesta setmana la celebraci\u00f3 dels seus primers 40 anys de vida i ho ha volgut fer amb un homenatge sorpresa al soci amb el carnet n\u00famero 1, l\u2019Antonio Silva. Una persona molt implicada a l\u2019Arxiu per\u00f2 tamb\u00e9 al moviment ve\u00efnal del districte.\u00a0<\/span><\/p>\n<p><span style=\"font-weight: 400;\">El vest\u00edbul de l\u2019Espai via Fav\u00e8ncia (on l\u2019Arxiu t\u00e9 la seu) es va omplir de membres de l\u2019entitat per\u00f2 tamb\u00e9 de representants de diverses associacions de ve\u00efns, entitats, ve\u00efnes del Tur\u00f3 de la Peira i, per suposat, familiars. Tots ells van posar en valor la persever\u00e0ncia, solidaritat, la fidelitat als valors republicans i la lluita constant pels drets socials de Silva, a m\u00e9s d\u2019agra\u00efr-ne l\u2019amistat. El van rebre entre aplaudiments i van cantar plegats el Canto a la Libertad, de Jos\u00e9 Antonio Labordeta, interpretada a la guitarra per l&#8217;actual president de l&#8217;Arxiu, Jordi S\u00e0nchez.<\/span><\/p>\n<p><span style=\"font-weight: 400;\">L\u2019homenatjat va viure les paraules amb emoci\u00f3 i amb el comprom\u00eds de continuar batallant per millorar els barris un cop superi el darrer entrebanc de salut. Tamb\u00e9 va rebre la \u201crajoleta\u201d que l\u2019Arxiu li ha dedicat amb la seva hist\u00f2ria personal. <strong><a href=\"https:\/\/www.youtube.com\/watch?v=35p0rci5cWU&amp;t=1s\">Una rajoleta com les del centenar que ha repartit, juntament amb Arnaldo Gil per tot el districte, per senyalitzar i explicar punts hist\u00f2rics de Nou Barris.<\/a><\/strong><\/span><strong><a href=\"https:\/\/www.youtube.com\/watch?v=35p0rci5cWU&amp;t=1s\">\u00a0\u00a0<\/a><\/strong><\/p>\n\n\n<figure class=\"wp-block-image size-full\"><img loading=\"lazy\" decoding=\"async\" width=\"768\" height=\"432\" src=\"https:\/\/www.noubarris.net\/web40\/wp-content\/uploads\/2023\/01\/280123rajoleta.jpg\" alt=\"\" class=\"wp-image-80414\" srcset=\"https:\/\/www.noubarris.net\/web40\/wp-content\/uploads\/2023\/01\/280123rajoleta.jpg 768w, https:\/\/www.noubarris.net\/web40\/wp-content\/uploads\/2023\/01\/280123rajoleta-300x169.jpg 300w, https:\/\/www.noubarris.net\/web40\/wp-content\/uploads\/2023\/01\/280123rajoleta-600x338.jpg 600w, https:\/\/www.noubarris.net\/web40\/wp-content\/uploads\/2023\/01\/280123rajoleta-150x84.jpg 150w\" sizes=\"auto, (max-width: 768px) 100vw, 768px\" \/><\/figure>\n\n\n\n<p>Antonio Silva va comen\u00e7ar la seva traject\u00f2ria activista de ben jove, en la lluita antifranquista. Va militar en el PCE-ML, fet pel qual el van detenir i torturar durant dos dies a la comissaria de via Laietana. De fet, \u00e9s dins la querella argentina contra els crims dels franquisme.<\/p>\n\n\n\n<p>Despr\u00e9s d\u2019uns anys d\u2019exili a Fran\u00e7a, on va treballar de ferroviari, va tornar a les Roquetes. All\u00e0 es va implicar en el moviment ve\u00efnal i va con\u00e8ixer Arnaldo Gil, un dels cofundadors de l\u2019Arxiu Hist\u00f2ric de Roquetes-Nou Barris. En obrir la seva botiga de reparaci\u00f3 de cal\u00e7at al Tur\u00f3 de la Peira, es va integrar a l\u2019associaci\u00f3 de ve\u00efns d\u2019aquell barri. Una entitat que ha presidit durant molts anys -fins fa uns dies- , en els quals ha hagut de lluitar, reivindicar, negociar i tamb\u00e9 celebrar la remodelaci\u00f3 del barri per l\u2019aluminosi, entre moltes altres lluites. De fet, ell va ser un afectat, ja que el seu local comercial es trobava en un dels edificis que va ser enderrocat. va ser dels darrers en fer el trasllat al local nou. I com no tot \u00e9s lluita, tamb\u00e9 ha estat en la comissi\u00f3 de festes del barri, i s&#8217;ha implicat a Can Bast\u00e9.\u00a0A m\u00e9s de ser membre actiu de la Taula de Nou Barris per la Rep\u00fablica. \u00a0<\/p>\n\n\n\n<p>En paral\u00b7lel col\u00b7labora amb l&#8217;Arxiu Hist\u00f2ric en un gran t\u00e0ndem amb l&#8217;Arnaldo Gil i altres membres de l&#8217;entitat. No nom\u00e9s amb la col\u00b7locaci\u00f3 de rajoletes, tamb\u00e9 escaneja i arxiva fotografies antigues, organitza i <a href=\"https:\/\/www.youtube.com\/watch?v=eUv1fH5yeQs\"><strong>participa de les rutes per Collserola <\/strong><\/a>i els barris; i en el muntatge d&#8217;exposicions. <a href=\"https:\/\/www.noubarris.net\/web40\/?p=73198\"><strong>Ell mateix ha exposat fotografies pr\u00f2pies amb &#8220;Collserola crema&#8221;, una exposici\u00f3 den\u00fancia <\/strong><\/a>i itinerant que posava imatge a les conseq\u00fc\u00e8ncies del foc a la serra. O tamb\u00e9 l&#8217;<a href=\"https:\/\/www.noubarris.net\/web40\/?p=76544\"><strong>exposici\u00f3\u00a0 sobre els 30 anys de la detecci\u00f3 de l&#8217;aluminosi al Tur\u00f3 de la Peira<\/strong><\/a>, despr\u00e9s de l&#8217;esfondramanet d&#8217;un bloc del carrer del Cad\u00ed.<\/p>\n\n\n\n<p>La darrera de les seves idees va ser <a href=\"https:\/\/www.noubarris.net\/web40\/?p=78787\"><strong>convertir una cabina abandonada i dora de servei que Telef\u00f2nica encara t\u00e9 al passeig de la Peira en un punt d&#8217;intercanvi de llibres<\/strong><\/a>, una mena de biblioteca gratu\u00efta a peu de carrer.<\/p>\n\n\n\n<figure class=\"wp-block-image size-full\"><img loading=\"lazy\" decoding=\"async\" width=\"768\" height=\"432\" src=\"https:\/\/www.noubarris.net\/web40\/wp-content\/uploads\/2023\/01\/280123antonioretrat.jpg\" alt=\"\" class=\"wp-image-80415\" srcset=\"https:\/\/www.noubarris.net\/web40\/wp-content\/uploads\/2023\/01\/280123antonioretrat.jpg 768w, https:\/\/www.noubarris.net\/web40\/wp-content\/uploads\/2023\/01\/280123antonioretrat-300x169.jpg 300w, https:\/\/www.noubarris.net\/web40\/wp-content\/uploads\/2023\/01\/280123antonioretrat-600x338.jpg 600w, https:\/\/www.noubarris.net\/web40\/wp-content\/uploads\/2023\/01\/280123antonioretrat-150x84.jpg 150w\" sizes=\"auto, (max-width: 768px) 100vw, 768px\" \/><figcaption>Antonio Silva amb la seva dona, a qui va agrair el suport de tants anys, i un retrat dibuixat per Marga S\u00e1nchez, tamb\u00e9 membre de l&#8217;AHRNB<\/figcaption><\/figure>\n\n\n","protected":false},"excerpt":{"rendered":"<p>L&#8217;acte va servir per engegar la commemoraci\u00f3 dels 40 anys de l&#8217;entitat L&#8217;Arxiu Hist\u00f2ric Roquetes-NB ha engegat aquesta setmana la<\/p>\n","protected":false},"author":2,"featured_media":80412,"comment_status":"closed","ping_status":"closed","sticky":false,"template":"","format":"standard","meta":{"colormag_page_layout":"default_layout","_monsterinsights_skip_tracking":false,"_monsterinsights_sitenote_active":false,"_monsterinsights_sitenote_note":"","_monsterinsights_sitenote_category":0,"footnotes":""},"categories":[139,136,124],"tags":[169,246],"class_list":["post-80410","post","type-post","status-publish","format-standard","has-post-thumbnail","hentry","category-el-turo-de-la-peira","category-les-roquetes","category-societat","tag-arxiu-historic-de-roquetes-nou-barris","tag-el-turo-de-la-peira"],"yoast_head":"<!-- This site is optimized with the Yoast SEO plugin v25.3 - https:\/\/yoast.com\/wordpress\/plugins\/seo\/ -->\n<title>L&#039;Arxiu Hist\u00f2ric Roquetes-NB ret homenatge a Antonio Silva, soci n\u00famero 1 i l\u00edder ve\u00efnal - NouBarris.Net<\/title>\n<meta name=\"robots\" content=\"index, follow, max-snippet:-1, max-image-preview:large, max-video-preview:-1\" \/>\n<link rel=\"canonical\" href=\"https:\/\/www.noubarris.net\/web40\/larxiu-historic-roquetes-nb-ret-homenatge-a-antonio-silva-soci-numero-1-i-lider-veinal\/\" \/>\n<meta property=\"og:locale\" content=\"ca_ES\" \/>\n<meta property=\"og:type\" content=\"article\" \/>\n<meta property=\"og:title\" content=\"L&#039;Arxiu Hist\u00f2ric Roquetes-NB ret homenatge a Antonio Silva, soci n\u00famero 1 i l\u00edder ve\u00efnal - NouBarris.Net\" \/>\n<meta property=\"og:description\" content=\"L&#8217;acte va servir per engegar la commemoraci\u00f3 dels 40 anys de l&#8217;entitat L&#8217;Arxiu Hist\u00f2ric Roquetes-NB ha engegat aquesta setmana la\" \/>\n<meta property=\"og:url\" content=\"https:\/\/www.noubarris.net\/web40\/larxiu-historic-roquetes-nb-ret-homenatge-a-antonio-silva-soci-numero-1-i-lider-veinal\/\" \/>\n<meta property=\"og:site_name\" content=\"NouBarris.Net\" \/>\n<meta property=\"article:publisher\" content=\"https:\/\/www.facebook.com\/NouBarris.net\/?locale=es_ES\" \/>\n<meta property=\"article:published_time\" content=\"2023-01-28T09:47:00+00:00\" \/>\n<meta property=\"article:modified_time\" content=\"2023-01-28T10:00:17+00:00\" \/>\n<meta property=\"og:image\" content=\"https:\/\/www.noubarris.net\/web40\/wp-content\/uploads\/2023\/01\/280123antoniorajoleta.jpg\" \/>\n\t<meta property=\"og:image:width\" content=\"768\" \/>\n\t<meta property=\"og:image:height\" content=\"432\" \/>\n\t<meta property=\"og:image:type\" content=\"image\/jpeg\" \/>\n<meta name=\"author\" content=\"Informatius\" \/>\n<meta name=\"twitter:card\" content=\"summary_large_image\" \/>\n<meta name=\"twitter:creator\" content=\"@9BTV\" \/>\n<meta name=\"twitter:site\" content=\"@9BTV\" \/>\n<meta name=\"twitter:label1\" content=\"Escrit per\" \/>\n\t<meta name=\"twitter:data1\" content=\"Informatius\" \/>\n\t<meta name=\"twitter:label2\" content=\"Temps estimat de lectura\" \/>\n\t<meta name=\"twitter:data2\" content=\"3 minuts\" \/>\n<script type=\"application\/ld+json\" class=\"yoast-schema-graph\">{\"@context\":\"https:\/\/schema.org\",\"@graph\":[{\"@type\":\"Article\",\"@id\":\"https:\/\/www.noubarris.net\/web40\/larxiu-historic-roquetes-nb-ret-homenatge-a-antonio-silva-soci-numero-1-i-lider-veinal\/#article\",\"isPartOf\":{\"@id\":\"https:\/\/www.noubarris.net\/web40\/larxiu-historic-roquetes-nb-ret-homenatge-a-antonio-silva-soci-numero-1-i-lider-veinal\/\"},\"author\":{\"name\":\"Informatius\",\"@id\":\"https:\/\/www.noubarris.net\/web40\/#\/schema\/person\/1827f92aaa316c54abbf4dac0de76069\"},\"headline\":\"L&#8217;Arxiu Hist\u00f2ric Roquetes-NB ret homenatge a Antonio Silva, soci n\u00famero 1 i l\u00edder ve\u00efnal\",\"datePublished\":\"2023-01-28T09:47:00+00:00\",\"dateModified\":\"2023-01-28T10:00:17+00:00\",\"mainEntityOfPage\":{\"@id\":\"https:\/\/www.noubarris.net\/web40\/larxiu-historic-roquetes-nb-ret-homenatge-a-antonio-silva-soci-numero-1-i-lider-veinal\/\"},\"wordCount\":682,\"publisher\":{\"@id\":\"https:\/\/www.noubarris.net\/web40\/#organization\"},\"image\":{\"@id\":\"https:\/\/www.noubarris.net\/web40\/larxiu-historic-roquetes-nb-ret-homenatge-a-antonio-silva-soci-numero-1-i-lider-veinal\/#primaryimage\"},\"thumbnailUrl\":\"https:\/\/www.noubarris.net\/web40\/wp-content\/uploads\/2023\/01\/280123antoniorajoleta.jpg\",\"keywords\":[\"Arxiu Hist\u00f2ric de Roquetes \u2013 Nou Barris\",\"El Tur\u00f3 de la Peira\"],\"articleSection\":[\"El Tur\u00f3 de la Peira\",\"Les Roquetes\",\"Societat\"],\"inLanguage\":\"ca\"},{\"@type\":\"WebPage\",\"@id\":\"https:\/\/www.noubarris.net\/web40\/larxiu-historic-roquetes-nb-ret-homenatge-a-antonio-silva-soci-numero-1-i-lider-veinal\/\",\"url\":\"https:\/\/www.noubarris.net\/web40\/larxiu-historic-roquetes-nb-ret-homenatge-a-antonio-silva-soci-numero-1-i-lider-veinal\/\",\"name\":\"L'Arxiu Hist\u00f2ric Roquetes-NB ret homenatge a Antonio Silva, soci n\u00famero 1 i l\u00edder ve\u00efnal - NouBarris.Net\",\"isPartOf\":{\"@id\":\"https:\/\/www.noubarris.net\/web40\/#website\"},\"primaryImageOfPage\":{\"@id\":\"https:\/\/www.noubarris.net\/web40\/larxiu-historic-roquetes-nb-ret-homenatge-a-antonio-silva-soci-numero-1-i-lider-veinal\/#primaryimage\"},\"image\":{\"@id\":\"https:\/\/www.noubarris.net\/web40\/larxiu-historic-roquetes-nb-ret-homenatge-a-antonio-silva-soci-numero-1-i-lider-veinal\/#primaryimage\"},\"thumbnailUrl\":\"https:\/\/www.noubarris.net\/web40\/wp-content\/uploads\/2023\/01\/280123antoniorajoleta.jpg\",\"datePublished\":\"2023-01-28T09:47:00+00:00\",\"dateModified\":\"2023-01-28T10:00:17+00:00\",\"breadcrumb\":{\"@id\":\"https:\/\/www.noubarris.net\/web40\/larxiu-historic-roquetes-nb-ret-homenatge-a-antonio-silva-soci-numero-1-i-lider-veinal\/#breadcrumb\"},\"inLanguage\":\"ca\",\"potentialAction\":[{\"@type\":\"ReadAction\",\"target\":[\"https:\/\/www.noubarris.net\/web40\/larxiu-historic-roquetes-nb-ret-homenatge-a-antonio-silva-soci-numero-1-i-lider-veinal\/\"]}]},{\"@type\":\"ImageObject\",\"inLanguage\":\"ca\",\"@id\":\"https:\/\/www.noubarris.net\/web40\/larxiu-historic-roquetes-nb-ret-homenatge-a-antonio-silva-soci-numero-1-i-lider-veinal\/#primaryimage\",\"url\":\"https:\/\/www.noubarris.net\/web40\/wp-content\/uploads\/2023\/01\/280123antoniorajoleta.jpg\",\"contentUrl\":\"https:\/\/www.noubarris.net\/web40\/wp-content\/uploads\/2023\/01\/280123antoniorajoleta.jpg\",\"width\":768,\"height\":432},{\"@type\":\"BreadcrumbList\",\"@id\":\"https:\/\/www.noubarris.net\/web40\/larxiu-historic-roquetes-nb-ret-homenatge-a-antonio-silva-soci-numero-1-i-lider-veinal\/#breadcrumb\",\"itemListElement\":[{\"@type\":\"ListItem\",\"position\":1,\"name\":\"Inici\",\"item\":\"https:\/\/www.noubarris.net\/web40\/\"},{\"@type\":\"ListItem\",\"position\":2,\"name\":\"L&#8217;Arxiu Hist\u00f2ric Roquetes-NB ret homenatge a Antonio Silva, soci n\u00famero 1 i l\u00edder ve\u00efnal\"}]},{\"@type\":\"WebSite\",\"@id\":\"https:\/\/www.noubarris.net\/web40\/#website\",\"url\":\"https:\/\/www.noubarris.net\/web40\/\",\"name\":\"NouBarris.Net\",\"description\":\"Seguint la vida de Nou Barris des de 1985\",\"publisher\":{\"@id\":\"https:\/\/www.noubarris.net\/web40\/#organization\"},\"potentialAction\":[{\"@type\":\"SearchAction\",\"target\":{\"@type\":\"EntryPoint\",\"urlTemplate\":\"https:\/\/www.noubarris.net\/web40\/?s={search_term_string}\"},\"query-input\":{\"@type\":\"PropertyValueSpecification\",\"valueRequired\":true,\"valueName\":\"search_term_string\"}}],\"inLanguage\":\"ca\"},{\"@type\":\"Organization\",\"@id\":\"https:\/\/www.noubarris.net\/web40\/#organization\",\"name\":\"NouBarris.Net\",\"url\":\"https:\/\/www.noubarris.net\/web40\/\",\"logo\":{\"@type\":\"ImageObject\",\"inLanguage\":\"ca\",\"@id\":\"https:\/\/www.noubarris.net\/web40\/#\/schema\/logo\/image\/\",\"url\":\"https:\/\/www.noubarris.net\/web40\/wp-content\/uploads\/2024\/11\/cropped-cropped-LOGO_9BTV-2024_Insta-1.jpg\",\"contentUrl\":\"https:\/\/www.noubarris.net\/web40\/wp-content\/uploads\/2024\/11\/cropped-cropped-LOGO_9BTV-2024_Insta-1.jpg\",\"width\":512,\"height\":512,\"caption\":\"NouBarris.Net\"},\"image\":{\"@id\":\"https:\/\/www.noubarris.net\/web40\/#\/schema\/logo\/image\/\"},\"sameAs\":[\"https:\/\/www.facebook.com\/NouBarris.net\/?locale=es_ES\",\"https:\/\/x.com\/9BTV\"]},{\"@type\":\"Person\",\"@id\":\"https:\/\/www.noubarris.net\/web40\/#\/schema\/person\/1827f92aaa316c54abbf4dac0de76069\",\"name\":\"Informatius\",\"image\":{\"@type\":\"ImageObject\",\"inLanguage\":\"ca\",\"@id\":\"https:\/\/www.noubarris.net\/web40\/#\/schema\/person\/image\/\",\"url\":\"https:\/\/secure.gravatar.com\/avatar\/87a3b47928835fc72c6ee5b0e1a7263ef0c2d05003a98189bc14926c5f11bcdb?s=96&d=mm&r=g\",\"contentUrl\":\"https:\/\/secure.gravatar.com\/avatar\/87a3b47928835fc72c6ee5b0e1a7263ef0c2d05003a98189bc14926c5f11bcdb?s=96&d=mm&r=g\",\"caption\":\"Informatius\"},\"url\":\"https:\/\/www.noubarris.net\/web40\/author\/tele\/\"}]}<\/script>\n<!-- \/ Yoast SEO plugin. -->","yoast_head_json":{"title":"L'Arxiu Hist\u00f2ric Roquetes-NB ret homenatge a Antonio Silva, soci n\u00famero 1 i l\u00edder ve\u00efnal - NouBarris.Net","robots":{"index":"index","follow":"follow","max-snippet":"max-snippet:-1","max-image-preview":"max-image-preview:large","max-video-preview":"max-video-preview:-1"},"canonical":"https:\/\/www.noubarris.net\/web40\/larxiu-historic-roquetes-nb-ret-homenatge-a-antonio-silva-soci-numero-1-i-lider-veinal\/","og_locale":"ca_ES","og_type":"article","og_title":"L'Arxiu Hist\u00f2ric Roquetes-NB ret homenatge a Antonio Silva, soci n\u00famero 1 i l\u00edder ve\u00efnal - NouBarris.Net","og_description":"L&#8217;acte va servir per engegar la commemoraci\u00f3 dels 40 anys de l&#8217;entitat L&#8217;Arxiu Hist\u00f2ric Roquetes-NB ha engegat aquesta setmana la","og_url":"https:\/\/www.noubarris.net\/web40\/larxiu-historic-roquetes-nb-ret-homenatge-a-antonio-silva-soci-numero-1-i-lider-veinal\/","og_site_name":"NouBarris.Net","article_publisher":"https:\/\/www.facebook.com\/NouBarris.net\/?locale=es_ES","article_published_time":"2023-01-28T09:47:00+00:00","article_modified_time":"2023-01-28T10:00:17+00:00","og_image":[{"width":768,"height":432,"url":"https:\/\/www.noubarris.net\/web40\/wp-content\/uploads\/2023\/01\/280123antoniorajoleta.jpg","type":"image\/jpeg"}],"author":"Informatius","twitter_card":"summary_large_image","twitter_creator":"@9BTV","twitter_site":"@9BTV","twitter_misc":{"Escrit per":"Informatius","Temps estimat de lectura":"3 minuts"},"schema":{"@context":"https:\/\/schema.org","@graph":[{"@type":"Article","@id":"https:\/\/www.noubarris.net\/web40\/larxiu-historic-roquetes-nb-ret-homenatge-a-antonio-silva-soci-numero-1-i-lider-veinal\/#article","isPartOf":{"@id":"https:\/\/www.noubarris.net\/web40\/larxiu-historic-roquetes-nb-ret-homenatge-a-antonio-silva-soci-numero-1-i-lider-veinal\/"},"author":{"name":"Informatius","@id":"https:\/\/www.noubarris.net\/web40\/#\/schema\/person\/1827f92aaa316c54abbf4dac0de76069"},"headline":"L&#8217;Arxiu Hist\u00f2ric Roquetes-NB ret homenatge a Antonio Silva, soci n\u00famero 1 i l\u00edder ve\u00efnal","datePublished":"2023-01-28T09:47:00+00:00","dateModified":"2023-01-28T10:00:17+00:00","mainEntityOfPage":{"@id":"https:\/\/www.noubarris.net\/web40\/larxiu-historic-roquetes-nb-ret-homenatge-a-antonio-silva-soci-numero-1-i-lider-veinal\/"},"wordCount":682,"publisher":{"@id":"https:\/\/www.noubarris.net\/web40\/#organization"},"image":{"@id":"https:\/\/www.noubarris.net\/web40\/larxiu-historic-roquetes-nb-ret-homenatge-a-antonio-silva-soci-numero-1-i-lider-veinal\/#primaryimage"},"thumbnailUrl":"https:\/\/www.noubarris.net\/web40\/wp-content\/uploads\/2023\/01\/280123antoniorajoleta.jpg","keywords":["Arxiu Hist\u00f2ric de Roquetes \u2013 Nou Barris","El Tur\u00f3 de la Peira"],"articleSection":["El Tur\u00f3 de la Peira","Les Roquetes","Societat"],"inLanguage":"ca"},{"@type":"WebPage","@id":"https:\/\/www.noubarris.net\/web40\/larxiu-historic-roquetes-nb-ret-homenatge-a-antonio-silva-soci-numero-1-i-lider-veinal\/","url":"https:\/\/www.noubarris.net\/web40\/larxiu-historic-roquetes-nb-ret-homenatge-a-antonio-silva-soci-numero-1-i-lider-veinal\/","name":"L'Arxiu Hist\u00f2ric Roquetes-NB ret homenatge a Antonio Silva, soci n\u00famero 1 i l\u00edder ve\u00efnal - NouBarris.Net","isPartOf":{"@id":"https:\/\/www.noubarris.net\/web40\/#website"},"primaryImageOfPage":{"@id":"https:\/\/www.noubarris.net\/web40\/larxiu-historic-roquetes-nb-ret-homenatge-a-antonio-silva-soci-numero-1-i-lider-veinal\/#primaryimage"},"image":{"@id":"https:\/\/www.noubarris.net\/web40\/larxiu-historic-roquetes-nb-ret-homenatge-a-antonio-silva-soci-numero-1-i-lider-veinal\/#primaryimage"},"thumbnailUrl":"https:\/\/www.noubarris.net\/web40\/wp-content\/uploads\/2023\/01\/280123antoniorajoleta.jpg","datePublished":"2023-01-28T09:47:00+00:00","dateModified":"2023-01-28T10:00:17+00:00","breadcrumb":{"@id":"https:\/\/www.noubarris.net\/web40\/larxiu-historic-roquetes-nb-ret-homenatge-a-antonio-silva-soci-numero-1-i-lider-veinal\/#breadcrumb"},"inLanguage":"ca","potentialAction":[{"@type":"ReadAction","target":["https:\/\/www.noubarris.net\/web40\/larxiu-historic-roquetes-nb-ret-homenatge-a-antonio-silva-soci-numero-1-i-lider-veinal\/"]}]},{"@type":"ImageObject","inLanguage":"ca","@id":"https:\/\/www.noubarris.net\/web40\/larxiu-historic-roquetes-nb-ret-homenatge-a-antonio-silva-soci-numero-1-i-lider-veinal\/#primaryimage","url":"https:\/\/www.noubarris.net\/web40\/wp-content\/uploads\/2023\/01\/280123antoniorajoleta.jpg","contentUrl":"https:\/\/www.noubarris.net\/web40\/wp-content\/uploads\/2023\/01\/280123antoniorajoleta.jpg","width":768,"height":432},{"@type":"BreadcrumbList","@id":"https:\/\/www.noubarris.net\/web40\/larxiu-historic-roquetes-nb-ret-homenatge-a-antonio-silva-soci-numero-1-i-lider-veinal\/#breadcrumb","itemListElement":[{"@type":"ListItem","position":1,"name":"Inici","item":"https:\/\/www.noubarris.net\/web40\/"},{"@type":"ListItem","position":2,"name":"L&#8217;Arxiu Hist\u00f2ric Roquetes-NB ret homenatge a Antonio Silva, soci n\u00famero 1 i l\u00edder ve\u00efnal"}]},{"@type":"WebSite","@id":"https:\/\/www.noubarris.net\/web40\/#website","url":"https:\/\/www.noubarris.net\/web40\/","name":"NouBarris.Net","description":"Seguint la vida de Nou Barris des de 1985","publisher":{"@id":"https:\/\/www.noubarris.net\/web40\/#organization"},"potentialAction":[{"@type":"SearchAction","target":{"@type":"EntryPoint","urlTemplate":"https:\/\/www.noubarris.net\/web40\/?s={search_term_string}"},"query-input":{"@type":"PropertyValueSpecification","valueRequired":true,"valueName":"search_term_string"}}],"inLanguage":"ca"},{"@type":"Organization","@id":"https:\/\/www.noubarris.net\/web40\/#organization","name":"NouBarris.Net","url":"https:\/\/www.noubarris.net\/web40\/","logo":{"@type":"ImageObject","inLanguage":"ca","@id":"https:\/\/www.noubarris.net\/web40\/#\/schema\/logo\/image\/","url":"https:\/\/www.noubarris.net\/web40\/wp-content\/uploads\/2024\/11\/cropped-cropped-LOGO_9BTV-2024_Insta-1.jpg","contentUrl":"https:\/\/www.noubarris.net\/web40\/wp-content\/uploads\/2024\/11\/cropped-cropped-LOGO_9BTV-2024_Insta-1.jpg","width":512,"height":512,"caption":"NouBarris.Net"},"image":{"@id":"https:\/\/www.noubarris.net\/web40\/#\/schema\/logo\/image\/"},"sameAs":["https:\/\/www.facebook.com\/NouBarris.net\/?locale=es_ES","https:\/\/x.com\/9BTV"]},{"@type":"Person","@id":"https:\/\/www.noubarris.net\/web40\/#\/schema\/person\/1827f92aaa316c54abbf4dac0de76069","name":"Informatius","image":{"@type":"ImageObject","inLanguage":"ca","@id":"https:\/\/www.noubarris.net\/web40\/#\/schema\/person\/image\/","url":"https:\/\/secure.gravatar.com\/avatar\/87a3b47928835fc72c6ee5b0e1a7263ef0c2d05003a98189bc14926c5f11bcdb?s=96&d=mm&r=g","contentUrl":"https:\/\/secure.gravatar.com\/avatar\/87a3b47928835fc72c6ee5b0e1a7263ef0c2d05003a98189bc14926c5f11bcdb?s=96&d=mm&r=g","caption":"Informatius"},"url":"https:\/\/www.noubarris.net\/web40\/author\/tele\/"}]}},"_links":{"self":[{"href":"https:\/\/www.noubarris.net\/web40\/wp-json\/wp\/v2\/posts\/80410","targetHints":{"allow":["GET"]}}],"collection":[{"href":"https:\/\/www.noubarris.net\/web40\/wp-json\/wp\/v2\/posts"}],"about":[{"href":"https:\/\/www.noubarris.net\/web40\/wp-json\/wp\/v2\/types\/post"}],"author":[{"embeddable":true,"href":"https:\/\/www.noubarris.net\/web40\/wp-json\/wp\/v2\/users\/2"}],"replies":[{"embeddable":true,"href":"https:\/\/www.noubarris.net\/web40\/wp-json\/wp\/v2\/comments?post=80410"}],"version-history":[{"count":7,"href":"https:\/\/www.noubarris.net\/web40\/wp-json\/wp\/v2\/posts\/80410\/revisions"}],"predecessor-version":[{"id":80435,"href":"https:\/\/www.noubarris.net\/web40\/wp-json\/wp\/v2\/posts\/80410\/revisions\/80435"}],"wp:featuredmedia":[{"embeddable":true,"href":"https:\/\/www.noubarris.net\/web40\/wp-json\/wp\/v2\/media\/80412"}],"wp:attachment":[{"href":"https:\/\/www.noubarris.net\/web40\/wp-json\/wp\/v2\/media?parent=80410"}],"wp:term":[{"taxonomy":"category","embeddable":true,"href":"https:\/\/www.noubarris.net\/web40\/wp-json\/wp\/v2\/categories?post=80410"},{"taxonomy":"post_tag","embeddable":true,"href":"https:\/\/www.noubarris.net\/web40\/wp-json\/wp\/v2\/tags?post=80410"}],"curies":[{"name":"wp","href":"https:\/\/api.w.org\/{rel}","templated":true}]}}