{"id":80485,"date":"2023-02-08T00:00:37","date_gmt":"2023-02-07T22:00:37","guid":{"rendered":"http:\/\/www.noubarris.net\/web40\/?p=80485"},"modified":"2023-02-07T22:37:47","modified_gmt":"2023-02-07T20:37:47","slug":"protagonitzem-una-exposicio","status":"publish","type":"post","link":"https:\/\/www.noubarris.net\/web40\/protagonitzem-una-exposicio\/","title":{"rendered":"Protagonitzem una exposici\u00f3!"},"content":{"rendered":"<p><strong>Us convidem a descobrir la hist\u00f2ria de Nou Barris Net i Nou Barris TV a l&#8217;Espai via Fav\u00e8ncia<\/strong><\/p>\n<p>Sabeu que Nou Barris Televisi\u00f3 va n\u00e9ixer l&#8217;any 1985 com a TeleLlobeta? I que abans d&#8217;adoptar el nom definitiu tamb\u00e9 va ser TeleProspe,i es va dedicar a retransmetre la festa major del barri? S\u00f3n alguns dels detalls de la traject\u00f2ria de l&#8217;associaci\u00f3 Projectart (gestora de Nou Barris TV i Nou Barris net) que podeu descobrir a l&#8217;exposici\u00f3 que llueix aquest mes a l&#8217;Espai via Fav\u00e8ncia gr\u00e0cies al comissariat de l&#8217;Arxiu Hist\u00f2ric de Roquetes-Nou Barris.<\/p>\n<p>All\u00e0 hi trobareu fotografies antigues, dels programes que es van comen\u00e7ar a fer quan es va engegar una televisi\u00f3 local al 39 UHF, juntament amb les televisions de districte dels altres nou districtes de la ciutat. En un&nbsp; inici van ser programes trencadors i experimentals, de cinema, cultura i esports, per\u00f2 tamb\u00e9 informatius. Amb el temps, un cop integrats a Barcelona Televisi\u00f3 a partir de finals dels noranta i fins a finals de 2020, sobretot reportatges i not\u00edcies informatives de tots els aspectes de l&#8217;actualitat. Les nostres c\u00e0meres han recollit manifestacions, inauguracions, protestes, enderrocs, espectacles de circ, concerts, \u00e8xits esportius, solidaritat, xarxa ve\u00efnal&#8230;.&nbsp; &nbsp;El nostre arxiu recull m\u00e9s de tres d\u00e8cades d&#8217;evoluci\u00f3 del districte.<\/p>\n<p>Tamb\u00e9 es repassen altres iniciatives, com els documentals&nbsp;Hist\u00f2ries de Gent i Els Nous Ve\u00efns; o el projecte de museu virtual del patrimoni de Nou Barris, el Relligant Nou Barris, que vam crear i mantenim en col\u00b7laboraci\u00f3 amb l&#8217;Arxiu Hist\u00f2ric de Roquetes-Nou Barris.<br \/>\nI despr\u00e9s de coneixe&#8217;ns millor, us convidem a unir-vos a nosaltres per crear una nova Nou Barris TV. Un cop desvinculada de betev\u00e9, la nostra intenci\u00f3 \u00e9s fer tele de barri, comunit\u00e0ria, oebrta a tothom que vulgui participar. Us apunteu? Poseu-vos en contacte amb nosaltres al mail <strong>participa9btv@gmail.com<\/strong><br \/>\n&nbsp;<\/p>\n\n\n<figure class=\"wp-block-image size-full\"><img loading=\"lazy\" decoding=\"async\" width=\"768\" height=\"432\" src=\"https:\/\/www.noubarris.net\/web40\/wp-content\/uploads\/2023\/02\/080223a.jpg\" alt=\"\" class=\"wp-image-80490\" srcset=\"https:\/\/www.noubarris.net\/web40\/wp-content\/uploads\/2023\/02\/080223a.jpg 768w, https:\/\/www.noubarris.net\/web40\/wp-content\/uploads\/2023\/02\/080223a-300x169.jpg 300w, https:\/\/www.noubarris.net\/web40\/wp-content\/uploads\/2023\/02\/080223a-600x338.jpg 600w, https:\/\/www.noubarris.net\/web40\/wp-content\/uploads\/2023\/02\/080223a-150x84.jpg 150w\" sizes=\"auto, (max-width: 768px) 100vw, 768px\" \/><\/figure>\n\n\n","protected":false},"excerpt":{"rendered":"<p>Us convidem a descobrir la hist\u00f2ria de Nou Barris Net i Nou Barris TV a l&#8217;Espai via Fav\u00e8ncia Sabeu que<\/p>\n","protected":false},"author":2,"featured_media":80486,"comment_status":"closed","ping_status":"closed","sticky":false,"template":"","format":"standard","meta":{"colormag_page_layout":"default_layout","_monsterinsights_skip_tracking":false,"_monsterinsights_sitenote_active":false,"_monsterinsights_sitenote_note":"","_monsterinsights_sitenote_category":0,"footnotes":""},"categories":[1],"tags":[641,313],"class_list":["post-80485","post","type-post","status-publish","format-standard","has-post-thumbnail","hentry","category-nou-barris","tag-9btv","tag-projectart"],"yoast_head":"<!-- This site is optimized with the Yoast SEO plugin v25.3 - https:\/\/yoast.com\/wordpress\/plugins\/seo\/ -->\n<title>Protagonitzem una exposici\u00f3! - NouBarris.Net<\/title>\n<meta name=\"robots\" content=\"index, follow, max-snippet:-1, max-image-preview:large, max-video-preview:-1\" \/>\n<link rel=\"canonical\" href=\"https:\/\/www.noubarris.net\/web40\/protagonitzem-una-exposicio\/\" \/>\n<meta property=\"og:locale\" content=\"ca_ES\" \/>\n<meta property=\"og:type\" content=\"article\" \/>\n<meta property=\"og:title\" content=\"Protagonitzem una exposici\u00f3! - NouBarris.Net\" \/>\n<meta property=\"og:description\" content=\"Us convidem a descobrir la hist\u00f2ria de Nou Barris Net i Nou Barris TV a l&#8217;Espai via Fav\u00e8ncia Sabeu que\" \/>\n<meta property=\"og:url\" content=\"https:\/\/www.noubarris.net\/web40\/protagonitzem-una-exposicio\/\" \/>\n<meta property=\"og:site_name\" content=\"NouBarris.Net\" \/>\n<meta property=\"article:publisher\" content=\"https:\/\/www.facebook.com\/NouBarris.net\/?locale=es_ES\" \/>\n<meta property=\"article:published_time\" content=\"2023-02-07T22:00:37+00:00\" \/>\n<meta property=\"og:image\" content=\"https:\/\/www.noubarris.net\/web40\/wp-content\/uploads\/2023\/02\/080223b.jpg\" \/>\n\t<meta property=\"og:image:width\" content=\"768\" \/>\n\t<meta property=\"og:image:height\" content=\"432\" \/>\n\t<meta property=\"og:image:type\" content=\"image\/jpeg\" \/>\n<meta name=\"author\" content=\"Informatius\" \/>\n<meta name=\"twitter:card\" content=\"summary_large_image\" \/>\n<meta name=\"twitter:creator\" content=\"@9BTV\" \/>\n<meta name=\"twitter:site\" content=\"@9BTV\" \/>\n<meta name=\"twitter:label1\" content=\"Escrit per\" \/>\n\t<meta name=\"twitter:data1\" content=\"Informatius\" \/>\n\t<meta name=\"twitter:label2\" content=\"Temps estimat de lectura\" \/>\n\t<meta name=\"twitter:data2\" content=\"2 minuts\" \/>\n<script type=\"application\/ld+json\" class=\"yoast-schema-graph\">{\"@context\":\"https:\/\/schema.org\",\"@graph\":[{\"@type\":\"Article\",\"@id\":\"https:\/\/www.noubarris.net\/web40\/protagonitzem-una-exposicio\/#article\",\"isPartOf\":{\"@id\":\"https:\/\/www.noubarris.net\/web40\/protagonitzem-una-exposicio\/\"},\"author\":{\"name\":\"Informatius\",\"@id\":\"https:\/\/www.noubarris.net\/web40\/#\/schema\/person\/1827f92aaa316c54abbf4dac0de76069\"},\"headline\":\"Protagonitzem una exposici\u00f3!\",\"datePublished\":\"2023-02-07T22:00:37+00:00\",\"mainEntityOfPage\":{\"@id\":\"https:\/\/www.noubarris.net\/web40\/protagonitzem-una-exposicio\/\"},\"wordCount\":337,\"publisher\":{\"@id\":\"https:\/\/www.noubarris.net\/web40\/#organization\"},\"image\":{\"@id\":\"https:\/\/www.noubarris.net\/web40\/protagonitzem-una-exposicio\/#primaryimage\"},\"thumbnailUrl\":\"https:\/\/www.noubarris.net\/web40\/wp-content\/uploads\/2023\/02\/080223b.jpg\",\"keywords\":[\"9btv\",\"Projectart\"],\"articleSection\":[\"Nou Barris\"],\"inLanguage\":\"ca\"},{\"@type\":\"WebPage\",\"@id\":\"https:\/\/www.noubarris.net\/web40\/protagonitzem-una-exposicio\/\",\"url\":\"https:\/\/www.noubarris.net\/web40\/protagonitzem-una-exposicio\/\",\"name\":\"Protagonitzem una exposici\u00f3! - NouBarris.Net\",\"isPartOf\":{\"@id\":\"https:\/\/www.noubarris.net\/web40\/#website\"},\"primaryImageOfPage\":{\"@id\":\"https:\/\/www.noubarris.net\/web40\/protagonitzem-una-exposicio\/#primaryimage\"},\"image\":{\"@id\":\"https:\/\/www.noubarris.net\/web40\/protagonitzem-una-exposicio\/#primaryimage\"},\"thumbnailUrl\":\"https:\/\/www.noubarris.net\/web40\/wp-content\/uploads\/2023\/02\/080223b.jpg\",\"datePublished\":\"2023-02-07T22:00:37+00:00\",\"breadcrumb\":{\"@id\":\"https:\/\/www.noubarris.net\/web40\/protagonitzem-una-exposicio\/#breadcrumb\"},\"inLanguage\":\"ca\",\"potentialAction\":[{\"@type\":\"ReadAction\",\"target\":[\"https:\/\/www.noubarris.net\/web40\/protagonitzem-una-exposicio\/\"]}]},{\"@type\":\"ImageObject\",\"inLanguage\":\"ca\",\"@id\":\"https:\/\/www.noubarris.net\/web40\/protagonitzem-una-exposicio\/#primaryimage\",\"url\":\"https:\/\/www.noubarris.net\/web40\/wp-content\/uploads\/2023\/02\/080223b.jpg\",\"contentUrl\":\"https:\/\/www.noubarris.net\/web40\/wp-content\/uploads\/2023\/02\/080223b.jpg\",\"width\":768,\"height\":432},{\"@type\":\"BreadcrumbList\",\"@id\":\"https:\/\/www.noubarris.net\/web40\/protagonitzem-una-exposicio\/#breadcrumb\",\"itemListElement\":[{\"@type\":\"ListItem\",\"position\":1,\"name\":\"Inici\",\"item\":\"https:\/\/www.noubarris.net\/web40\/\"},{\"@type\":\"ListItem\",\"position\":2,\"name\":\"Protagonitzem una exposici\u00f3!\"}]},{\"@type\":\"WebSite\",\"@id\":\"https:\/\/www.noubarris.net\/web40\/#website\",\"url\":\"https:\/\/www.noubarris.net\/web40\/\",\"name\":\"NouBarris.Net\",\"description\":\"Seguint la vida de Nou Barris des de 1985\",\"publisher\":{\"@id\":\"https:\/\/www.noubarris.net\/web40\/#organization\"},\"potentialAction\":[{\"@type\":\"SearchAction\",\"target\":{\"@type\":\"EntryPoint\",\"urlTemplate\":\"https:\/\/www.noubarris.net\/web40\/?s={search_term_string}\"},\"query-input\":{\"@type\":\"PropertyValueSpecification\",\"valueRequired\":true,\"valueName\":\"search_term_string\"}}],\"inLanguage\":\"ca\"},{\"@type\":\"Organization\",\"@id\":\"https:\/\/www.noubarris.net\/web40\/#organization\",\"name\":\"NouBarris.Net\",\"url\":\"https:\/\/www.noubarris.net\/web40\/\",\"logo\":{\"@type\":\"ImageObject\",\"inLanguage\":\"ca\",\"@id\":\"https:\/\/www.noubarris.net\/web40\/#\/schema\/logo\/image\/\",\"url\":\"https:\/\/www.noubarris.net\/web40\/wp-content\/uploads\/2024\/11\/cropped-cropped-LOGO_9BTV-2024_Insta-1.jpg\",\"contentUrl\":\"https:\/\/www.noubarris.net\/web40\/wp-content\/uploads\/2024\/11\/cropped-cropped-LOGO_9BTV-2024_Insta-1.jpg\",\"width\":512,\"height\":512,\"caption\":\"NouBarris.Net\"},\"image\":{\"@id\":\"https:\/\/www.noubarris.net\/web40\/#\/schema\/logo\/image\/\"},\"sameAs\":[\"https:\/\/www.facebook.com\/NouBarris.net\/?locale=es_ES\",\"https:\/\/x.com\/9BTV\"]},{\"@type\":\"Person\",\"@id\":\"https:\/\/www.noubarris.net\/web40\/#\/schema\/person\/1827f92aaa316c54abbf4dac0de76069\",\"name\":\"Informatius\",\"image\":{\"@type\":\"ImageObject\",\"inLanguage\":\"ca\",\"@id\":\"https:\/\/www.noubarris.net\/web40\/#\/schema\/person\/image\/\",\"url\":\"https:\/\/secure.gravatar.com\/avatar\/87a3b47928835fc72c6ee5b0e1a7263ef0c2d05003a98189bc14926c5f11bcdb?s=96&d=mm&r=g\",\"contentUrl\":\"https:\/\/secure.gravatar.com\/avatar\/87a3b47928835fc72c6ee5b0e1a7263ef0c2d05003a98189bc14926c5f11bcdb?s=96&d=mm&r=g\",\"caption\":\"Informatius\"},\"url\":\"https:\/\/www.noubarris.net\/web40\/author\/tele\/\"}]}<\/script>\n<!-- \/ Yoast SEO plugin. -->","yoast_head_json":{"title":"Protagonitzem una exposici\u00f3! - NouBarris.Net","robots":{"index":"index","follow":"follow","max-snippet":"max-snippet:-1","max-image-preview":"max-image-preview:large","max-video-preview":"max-video-preview:-1"},"canonical":"https:\/\/www.noubarris.net\/web40\/protagonitzem-una-exposicio\/","og_locale":"ca_ES","og_type":"article","og_title":"Protagonitzem una exposici\u00f3! - NouBarris.Net","og_description":"Us convidem a descobrir la hist\u00f2ria de Nou Barris Net i Nou Barris TV a l&#8217;Espai via Fav\u00e8ncia Sabeu que","og_url":"https:\/\/www.noubarris.net\/web40\/protagonitzem-una-exposicio\/","og_site_name":"NouBarris.Net","article_publisher":"https:\/\/www.facebook.com\/NouBarris.net\/?locale=es_ES","article_published_time":"2023-02-07T22:00:37+00:00","og_image":[{"width":768,"height":432,"url":"https:\/\/www.noubarris.net\/web40\/wp-content\/uploads\/2023\/02\/080223b.jpg","type":"image\/jpeg"}],"author":"Informatius","twitter_card":"summary_large_image","twitter_creator":"@9BTV","twitter_site":"@9BTV","twitter_misc":{"Escrit per":"Informatius","Temps estimat de lectura":"2 minuts"},"schema":{"@context":"https:\/\/schema.org","@graph":[{"@type":"Article","@id":"https:\/\/www.noubarris.net\/web40\/protagonitzem-una-exposicio\/#article","isPartOf":{"@id":"https:\/\/www.noubarris.net\/web40\/protagonitzem-una-exposicio\/"},"author":{"name":"Informatius","@id":"https:\/\/www.noubarris.net\/web40\/#\/schema\/person\/1827f92aaa316c54abbf4dac0de76069"},"headline":"Protagonitzem una exposici\u00f3!","datePublished":"2023-02-07T22:00:37+00:00","mainEntityOfPage":{"@id":"https:\/\/www.noubarris.net\/web40\/protagonitzem-una-exposicio\/"},"wordCount":337,"publisher":{"@id":"https:\/\/www.noubarris.net\/web40\/#organization"},"image":{"@id":"https:\/\/www.noubarris.net\/web40\/protagonitzem-una-exposicio\/#primaryimage"},"thumbnailUrl":"https:\/\/www.noubarris.net\/web40\/wp-content\/uploads\/2023\/02\/080223b.jpg","keywords":["9btv","Projectart"],"articleSection":["Nou Barris"],"inLanguage":"ca"},{"@type":"WebPage","@id":"https:\/\/www.noubarris.net\/web40\/protagonitzem-una-exposicio\/","url":"https:\/\/www.noubarris.net\/web40\/protagonitzem-una-exposicio\/","name":"Protagonitzem una exposici\u00f3! - NouBarris.Net","isPartOf":{"@id":"https:\/\/www.noubarris.net\/web40\/#website"},"primaryImageOfPage":{"@id":"https:\/\/www.noubarris.net\/web40\/protagonitzem-una-exposicio\/#primaryimage"},"image":{"@id":"https:\/\/www.noubarris.net\/web40\/protagonitzem-una-exposicio\/#primaryimage"},"thumbnailUrl":"https:\/\/www.noubarris.net\/web40\/wp-content\/uploads\/2023\/02\/080223b.jpg","datePublished":"2023-02-07T22:00:37+00:00","breadcrumb":{"@id":"https:\/\/www.noubarris.net\/web40\/protagonitzem-una-exposicio\/#breadcrumb"},"inLanguage":"ca","potentialAction":[{"@type":"ReadAction","target":["https:\/\/www.noubarris.net\/web40\/protagonitzem-una-exposicio\/"]}]},{"@type":"ImageObject","inLanguage":"ca","@id":"https:\/\/www.noubarris.net\/web40\/protagonitzem-una-exposicio\/#primaryimage","url":"https:\/\/www.noubarris.net\/web40\/wp-content\/uploads\/2023\/02\/080223b.jpg","contentUrl":"https:\/\/www.noubarris.net\/web40\/wp-content\/uploads\/2023\/02\/080223b.jpg","width":768,"height":432},{"@type":"BreadcrumbList","@id":"https:\/\/www.noubarris.net\/web40\/protagonitzem-una-exposicio\/#breadcrumb","itemListElement":[{"@type":"ListItem","position":1,"name":"Inici","item":"https:\/\/www.noubarris.net\/web40\/"},{"@type":"ListItem","position":2,"name":"Protagonitzem una exposici\u00f3!"}]},{"@type":"WebSite","@id":"https:\/\/www.noubarris.net\/web40\/#website","url":"https:\/\/www.noubarris.net\/web40\/","name":"NouBarris.Net","description":"Seguint la vida de Nou Barris des de 1985","publisher":{"@id":"https:\/\/www.noubarris.net\/web40\/#organization"},"potentialAction":[{"@type":"SearchAction","target":{"@type":"EntryPoint","urlTemplate":"https:\/\/www.noubarris.net\/web40\/?s={search_term_string}"},"query-input":{"@type":"PropertyValueSpecification","valueRequired":true,"valueName":"search_term_string"}}],"inLanguage":"ca"},{"@type":"Organization","@id":"https:\/\/www.noubarris.net\/web40\/#organization","name":"NouBarris.Net","url":"https:\/\/www.noubarris.net\/web40\/","logo":{"@type":"ImageObject","inLanguage":"ca","@id":"https:\/\/www.noubarris.net\/web40\/#\/schema\/logo\/image\/","url":"https:\/\/www.noubarris.net\/web40\/wp-content\/uploads\/2024\/11\/cropped-cropped-LOGO_9BTV-2024_Insta-1.jpg","contentUrl":"https:\/\/www.noubarris.net\/web40\/wp-content\/uploads\/2024\/11\/cropped-cropped-LOGO_9BTV-2024_Insta-1.jpg","width":512,"height":512,"caption":"NouBarris.Net"},"image":{"@id":"https:\/\/www.noubarris.net\/web40\/#\/schema\/logo\/image\/"},"sameAs":["https:\/\/www.facebook.com\/NouBarris.net\/?locale=es_ES","https:\/\/x.com\/9BTV"]},{"@type":"Person","@id":"https:\/\/www.noubarris.net\/web40\/#\/schema\/person\/1827f92aaa316c54abbf4dac0de76069","name":"Informatius","image":{"@type":"ImageObject","inLanguage":"ca","@id":"https:\/\/www.noubarris.net\/web40\/#\/schema\/person\/image\/","url":"https:\/\/secure.gravatar.com\/avatar\/87a3b47928835fc72c6ee5b0e1a7263ef0c2d05003a98189bc14926c5f11bcdb?s=96&d=mm&r=g","contentUrl":"https:\/\/secure.gravatar.com\/avatar\/87a3b47928835fc72c6ee5b0e1a7263ef0c2d05003a98189bc14926c5f11bcdb?s=96&d=mm&r=g","caption":"Informatius"},"url":"https:\/\/www.noubarris.net\/web40\/author\/tele\/"}]}},"_links":{"self":[{"href":"https:\/\/www.noubarris.net\/web40\/wp-json\/wp\/v2\/posts\/80485","targetHints":{"allow":["GET"]}}],"collection":[{"href":"https:\/\/www.noubarris.net\/web40\/wp-json\/wp\/v2\/posts"}],"about":[{"href":"https:\/\/www.noubarris.net\/web40\/wp-json\/wp\/v2\/types\/post"}],"author":[{"embeddable":true,"href":"https:\/\/www.noubarris.net\/web40\/wp-json\/wp\/v2\/users\/2"}],"replies":[{"embeddable":true,"href":"https:\/\/www.noubarris.net\/web40\/wp-json\/wp\/v2\/comments?post=80485"}],"version-history":[{"count":4,"href":"https:\/\/www.noubarris.net\/web40\/wp-json\/wp\/v2\/posts\/80485\/revisions"}],"predecessor-version":[{"id":80491,"href":"https:\/\/www.noubarris.net\/web40\/wp-json\/wp\/v2\/posts\/80485\/revisions\/80491"}],"wp:featuredmedia":[{"embeddable":true,"href":"https:\/\/www.noubarris.net\/web40\/wp-json\/wp\/v2\/media\/80486"}],"wp:attachment":[{"href":"https:\/\/www.noubarris.net\/web40\/wp-json\/wp\/v2\/media?parent=80485"}],"wp:term":[{"taxonomy":"category","embeddable":true,"href":"https:\/\/www.noubarris.net\/web40\/wp-json\/wp\/v2\/categories?post=80485"},{"taxonomy":"post_tag","embeddable":true,"href":"https:\/\/www.noubarris.net\/web40\/wp-json\/wp\/v2\/tags?post=80485"}],"curies":[{"name":"wp","href":"https:\/\/api.w.org\/{rel}","templated":true}]}}