{"id":80494,"date":"2023-02-09T11:04:42","date_gmt":"2023-02-09T09:04:42","guid":{"rendered":"http:\/\/www.noubarris.net\/web40\/?p=80494"},"modified":"2023-02-09T11:04:42","modified_gmt":"2023-02-09T09:04:42","slug":"el-consell-de-barri-de-torre-baro-enceta-la-darrera-tanda-de-sessions-abans-de-les-eleccions","status":"publish","type":"post","link":"https:\/\/www.noubarris.net\/web40\/el-consell-de-barri-de-torre-baro-enceta-la-darrera-tanda-de-sessions-abans-de-les-eleccions\/","title":{"rendered":"El Consell de barri de Torre Bar\u00f3 enceta la darrera tanda de sessions abans de les eleccions"},"content":{"rendered":"<div>L&#8217;acte comen\u00e7a a les 18.30h i servir\u00e0 per fer un balan\u00e7 del mandat<\/div>\n<div><\/div>\n<div>Nou Barris engega avui una nova tanda de consells de barris, que s&#8217;avancen\u00a0uns mesos per celebrar-se abans de les eleccions municipals del maig. El primer barri convocat \u00e9s el de Torre Bar\u00f3, que t\u00e9 cita avui a les 18.30h al Casal de barri, a l&#8217;avinguda de l&#8217;Escolapi C\u00e0ncer, 5. L&#8217;ordre del dia inclou nom\u00e9s dos punts: el balan\u00e7 de mandat i un torn obert de paraules.<\/div>\n<div>Com en la darrera ocasi\u00f3, per\u00f2, el districte de Nou Barris ha abandonat les emissions en directe a trav\u00e9s d&#8217;internet, a difer\u00e8ncia de la resta de districtes, de tal manera que el ve\u00efnat nom\u00e9s podr\u00e0 seguir el desenvolupament de la sessi\u00f3 i participar-hi si acudeixen presencialment al Casal de Barri de Torre Bar\u00f3. No cal reserva pr\u00e8via.<\/div>\n<div><\/div>\n<div>El calendari de la resta de consells de barris \u00e9s el seg\u00fcent:<\/div>\n<div>Ciutat Meridiana. 13 de febrer, a les 18.30h\u00a0<br aria-hidden=\"true\" \/>Verdum. 16 de febrer, a les 18h<br aria-hidden=\"true\" \/>Roquetes. 20 de febrer, a les 18h<\/div>\n<div>Vilapicina i la Torre Llobeta. 22 de febrer, a les 18.30h<br aria-hidden=\"true\" \/>Porta. 27 de febrer, a les 18.30h<br aria-hidden=\"true\" \/>Guineueta. 2 de mar\u00e7, a les 18.30h<br aria-hidden=\"true\" \/>Vallbona. 6 de mar\u00e7, a les 18.30h<br aria-hidden=\"true\" \/>Prosperitat. 9 de mar\u00e7, a les 18.30h<br aria-hidden=\"true\" \/>Can Peguera. 13 de mar\u00e7, a les 18.30h<br aria-hidden=\"true\" \/>Canyelles. 14 de mar\u00e7, a les 18.30h<br aria-hidden=\"true\" \/>Tur\u00f3 de la Peira. 20 de mar\u00e7, a les 18.30h<br aria-hidden=\"true\" \/>Trinitat Nova. 23 de mar\u00e7, a les 18.30h<\/div>\n","protected":false},"excerpt":{"rendered":"<p>L&#8217;acte comen\u00e7a a les 18.30h i servir\u00e0 per fer un balan\u00e7 del mandat Nou Barris engega avui una nova tanda<\/p>\n","protected":false},"author":2,"featured_media":80495,"comment_status":"closed","ping_status":"closed","sticky":false,"template":"","format":"standard","meta":{"colormag_page_layout":"default_layout","_monsterinsights_skip_tracking":false,"_monsterinsights_sitenote_active":false,"_monsterinsights_sitenote_note":"","_monsterinsights_sitenote_category":0,"footnotes":""},"categories":[447,1,484,126],"tags":[331,327,53],"class_list":["post-80494","post","type-post","status-publish","format-standard","has-post-thumbnail","hentry","category-audiencia-publica-i-plenari","category-nou-barris","category-participacio","category-politica","tag-consell-de-barri","tag-participacio","tag-torre-baro"],"yoast_head":"<!-- This site is optimized with the Yoast SEO plugin v25.3 - https:\/\/yoast.com\/wordpress\/plugins\/seo\/ -->\n<title>El Consell de barri de Torre Bar\u00f3 enceta la darrera tanda de sessions abans de les eleccions - NouBarris.Net<\/title>\n<meta name=\"robots\" content=\"index, follow, max-snippet:-1, max-image-preview:large, max-video-preview:-1\" \/>\n<link rel=\"canonical\" href=\"https:\/\/www.noubarris.net\/web40\/el-consell-de-barri-de-torre-baro-enceta-la-darrera-tanda-de-sessions-abans-de-les-eleccions\/\" \/>\n<meta property=\"og:locale\" content=\"ca_ES\" \/>\n<meta property=\"og:type\" content=\"article\" \/>\n<meta property=\"og:title\" content=\"El Consell de barri de Torre Bar\u00f3 enceta la darrera tanda de sessions abans de les eleccions - NouBarris.Net\" \/>\n<meta property=\"og:description\" content=\"L&#8217;acte comen\u00e7a a les 18.30h i servir\u00e0 per fer un balan\u00e7 del mandat Nou Barris engega avui una nova tanda\" \/>\n<meta property=\"og:url\" content=\"https:\/\/www.noubarris.net\/web40\/el-consell-de-barri-de-torre-baro-enceta-la-darrera-tanda-de-sessions-abans-de-les-eleccions\/\" \/>\n<meta property=\"og:site_name\" content=\"NouBarris.Net\" \/>\n<meta property=\"article:publisher\" content=\"https:\/\/www.facebook.com\/NouBarris.net\/?locale=es_ES\" \/>\n<meta property=\"article:published_time\" content=\"2023-02-09T09:04:42+00:00\" \/>\n<meta property=\"og:image\" content=\"https:\/\/www.noubarris.net\/web40\/wp-content\/uploads\/2023\/02\/090223.jpg\" \/>\n\t<meta property=\"og:image:width\" content=\"768\" \/>\n\t<meta property=\"og:image:height\" content=\"432\" \/>\n\t<meta property=\"og:image:type\" content=\"image\/jpeg\" \/>\n<meta name=\"author\" content=\"Informatius\" \/>\n<meta name=\"twitter:card\" content=\"summary_large_image\" \/>\n<meta name=\"twitter:creator\" content=\"@9BTV\" \/>\n<meta name=\"twitter:site\" content=\"@9BTV\" \/>\n<meta name=\"twitter:label1\" content=\"Escrit per\" \/>\n\t<meta name=\"twitter:data1\" content=\"Informatius\" \/>\n\t<meta name=\"twitter:label2\" content=\"Temps estimat de lectura\" \/>\n\t<meta name=\"twitter:data2\" content=\"1 minut\" \/>\n<script type=\"application\/ld+json\" class=\"yoast-schema-graph\">{\"@context\":\"https:\/\/schema.org\",\"@graph\":[{\"@type\":\"Article\",\"@id\":\"https:\/\/www.noubarris.net\/web40\/el-consell-de-barri-de-torre-baro-enceta-la-darrera-tanda-de-sessions-abans-de-les-eleccions\/#article\",\"isPartOf\":{\"@id\":\"https:\/\/www.noubarris.net\/web40\/el-consell-de-barri-de-torre-baro-enceta-la-darrera-tanda-de-sessions-abans-de-les-eleccions\/\"},\"author\":{\"name\":\"Informatius\",\"@id\":\"https:\/\/www.noubarris.net\/web40\/#\/schema\/person\/1827f92aaa316c54abbf4dac0de76069\"},\"headline\":\"El Consell de barri de Torre Bar\u00f3 enceta la darrera tanda de sessions abans de les eleccions\",\"datePublished\":\"2023-02-09T09:04:42+00:00\",\"mainEntityOfPage\":{\"@id\":\"https:\/\/www.noubarris.net\/web40\/el-consell-de-barri-de-torre-baro-enceta-la-darrera-tanda-de-sessions-abans-de-les-eleccions\/\"},\"wordCount\":253,\"publisher\":{\"@id\":\"https:\/\/www.noubarris.net\/web40\/#organization\"},\"image\":{\"@id\":\"https:\/\/www.noubarris.net\/web40\/el-consell-de-barri-de-torre-baro-enceta-la-darrera-tanda-de-sessions-abans-de-les-eleccions\/#primaryimage\"},\"thumbnailUrl\":\"https:\/\/www.noubarris.net\/web40\/wp-content\/uploads\/2023\/02\/090223.jpg\",\"keywords\":[\"Consell de barri\",\"Participaci\u00f3\",\"Torre Bar\u00f3\"],\"articleSection\":[\"Audi\u00e8ncia p\u00fablica i Plenari\",\"Nou Barris\",\"Participaci\u00f3\",\"Pol\u00edtica\"],\"inLanguage\":\"ca\"},{\"@type\":\"WebPage\",\"@id\":\"https:\/\/www.noubarris.net\/web40\/el-consell-de-barri-de-torre-baro-enceta-la-darrera-tanda-de-sessions-abans-de-les-eleccions\/\",\"url\":\"https:\/\/www.noubarris.net\/web40\/el-consell-de-barri-de-torre-baro-enceta-la-darrera-tanda-de-sessions-abans-de-les-eleccions\/\",\"name\":\"El Consell de barri de Torre Bar\u00f3 enceta la darrera tanda de sessions abans de les eleccions - NouBarris.Net\",\"isPartOf\":{\"@id\":\"https:\/\/www.noubarris.net\/web40\/#website\"},\"primaryImageOfPage\":{\"@id\":\"https:\/\/www.noubarris.net\/web40\/el-consell-de-barri-de-torre-baro-enceta-la-darrera-tanda-de-sessions-abans-de-les-eleccions\/#primaryimage\"},\"image\":{\"@id\":\"https:\/\/www.noubarris.net\/web40\/el-consell-de-barri-de-torre-baro-enceta-la-darrera-tanda-de-sessions-abans-de-les-eleccions\/#primaryimage\"},\"thumbnailUrl\":\"https:\/\/www.noubarris.net\/web40\/wp-content\/uploads\/2023\/02\/090223.jpg\",\"datePublished\":\"2023-02-09T09:04:42+00:00\",\"breadcrumb\":{\"@id\":\"https:\/\/www.noubarris.net\/web40\/el-consell-de-barri-de-torre-baro-enceta-la-darrera-tanda-de-sessions-abans-de-les-eleccions\/#breadcrumb\"},\"inLanguage\":\"ca\",\"potentialAction\":[{\"@type\":\"ReadAction\",\"target\":[\"https:\/\/www.noubarris.net\/web40\/el-consell-de-barri-de-torre-baro-enceta-la-darrera-tanda-de-sessions-abans-de-les-eleccions\/\"]}]},{\"@type\":\"ImageObject\",\"inLanguage\":\"ca\",\"@id\":\"https:\/\/www.noubarris.net\/web40\/el-consell-de-barri-de-torre-baro-enceta-la-darrera-tanda-de-sessions-abans-de-les-eleccions\/#primaryimage\",\"url\":\"https:\/\/www.noubarris.net\/web40\/wp-content\/uploads\/2023\/02\/090223.jpg\",\"contentUrl\":\"https:\/\/www.noubarris.net\/web40\/wp-content\/uploads\/2023\/02\/090223.jpg\",\"width\":768,\"height\":432,\"caption\":\"Consell de Barri Torre Bar\u00f3\"},{\"@type\":\"BreadcrumbList\",\"@id\":\"https:\/\/www.noubarris.net\/web40\/el-consell-de-barri-de-torre-baro-enceta-la-darrera-tanda-de-sessions-abans-de-les-eleccions\/#breadcrumb\",\"itemListElement\":[{\"@type\":\"ListItem\",\"position\":1,\"name\":\"Inici\",\"item\":\"https:\/\/www.noubarris.net\/web40\/\"},{\"@type\":\"ListItem\",\"position\":2,\"name\":\"El Consell de barri de Torre Bar\u00f3 enceta la darrera tanda de sessions abans de les eleccions\"}]},{\"@type\":\"WebSite\",\"@id\":\"https:\/\/www.noubarris.net\/web40\/#website\",\"url\":\"https:\/\/www.noubarris.net\/web40\/\",\"name\":\"NouBarris.Net\",\"description\":\"Seguint la vida de Nou Barris des de 1985\",\"publisher\":{\"@id\":\"https:\/\/www.noubarris.net\/web40\/#organization\"},\"potentialAction\":[{\"@type\":\"SearchAction\",\"target\":{\"@type\":\"EntryPoint\",\"urlTemplate\":\"https:\/\/www.noubarris.net\/web40\/?s={search_term_string}\"},\"query-input\":{\"@type\":\"PropertyValueSpecification\",\"valueRequired\":true,\"valueName\":\"search_term_string\"}}],\"inLanguage\":\"ca\"},{\"@type\":\"Organization\",\"@id\":\"https:\/\/www.noubarris.net\/web40\/#organization\",\"name\":\"NouBarris.Net\",\"url\":\"https:\/\/www.noubarris.net\/web40\/\",\"logo\":{\"@type\":\"ImageObject\",\"inLanguage\":\"ca\",\"@id\":\"https:\/\/www.noubarris.net\/web40\/#\/schema\/logo\/image\/\",\"url\":\"https:\/\/www.noubarris.net\/web40\/wp-content\/uploads\/2024\/11\/cropped-cropped-LOGO_9BTV-2024_Insta-1.jpg\",\"contentUrl\":\"https:\/\/www.noubarris.net\/web40\/wp-content\/uploads\/2024\/11\/cropped-cropped-LOGO_9BTV-2024_Insta-1.jpg\",\"width\":512,\"height\":512,\"caption\":\"NouBarris.Net\"},\"image\":{\"@id\":\"https:\/\/www.noubarris.net\/web40\/#\/schema\/logo\/image\/\"},\"sameAs\":[\"https:\/\/www.facebook.com\/NouBarris.net\/?locale=es_ES\",\"https:\/\/x.com\/9BTV\"]},{\"@type\":\"Person\",\"@id\":\"https:\/\/www.noubarris.net\/web40\/#\/schema\/person\/1827f92aaa316c54abbf4dac0de76069\",\"name\":\"Informatius\",\"image\":{\"@type\":\"ImageObject\",\"inLanguage\":\"ca\",\"@id\":\"https:\/\/www.noubarris.net\/web40\/#\/schema\/person\/image\/\",\"url\":\"https:\/\/secure.gravatar.com\/avatar\/87a3b47928835fc72c6ee5b0e1a7263ef0c2d05003a98189bc14926c5f11bcdb?s=96&d=mm&r=g\",\"contentUrl\":\"https:\/\/secure.gravatar.com\/avatar\/87a3b47928835fc72c6ee5b0e1a7263ef0c2d05003a98189bc14926c5f11bcdb?s=96&d=mm&r=g\",\"caption\":\"Informatius\"},\"url\":\"https:\/\/www.noubarris.net\/web40\/author\/tele\/\"}]}<\/script>\n<!-- \/ Yoast SEO plugin. -->","yoast_head_json":{"title":"El Consell de barri de Torre Bar\u00f3 enceta la darrera tanda de sessions abans de les eleccions - NouBarris.Net","robots":{"index":"index","follow":"follow","max-snippet":"max-snippet:-1","max-image-preview":"max-image-preview:large","max-video-preview":"max-video-preview:-1"},"canonical":"https:\/\/www.noubarris.net\/web40\/el-consell-de-barri-de-torre-baro-enceta-la-darrera-tanda-de-sessions-abans-de-les-eleccions\/","og_locale":"ca_ES","og_type":"article","og_title":"El Consell de barri de Torre Bar\u00f3 enceta la darrera tanda de sessions abans de les eleccions - NouBarris.Net","og_description":"L&#8217;acte comen\u00e7a a les 18.30h i servir\u00e0 per fer un balan\u00e7 del mandat Nou Barris engega avui una nova tanda","og_url":"https:\/\/www.noubarris.net\/web40\/el-consell-de-barri-de-torre-baro-enceta-la-darrera-tanda-de-sessions-abans-de-les-eleccions\/","og_site_name":"NouBarris.Net","article_publisher":"https:\/\/www.facebook.com\/NouBarris.net\/?locale=es_ES","article_published_time":"2023-02-09T09:04:42+00:00","og_image":[{"width":768,"height":432,"url":"https:\/\/www.noubarris.net\/web40\/wp-content\/uploads\/2023\/02\/090223.jpg","type":"image\/jpeg"}],"author":"Informatius","twitter_card":"summary_large_image","twitter_creator":"@9BTV","twitter_site":"@9BTV","twitter_misc":{"Escrit per":"Informatius","Temps estimat de lectura":"1 minut"},"schema":{"@context":"https:\/\/schema.org","@graph":[{"@type":"Article","@id":"https:\/\/www.noubarris.net\/web40\/el-consell-de-barri-de-torre-baro-enceta-la-darrera-tanda-de-sessions-abans-de-les-eleccions\/#article","isPartOf":{"@id":"https:\/\/www.noubarris.net\/web40\/el-consell-de-barri-de-torre-baro-enceta-la-darrera-tanda-de-sessions-abans-de-les-eleccions\/"},"author":{"name":"Informatius","@id":"https:\/\/www.noubarris.net\/web40\/#\/schema\/person\/1827f92aaa316c54abbf4dac0de76069"},"headline":"El Consell de barri de Torre Bar\u00f3 enceta la darrera tanda de sessions abans de les eleccions","datePublished":"2023-02-09T09:04:42+00:00","mainEntityOfPage":{"@id":"https:\/\/www.noubarris.net\/web40\/el-consell-de-barri-de-torre-baro-enceta-la-darrera-tanda-de-sessions-abans-de-les-eleccions\/"},"wordCount":253,"publisher":{"@id":"https:\/\/www.noubarris.net\/web40\/#organization"},"image":{"@id":"https:\/\/www.noubarris.net\/web40\/el-consell-de-barri-de-torre-baro-enceta-la-darrera-tanda-de-sessions-abans-de-les-eleccions\/#primaryimage"},"thumbnailUrl":"https:\/\/www.noubarris.net\/web40\/wp-content\/uploads\/2023\/02\/090223.jpg","keywords":["Consell de barri","Participaci\u00f3","Torre Bar\u00f3"],"articleSection":["Audi\u00e8ncia p\u00fablica i Plenari","Nou Barris","Participaci\u00f3","Pol\u00edtica"],"inLanguage":"ca"},{"@type":"WebPage","@id":"https:\/\/www.noubarris.net\/web40\/el-consell-de-barri-de-torre-baro-enceta-la-darrera-tanda-de-sessions-abans-de-les-eleccions\/","url":"https:\/\/www.noubarris.net\/web40\/el-consell-de-barri-de-torre-baro-enceta-la-darrera-tanda-de-sessions-abans-de-les-eleccions\/","name":"El Consell de barri de Torre Bar\u00f3 enceta la darrera tanda de sessions abans de les eleccions - NouBarris.Net","isPartOf":{"@id":"https:\/\/www.noubarris.net\/web40\/#website"},"primaryImageOfPage":{"@id":"https:\/\/www.noubarris.net\/web40\/el-consell-de-barri-de-torre-baro-enceta-la-darrera-tanda-de-sessions-abans-de-les-eleccions\/#primaryimage"},"image":{"@id":"https:\/\/www.noubarris.net\/web40\/el-consell-de-barri-de-torre-baro-enceta-la-darrera-tanda-de-sessions-abans-de-les-eleccions\/#primaryimage"},"thumbnailUrl":"https:\/\/www.noubarris.net\/web40\/wp-content\/uploads\/2023\/02\/090223.jpg","datePublished":"2023-02-09T09:04:42+00:00","breadcrumb":{"@id":"https:\/\/www.noubarris.net\/web40\/el-consell-de-barri-de-torre-baro-enceta-la-darrera-tanda-de-sessions-abans-de-les-eleccions\/#breadcrumb"},"inLanguage":"ca","potentialAction":[{"@type":"ReadAction","target":["https:\/\/www.noubarris.net\/web40\/el-consell-de-barri-de-torre-baro-enceta-la-darrera-tanda-de-sessions-abans-de-les-eleccions\/"]}]},{"@type":"ImageObject","inLanguage":"ca","@id":"https:\/\/www.noubarris.net\/web40\/el-consell-de-barri-de-torre-baro-enceta-la-darrera-tanda-de-sessions-abans-de-les-eleccions\/#primaryimage","url":"https:\/\/www.noubarris.net\/web40\/wp-content\/uploads\/2023\/02\/090223.jpg","contentUrl":"https:\/\/www.noubarris.net\/web40\/wp-content\/uploads\/2023\/02\/090223.jpg","width":768,"height":432,"caption":"Consell de Barri Torre Bar\u00f3"},{"@type":"BreadcrumbList","@id":"https:\/\/www.noubarris.net\/web40\/el-consell-de-barri-de-torre-baro-enceta-la-darrera-tanda-de-sessions-abans-de-les-eleccions\/#breadcrumb","itemListElement":[{"@type":"ListItem","position":1,"name":"Inici","item":"https:\/\/www.noubarris.net\/web40\/"},{"@type":"ListItem","position":2,"name":"El Consell de barri de Torre Bar\u00f3 enceta la darrera tanda de sessions abans de les eleccions"}]},{"@type":"WebSite","@id":"https:\/\/www.noubarris.net\/web40\/#website","url":"https:\/\/www.noubarris.net\/web40\/","name":"NouBarris.Net","description":"Seguint la vida de Nou Barris des de 1985","publisher":{"@id":"https:\/\/www.noubarris.net\/web40\/#organization"},"potentialAction":[{"@type":"SearchAction","target":{"@type":"EntryPoint","urlTemplate":"https:\/\/www.noubarris.net\/web40\/?s={search_term_string}"},"query-input":{"@type":"PropertyValueSpecification","valueRequired":true,"valueName":"search_term_string"}}],"inLanguage":"ca"},{"@type":"Organization","@id":"https:\/\/www.noubarris.net\/web40\/#organization","name":"NouBarris.Net","url":"https:\/\/www.noubarris.net\/web40\/","logo":{"@type":"ImageObject","inLanguage":"ca","@id":"https:\/\/www.noubarris.net\/web40\/#\/schema\/logo\/image\/","url":"https:\/\/www.noubarris.net\/web40\/wp-content\/uploads\/2024\/11\/cropped-cropped-LOGO_9BTV-2024_Insta-1.jpg","contentUrl":"https:\/\/www.noubarris.net\/web40\/wp-content\/uploads\/2024\/11\/cropped-cropped-LOGO_9BTV-2024_Insta-1.jpg","width":512,"height":512,"caption":"NouBarris.Net"},"image":{"@id":"https:\/\/www.noubarris.net\/web40\/#\/schema\/logo\/image\/"},"sameAs":["https:\/\/www.facebook.com\/NouBarris.net\/?locale=es_ES","https:\/\/x.com\/9BTV"]},{"@type":"Person","@id":"https:\/\/www.noubarris.net\/web40\/#\/schema\/person\/1827f92aaa316c54abbf4dac0de76069","name":"Informatius","image":{"@type":"ImageObject","inLanguage":"ca","@id":"https:\/\/www.noubarris.net\/web40\/#\/schema\/person\/image\/","url":"https:\/\/secure.gravatar.com\/avatar\/87a3b47928835fc72c6ee5b0e1a7263ef0c2d05003a98189bc14926c5f11bcdb?s=96&d=mm&r=g","contentUrl":"https:\/\/secure.gravatar.com\/avatar\/87a3b47928835fc72c6ee5b0e1a7263ef0c2d05003a98189bc14926c5f11bcdb?s=96&d=mm&r=g","caption":"Informatius"},"url":"https:\/\/www.noubarris.net\/web40\/author\/tele\/"}]}},"_links":{"self":[{"href":"https:\/\/www.noubarris.net\/web40\/wp-json\/wp\/v2\/posts\/80494","targetHints":{"allow":["GET"]}}],"collection":[{"href":"https:\/\/www.noubarris.net\/web40\/wp-json\/wp\/v2\/posts"}],"about":[{"href":"https:\/\/www.noubarris.net\/web40\/wp-json\/wp\/v2\/types\/post"}],"author":[{"embeddable":true,"href":"https:\/\/www.noubarris.net\/web40\/wp-json\/wp\/v2\/users\/2"}],"replies":[{"embeddable":true,"href":"https:\/\/www.noubarris.net\/web40\/wp-json\/wp\/v2\/comments?post=80494"}],"version-history":[{"count":1,"href":"https:\/\/www.noubarris.net\/web40\/wp-json\/wp\/v2\/posts\/80494\/revisions"}],"predecessor-version":[{"id":80496,"href":"https:\/\/www.noubarris.net\/web40\/wp-json\/wp\/v2\/posts\/80494\/revisions\/80496"}],"wp:featuredmedia":[{"embeddable":true,"href":"https:\/\/www.noubarris.net\/web40\/wp-json\/wp\/v2\/media\/80495"}],"wp:attachment":[{"href":"https:\/\/www.noubarris.net\/web40\/wp-json\/wp\/v2\/media?parent=80494"}],"wp:term":[{"taxonomy":"category","embeddable":true,"href":"https:\/\/www.noubarris.net\/web40\/wp-json\/wp\/v2\/categories?post=80494"},{"taxonomy":"post_tag","embeddable":true,"href":"https:\/\/www.noubarris.net\/web40\/wp-json\/wp\/v2\/tags?post=80494"}],"curies":[{"name":"wp","href":"https:\/\/api.w.org\/{rel}","templated":true}]}}