{"id":80584,"date":"2023-03-01T00:00:30","date_gmt":"2023-02-28T22:00:30","guid":{"rendered":"http:\/\/www.noubarris.net\/web40\/?p=80584"},"modified":"2023-02-28T20:56:58","modified_gmt":"2023-02-28T18:56:58","slug":"sessio-informativa-per-la-millora-del-carrer-de-la-mina-de-la-ciutat","status":"publish","type":"post","link":"https:\/\/www.noubarris.net\/web40\/sessio-informativa-per-la-millora-del-carrer-de-la-mina-de-la-ciutat\/","title":{"rendered":"Sessi\u00f3 informativa per la millora del carrer de la Mina de la Ciutat"},"content":{"rendered":"<p><strong>L&#8217;anterior reforma es va acabar l&#8217;agost de 2020 i no va acabar d&#8217;agradar del tot a bona part del ve\u00efnat\u00a0<\/strong><\/p>\n<p>El Districte de Nou Barris ofereix avui dimecres 1 de mar\u00e7, a partir de les 18 hores a la Biblioteca Les Roquetes \u2013 Rafa Juncadella, una sessi\u00f3 informativa per explicar les millores d\u2019urbanitzaci\u00f3 del carrer de la Mina de la Ciutat, al barri de les Roquetes.<\/p>\n<p>L\u2019anterior reforma va acabar l\u2019agost de 2020\u00a0 amb un proc\u00e9s participatiu dut a terme en el marc de Pla de Barris. Les actuacions van consistir en la reordenaci\u00f3 de l\u2019espai per millorar-ne l\u2019accessibilitat i augmentar l\u2019espai de vianants. Es van ampliar les voreres, renovar l\u2019enllumenat, col\u00b7locar nou mobiliari urb\u00e0, soterrar les l\u00ednies a\u00e8ries i adequar la xarxa de clavegueram. A m\u00e9s, es van crear parterres amb vegetaci\u00f3 i s\u2019hi va plantar nou arbrat. Tamb\u00e9 es va implantar una rotonda a la cru\u00eflla del carrer amb el passeig del Bosc de Roquetes.<\/p>\n<p>Algunes de les actuacions que es van dur a terme aleshores no van acabar d&#8217;agradar a l&#8217;associacions de ve\u00efns ni a bona part del ve\u00efnat de les Roquetes. La principal queixa es va centrar en les escultures en forma de minerals que es van distribuir al llarg del carrer. Segons els ve\u00efns, aquests elements semblaven tombes i alguns eren fins i tot perillosos en alguns trams en cas d&#8217;un accident per motoristes, ciclistes o fins i tot els mateixos vianants.<\/p>\n","protected":false},"excerpt":{"rendered":"<p>L&#8217;anterior reforma es va acabar l&#8217;agost de 2020 i no va acabar d&#8217;agradar del tot a bona part del ve\u00efnat\u00a0<\/p>\n","protected":false},"author":2,"featured_media":80585,"comment_status":"closed","ping_status":"closed","sticky":false,"template":"","format":"standard","meta":{"colormag_page_layout":"default_layout","_monsterinsights_skip_tracking":false,"_monsterinsights_sitenote_active":false,"_monsterinsights_sitenote_note":"","_monsterinsights_sitenote_category":0,"footnotes":""},"categories":[136,1,302],"tags":[611,327,694,69],"class_list":["post-80584","post","type-post","status-publish","format-standard","has-post-thumbnail","hentry","category-les-roquetes","category-nou-barris","category-urbanisme","tag-av-roquetes","tag-participacio","tag-roquetes","tag-urbanisme"],"yoast_head":"<!-- This site is optimized with the Yoast SEO plugin v25.3 - https:\/\/yoast.com\/wordpress\/plugins\/seo\/ -->\n<title>Sessi\u00f3 informativa per la millora del carrer de la Mina de la Ciutat - NouBarris.Net<\/title>\n<meta name=\"robots\" content=\"index, follow, max-snippet:-1, max-image-preview:large, max-video-preview:-1\" \/>\n<link rel=\"canonical\" href=\"https:\/\/www.noubarris.net\/web40\/sessio-informativa-per-la-millora-del-carrer-de-la-mina-de-la-ciutat\/\" \/>\n<meta property=\"og:locale\" content=\"ca_ES\" \/>\n<meta property=\"og:type\" content=\"article\" \/>\n<meta property=\"og:title\" content=\"Sessi\u00f3 informativa per la millora del carrer de la Mina de la Ciutat - NouBarris.Net\" \/>\n<meta property=\"og:description\" content=\"L&#8217;anterior reforma es va acabar l&#8217;agost de 2020 i no va acabar d&#8217;agradar del tot a bona part del ve\u00efnat\u00a0\" \/>\n<meta property=\"og:url\" content=\"https:\/\/www.noubarris.net\/web40\/sessio-informativa-per-la-millora-del-carrer-de-la-mina-de-la-ciutat\/\" \/>\n<meta property=\"og:site_name\" content=\"NouBarris.Net\" \/>\n<meta property=\"article:publisher\" content=\"https:\/\/www.facebook.com\/NouBarris.net\/?locale=es_ES\" \/>\n<meta property=\"article:published_time\" content=\"2023-02-28T22:00:30+00:00\" \/>\n<meta property=\"og:image\" content=\"https:\/\/www.noubarris.net\/web40\/wp-content\/uploads\/2023\/02\/010323.jpg\" \/>\n\t<meta property=\"og:image:width\" content=\"768\" \/>\n\t<meta property=\"og:image:height\" content=\"432\" \/>\n\t<meta property=\"og:image:type\" content=\"image\/jpeg\" \/>\n<meta name=\"author\" content=\"Informatius\" \/>\n<meta name=\"twitter:card\" content=\"summary_large_image\" \/>\n<meta name=\"twitter:creator\" content=\"@9BTV\" \/>\n<meta name=\"twitter:site\" content=\"@9BTV\" \/>\n<meta name=\"twitter:label1\" content=\"Escrit per\" \/>\n\t<meta name=\"twitter:data1\" content=\"Informatius\" \/>\n\t<meta name=\"twitter:label2\" content=\"Temps estimat de lectura\" \/>\n\t<meta name=\"twitter:data2\" content=\"1 minut\" \/>\n<script type=\"application\/ld+json\" class=\"yoast-schema-graph\">{\"@context\":\"https:\/\/schema.org\",\"@graph\":[{\"@type\":\"Article\",\"@id\":\"https:\/\/www.noubarris.net\/web40\/sessio-informativa-per-la-millora-del-carrer-de-la-mina-de-la-ciutat\/#article\",\"isPartOf\":{\"@id\":\"https:\/\/www.noubarris.net\/web40\/sessio-informativa-per-la-millora-del-carrer-de-la-mina-de-la-ciutat\/\"},\"author\":{\"name\":\"Informatius\",\"@id\":\"https:\/\/www.noubarris.net\/web40\/#\/schema\/person\/1827f92aaa316c54abbf4dac0de76069\"},\"headline\":\"Sessi\u00f3 informativa per la millora del carrer de la Mina de la Ciutat\",\"datePublished\":\"2023-02-28T22:00:30+00:00\",\"mainEntityOfPage\":{\"@id\":\"https:\/\/www.noubarris.net\/web40\/sessio-informativa-per-la-millora-del-carrer-de-la-mina-de-la-ciutat\/\"},\"wordCount\":269,\"publisher\":{\"@id\":\"https:\/\/www.noubarris.net\/web40\/#organization\"},\"image\":{\"@id\":\"https:\/\/www.noubarris.net\/web40\/sessio-informativa-per-la-millora-del-carrer-de-la-mina-de-la-ciutat\/#primaryimage\"},\"thumbnailUrl\":\"https:\/\/www.noubarris.net\/web40\/wp-content\/uploads\/2023\/02\/010323.jpg\",\"keywords\":[\"AV Roquetes\",\"Participaci\u00f3\",\"roquetes\",\"Urbanisme\"],\"articleSection\":[\"Les Roquetes\",\"Nou Barris\",\"Urbanisme\"],\"inLanguage\":\"ca\"},{\"@type\":\"WebPage\",\"@id\":\"https:\/\/www.noubarris.net\/web40\/sessio-informativa-per-la-millora-del-carrer-de-la-mina-de-la-ciutat\/\",\"url\":\"https:\/\/www.noubarris.net\/web40\/sessio-informativa-per-la-millora-del-carrer-de-la-mina-de-la-ciutat\/\",\"name\":\"Sessi\u00f3 informativa per la millora del carrer de la Mina de la Ciutat - NouBarris.Net\",\"isPartOf\":{\"@id\":\"https:\/\/www.noubarris.net\/web40\/#website\"},\"primaryImageOfPage\":{\"@id\":\"https:\/\/www.noubarris.net\/web40\/sessio-informativa-per-la-millora-del-carrer-de-la-mina-de-la-ciutat\/#primaryimage\"},\"image\":{\"@id\":\"https:\/\/www.noubarris.net\/web40\/sessio-informativa-per-la-millora-del-carrer-de-la-mina-de-la-ciutat\/#primaryimage\"},\"thumbnailUrl\":\"https:\/\/www.noubarris.net\/web40\/wp-content\/uploads\/2023\/02\/010323.jpg\",\"datePublished\":\"2023-02-28T22:00:30+00:00\",\"breadcrumb\":{\"@id\":\"https:\/\/www.noubarris.net\/web40\/sessio-informativa-per-la-millora-del-carrer-de-la-mina-de-la-ciutat\/#breadcrumb\"},\"inLanguage\":\"ca\",\"potentialAction\":[{\"@type\":\"ReadAction\",\"target\":[\"https:\/\/www.noubarris.net\/web40\/sessio-informativa-per-la-millora-del-carrer-de-la-mina-de-la-ciutat\/\"]}]},{\"@type\":\"ImageObject\",\"inLanguage\":\"ca\",\"@id\":\"https:\/\/www.noubarris.net\/web40\/sessio-informativa-per-la-millora-del-carrer-de-la-mina-de-la-ciutat\/#primaryimage\",\"url\":\"https:\/\/www.noubarris.net\/web40\/wp-content\/uploads\/2023\/02\/010323.jpg\",\"contentUrl\":\"https:\/\/www.noubarris.net\/web40\/wp-content\/uploads\/2023\/02\/010323.jpg\",\"width\":768,\"height\":432},{\"@type\":\"BreadcrumbList\",\"@id\":\"https:\/\/www.noubarris.net\/web40\/sessio-informativa-per-la-millora-del-carrer-de-la-mina-de-la-ciutat\/#breadcrumb\",\"itemListElement\":[{\"@type\":\"ListItem\",\"position\":1,\"name\":\"Inici\",\"item\":\"https:\/\/www.noubarris.net\/web40\/\"},{\"@type\":\"ListItem\",\"position\":2,\"name\":\"Sessi\u00f3 informativa per la millora del carrer de la Mina de la Ciutat\"}]},{\"@type\":\"WebSite\",\"@id\":\"https:\/\/www.noubarris.net\/web40\/#website\",\"url\":\"https:\/\/www.noubarris.net\/web40\/\",\"name\":\"NouBarris.Net\",\"description\":\"Seguint la vida de Nou Barris des de 1985\",\"publisher\":{\"@id\":\"https:\/\/www.noubarris.net\/web40\/#organization\"},\"potentialAction\":[{\"@type\":\"SearchAction\",\"target\":{\"@type\":\"EntryPoint\",\"urlTemplate\":\"https:\/\/www.noubarris.net\/web40\/?s={search_term_string}\"},\"query-input\":{\"@type\":\"PropertyValueSpecification\",\"valueRequired\":true,\"valueName\":\"search_term_string\"}}],\"inLanguage\":\"ca\"},{\"@type\":\"Organization\",\"@id\":\"https:\/\/www.noubarris.net\/web40\/#organization\",\"name\":\"NouBarris.Net\",\"url\":\"https:\/\/www.noubarris.net\/web40\/\",\"logo\":{\"@type\":\"ImageObject\",\"inLanguage\":\"ca\",\"@id\":\"https:\/\/www.noubarris.net\/web40\/#\/schema\/logo\/image\/\",\"url\":\"https:\/\/www.noubarris.net\/web40\/wp-content\/uploads\/2024\/11\/cropped-cropped-LOGO_9BTV-2024_Insta-1.jpg\",\"contentUrl\":\"https:\/\/www.noubarris.net\/web40\/wp-content\/uploads\/2024\/11\/cropped-cropped-LOGO_9BTV-2024_Insta-1.jpg\",\"width\":512,\"height\":512,\"caption\":\"NouBarris.Net\"},\"image\":{\"@id\":\"https:\/\/www.noubarris.net\/web40\/#\/schema\/logo\/image\/\"},\"sameAs\":[\"https:\/\/www.facebook.com\/NouBarris.net\/?locale=es_ES\",\"https:\/\/x.com\/9BTV\"]},{\"@type\":\"Person\",\"@id\":\"https:\/\/www.noubarris.net\/web40\/#\/schema\/person\/1827f92aaa316c54abbf4dac0de76069\",\"name\":\"Informatius\",\"image\":{\"@type\":\"ImageObject\",\"inLanguage\":\"ca\",\"@id\":\"https:\/\/www.noubarris.net\/web40\/#\/schema\/person\/image\/\",\"url\":\"https:\/\/secure.gravatar.com\/avatar\/87a3b47928835fc72c6ee5b0e1a7263ef0c2d05003a98189bc14926c5f11bcdb?s=96&d=mm&r=g\",\"contentUrl\":\"https:\/\/secure.gravatar.com\/avatar\/87a3b47928835fc72c6ee5b0e1a7263ef0c2d05003a98189bc14926c5f11bcdb?s=96&d=mm&r=g\",\"caption\":\"Informatius\"},\"url\":\"https:\/\/www.noubarris.net\/web40\/author\/tele\/\"}]}<\/script>\n<!-- \/ Yoast SEO plugin. -->","yoast_head_json":{"title":"Sessi\u00f3 informativa per la millora del carrer de la Mina de la Ciutat - NouBarris.Net","robots":{"index":"index","follow":"follow","max-snippet":"max-snippet:-1","max-image-preview":"max-image-preview:large","max-video-preview":"max-video-preview:-1"},"canonical":"https:\/\/www.noubarris.net\/web40\/sessio-informativa-per-la-millora-del-carrer-de-la-mina-de-la-ciutat\/","og_locale":"ca_ES","og_type":"article","og_title":"Sessi\u00f3 informativa per la millora del carrer de la Mina de la Ciutat - NouBarris.Net","og_description":"L&#8217;anterior reforma es va acabar l&#8217;agost de 2020 i no va acabar d&#8217;agradar del tot a bona part del ve\u00efnat\u00a0","og_url":"https:\/\/www.noubarris.net\/web40\/sessio-informativa-per-la-millora-del-carrer-de-la-mina-de-la-ciutat\/","og_site_name":"NouBarris.Net","article_publisher":"https:\/\/www.facebook.com\/NouBarris.net\/?locale=es_ES","article_published_time":"2023-02-28T22:00:30+00:00","og_image":[{"width":768,"height":432,"url":"https:\/\/www.noubarris.net\/web40\/wp-content\/uploads\/2023\/02\/010323.jpg","type":"image\/jpeg"}],"author":"Informatius","twitter_card":"summary_large_image","twitter_creator":"@9BTV","twitter_site":"@9BTV","twitter_misc":{"Escrit per":"Informatius","Temps estimat de lectura":"1 minut"},"schema":{"@context":"https:\/\/schema.org","@graph":[{"@type":"Article","@id":"https:\/\/www.noubarris.net\/web40\/sessio-informativa-per-la-millora-del-carrer-de-la-mina-de-la-ciutat\/#article","isPartOf":{"@id":"https:\/\/www.noubarris.net\/web40\/sessio-informativa-per-la-millora-del-carrer-de-la-mina-de-la-ciutat\/"},"author":{"name":"Informatius","@id":"https:\/\/www.noubarris.net\/web40\/#\/schema\/person\/1827f92aaa316c54abbf4dac0de76069"},"headline":"Sessi\u00f3 informativa per la millora del carrer de la Mina de la Ciutat","datePublished":"2023-02-28T22:00:30+00:00","mainEntityOfPage":{"@id":"https:\/\/www.noubarris.net\/web40\/sessio-informativa-per-la-millora-del-carrer-de-la-mina-de-la-ciutat\/"},"wordCount":269,"publisher":{"@id":"https:\/\/www.noubarris.net\/web40\/#organization"},"image":{"@id":"https:\/\/www.noubarris.net\/web40\/sessio-informativa-per-la-millora-del-carrer-de-la-mina-de-la-ciutat\/#primaryimage"},"thumbnailUrl":"https:\/\/www.noubarris.net\/web40\/wp-content\/uploads\/2023\/02\/010323.jpg","keywords":["AV Roquetes","Participaci\u00f3","roquetes","Urbanisme"],"articleSection":["Les Roquetes","Nou Barris","Urbanisme"],"inLanguage":"ca"},{"@type":"WebPage","@id":"https:\/\/www.noubarris.net\/web40\/sessio-informativa-per-la-millora-del-carrer-de-la-mina-de-la-ciutat\/","url":"https:\/\/www.noubarris.net\/web40\/sessio-informativa-per-la-millora-del-carrer-de-la-mina-de-la-ciutat\/","name":"Sessi\u00f3 informativa per la millora del carrer de la Mina de la Ciutat - NouBarris.Net","isPartOf":{"@id":"https:\/\/www.noubarris.net\/web40\/#website"},"primaryImageOfPage":{"@id":"https:\/\/www.noubarris.net\/web40\/sessio-informativa-per-la-millora-del-carrer-de-la-mina-de-la-ciutat\/#primaryimage"},"image":{"@id":"https:\/\/www.noubarris.net\/web40\/sessio-informativa-per-la-millora-del-carrer-de-la-mina-de-la-ciutat\/#primaryimage"},"thumbnailUrl":"https:\/\/www.noubarris.net\/web40\/wp-content\/uploads\/2023\/02\/010323.jpg","datePublished":"2023-02-28T22:00:30+00:00","breadcrumb":{"@id":"https:\/\/www.noubarris.net\/web40\/sessio-informativa-per-la-millora-del-carrer-de-la-mina-de-la-ciutat\/#breadcrumb"},"inLanguage":"ca","potentialAction":[{"@type":"ReadAction","target":["https:\/\/www.noubarris.net\/web40\/sessio-informativa-per-la-millora-del-carrer-de-la-mina-de-la-ciutat\/"]}]},{"@type":"ImageObject","inLanguage":"ca","@id":"https:\/\/www.noubarris.net\/web40\/sessio-informativa-per-la-millora-del-carrer-de-la-mina-de-la-ciutat\/#primaryimage","url":"https:\/\/www.noubarris.net\/web40\/wp-content\/uploads\/2023\/02\/010323.jpg","contentUrl":"https:\/\/www.noubarris.net\/web40\/wp-content\/uploads\/2023\/02\/010323.jpg","width":768,"height":432},{"@type":"BreadcrumbList","@id":"https:\/\/www.noubarris.net\/web40\/sessio-informativa-per-la-millora-del-carrer-de-la-mina-de-la-ciutat\/#breadcrumb","itemListElement":[{"@type":"ListItem","position":1,"name":"Inici","item":"https:\/\/www.noubarris.net\/web40\/"},{"@type":"ListItem","position":2,"name":"Sessi\u00f3 informativa per la millora del carrer de la Mina de la Ciutat"}]},{"@type":"WebSite","@id":"https:\/\/www.noubarris.net\/web40\/#website","url":"https:\/\/www.noubarris.net\/web40\/","name":"NouBarris.Net","description":"Seguint la vida de Nou Barris des de 1985","publisher":{"@id":"https:\/\/www.noubarris.net\/web40\/#organization"},"potentialAction":[{"@type":"SearchAction","target":{"@type":"EntryPoint","urlTemplate":"https:\/\/www.noubarris.net\/web40\/?s={search_term_string}"},"query-input":{"@type":"PropertyValueSpecification","valueRequired":true,"valueName":"search_term_string"}}],"inLanguage":"ca"},{"@type":"Organization","@id":"https:\/\/www.noubarris.net\/web40\/#organization","name":"NouBarris.Net","url":"https:\/\/www.noubarris.net\/web40\/","logo":{"@type":"ImageObject","inLanguage":"ca","@id":"https:\/\/www.noubarris.net\/web40\/#\/schema\/logo\/image\/","url":"https:\/\/www.noubarris.net\/web40\/wp-content\/uploads\/2024\/11\/cropped-cropped-LOGO_9BTV-2024_Insta-1.jpg","contentUrl":"https:\/\/www.noubarris.net\/web40\/wp-content\/uploads\/2024\/11\/cropped-cropped-LOGO_9BTV-2024_Insta-1.jpg","width":512,"height":512,"caption":"NouBarris.Net"},"image":{"@id":"https:\/\/www.noubarris.net\/web40\/#\/schema\/logo\/image\/"},"sameAs":["https:\/\/www.facebook.com\/NouBarris.net\/?locale=es_ES","https:\/\/x.com\/9BTV"]},{"@type":"Person","@id":"https:\/\/www.noubarris.net\/web40\/#\/schema\/person\/1827f92aaa316c54abbf4dac0de76069","name":"Informatius","image":{"@type":"ImageObject","inLanguage":"ca","@id":"https:\/\/www.noubarris.net\/web40\/#\/schema\/person\/image\/","url":"https:\/\/secure.gravatar.com\/avatar\/87a3b47928835fc72c6ee5b0e1a7263ef0c2d05003a98189bc14926c5f11bcdb?s=96&d=mm&r=g","contentUrl":"https:\/\/secure.gravatar.com\/avatar\/87a3b47928835fc72c6ee5b0e1a7263ef0c2d05003a98189bc14926c5f11bcdb?s=96&d=mm&r=g","caption":"Informatius"},"url":"https:\/\/www.noubarris.net\/web40\/author\/tele\/"}]}},"_links":{"self":[{"href":"https:\/\/www.noubarris.net\/web40\/wp-json\/wp\/v2\/posts\/80584","targetHints":{"allow":["GET"]}}],"collection":[{"href":"https:\/\/www.noubarris.net\/web40\/wp-json\/wp\/v2\/posts"}],"about":[{"href":"https:\/\/www.noubarris.net\/web40\/wp-json\/wp\/v2\/types\/post"}],"author":[{"embeddable":true,"href":"https:\/\/www.noubarris.net\/web40\/wp-json\/wp\/v2\/users\/2"}],"replies":[{"embeddable":true,"href":"https:\/\/www.noubarris.net\/web40\/wp-json\/wp\/v2\/comments?post=80584"}],"version-history":[{"count":1,"href":"https:\/\/www.noubarris.net\/web40\/wp-json\/wp\/v2\/posts\/80584\/revisions"}],"predecessor-version":[{"id":80586,"href":"https:\/\/www.noubarris.net\/web40\/wp-json\/wp\/v2\/posts\/80584\/revisions\/80586"}],"wp:featuredmedia":[{"embeddable":true,"href":"https:\/\/www.noubarris.net\/web40\/wp-json\/wp\/v2\/media\/80585"}],"wp:attachment":[{"href":"https:\/\/www.noubarris.net\/web40\/wp-json\/wp\/v2\/media?parent=80584"}],"wp:term":[{"taxonomy":"category","embeddable":true,"href":"https:\/\/www.noubarris.net\/web40\/wp-json\/wp\/v2\/categories?post=80584"},{"taxonomy":"post_tag","embeddable":true,"href":"https:\/\/www.noubarris.net\/web40\/wp-json\/wp\/v2\/tags?post=80584"}],"curies":[{"name":"wp","href":"https:\/\/api.w.org\/{rel}","templated":true}]}}