{"id":80589,"date":"2023-03-02T17:38:16","date_gmt":"2023-03-02T15:38:16","guid":{"rendered":"http:\/\/www.noubarris.net\/web40\/?p=80589"},"modified":"2023-03-02T17:38:16","modified_gmt":"2023-03-02T15:38:16","slug":"activat-el-protocol-per-situacio-de-sequera-de-barcelona-en-fase-dexcepcionalitat","status":"publish","type":"post","link":"https:\/\/www.noubarris.net\/web40\/activat-el-protocol-per-situacio-de-sequera-de-barcelona-en-fase-dexcepcionalitat\/","title":{"rendered":"Activat el Protocol per situaci\u00f3 de sequera de Barcelona en fase d\u2019excepcionalitat"},"content":{"rendered":"<p><strong>S&#8217;estableixen accions d\u2019estalvi d\u2019aigua potable en serveis i activitats com espais verds, fonts ornamentals, neteja urbana, instal\u00b7lacions esportives, piscines i neteja de vehicles<\/strong><\/p>\n<p>Davant l\u2019escassetat actual de recursos h\u00eddrics, l\u2019Ag\u00e8ncia Catalana de l\u2019Aigua ha decretat l\u2019excepcionalitat hidrol\u00f2gica de la conca del Ter-Llobregat, que alimenta la ciutat de Barcelona, motiu pel qual el Protocol d\u2019actuaci\u00f3 per situaci\u00f3 de sequera de la ciutat passa a fase d&#8217;excepcionalitat. El protocol estableix accions concretes d\u2019estalvi d\u2019aigua potable en serveis o activitats com els espais verds, les fonts ornamentals, la neteja urbana, les instal\u00b7lacions esportives i les piscines i la neteja de vehicles, amb l\u2019objectiu de reduir el consum habitual d\u2019aigua un 15% en l\u2019\u00fas domiciliari, comercial, industrial i en altres usos recreatius i un 50% en l\u2019\u00fas recreatiu que impliqui reg.<\/p>\n<p>L\u2019aplicaci\u00f3 de la\u00a0fase d\u2019alerta del Protocol d\u2019actuaci\u00f3 per situaci\u00f3 de sequera de la ciutat\u00a0implica noves limitacions en l\u2019\u00fas d\u2019aigua potable:<\/p>\n<ul>\n<li>Jardins i espais verds<\/li>\n<\/ul>\n<p>Es\u00a0prohibeix el reg\u00a0amb aigua potable en jardins i zones verdes, tant p\u00fablics com privats.<br \/>\nNom\u00e9s es permet el reg de superviv\u00e8ncia\u00a0d\u2019arbres o plantes: amb gota a gota o regadora i en horari 20.00 a 8.00 hores.<br \/>\nEs\u00a0garanteix la plantaci\u00f3 d\u2019arbustos i arbres als carrers en obres\u00a0perqu\u00e8 es tracta de zones que incorporen un sistema de reg gota a gota o amb aigua fre\u00e0tica.<br \/>\nAquestes mesures permeten un estalvi directe del 47,8% de l\u2019aigua potable que es fa servir per regar a la ciutat, un total d\u20191,43 hect\u00f2metres c\u00fabics l\u2019any. Es treballar\u00e0 perqu\u00e8 la resta d\u2019aigua emprada en el reg passi a ser fre\u00e0tica.<\/p>\n<ul>\n<li>Fonts<\/li>\n<\/ul>\n<p>S\u2019aturen totalment els brolladors\u00a0de les fonts ornamentals.<br \/>\nCom a \u00fanica excepci\u00f3, en llacs artificials es permetr\u00e0 el m\u00ednim \u00fas d\u2019aigua potable\u00a0imprescindible per mantenir-hi la vida aqu\u00e0tica.<\/p>\n<ul>\n<li>Neteja urbana<\/li>\n<\/ul>\n<p>La neteja de carrers, clavegueram, paviments, fa\u00e7anes i similars per part dels serveis municipals es realitzar\u00e0 amb la m\u00ednima despesa d\u2019aigua indispensable i evitant, quan sigui possible, l\u2019\u00fas d\u2019aigua potable. Actualment,\u00a0aquestes mesures ja s\u2019apliquen a la ciutat, que s\u2019ha avan\u00e7at als requisits\u00a0de l\u2019Ag\u00e8ncia Catalana de l\u2019Aigua: el 80% del servei de neteja de carrers i places ja es fa amb aigua fre\u00e0tica, que s\u2019ampliar\u00e0 al 100%. Per tant, no es preveuen grans afectacions en el servei.<br \/>\nEs\u00a0prohibeix a particulars la neteja de carrers, paviments, fa\u00e7anes, terrasses i similars utilitzant\u00a0m\u00e0negues d\u2019aigua.<\/p>\n<ul>\n<li>Rentat de vehicles<\/li>\n<\/ul>\n<p>Nom\u00e9s\u00a0es permet la neteja de vehicles\u00a0en els establiments comercials\u00a0que ja disposen de sistemes de recirculaci\u00f3 d\u2019aigua.<br \/>\nFora d\u2019aquests establiments, nom\u00e9s se\u2019n poden rentar amb esponja i galleda els vidres, retrovisors i llums i les plaques de matr\u00edcula. Est\u00e0 prohibit netejar amb m\u00e0nega.- &#8211;<\/p>\n<ul>\n<li>Instal\u00b7lacions esportives i piscines<\/li>\n<\/ul>\n<p>Amb aigua potable\u00a0nom\u00e9s es poden regar els camps esportius de gespa d\u2019esport federat, amb un m\u00e0xim de 450 m3\/ha\/mes. Es poden regar les superf\u00edcies que fan servir recursos h\u00eddrics alternatius, i disposen de les autoritzacions corresponents.<br \/>\nEs\u00a0prohibeix omplir piscines, amb dues excepcions.<\/p>\n<p>La ciutat, que t\u00e9 un\u00a0consum mitj\u00e0 de 103 litres d\u2019aigua per habitant al dia, molt inferior a la mitjana\u00a0espanyola, de 134 litres, ha millorat en resili\u00e8ncia i est\u00e0 preparada per fer front a la sequera, per aix\u00f2 no hi haur\u00e0 afectacions rellevants a les llars.<\/p>\n","protected":false},"excerpt":{"rendered":"<p>S&#8217;estableixen accions d\u2019estalvi d\u2019aigua potable en serveis i activitats com espais verds, fonts ornamentals, neteja urbana, instal\u00b7lacions esportives, piscines i<\/p>\n","protected":false},"author":2,"featured_media":80590,"comment_status":"closed","ping_status":"closed","sticky":false,"template":"","format":"standard","meta":{"colormag_page_layout":"default_layout","_monsterinsights_skip_tracking":false,"_monsterinsights_sitenote_active":false,"_monsterinsights_sitenote_note":"","_monsterinsights_sitenote_category":0,"footnotes":""},"categories":[1,124],"tags":[352,319],"class_list":["post-80589","post","type-post","status-publish","format-standard","has-post-thumbnail","hentry","category-nou-barris","category-societat","tag-medi-ambient","tag-nou-barris"],"yoast_head":"<!-- This site is optimized with the Yoast SEO plugin v25.3 - https:\/\/yoast.com\/wordpress\/plugins\/seo\/ -->\n<title>Activat el Protocol per situaci\u00f3 de sequera de Barcelona en fase d\u2019excepcionalitat - NouBarris.Net<\/title>\n<meta name=\"robots\" content=\"index, follow, max-snippet:-1, max-image-preview:large, max-video-preview:-1\" \/>\n<link rel=\"canonical\" href=\"https:\/\/www.noubarris.net\/web40\/activat-el-protocol-per-situacio-de-sequera-de-barcelona-en-fase-dexcepcionalitat\/\" \/>\n<meta property=\"og:locale\" content=\"ca_ES\" \/>\n<meta property=\"og:type\" content=\"article\" \/>\n<meta property=\"og:title\" content=\"Activat el Protocol per situaci\u00f3 de sequera de Barcelona en fase d\u2019excepcionalitat - NouBarris.Net\" \/>\n<meta property=\"og:description\" content=\"S&#8217;estableixen accions d\u2019estalvi d\u2019aigua potable en serveis i activitats com espais verds, fonts ornamentals, neteja urbana, instal\u00b7lacions esportives, piscines i\" \/>\n<meta property=\"og:url\" content=\"https:\/\/www.noubarris.net\/web40\/activat-el-protocol-per-situacio-de-sequera-de-barcelona-en-fase-dexcepcionalitat\/\" \/>\n<meta property=\"og:site_name\" content=\"NouBarris.Net\" \/>\n<meta property=\"article:publisher\" content=\"https:\/\/www.facebook.com\/NouBarris.net\/?locale=es_ES\" \/>\n<meta property=\"article:published_time\" content=\"2023-03-02T15:38:16+00:00\" \/>\n<meta property=\"og:image\" content=\"https:\/\/www.noubarris.net\/web40\/wp-content\/uploads\/2023\/03\/020323.jpg\" \/>\n\t<meta property=\"og:image:width\" content=\"768\" \/>\n\t<meta property=\"og:image:height\" content=\"432\" \/>\n\t<meta property=\"og:image:type\" content=\"image\/jpeg\" \/>\n<meta name=\"author\" content=\"Informatius\" \/>\n<meta name=\"twitter:card\" content=\"summary_large_image\" \/>\n<meta name=\"twitter:creator\" content=\"@9BTV\" \/>\n<meta name=\"twitter:site\" content=\"@9BTV\" \/>\n<meta name=\"twitter:label1\" content=\"Escrit per\" \/>\n\t<meta name=\"twitter:data1\" content=\"Informatius\" \/>\n\t<meta name=\"twitter:label2\" content=\"Temps estimat de lectura\" \/>\n\t<meta name=\"twitter:data2\" content=\"3 minuts\" \/>\n<script type=\"application\/ld+json\" class=\"yoast-schema-graph\">{\"@context\":\"https:\/\/schema.org\",\"@graph\":[{\"@type\":\"Article\",\"@id\":\"https:\/\/www.noubarris.net\/web40\/activat-el-protocol-per-situacio-de-sequera-de-barcelona-en-fase-dexcepcionalitat\/#article\",\"isPartOf\":{\"@id\":\"https:\/\/www.noubarris.net\/web40\/activat-el-protocol-per-situacio-de-sequera-de-barcelona-en-fase-dexcepcionalitat\/\"},\"author\":{\"name\":\"Informatius\",\"@id\":\"https:\/\/www.noubarris.net\/web40\/#\/schema\/person\/1827f92aaa316c54abbf4dac0de76069\"},\"headline\":\"Activat el Protocol per situaci\u00f3 de sequera de Barcelona en fase d\u2019excepcionalitat\",\"datePublished\":\"2023-03-02T15:38:16+00:00\",\"mainEntityOfPage\":{\"@id\":\"https:\/\/www.noubarris.net\/web40\/activat-el-protocol-per-situacio-de-sequera-de-barcelona-en-fase-dexcepcionalitat\/\"},\"wordCount\":608,\"publisher\":{\"@id\":\"https:\/\/www.noubarris.net\/web40\/#organization\"},\"image\":{\"@id\":\"https:\/\/www.noubarris.net\/web40\/activat-el-protocol-per-situacio-de-sequera-de-barcelona-en-fase-dexcepcionalitat\/#primaryimage\"},\"thumbnailUrl\":\"https:\/\/www.noubarris.net\/web40\/wp-content\/uploads\/2023\/03\/020323.jpg\",\"keywords\":[\"Medi ambient\",\"Nou Barris\"],\"articleSection\":[\"Nou Barris\",\"Societat\"],\"inLanguage\":\"ca\"},{\"@type\":\"WebPage\",\"@id\":\"https:\/\/www.noubarris.net\/web40\/activat-el-protocol-per-situacio-de-sequera-de-barcelona-en-fase-dexcepcionalitat\/\",\"url\":\"https:\/\/www.noubarris.net\/web40\/activat-el-protocol-per-situacio-de-sequera-de-barcelona-en-fase-dexcepcionalitat\/\",\"name\":\"Activat el Protocol per situaci\u00f3 de sequera de Barcelona en fase d\u2019excepcionalitat - NouBarris.Net\",\"isPartOf\":{\"@id\":\"https:\/\/www.noubarris.net\/web40\/#website\"},\"primaryImageOfPage\":{\"@id\":\"https:\/\/www.noubarris.net\/web40\/activat-el-protocol-per-situacio-de-sequera-de-barcelona-en-fase-dexcepcionalitat\/#primaryimage\"},\"image\":{\"@id\":\"https:\/\/www.noubarris.net\/web40\/activat-el-protocol-per-situacio-de-sequera-de-barcelona-en-fase-dexcepcionalitat\/#primaryimage\"},\"thumbnailUrl\":\"https:\/\/www.noubarris.net\/web40\/wp-content\/uploads\/2023\/03\/020323.jpg\",\"datePublished\":\"2023-03-02T15:38:16+00:00\",\"breadcrumb\":{\"@id\":\"https:\/\/www.noubarris.net\/web40\/activat-el-protocol-per-situacio-de-sequera-de-barcelona-en-fase-dexcepcionalitat\/#breadcrumb\"},\"inLanguage\":\"ca\",\"potentialAction\":[{\"@type\":\"ReadAction\",\"target\":[\"https:\/\/www.noubarris.net\/web40\/activat-el-protocol-per-situacio-de-sequera-de-barcelona-en-fase-dexcepcionalitat\/\"]}]},{\"@type\":\"ImageObject\",\"inLanguage\":\"ca\",\"@id\":\"https:\/\/www.noubarris.net\/web40\/activat-el-protocol-per-situacio-de-sequera-de-barcelona-en-fase-dexcepcionalitat\/#primaryimage\",\"url\":\"https:\/\/www.noubarris.net\/web40\/wp-content\/uploads\/2023\/03\/020323.jpg\",\"contentUrl\":\"https:\/\/www.noubarris.net\/web40\/wp-content\/uploads\/2023\/03\/020323.jpg\",\"width\":768,\"height\":432},{\"@type\":\"BreadcrumbList\",\"@id\":\"https:\/\/www.noubarris.net\/web40\/activat-el-protocol-per-situacio-de-sequera-de-barcelona-en-fase-dexcepcionalitat\/#breadcrumb\",\"itemListElement\":[{\"@type\":\"ListItem\",\"position\":1,\"name\":\"Inici\",\"item\":\"https:\/\/www.noubarris.net\/web40\/\"},{\"@type\":\"ListItem\",\"position\":2,\"name\":\"Activat el Protocol per situaci\u00f3 de sequera de Barcelona en fase d\u2019excepcionalitat\"}]},{\"@type\":\"WebSite\",\"@id\":\"https:\/\/www.noubarris.net\/web40\/#website\",\"url\":\"https:\/\/www.noubarris.net\/web40\/\",\"name\":\"NouBarris.Net\",\"description\":\"Seguint la vida de Nou Barris des de 1985\",\"publisher\":{\"@id\":\"https:\/\/www.noubarris.net\/web40\/#organization\"},\"potentialAction\":[{\"@type\":\"SearchAction\",\"target\":{\"@type\":\"EntryPoint\",\"urlTemplate\":\"https:\/\/www.noubarris.net\/web40\/?s={search_term_string}\"},\"query-input\":{\"@type\":\"PropertyValueSpecification\",\"valueRequired\":true,\"valueName\":\"search_term_string\"}}],\"inLanguage\":\"ca\"},{\"@type\":\"Organization\",\"@id\":\"https:\/\/www.noubarris.net\/web40\/#organization\",\"name\":\"NouBarris.Net\",\"url\":\"https:\/\/www.noubarris.net\/web40\/\",\"logo\":{\"@type\":\"ImageObject\",\"inLanguage\":\"ca\",\"@id\":\"https:\/\/www.noubarris.net\/web40\/#\/schema\/logo\/image\/\",\"url\":\"https:\/\/www.noubarris.net\/web40\/wp-content\/uploads\/2024\/11\/cropped-cropped-LOGO_9BTV-2024_Insta-1.jpg\",\"contentUrl\":\"https:\/\/www.noubarris.net\/web40\/wp-content\/uploads\/2024\/11\/cropped-cropped-LOGO_9BTV-2024_Insta-1.jpg\",\"width\":512,\"height\":512,\"caption\":\"NouBarris.Net\"},\"image\":{\"@id\":\"https:\/\/www.noubarris.net\/web40\/#\/schema\/logo\/image\/\"},\"sameAs\":[\"https:\/\/www.facebook.com\/NouBarris.net\/?locale=es_ES\",\"https:\/\/x.com\/9BTV\"]},{\"@type\":\"Person\",\"@id\":\"https:\/\/www.noubarris.net\/web40\/#\/schema\/person\/1827f92aaa316c54abbf4dac0de76069\",\"name\":\"Informatius\",\"image\":{\"@type\":\"ImageObject\",\"inLanguage\":\"ca\",\"@id\":\"https:\/\/www.noubarris.net\/web40\/#\/schema\/person\/image\/\",\"url\":\"https:\/\/secure.gravatar.com\/avatar\/87a3b47928835fc72c6ee5b0e1a7263ef0c2d05003a98189bc14926c5f11bcdb?s=96&d=mm&r=g\",\"contentUrl\":\"https:\/\/secure.gravatar.com\/avatar\/87a3b47928835fc72c6ee5b0e1a7263ef0c2d05003a98189bc14926c5f11bcdb?s=96&d=mm&r=g\",\"caption\":\"Informatius\"},\"url\":\"https:\/\/www.noubarris.net\/web40\/author\/tele\/\"}]}<\/script>\n<!-- \/ Yoast SEO plugin. -->","yoast_head_json":{"title":"Activat el Protocol per situaci\u00f3 de sequera de Barcelona en fase d\u2019excepcionalitat - NouBarris.Net","robots":{"index":"index","follow":"follow","max-snippet":"max-snippet:-1","max-image-preview":"max-image-preview:large","max-video-preview":"max-video-preview:-1"},"canonical":"https:\/\/www.noubarris.net\/web40\/activat-el-protocol-per-situacio-de-sequera-de-barcelona-en-fase-dexcepcionalitat\/","og_locale":"ca_ES","og_type":"article","og_title":"Activat el Protocol per situaci\u00f3 de sequera de Barcelona en fase d\u2019excepcionalitat - NouBarris.Net","og_description":"S&#8217;estableixen accions d\u2019estalvi d\u2019aigua potable en serveis i activitats com espais verds, fonts ornamentals, neteja urbana, instal\u00b7lacions esportives, piscines i","og_url":"https:\/\/www.noubarris.net\/web40\/activat-el-protocol-per-situacio-de-sequera-de-barcelona-en-fase-dexcepcionalitat\/","og_site_name":"NouBarris.Net","article_publisher":"https:\/\/www.facebook.com\/NouBarris.net\/?locale=es_ES","article_published_time":"2023-03-02T15:38:16+00:00","og_image":[{"width":768,"height":432,"url":"https:\/\/www.noubarris.net\/web40\/wp-content\/uploads\/2023\/03\/020323.jpg","type":"image\/jpeg"}],"author":"Informatius","twitter_card":"summary_large_image","twitter_creator":"@9BTV","twitter_site":"@9BTV","twitter_misc":{"Escrit per":"Informatius","Temps estimat de lectura":"3 minuts"},"schema":{"@context":"https:\/\/schema.org","@graph":[{"@type":"Article","@id":"https:\/\/www.noubarris.net\/web40\/activat-el-protocol-per-situacio-de-sequera-de-barcelona-en-fase-dexcepcionalitat\/#article","isPartOf":{"@id":"https:\/\/www.noubarris.net\/web40\/activat-el-protocol-per-situacio-de-sequera-de-barcelona-en-fase-dexcepcionalitat\/"},"author":{"name":"Informatius","@id":"https:\/\/www.noubarris.net\/web40\/#\/schema\/person\/1827f92aaa316c54abbf4dac0de76069"},"headline":"Activat el Protocol per situaci\u00f3 de sequera de Barcelona en fase d\u2019excepcionalitat","datePublished":"2023-03-02T15:38:16+00:00","mainEntityOfPage":{"@id":"https:\/\/www.noubarris.net\/web40\/activat-el-protocol-per-situacio-de-sequera-de-barcelona-en-fase-dexcepcionalitat\/"},"wordCount":608,"publisher":{"@id":"https:\/\/www.noubarris.net\/web40\/#organization"},"image":{"@id":"https:\/\/www.noubarris.net\/web40\/activat-el-protocol-per-situacio-de-sequera-de-barcelona-en-fase-dexcepcionalitat\/#primaryimage"},"thumbnailUrl":"https:\/\/www.noubarris.net\/web40\/wp-content\/uploads\/2023\/03\/020323.jpg","keywords":["Medi ambient","Nou Barris"],"articleSection":["Nou Barris","Societat"],"inLanguage":"ca"},{"@type":"WebPage","@id":"https:\/\/www.noubarris.net\/web40\/activat-el-protocol-per-situacio-de-sequera-de-barcelona-en-fase-dexcepcionalitat\/","url":"https:\/\/www.noubarris.net\/web40\/activat-el-protocol-per-situacio-de-sequera-de-barcelona-en-fase-dexcepcionalitat\/","name":"Activat el Protocol per situaci\u00f3 de sequera de Barcelona en fase d\u2019excepcionalitat - NouBarris.Net","isPartOf":{"@id":"https:\/\/www.noubarris.net\/web40\/#website"},"primaryImageOfPage":{"@id":"https:\/\/www.noubarris.net\/web40\/activat-el-protocol-per-situacio-de-sequera-de-barcelona-en-fase-dexcepcionalitat\/#primaryimage"},"image":{"@id":"https:\/\/www.noubarris.net\/web40\/activat-el-protocol-per-situacio-de-sequera-de-barcelona-en-fase-dexcepcionalitat\/#primaryimage"},"thumbnailUrl":"https:\/\/www.noubarris.net\/web40\/wp-content\/uploads\/2023\/03\/020323.jpg","datePublished":"2023-03-02T15:38:16+00:00","breadcrumb":{"@id":"https:\/\/www.noubarris.net\/web40\/activat-el-protocol-per-situacio-de-sequera-de-barcelona-en-fase-dexcepcionalitat\/#breadcrumb"},"inLanguage":"ca","potentialAction":[{"@type":"ReadAction","target":["https:\/\/www.noubarris.net\/web40\/activat-el-protocol-per-situacio-de-sequera-de-barcelona-en-fase-dexcepcionalitat\/"]}]},{"@type":"ImageObject","inLanguage":"ca","@id":"https:\/\/www.noubarris.net\/web40\/activat-el-protocol-per-situacio-de-sequera-de-barcelona-en-fase-dexcepcionalitat\/#primaryimage","url":"https:\/\/www.noubarris.net\/web40\/wp-content\/uploads\/2023\/03\/020323.jpg","contentUrl":"https:\/\/www.noubarris.net\/web40\/wp-content\/uploads\/2023\/03\/020323.jpg","width":768,"height":432},{"@type":"BreadcrumbList","@id":"https:\/\/www.noubarris.net\/web40\/activat-el-protocol-per-situacio-de-sequera-de-barcelona-en-fase-dexcepcionalitat\/#breadcrumb","itemListElement":[{"@type":"ListItem","position":1,"name":"Inici","item":"https:\/\/www.noubarris.net\/web40\/"},{"@type":"ListItem","position":2,"name":"Activat el Protocol per situaci\u00f3 de sequera de Barcelona en fase d\u2019excepcionalitat"}]},{"@type":"WebSite","@id":"https:\/\/www.noubarris.net\/web40\/#website","url":"https:\/\/www.noubarris.net\/web40\/","name":"NouBarris.Net","description":"Seguint la vida de Nou Barris des de 1985","publisher":{"@id":"https:\/\/www.noubarris.net\/web40\/#organization"},"potentialAction":[{"@type":"SearchAction","target":{"@type":"EntryPoint","urlTemplate":"https:\/\/www.noubarris.net\/web40\/?s={search_term_string}"},"query-input":{"@type":"PropertyValueSpecification","valueRequired":true,"valueName":"search_term_string"}}],"inLanguage":"ca"},{"@type":"Organization","@id":"https:\/\/www.noubarris.net\/web40\/#organization","name":"NouBarris.Net","url":"https:\/\/www.noubarris.net\/web40\/","logo":{"@type":"ImageObject","inLanguage":"ca","@id":"https:\/\/www.noubarris.net\/web40\/#\/schema\/logo\/image\/","url":"https:\/\/www.noubarris.net\/web40\/wp-content\/uploads\/2024\/11\/cropped-cropped-LOGO_9BTV-2024_Insta-1.jpg","contentUrl":"https:\/\/www.noubarris.net\/web40\/wp-content\/uploads\/2024\/11\/cropped-cropped-LOGO_9BTV-2024_Insta-1.jpg","width":512,"height":512,"caption":"NouBarris.Net"},"image":{"@id":"https:\/\/www.noubarris.net\/web40\/#\/schema\/logo\/image\/"},"sameAs":["https:\/\/www.facebook.com\/NouBarris.net\/?locale=es_ES","https:\/\/x.com\/9BTV"]},{"@type":"Person","@id":"https:\/\/www.noubarris.net\/web40\/#\/schema\/person\/1827f92aaa316c54abbf4dac0de76069","name":"Informatius","image":{"@type":"ImageObject","inLanguage":"ca","@id":"https:\/\/www.noubarris.net\/web40\/#\/schema\/person\/image\/","url":"https:\/\/secure.gravatar.com\/avatar\/87a3b47928835fc72c6ee5b0e1a7263ef0c2d05003a98189bc14926c5f11bcdb?s=96&d=mm&r=g","contentUrl":"https:\/\/secure.gravatar.com\/avatar\/87a3b47928835fc72c6ee5b0e1a7263ef0c2d05003a98189bc14926c5f11bcdb?s=96&d=mm&r=g","caption":"Informatius"},"url":"https:\/\/www.noubarris.net\/web40\/author\/tele\/"}]}},"_links":{"self":[{"href":"https:\/\/www.noubarris.net\/web40\/wp-json\/wp\/v2\/posts\/80589","targetHints":{"allow":["GET"]}}],"collection":[{"href":"https:\/\/www.noubarris.net\/web40\/wp-json\/wp\/v2\/posts"}],"about":[{"href":"https:\/\/www.noubarris.net\/web40\/wp-json\/wp\/v2\/types\/post"}],"author":[{"embeddable":true,"href":"https:\/\/www.noubarris.net\/web40\/wp-json\/wp\/v2\/users\/2"}],"replies":[{"embeddable":true,"href":"https:\/\/www.noubarris.net\/web40\/wp-json\/wp\/v2\/comments?post=80589"}],"version-history":[{"count":1,"href":"https:\/\/www.noubarris.net\/web40\/wp-json\/wp\/v2\/posts\/80589\/revisions"}],"predecessor-version":[{"id":80591,"href":"https:\/\/www.noubarris.net\/web40\/wp-json\/wp\/v2\/posts\/80589\/revisions\/80591"}],"wp:featuredmedia":[{"embeddable":true,"href":"https:\/\/www.noubarris.net\/web40\/wp-json\/wp\/v2\/media\/80590"}],"wp:attachment":[{"href":"https:\/\/www.noubarris.net\/web40\/wp-json\/wp\/v2\/media?parent=80589"}],"wp:term":[{"taxonomy":"category","embeddable":true,"href":"https:\/\/www.noubarris.net\/web40\/wp-json\/wp\/v2\/categories?post=80589"},{"taxonomy":"post_tag","embeddable":true,"href":"https:\/\/www.noubarris.net\/web40\/wp-json\/wp\/v2\/tags?post=80589"}],"curies":[{"name":"wp","href":"https:\/\/api.w.org\/{rel}","templated":true}]}}