{"id":80594,"date":"2023-03-03T00:00:46","date_gmt":"2023-03-02T22:00:46","guid":{"rendered":"http:\/\/www.noubarris.net\/web40\/?p=80594"},"modified":"2023-03-02T17:54:50","modified_gmt":"2023-03-02T15:54:50","slug":"can-baste-acull-a-nou-barris-la-segona-edicio-del-temporals","status":"publish","type":"post","link":"https:\/\/www.noubarris.net\/web40\/can-baste-acull-a-nou-barris-la-segona-edicio-del-temporals\/","title":{"rendered":"Can Bast\u00e9 acull a Nou Barris la segona edici\u00f3 del Temporals"},"content":{"rendered":"<p><strong>S&#8217;obre el termini per presentar propostes per a l\u2019any vinent d\u2019aquest circuit estable d\u2019exposicions itinerants<\/strong><\/p>\n<p>La segona edici\u00f3 del circuit estable d\u2019exposicions itinerants &#8216;Temporals&#8217;\u00a0presenta\u00a0vuit projectes expositius\u00a0que reflexionen sobre la relaci\u00f3 amb l\u2019entorn on vivim, el paper de la natura i com interpretem la ciutat, al\u00b7ludint a determinats fets hist\u00f2rics del passat, per\u00f2 alhora descobrint quins s\u00f3n els imaginaris col\u00b7lectius de futur.<\/p>\n<p>Fins al 22 de desembre d\u2019enguany, podreu visitar les exposicions i participar en les activitats complement\u00e0ries com &#8216;Estudio sobre la monarquia&#8217;\u00a0de\u00a0Marta Pareja Cobos, guanyadora del\u00a015\u00e8 F\u00f2rum Fotogr\u00e0fic\u00a0de\u00a0Can Bast\u00e9;\u00a0precisament, aquest equipament \u00e9s un dels que allotja aquest circuit estable d\u2019exposicions itinerants.\u00a0<a href=\"https:\/\/ajuntament.barcelona.cat\/centrescivics\/ca\/projecte\/temporals-2023#projecte-activitats\" target=\"_blank\" rel=\"noopener\">En aquest enlla\u00e7<\/a>\u00a0trobareu la programaci\u00f3 completa.<\/p>\n<p>A banda de les\u00a0exposicions, cada proposta s\u2019acompanya d\u2019un seguit\u00a0activitats i experi\u00e8ncies participatives gratu\u00eftes\u00a0organitzades amb col\u00b7lectius, entitats i grups dels barris que les acullen.<\/p>\n<p>En paral\u00b7lel, ja \u00e9s obert el termini per a l\u2019edici\u00f3 de l\u2019any vinent. Es busquen projectes tant d\u2019artistes o col\u00b7lectius com de comissariat, que s\u2019emmarquin dins de qualsevol de les tend\u00e8ncies de les arts visuals actuals (videoarts, arts pl\u00e0stiques, fotografia, pr\u00e0ctiques digitals, performance\u2026), que plantegin temes vinculats a l\u2019actualitat i desenvolupin l\u00ednies de pensament contemporani. Els projectes han d\u2019estar pensats per implicar la comunitat m\u00e9s propera al centre on s\u2019exposar\u00e0.<\/p>\n<p>Els projectes seleccionats es programaran durant el 2024 en un m\u00ednim de tres centres. Per tant, hauran de tenir la capacitat d\u2019adaptar-se a les diverses realitats i espais expositius.<\/p>\n<p>Les\u00a0bases de participaci\u00f3\u00a0i els criteris de selecci\u00f3 els podeu trobar en\u00a0<a href=\"https:\/\/ajuntament.barcelona.cat\/centrescivics\/sites\/default\/files\/basestemporals24.pdf\" target=\"_blank\" rel=\"noopener\">aquest enlla\u00e7<\/a>\u00a0en PDF.<\/p>\n<p>La comissi\u00f3 de selecci\u00f3 de projectes, format per l\u2019artista visual Albert Gusi, la comiss\u00e0ria i cr\u00edtica d\u2019art Diana Padr\u00f3n, les representants dels centres CC Guinard\u00f3, Patricia Garrido, CC Can Bast\u00e9, Mateo P\u00e9rez, CC La Farinera del Clot, Cesc Vil\u00e0, CC La Casa Elizalde, Laura Novell\u00f3n, CC Pati Llimona, Flor Vacherand, i la mediadora cultural del programa Temporals, Judit L\u00f3pez, triaran els projectes finalistes.<\/p>\n<p>Podeu enviar les vostres propostes des d\u2019<a href=\"https:\/\/inscripcions-ajuntament.barcelona.cat\/index.php\/377673\" target=\"_blank\" rel=\"noopener\">aquest enlla\u00e7<\/a>\u00a0fins al 16 de mar\u00e7. Si teniu dubtes o consultes, escriviu a\u00a0temporals@bcn.cat.<\/p>\n","protected":false},"excerpt":{"rendered":"<p>S&#8217;obre el termini per presentar propostes per a l\u2019any vinent d\u2019aquest circuit estable d\u2019exposicions itinerants La segona edici\u00f3 del circuit<\/p>\n","protected":false},"author":2,"featured_media":80595,"comment_status":"closed","ping_status":"closed","sticky":false,"template":"","format":"standard","meta":{"colormag_page_layout":"default_layout","_monsterinsights_skip_tracking":false,"_monsterinsights_sitenote_active":false,"_monsterinsights_sitenote_note":"","_monsterinsights_sitenote_category":0,"footnotes":""},"categories":[129,139,1],"tags":[88,268],"class_list":["post-80594","post","type-post","status-publish","format-standard","has-post-thumbnail","hentry","category-cultura","category-el-turo-de-la-peira","category-nou-barris","tag-can-baste","tag-exposicio"],"yoast_head":"<!-- This site is optimized with the Yoast SEO plugin v25.3 - https:\/\/yoast.com\/wordpress\/plugins\/seo\/ -->\n<title>Can Bast\u00e9 acull a Nou Barris la segona edici\u00f3 del Temporals - NouBarris.Net<\/title>\n<meta name=\"robots\" content=\"index, follow, max-snippet:-1, max-image-preview:large, max-video-preview:-1\" \/>\n<link rel=\"canonical\" href=\"https:\/\/www.noubarris.net\/web40\/can-baste-acull-a-nou-barris-la-segona-edicio-del-temporals\/\" \/>\n<meta property=\"og:locale\" content=\"ca_ES\" \/>\n<meta property=\"og:type\" content=\"article\" \/>\n<meta property=\"og:title\" content=\"Can Bast\u00e9 acull a Nou Barris la segona edici\u00f3 del Temporals - NouBarris.Net\" \/>\n<meta property=\"og:description\" content=\"S&#8217;obre el termini per presentar propostes per a l\u2019any vinent d\u2019aquest circuit estable d\u2019exposicions itinerants La segona edici\u00f3 del circuit\" \/>\n<meta property=\"og:url\" content=\"https:\/\/www.noubarris.net\/web40\/can-baste-acull-a-nou-barris-la-segona-edicio-del-temporals\/\" \/>\n<meta property=\"og:site_name\" content=\"NouBarris.Net\" \/>\n<meta property=\"article:publisher\" content=\"https:\/\/www.facebook.com\/NouBarris.net\/?locale=es_ES\" \/>\n<meta property=\"article:published_time\" content=\"2023-03-02T22:00:46+00:00\" \/>\n<meta property=\"og:image\" content=\"https:\/\/www.noubarris.net\/web40\/wp-content\/uploads\/2023\/03\/030323.jpg\" \/>\n\t<meta property=\"og:image:width\" content=\"768\" \/>\n\t<meta property=\"og:image:height\" content=\"432\" \/>\n\t<meta property=\"og:image:type\" content=\"image\/jpeg\" \/>\n<meta name=\"author\" content=\"Informatius\" \/>\n<meta name=\"twitter:card\" content=\"summary_large_image\" \/>\n<meta name=\"twitter:creator\" content=\"@9BTV\" \/>\n<meta name=\"twitter:site\" content=\"@9BTV\" \/>\n<meta name=\"twitter:label1\" content=\"Escrit per\" \/>\n\t<meta name=\"twitter:data1\" content=\"Informatius\" \/>\n\t<meta name=\"twitter:label2\" content=\"Temps estimat de lectura\" \/>\n\t<meta name=\"twitter:data2\" content=\"2 minuts\" \/>\n<script type=\"application\/ld+json\" class=\"yoast-schema-graph\">{\"@context\":\"https:\/\/schema.org\",\"@graph\":[{\"@type\":\"Article\",\"@id\":\"https:\/\/www.noubarris.net\/web40\/can-baste-acull-a-nou-barris-la-segona-edicio-del-temporals\/#article\",\"isPartOf\":{\"@id\":\"https:\/\/www.noubarris.net\/web40\/can-baste-acull-a-nou-barris-la-segona-edicio-del-temporals\/\"},\"author\":{\"name\":\"Informatius\",\"@id\":\"https:\/\/www.noubarris.net\/web40\/#\/schema\/person\/1827f92aaa316c54abbf4dac0de76069\"},\"headline\":\"Can Bast\u00e9 acull a Nou Barris la segona edici\u00f3 del Temporals\",\"datePublished\":\"2023-03-02T22:00:46+00:00\",\"mainEntityOfPage\":{\"@id\":\"https:\/\/www.noubarris.net\/web40\/can-baste-acull-a-nou-barris-la-segona-edicio-del-temporals\/\"},\"wordCount\":397,\"publisher\":{\"@id\":\"https:\/\/www.noubarris.net\/web40\/#organization\"},\"image\":{\"@id\":\"https:\/\/www.noubarris.net\/web40\/can-baste-acull-a-nou-barris-la-segona-edicio-del-temporals\/#primaryimage\"},\"thumbnailUrl\":\"https:\/\/www.noubarris.net\/web40\/wp-content\/uploads\/2023\/03\/030323.jpg\",\"keywords\":[\"Can Bast\u00e9\",\"Exposici\u00f3\"],\"articleSection\":[\"Cultura\",\"El Tur\u00f3 de la Peira\",\"Nou Barris\"],\"inLanguage\":\"ca\"},{\"@type\":\"WebPage\",\"@id\":\"https:\/\/www.noubarris.net\/web40\/can-baste-acull-a-nou-barris-la-segona-edicio-del-temporals\/\",\"url\":\"https:\/\/www.noubarris.net\/web40\/can-baste-acull-a-nou-barris-la-segona-edicio-del-temporals\/\",\"name\":\"Can Bast\u00e9 acull a Nou Barris la segona edici\u00f3 del Temporals - NouBarris.Net\",\"isPartOf\":{\"@id\":\"https:\/\/www.noubarris.net\/web40\/#website\"},\"primaryImageOfPage\":{\"@id\":\"https:\/\/www.noubarris.net\/web40\/can-baste-acull-a-nou-barris-la-segona-edicio-del-temporals\/#primaryimage\"},\"image\":{\"@id\":\"https:\/\/www.noubarris.net\/web40\/can-baste-acull-a-nou-barris-la-segona-edicio-del-temporals\/#primaryimage\"},\"thumbnailUrl\":\"https:\/\/www.noubarris.net\/web40\/wp-content\/uploads\/2023\/03\/030323.jpg\",\"datePublished\":\"2023-03-02T22:00:46+00:00\",\"breadcrumb\":{\"@id\":\"https:\/\/www.noubarris.net\/web40\/can-baste-acull-a-nou-barris-la-segona-edicio-del-temporals\/#breadcrumb\"},\"inLanguage\":\"ca\",\"potentialAction\":[{\"@type\":\"ReadAction\",\"target\":[\"https:\/\/www.noubarris.net\/web40\/can-baste-acull-a-nou-barris-la-segona-edicio-del-temporals\/\"]}]},{\"@type\":\"ImageObject\",\"inLanguage\":\"ca\",\"@id\":\"https:\/\/www.noubarris.net\/web40\/can-baste-acull-a-nou-barris-la-segona-edicio-del-temporals\/#primaryimage\",\"url\":\"https:\/\/www.noubarris.net\/web40\/wp-content\/uploads\/2023\/03\/030323.jpg\",\"contentUrl\":\"https:\/\/www.noubarris.net\/web40\/wp-content\/uploads\/2023\/03\/030323.jpg\",\"width\":768,\"height\":432},{\"@type\":\"BreadcrumbList\",\"@id\":\"https:\/\/www.noubarris.net\/web40\/can-baste-acull-a-nou-barris-la-segona-edicio-del-temporals\/#breadcrumb\",\"itemListElement\":[{\"@type\":\"ListItem\",\"position\":1,\"name\":\"Inici\",\"item\":\"https:\/\/www.noubarris.net\/web40\/\"},{\"@type\":\"ListItem\",\"position\":2,\"name\":\"Can Bast\u00e9 acull a Nou Barris la segona edici\u00f3 del Temporals\"}]},{\"@type\":\"WebSite\",\"@id\":\"https:\/\/www.noubarris.net\/web40\/#website\",\"url\":\"https:\/\/www.noubarris.net\/web40\/\",\"name\":\"NouBarris.Net\",\"description\":\"Seguint la vida de Nou Barris des de 1985\",\"publisher\":{\"@id\":\"https:\/\/www.noubarris.net\/web40\/#organization\"},\"potentialAction\":[{\"@type\":\"SearchAction\",\"target\":{\"@type\":\"EntryPoint\",\"urlTemplate\":\"https:\/\/www.noubarris.net\/web40\/?s={search_term_string}\"},\"query-input\":{\"@type\":\"PropertyValueSpecification\",\"valueRequired\":true,\"valueName\":\"search_term_string\"}}],\"inLanguage\":\"ca\"},{\"@type\":\"Organization\",\"@id\":\"https:\/\/www.noubarris.net\/web40\/#organization\",\"name\":\"NouBarris.Net\",\"url\":\"https:\/\/www.noubarris.net\/web40\/\",\"logo\":{\"@type\":\"ImageObject\",\"inLanguage\":\"ca\",\"@id\":\"https:\/\/www.noubarris.net\/web40\/#\/schema\/logo\/image\/\",\"url\":\"https:\/\/www.noubarris.net\/web40\/wp-content\/uploads\/2024\/11\/cropped-cropped-LOGO_9BTV-2024_Insta-1.jpg\",\"contentUrl\":\"https:\/\/www.noubarris.net\/web40\/wp-content\/uploads\/2024\/11\/cropped-cropped-LOGO_9BTV-2024_Insta-1.jpg\",\"width\":512,\"height\":512,\"caption\":\"NouBarris.Net\"},\"image\":{\"@id\":\"https:\/\/www.noubarris.net\/web40\/#\/schema\/logo\/image\/\"},\"sameAs\":[\"https:\/\/www.facebook.com\/NouBarris.net\/?locale=es_ES\",\"https:\/\/x.com\/9BTV\"]},{\"@type\":\"Person\",\"@id\":\"https:\/\/www.noubarris.net\/web40\/#\/schema\/person\/1827f92aaa316c54abbf4dac0de76069\",\"name\":\"Informatius\",\"image\":{\"@type\":\"ImageObject\",\"inLanguage\":\"ca\",\"@id\":\"https:\/\/www.noubarris.net\/web40\/#\/schema\/person\/image\/\",\"url\":\"https:\/\/secure.gravatar.com\/avatar\/87a3b47928835fc72c6ee5b0e1a7263ef0c2d05003a98189bc14926c5f11bcdb?s=96&d=mm&r=g\",\"contentUrl\":\"https:\/\/secure.gravatar.com\/avatar\/87a3b47928835fc72c6ee5b0e1a7263ef0c2d05003a98189bc14926c5f11bcdb?s=96&d=mm&r=g\",\"caption\":\"Informatius\"},\"url\":\"https:\/\/www.noubarris.net\/web40\/author\/tele\/\"}]}<\/script>\n<!-- \/ Yoast SEO plugin. -->","yoast_head_json":{"title":"Can Bast\u00e9 acull a Nou Barris la segona edici\u00f3 del Temporals - NouBarris.Net","robots":{"index":"index","follow":"follow","max-snippet":"max-snippet:-1","max-image-preview":"max-image-preview:large","max-video-preview":"max-video-preview:-1"},"canonical":"https:\/\/www.noubarris.net\/web40\/can-baste-acull-a-nou-barris-la-segona-edicio-del-temporals\/","og_locale":"ca_ES","og_type":"article","og_title":"Can Bast\u00e9 acull a Nou Barris la segona edici\u00f3 del Temporals - NouBarris.Net","og_description":"S&#8217;obre el termini per presentar propostes per a l\u2019any vinent d\u2019aquest circuit estable d\u2019exposicions itinerants La segona edici\u00f3 del circuit","og_url":"https:\/\/www.noubarris.net\/web40\/can-baste-acull-a-nou-barris-la-segona-edicio-del-temporals\/","og_site_name":"NouBarris.Net","article_publisher":"https:\/\/www.facebook.com\/NouBarris.net\/?locale=es_ES","article_published_time":"2023-03-02T22:00:46+00:00","og_image":[{"width":768,"height":432,"url":"https:\/\/www.noubarris.net\/web40\/wp-content\/uploads\/2023\/03\/030323.jpg","type":"image\/jpeg"}],"author":"Informatius","twitter_card":"summary_large_image","twitter_creator":"@9BTV","twitter_site":"@9BTV","twitter_misc":{"Escrit per":"Informatius","Temps estimat de lectura":"2 minuts"},"schema":{"@context":"https:\/\/schema.org","@graph":[{"@type":"Article","@id":"https:\/\/www.noubarris.net\/web40\/can-baste-acull-a-nou-barris-la-segona-edicio-del-temporals\/#article","isPartOf":{"@id":"https:\/\/www.noubarris.net\/web40\/can-baste-acull-a-nou-barris-la-segona-edicio-del-temporals\/"},"author":{"name":"Informatius","@id":"https:\/\/www.noubarris.net\/web40\/#\/schema\/person\/1827f92aaa316c54abbf4dac0de76069"},"headline":"Can Bast\u00e9 acull a Nou Barris la segona edici\u00f3 del Temporals","datePublished":"2023-03-02T22:00:46+00:00","mainEntityOfPage":{"@id":"https:\/\/www.noubarris.net\/web40\/can-baste-acull-a-nou-barris-la-segona-edicio-del-temporals\/"},"wordCount":397,"publisher":{"@id":"https:\/\/www.noubarris.net\/web40\/#organization"},"image":{"@id":"https:\/\/www.noubarris.net\/web40\/can-baste-acull-a-nou-barris-la-segona-edicio-del-temporals\/#primaryimage"},"thumbnailUrl":"https:\/\/www.noubarris.net\/web40\/wp-content\/uploads\/2023\/03\/030323.jpg","keywords":["Can Bast\u00e9","Exposici\u00f3"],"articleSection":["Cultura","El Tur\u00f3 de la Peira","Nou Barris"],"inLanguage":"ca"},{"@type":"WebPage","@id":"https:\/\/www.noubarris.net\/web40\/can-baste-acull-a-nou-barris-la-segona-edicio-del-temporals\/","url":"https:\/\/www.noubarris.net\/web40\/can-baste-acull-a-nou-barris-la-segona-edicio-del-temporals\/","name":"Can Bast\u00e9 acull a Nou Barris la segona edici\u00f3 del Temporals - NouBarris.Net","isPartOf":{"@id":"https:\/\/www.noubarris.net\/web40\/#website"},"primaryImageOfPage":{"@id":"https:\/\/www.noubarris.net\/web40\/can-baste-acull-a-nou-barris-la-segona-edicio-del-temporals\/#primaryimage"},"image":{"@id":"https:\/\/www.noubarris.net\/web40\/can-baste-acull-a-nou-barris-la-segona-edicio-del-temporals\/#primaryimage"},"thumbnailUrl":"https:\/\/www.noubarris.net\/web40\/wp-content\/uploads\/2023\/03\/030323.jpg","datePublished":"2023-03-02T22:00:46+00:00","breadcrumb":{"@id":"https:\/\/www.noubarris.net\/web40\/can-baste-acull-a-nou-barris-la-segona-edicio-del-temporals\/#breadcrumb"},"inLanguage":"ca","potentialAction":[{"@type":"ReadAction","target":["https:\/\/www.noubarris.net\/web40\/can-baste-acull-a-nou-barris-la-segona-edicio-del-temporals\/"]}]},{"@type":"ImageObject","inLanguage":"ca","@id":"https:\/\/www.noubarris.net\/web40\/can-baste-acull-a-nou-barris-la-segona-edicio-del-temporals\/#primaryimage","url":"https:\/\/www.noubarris.net\/web40\/wp-content\/uploads\/2023\/03\/030323.jpg","contentUrl":"https:\/\/www.noubarris.net\/web40\/wp-content\/uploads\/2023\/03\/030323.jpg","width":768,"height":432},{"@type":"BreadcrumbList","@id":"https:\/\/www.noubarris.net\/web40\/can-baste-acull-a-nou-barris-la-segona-edicio-del-temporals\/#breadcrumb","itemListElement":[{"@type":"ListItem","position":1,"name":"Inici","item":"https:\/\/www.noubarris.net\/web40\/"},{"@type":"ListItem","position":2,"name":"Can Bast\u00e9 acull a Nou Barris la segona edici\u00f3 del Temporals"}]},{"@type":"WebSite","@id":"https:\/\/www.noubarris.net\/web40\/#website","url":"https:\/\/www.noubarris.net\/web40\/","name":"NouBarris.Net","description":"Seguint la vida de Nou Barris des de 1985","publisher":{"@id":"https:\/\/www.noubarris.net\/web40\/#organization"},"potentialAction":[{"@type":"SearchAction","target":{"@type":"EntryPoint","urlTemplate":"https:\/\/www.noubarris.net\/web40\/?s={search_term_string}"},"query-input":{"@type":"PropertyValueSpecification","valueRequired":true,"valueName":"search_term_string"}}],"inLanguage":"ca"},{"@type":"Organization","@id":"https:\/\/www.noubarris.net\/web40\/#organization","name":"NouBarris.Net","url":"https:\/\/www.noubarris.net\/web40\/","logo":{"@type":"ImageObject","inLanguage":"ca","@id":"https:\/\/www.noubarris.net\/web40\/#\/schema\/logo\/image\/","url":"https:\/\/www.noubarris.net\/web40\/wp-content\/uploads\/2024\/11\/cropped-cropped-LOGO_9BTV-2024_Insta-1.jpg","contentUrl":"https:\/\/www.noubarris.net\/web40\/wp-content\/uploads\/2024\/11\/cropped-cropped-LOGO_9BTV-2024_Insta-1.jpg","width":512,"height":512,"caption":"NouBarris.Net"},"image":{"@id":"https:\/\/www.noubarris.net\/web40\/#\/schema\/logo\/image\/"},"sameAs":["https:\/\/www.facebook.com\/NouBarris.net\/?locale=es_ES","https:\/\/x.com\/9BTV"]},{"@type":"Person","@id":"https:\/\/www.noubarris.net\/web40\/#\/schema\/person\/1827f92aaa316c54abbf4dac0de76069","name":"Informatius","image":{"@type":"ImageObject","inLanguage":"ca","@id":"https:\/\/www.noubarris.net\/web40\/#\/schema\/person\/image\/","url":"https:\/\/secure.gravatar.com\/avatar\/87a3b47928835fc72c6ee5b0e1a7263ef0c2d05003a98189bc14926c5f11bcdb?s=96&d=mm&r=g","contentUrl":"https:\/\/secure.gravatar.com\/avatar\/87a3b47928835fc72c6ee5b0e1a7263ef0c2d05003a98189bc14926c5f11bcdb?s=96&d=mm&r=g","caption":"Informatius"},"url":"https:\/\/www.noubarris.net\/web40\/author\/tele\/"}]}},"_links":{"self":[{"href":"https:\/\/www.noubarris.net\/web40\/wp-json\/wp\/v2\/posts\/80594","targetHints":{"allow":["GET"]}}],"collection":[{"href":"https:\/\/www.noubarris.net\/web40\/wp-json\/wp\/v2\/posts"}],"about":[{"href":"https:\/\/www.noubarris.net\/web40\/wp-json\/wp\/v2\/types\/post"}],"author":[{"embeddable":true,"href":"https:\/\/www.noubarris.net\/web40\/wp-json\/wp\/v2\/users\/2"}],"replies":[{"embeddable":true,"href":"https:\/\/www.noubarris.net\/web40\/wp-json\/wp\/v2\/comments?post=80594"}],"version-history":[{"count":2,"href":"https:\/\/www.noubarris.net\/web40\/wp-json\/wp\/v2\/posts\/80594\/revisions"}],"predecessor-version":[{"id":80598,"href":"https:\/\/www.noubarris.net\/web40\/wp-json\/wp\/v2\/posts\/80594\/revisions\/80598"}],"wp:featuredmedia":[{"embeddable":true,"href":"https:\/\/www.noubarris.net\/web40\/wp-json\/wp\/v2\/media\/80595"}],"wp:attachment":[{"href":"https:\/\/www.noubarris.net\/web40\/wp-json\/wp\/v2\/media?parent=80594"}],"wp:term":[{"taxonomy":"category","embeddable":true,"href":"https:\/\/www.noubarris.net\/web40\/wp-json\/wp\/v2\/categories?post=80594"},{"taxonomy":"post_tag","embeddable":true,"href":"https:\/\/www.noubarris.net\/web40\/wp-json\/wp\/v2\/tags?post=80594"}],"curies":[{"name":"wp","href":"https:\/\/api.w.org\/{rel}","templated":true}]}}