{"id":80600,"date":"2023-03-04T00:00:07","date_gmt":"2023-03-03T22:00:07","guid":{"rendered":"http:\/\/www.noubarris.net\/web40\/?p=80600"},"modified":"2023-03-03T19:41:26","modified_gmt":"2023-03-03T17:41:26","slug":"presentacio-i-visita-guiada-a-lexposicio-histories-de-la-tele","status":"publish","type":"post","link":"https:\/\/www.noubarris.net\/web40\/presentacio-i-visita-guiada-a-lexposicio-histories-de-la-tele\/","title":{"rendered":"Presentaci\u00f3 i visita guiada a l&#8217;exposici\u00f3 &#8216;Hist\u00f2ries de la tele&#8217;"},"content":{"rendered":"<p><strong>Vine a descobrir la hist\u00f2ria de Projectart-Nou Barris TV i els seus projectes com el Relligant Nou Barris o el Nou Barris Net<\/strong><\/p>\n<p>L\u2019Espai via Fav\u00e8ncia acull aquests setmanes una exposici\u00f3 comissariada per l\u2019Arxiu Hist\u00f2ric de Roquetes-Nou Barris que repassa la traject\u00f2ria de Nou Barris Televisi\u00f3, des de la primera experi\u00e8ncia\u00a0 l\u2019any 1985 com a TeleLlobeta, per\u00a0 gravar les festes majors del barri; a la segona, com a TeleProspe, en canviar la seu al Casal de Joves de Prosperitat; i finalment rebatejada definitivament com a Nou Barris TV.<\/p>\n<p>Us volem convidar a la visita guiada que tindr\u00e0 lloc avui dissabte a les 11:30h del mat\u00ed a l\u2019Espai Via Fav\u00e8ncia (Via Fav\u00e8ncia 288A). Explicarem detalls i curiositats sobre les peces exposades. Sabeu que Nou Barris Televisi\u00f3 va n\u00e9ixer l\u2019any 1985 com a TeleLlobeta? I que abans d\u2019adoptar el nom definitiu tamb\u00e9 va ser TeleProspe, i es va dedicar a retransmetre la festa major del barri?<\/p>\n<p>All\u00e0 hi trobareu fotografies antigues, dels programes que es van comen\u00e7ar a fer quan es va engegar una televisi\u00f3 local al 39 UHF, juntament amb les televisions de districte dels altres nou districtes de la ciutat. En un\u00a0 inici van ser programes trencadors i experimentals, de cinema, cultura i esports, per\u00f2 tamb\u00e9 informatius. Amb el temps, un cop integrats a Barcelona Televisi\u00f3 a partir de finals dels noranta i fins a finals de 2020, sobretot reportatges i not\u00edcies informatives de tots els aspectes de l\u2019actualitat. Les nostres c\u00e0meres han recollit manifestacions, inauguracions, protestes, enderrocs, espectacles de circ, concerts, \u00e8xits esportius, solidaritat, xarxa ve\u00efnal\u2026 El nostre arxiu recull m\u00e9s de tres d\u00e8cades d\u2019evoluci\u00f3 del districte.<\/p>\n<p>I m\u00e9s enll\u00e0 de la televisi\u00f3, s\u2019han generat m\u00e9s projectes, com aquest web, Nou Barris Net, els documentals Hist\u00f2ries de Gent i Els Nous Ve\u00efns; o el projecte de museu virtual del patrimoni de Nou Barris, el Relligant Nou Barris, que vam crear i mantenim en col\u00b7laboraci\u00f3 amb l\u2019Arxiu Hist\u00f2ric de Roquetes-Nou Barris.<\/p>\n<p>Podeu visitar l\u2019exposici\u00f3 lliurement o b\u00e9 reservar una visita guiada a trav\u00e9s del correu electr\u00f2nic arxiuhistoric@yahoo.es o b\u00e9 trucant al tel\u00e8fon\u00a0<span lang=\"CA\">93 276 89 97. <\/span>I despr\u00e9s de coneixe\u2019ns millor, us convidem a unir-vos a nosaltres per crear una nova Nou Barris TV. Un cop desvinculada de betev\u00e9, la nostra intenci\u00f3 \u00e9s fer tele de barri, comunit\u00e0ria, oebrta a tothom que vulgui participar. Us apunteu? Poseu-vos en contacte amb nosaltres al mail participa9btv@gmail.com<\/p>\n","protected":false},"excerpt":{"rendered":"<p>Vine a descobrir la hist\u00f2ria de Projectart-Nou Barris TV i els seus projectes com el Relligant Nou Barris o el<\/p>\n","protected":false},"author":2,"featured_media":80490,"comment_status":"closed","ping_status":"closed","sticky":false,"template":"","format":"standard","meta":{"colormag_page_layout":"default_layout","_monsterinsights_skip_tracking":false,"_monsterinsights_sitenote_active":false,"_monsterinsights_sitenote_note":"","_monsterinsights_sitenote_category":0,"footnotes":""},"categories":[129,136,1,124],"tags":[169,537,268],"class_list":["post-80600","post","type-post","status-publish","format-standard","has-post-thumbnail","hentry","category-cultura","category-les-roquetes","category-nou-barris","category-societat","tag-arxiu-historic-de-roquetes-nou-barris","tag-espai-via-favencia","tag-exposicio"],"yoast_head":"<!-- This site is optimized with the Yoast SEO plugin v25.3 - https:\/\/yoast.com\/wordpress\/plugins\/seo\/ -->\n<title>Presentaci\u00f3 i visita guiada a l&#039;exposici\u00f3 &#039;Hist\u00f2ries de la tele&#039; - NouBarris.Net<\/title>\n<meta name=\"robots\" content=\"index, follow, max-snippet:-1, max-image-preview:large, max-video-preview:-1\" \/>\n<link rel=\"canonical\" href=\"https:\/\/www.noubarris.net\/web40\/presentacio-i-visita-guiada-a-lexposicio-histories-de-la-tele\/\" \/>\n<meta property=\"og:locale\" content=\"ca_ES\" \/>\n<meta property=\"og:type\" content=\"article\" \/>\n<meta property=\"og:title\" content=\"Presentaci\u00f3 i visita guiada a l&#039;exposici\u00f3 &#039;Hist\u00f2ries de la tele&#039; - NouBarris.Net\" \/>\n<meta property=\"og:description\" content=\"Vine a descobrir la hist\u00f2ria de Projectart-Nou Barris TV i els seus projectes com el Relligant Nou Barris o el\" \/>\n<meta property=\"og:url\" content=\"https:\/\/www.noubarris.net\/web40\/presentacio-i-visita-guiada-a-lexposicio-histories-de-la-tele\/\" \/>\n<meta property=\"og:site_name\" content=\"NouBarris.Net\" \/>\n<meta property=\"article:publisher\" content=\"https:\/\/www.facebook.com\/NouBarris.net\/?locale=es_ES\" \/>\n<meta property=\"article:published_time\" content=\"2023-03-03T22:00:07+00:00\" \/>\n<meta property=\"og:image\" content=\"https:\/\/www.noubarris.net\/web40\/wp-content\/uploads\/2023\/02\/080223a.jpg\" \/>\n\t<meta property=\"og:image:width\" content=\"768\" \/>\n\t<meta property=\"og:image:height\" content=\"432\" \/>\n\t<meta property=\"og:image:type\" content=\"image\/jpeg\" \/>\n<meta name=\"author\" content=\"Informatius\" \/>\n<meta name=\"twitter:card\" content=\"summary_large_image\" \/>\n<meta name=\"twitter:creator\" content=\"@9BTV\" \/>\n<meta name=\"twitter:site\" content=\"@9BTV\" \/>\n<meta name=\"twitter:label1\" content=\"Escrit per\" \/>\n\t<meta name=\"twitter:data1\" content=\"Informatius\" \/>\n\t<meta name=\"twitter:label2\" content=\"Temps estimat de lectura\" \/>\n\t<meta name=\"twitter:data2\" content=\"2 minuts\" \/>\n<script type=\"application\/ld+json\" class=\"yoast-schema-graph\">{\"@context\":\"https:\/\/schema.org\",\"@graph\":[{\"@type\":\"Article\",\"@id\":\"https:\/\/www.noubarris.net\/web40\/presentacio-i-visita-guiada-a-lexposicio-histories-de-la-tele\/#article\",\"isPartOf\":{\"@id\":\"https:\/\/www.noubarris.net\/web40\/presentacio-i-visita-guiada-a-lexposicio-histories-de-la-tele\/\"},\"author\":{\"name\":\"Informatius\",\"@id\":\"https:\/\/www.noubarris.net\/web40\/#\/schema\/person\/1827f92aaa316c54abbf4dac0de76069\"},\"headline\":\"Presentaci\u00f3 i visita guiada a l&#8217;exposici\u00f3 &#8216;Hist\u00f2ries de la tele&#8217;\",\"datePublished\":\"2023-03-03T22:00:07+00:00\",\"mainEntityOfPage\":{\"@id\":\"https:\/\/www.noubarris.net\/web40\/presentacio-i-visita-guiada-a-lexposicio-histories-de-la-tele\/\"},\"wordCount\":440,\"publisher\":{\"@id\":\"https:\/\/www.noubarris.net\/web40\/#organization\"},\"image\":{\"@id\":\"https:\/\/www.noubarris.net\/web40\/presentacio-i-visita-guiada-a-lexposicio-histories-de-la-tele\/#primaryimage\"},\"thumbnailUrl\":\"https:\/\/www.noubarris.net\/web40\/wp-content\/uploads\/2023\/02\/080223a.jpg\",\"keywords\":[\"Arxiu Hist\u00f2ric de Roquetes \u2013 Nou Barris\",\"Espai via Fav\u00e8ncia\",\"Exposici\u00f3\"],\"articleSection\":[\"Cultura\",\"Les Roquetes\",\"Nou Barris\",\"Societat\"],\"inLanguage\":\"ca\"},{\"@type\":\"WebPage\",\"@id\":\"https:\/\/www.noubarris.net\/web40\/presentacio-i-visita-guiada-a-lexposicio-histories-de-la-tele\/\",\"url\":\"https:\/\/www.noubarris.net\/web40\/presentacio-i-visita-guiada-a-lexposicio-histories-de-la-tele\/\",\"name\":\"Presentaci\u00f3 i visita guiada a l'exposici\u00f3 'Hist\u00f2ries de la tele' - NouBarris.Net\",\"isPartOf\":{\"@id\":\"https:\/\/www.noubarris.net\/web40\/#website\"},\"primaryImageOfPage\":{\"@id\":\"https:\/\/www.noubarris.net\/web40\/presentacio-i-visita-guiada-a-lexposicio-histories-de-la-tele\/#primaryimage\"},\"image\":{\"@id\":\"https:\/\/www.noubarris.net\/web40\/presentacio-i-visita-guiada-a-lexposicio-histories-de-la-tele\/#primaryimage\"},\"thumbnailUrl\":\"https:\/\/www.noubarris.net\/web40\/wp-content\/uploads\/2023\/02\/080223a.jpg\",\"datePublished\":\"2023-03-03T22:00:07+00:00\",\"breadcrumb\":{\"@id\":\"https:\/\/www.noubarris.net\/web40\/presentacio-i-visita-guiada-a-lexposicio-histories-de-la-tele\/#breadcrumb\"},\"inLanguage\":\"ca\",\"potentialAction\":[{\"@type\":\"ReadAction\",\"target\":[\"https:\/\/www.noubarris.net\/web40\/presentacio-i-visita-guiada-a-lexposicio-histories-de-la-tele\/\"]}]},{\"@type\":\"ImageObject\",\"inLanguage\":\"ca\",\"@id\":\"https:\/\/www.noubarris.net\/web40\/presentacio-i-visita-guiada-a-lexposicio-histories-de-la-tele\/#primaryimage\",\"url\":\"https:\/\/www.noubarris.net\/web40\/wp-content\/uploads\/2023\/02\/080223a.jpg\",\"contentUrl\":\"https:\/\/www.noubarris.net\/web40\/wp-content\/uploads\/2023\/02\/080223a.jpg\",\"width\":768,\"height\":432},{\"@type\":\"BreadcrumbList\",\"@id\":\"https:\/\/www.noubarris.net\/web40\/presentacio-i-visita-guiada-a-lexposicio-histories-de-la-tele\/#breadcrumb\",\"itemListElement\":[{\"@type\":\"ListItem\",\"position\":1,\"name\":\"Inici\",\"item\":\"https:\/\/www.noubarris.net\/web40\/\"},{\"@type\":\"ListItem\",\"position\":2,\"name\":\"Presentaci\u00f3 i visita guiada a l&#8217;exposici\u00f3 &#8216;Hist\u00f2ries de la tele&#8217;\"}]},{\"@type\":\"WebSite\",\"@id\":\"https:\/\/www.noubarris.net\/web40\/#website\",\"url\":\"https:\/\/www.noubarris.net\/web40\/\",\"name\":\"NouBarris.Net\",\"description\":\"Seguint la vida de Nou Barris des de 1985\",\"publisher\":{\"@id\":\"https:\/\/www.noubarris.net\/web40\/#organization\"},\"potentialAction\":[{\"@type\":\"SearchAction\",\"target\":{\"@type\":\"EntryPoint\",\"urlTemplate\":\"https:\/\/www.noubarris.net\/web40\/?s={search_term_string}\"},\"query-input\":{\"@type\":\"PropertyValueSpecification\",\"valueRequired\":true,\"valueName\":\"search_term_string\"}}],\"inLanguage\":\"ca\"},{\"@type\":\"Organization\",\"@id\":\"https:\/\/www.noubarris.net\/web40\/#organization\",\"name\":\"NouBarris.Net\",\"url\":\"https:\/\/www.noubarris.net\/web40\/\",\"logo\":{\"@type\":\"ImageObject\",\"inLanguage\":\"ca\",\"@id\":\"https:\/\/www.noubarris.net\/web40\/#\/schema\/logo\/image\/\",\"url\":\"https:\/\/www.noubarris.net\/web40\/wp-content\/uploads\/2024\/11\/cropped-cropped-LOGO_9BTV-2024_Insta-1.jpg\",\"contentUrl\":\"https:\/\/www.noubarris.net\/web40\/wp-content\/uploads\/2024\/11\/cropped-cropped-LOGO_9BTV-2024_Insta-1.jpg\",\"width\":512,\"height\":512,\"caption\":\"NouBarris.Net\"},\"image\":{\"@id\":\"https:\/\/www.noubarris.net\/web40\/#\/schema\/logo\/image\/\"},\"sameAs\":[\"https:\/\/www.facebook.com\/NouBarris.net\/?locale=es_ES\",\"https:\/\/x.com\/9BTV\"]},{\"@type\":\"Person\",\"@id\":\"https:\/\/www.noubarris.net\/web40\/#\/schema\/person\/1827f92aaa316c54abbf4dac0de76069\",\"name\":\"Informatius\",\"image\":{\"@type\":\"ImageObject\",\"inLanguage\":\"ca\",\"@id\":\"https:\/\/www.noubarris.net\/web40\/#\/schema\/person\/image\/\",\"url\":\"https:\/\/secure.gravatar.com\/avatar\/87a3b47928835fc72c6ee5b0e1a7263ef0c2d05003a98189bc14926c5f11bcdb?s=96&d=mm&r=g\",\"contentUrl\":\"https:\/\/secure.gravatar.com\/avatar\/87a3b47928835fc72c6ee5b0e1a7263ef0c2d05003a98189bc14926c5f11bcdb?s=96&d=mm&r=g\",\"caption\":\"Informatius\"},\"url\":\"https:\/\/www.noubarris.net\/web40\/author\/tele\/\"}]}<\/script>\n<!-- \/ Yoast SEO plugin. -->","yoast_head_json":{"title":"Presentaci\u00f3 i visita guiada a l'exposici\u00f3 'Hist\u00f2ries de la tele' - NouBarris.Net","robots":{"index":"index","follow":"follow","max-snippet":"max-snippet:-1","max-image-preview":"max-image-preview:large","max-video-preview":"max-video-preview:-1"},"canonical":"https:\/\/www.noubarris.net\/web40\/presentacio-i-visita-guiada-a-lexposicio-histories-de-la-tele\/","og_locale":"ca_ES","og_type":"article","og_title":"Presentaci\u00f3 i visita guiada a l'exposici\u00f3 'Hist\u00f2ries de la tele' - NouBarris.Net","og_description":"Vine a descobrir la hist\u00f2ria de Projectart-Nou Barris TV i els seus projectes com el Relligant Nou Barris o el","og_url":"https:\/\/www.noubarris.net\/web40\/presentacio-i-visita-guiada-a-lexposicio-histories-de-la-tele\/","og_site_name":"NouBarris.Net","article_publisher":"https:\/\/www.facebook.com\/NouBarris.net\/?locale=es_ES","article_published_time":"2023-03-03T22:00:07+00:00","og_image":[{"width":768,"height":432,"url":"https:\/\/www.noubarris.net\/web40\/wp-content\/uploads\/2023\/02\/080223a.jpg","type":"image\/jpeg"}],"author":"Informatius","twitter_card":"summary_large_image","twitter_creator":"@9BTV","twitter_site":"@9BTV","twitter_misc":{"Escrit per":"Informatius","Temps estimat de lectura":"2 minuts"},"schema":{"@context":"https:\/\/schema.org","@graph":[{"@type":"Article","@id":"https:\/\/www.noubarris.net\/web40\/presentacio-i-visita-guiada-a-lexposicio-histories-de-la-tele\/#article","isPartOf":{"@id":"https:\/\/www.noubarris.net\/web40\/presentacio-i-visita-guiada-a-lexposicio-histories-de-la-tele\/"},"author":{"name":"Informatius","@id":"https:\/\/www.noubarris.net\/web40\/#\/schema\/person\/1827f92aaa316c54abbf4dac0de76069"},"headline":"Presentaci\u00f3 i visita guiada a l&#8217;exposici\u00f3 &#8216;Hist\u00f2ries de la tele&#8217;","datePublished":"2023-03-03T22:00:07+00:00","mainEntityOfPage":{"@id":"https:\/\/www.noubarris.net\/web40\/presentacio-i-visita-guiada-a-lexposicio-histories-de-la-tele\/"},"wordCount":440,"publisher":{"@id":"https:\/\/www.noubarris.net\/web40\/#organization"},"image":{"@id":"https:\/\/www.noubarris.net\/web40\/presentacio-i-visita-guiada-a-lexposicio-histories-de-la-tele\/#primaryimage"},"thumbnailUrl":"https:\/\/www.noubarris.net\/web40\/wp-content\/uploads\/2023\/02\/080223a.jpg","keywords":["Arxiu Hist\u00f2ric de Roquetes \u2013 Nou Barris","Espai via Fav\u00e8ncia","Exposici\u00f3"],"articleSection":["Cultura","Les Roquetes","Nou Barris","Societat"],"inLanguage":"ca"},{"@type":"WebPage","@id":"https:\/\/www.noubarris.net\/web40\/presentacio-i-visita-guiada-a-lexposicio-histories-de-la-tele\/","url":"https:\/\/www.noubarris.net\/web40\/presentacio-i-visita-guiada-a-lexposicio-histories-de-la-tele\/","name":"Presentaci\u00f3 i visita guiada a l'exposici\u00f3 'Hist\u00f2ries de la tele' - NouBarris.Net","isPartOf":{"@id":"https:\/\/www.noubarris.net\/web40\/#website"},"primaryImageOfPage":{"@id":"https:\/\/www.noubarris.net\/web40\/presentacio-i-visita-guiada-a-lexposicio-histories-de-la-tele\/#primaryimage"},"image":{"@id":"https:\/\/www.noubarris.net\/web40\/presentacio-i-visita-guiada-a-lexposicio-histories-de-la-tele\/#primaryimage"},"thumbnailUrl":"https:\/\/www.noubarris.net\/web40\/wp-content\/uploads\/2023\/02\/080223a.jpg","datePublished":"2023-03-03T22:00:07+00:00","breadcrumb":{"@id":"https:\/\/www.noubarris.net\/web40\/presentacio-i-visita-guiada-a-lexposicio-histories-de-la-tele\/#breadcrumb"},"inLanguage":"ca","potentialAction":[{"@type":"ReadAction","target":["https:\/\/www.noubarris.net\/web40\/presentacio-i-visita-guiada-a-lexposicio-histories-de-la-tele\/"]}]},{"@type":"ImageObject","inLanguage":"ca","@id":"https:\/\/www.noubarris.net\/web40\/presentacio-i-visita-guiada-a-lexposicio-histories-de-la-tele\/#primaryimage","url":"https:\/\/www.noubarris.net\/web40\/wp-content\/uploads\/2023\/02\/080223a.jpg","contentUrl":"https:\/\/www.noubarris.net\/web40\/wp-content\/uploads\/2023\/02\/080223a.jpg","width":768,"height":432},{"@type":"BreadcrumbList","@id":"https:\/\/www.noubarris.net\/web40\/presentacio-i-visita-guiada-a-lexposicio-histories-de-la-tele\/#breadcrumb","itemListElement":[{"@type":"ListItem","position":1,"name":"Inici","item":"https:\/\/www.noubarris.net\/web40\/"},{"@type":"ListItem","position":2,"name":"Presentaci\u00f3 i visita guiada a l&#8217;exposici\u00f3 &#8216;Hist\u00f2ries de la tele&#8217;"}]},{"@type":"WebSite","@id":"https:\/\/www.noubarris.net\/web40\/#website","url":"https:\/\/www.noubarris.net\/web40\/","name":"NouBarris.Net","description":"Seguint la vida de Nou Barris des de 1985","publisher":{"@id":"https:\/\/www.noubarris.net\/web40\/#organization"},"potentialAction":[{"@type":"SearchAction","target":{"@type":"EntryPoint","urlTemplate":"https:\/\/www.noubarris.net\/web40\/?s={search_term_string}"},"query-input":{"@type":"PropertyValueSpecification","valueRequired":true,"valueName":"search_term_string"}}],"inLanguage":"ca"},{"@type":"Organization","@id":"https:\/\/www.noubarris.net\/web40\/#organization","name":"NouBarris.Net","url":"https:\/\/www.noubarris.net\/web40\/","logo":{"@type":"ImageObject","inLanguage":"ca","@id":"https:\/\/www.noubarris.net\/web40\/#\/schema\/logo\/image\/","url":"https:\/\/www.noubarris.net\/web40\/wp-content\/uploads\/2024\/11\/cropped-cropped-LOGO_9BTV-2024_Insta-1.jpg","contentUrl":"https:\/\/www.noubarris.net\/web40\/wp-content\/uploads\/2024\/11\/cropped-cropped-LOGO_9BTV-2024_Insta-1.jpg","width":512,"height":512,"caption":"NouBarris.Net"},"image":{"@id":"https:\/\/www.noubarris.net\/web40\/#\/schema\/logo\/image\/"},"sameAs":["https:\/\/www.facebook.com\/NouBarris.net\/?locale=es_ES","https:\/\/x.com\/9BTV"]},{"@type":"Person","@id":"https:\/\/www.noubarris.net\/web40\/#\/schema\/person\/1827f92aaa316c54abbf4dac0de76069","name":"Informatius","image":{"@type":"ImageObject","inLanguage":"ca","@id":"https:\/\/www.noubarris.net\/web40\/#\/schema\/person\/image\/","url":"https:\/\/secure.gravatar.com\/avatar\/87a3b47928835fc72c6ee5b0e1a7263ef0c2d05003a98189bc14926c5f11bcdb?s=96&d=mm&r=g","contentUrl":"https:\/\/secure.gravatar.com\/avatar\/87a3b47928835fc72c6ee5b0e1a7263ef0c2d05003a98189bc14926c5f11bcdb?s=96&d=mm&r=g","caption":"Informatius"},"url":"https:\/\/www.noubarris.net\/web40\/author\/tele\/"}]}},"_links":{"self":[{"href":"https:\/\/www.noubarris.net\/web40\/wp-json\/wp\/v2\/posts\/80600","targetHints":{"allow":["GET"]}}],"collection":[{"href":"https:\/\/www.noubarris.net\/web40\/wp-json\/wp\/v2\/posts"}],"about":[{"href":"https:\/\/www.noubarris.net\/web40\/wp-json\/wp\/v2\/types\/post"}],"author":[{"embeddable":true,"href":"https:\/\/www.noubarris.net\/web40\/wp-json\/wp\/v2\/users\/2"}],"replies":[{"embeddable":true,"href":"https:\/\/www.noubarris.net\/web40\/wp-json\/wp\/v2\/comments?post=80600"}],"version-history":[{"count":1,"href":"https:\/\/www.noubarris.net\/web40\/wp-json\/wp\/v2\/posts\/80600\/revisions"}],"predecessor-version":[{"id":80601,"href":"https:\/\/www.noubarris.net\/web40\/wp-json\/wp\/v2\/posts\/80600\/revisions\/80601"}],"wp:featuredmedia":[{"embeddable":true,"href":"https:\/\/www.noubarris.net\/web40\/wp-json\/wp\/v2\/media\/80490"}],"wp:attachment":[{"href":"https:\/\/www.noubarris.net\/web40\/wp-json\/wp\/v2\/media?parent=80600"}],"wp:term":[{"taxonomy":"category","embeddable":true,"href":"https:\/\/www.noubarris.net\/web40\/wp-json\/wp\/v2\/categories?post=80600"},{"taxonomy":"post_tag","embeddable":true,"href":"https:\/\/www.noubarris.net\/web40\/wp-json\/wp\/v2\/tags?post=80600"}],"curies":[{"name":"wp","href":"https:\/\/api.w.org\/{rel}","templated":true}]}}