{"id":80602,"date":"2023-03-06T00:00:58","date_gmt":"2023-03-05T22:00:58","guid":{"rendered":"http:\/\/www.noubarris.net\/web40\/?p=80602"},"modified":"2023-03-03T19:57:52","modified_gmt":"2023-03-03T17:57:52","slug":"el-punt-mobil-de-recollida-de-residus-arriba-a-la-part-alta-de-torre-baro","status":"publish","type":"post","link":"https:\/\/www.noubarris.net\/web40\/el-punt-mobil-de-recollida-de-residus-arriba-a-la-part-alta-de-torre-baro\/","title":{"rendered":"El Punt M\u00f2bil de recollida de residus arriba a la part alta de Torre Bar\u00f3"},"content":{"rendered":"<p><strong>El cami\u00f3 se situar\u00e0 al carrer de Lli\u00e7\u00e0 amb el carrer de Castellv\u00ed el 2n i 4t dilluns de cada mes a les tardes<\/strong><\/p>\n<p>A petici\u00f3 dels ve\u00efns i ve\u00efnes de Torre Bar\u00f3, a partir d&#8217;aquest dilluns el Punt M\u00f2bil prestar\u00e0 tamb\u00e9 servei a la part alta del barri el 2n i 4t dilluns de cada mes al carrer de Lli\u00e7\u00e0 amb el carrer de Castellv\u00ed, de 16.30 a 19.30h. Aquests nous horaris se sumen al servei del Punt M\u00f2bil del 1r, 3r i 5\u00e8 dilluns de cada mes a l&#8217;avinguda de l&#8217;Escolapi C\u00e0ncer.<\/p>\n<blockquote class=\"twitter-tweet\">\n<p dir=\"ltr\" lang=\"ca\">A la part alta de Torre Baro a partir de 6 de mar\u00e7 el 2on i 4t dilluns del mes hi ha punt verd m\u00f2bil <a href=\"https:\/\/t.co\/IFJQLScKXT\">pic.twitter.com\/IFJQLScKXT<\/a><\/p>\n<p>\u2014 AVV Torre Baro (@TorreBaroAVV) <a href=\"https:\/\/twitter.com\/TorreBaroAVV\/status\/1630847897943040001?ref_src=twsrc%5Etfw\">March 1, 2023<\/a><\/p><\/blockquote>\n<p><script async src=\"https:\/\/platform.twitter.com\/widgets.js\" charset=\"utf-8\"><\/script><\/p>\n<p>Els Punts Verds serveixen per dipositar aquells residus que no es poden llen\u00e7ar en els sistemes de recollida habituals. Quan aportem residus als Punts Verds contribu\u00efm a millorar el seu proc\u00e9s de reciclatge i preservem el medi ambient.<\/p>\n<p>Els Punts Verds M\u00f2bils s\u00f3n camions que acompleixen totes les funcions d\u2019un Punt verd de barri. Amb la finalitat d\u2019acostar-se a la ciutadania s\u2019ubiquen en diferents llocs de la ciutat, en horaris fixos. Els ciutadans hi poden dur els mateixos residus que en un Punt verd de barri.<\/p>\n<ul>\n<li class=\"positive-title\">Qu\u00e8 s\u2019hi pot portar? Roba, cal\u00e7at, cartutxos de tinta, t\u00f2ners, aparells el\u00e8ctrics i electr\u00f2nics, olis de cuina, cables el\u00e8ctrics, pneum\u00e0tics petits, aerosols i esprais, bateries de cotxe, cosm\u00e8tics, radiografies, piles, olis de motor, pintures i vernissos, fluorescents i bombetes, c\u00e0psules de caf\u00e8 monodosi (pl\u00e0stic i alumini), etc.<\/li>\n<li class=\"positive-title\">Qu\u00e8 no s\u2019hi pot portar? Residus industrials especials, t\u00f2xics i perillosos, residus sanitaris, residus org\u00e0nics, restes vegetals, runes, mobles i trastos, i restes de fustes.<\/li>\n<\/ul>\n<p>&nbsp;<\/p>\n","protected":false},"excerpt":{"rendered":"<p>El cami\u00f3 se situar\u00e0 al carrer de Lli\u00e7\u00e0 amb el carrer de Castellv\u00ed el 2n i 4t dilluns de cada<\/p>\n","protected":false},"author":2,"featured_media":80603,"comment_status":"closed","ping_status":"closed","sticky":false,"template":"","format":"standard","meta":{"colormag_page_layout":"default_layout","_monsterinsights_skip_tracking":false,"_monsterinsights_sitenote_active":false,"_monsterinsights_sitenote_note":"","_monsterinsights_sitenote_category":0,"footnotes":""},"categories":[1,137],"tags":[352,415,53],"class_list":["post-80602","post","type-post","status-publish","format-standard","has-post-thumbnail","hentry","category-nou-barris","category-torre-baro","tag-medi-ambient","tag-reciclatge","tag-torre-baro"],"yoast_head":"<!-- This site is optimized with the Yoast SEO plugin v25.3 - https:\/\/yoast.com\/wordpress\/plugins\/seo\/ -->\n<title>El Punt M\u00f2bil de recollida de residus arriba a la part alta de Torre Bar\u00f3 - NouBarris.Net<\/title>\n<meta name=\"robots\" content=\"index, follow, max-snippet:-1, max-image-preview:large, max-video-preview:-1\" \/>\n<link rel=\"canonical\" href=\"https:\/\/www.noubarris.net\/web40\/el-punt-mobil-de-recollida-de-residus-arriba-a-la-part-alta-de-torre-baro\/\" \/>\n<meta property=\"og:locale\" content=\"ca_ES\" \/>\n<meta property=\"og:type\" content=\"article\" \/>\n<meta property=\"og:title\" content=\"El Punt M\u00f2bil de recollida de residus arriba a la part alta de Torre Bar\u00f3 - NouBarris.Net\" \/>\n<meta property=\"og:description\" content=\"El cami\u00f3 se situar\u00e0 al carrer de Lli\u00e7\u00e0 amb el carrer de Castellv\u00ed el 2n i 4t dilluns de cada\" \/>\n<meta property=\"og:url\" content=\"https:\/\/www.noubarris.net\/web40\/el-punt-mobil-de-recollida-de-residus-arriba-a-la-part-alta-de-torre-baro\/\" \/>\n<meta property=\"og:site_name\" content=\"NouBarris.Net\" \/>\n<meta property=\"article:publisher\" content=\"https:\/\/www.facebook.com\/NouBarris.net\/?locale=es_ES\" \/>\n<meta property=\"article:published_time\" content=\"2023-03-05T22:00:58+00:00\" \/>\n<meta property=\"og:image\" content=\"https:\/\/www.noubarris.net\/web40\/wp-content\/uploads\/2023\/03\/060323.jpg\" \/>\n\t<meta property=\"og:image:width\" content=\"768\" \/>\n\t<meta property=\"og:image:height\" content=\"432\" \/>\n\t<meta property=\"og:image:type\" content=\"image\/jpeg\" \/>\n<meta name=\"author\" content=\"Informatius\" \/>\n<meta name=\"twitter:card\" content=\"summary_large_image\" \/>\n<meta name=\"twitter:creator\" content=\"@9BTV\" \/>\n<meta name=\"twitter:site\" content=\"@9BTV\" \/>\n<meta name=\"twitter:label1\" content=\"Escrit per\" \/>\n\t<meta name=\"twitter:data1\" content=\"Informatius\" \/>\n\t<meta name=\"twitter:label2\" content=\"Temps estimat de lectura\" \/>\n\t<meta name=\"twitter:data2\" content=\"2 minuts\" \/>\n<script type=\"application\/ld+json\" class=\"yoast-schema-graph\">{\"@context\":\"https:\/\/schema.org\",\"@graph\":[{\"@type\":\"Article\",\"@id\":\"https:\/\/www.noubarris.net\/web40\/el-punt-mobil-de-recollida-de-residus-arriba-a-la-part-alta-de-torre-baro\/#article\",\"isPartOf\":{\"@id\":\"https:\/\/www.noubarris.net\/web40\/el-punt-mobil-de-recollida-de-residus-arriba-a-la-part-alta-de-torre-baro\/\"},\"author\":{\"name\":\"Informatius\",\"@id\":\"https:\/\/www.noubarris.net\/web40\/#\/schema\/person\/1827f92aaa316c54abbf4dac0de76069\"},\"headline\":\"El Punt M\u00f2bil de recollida de residus arriba a la part alta de Torre Bar\u00f3\",\"datePublished\":\"2023-03-05T22:00:58+00:00\",\"mainEntityOfPage\":{\"@id\":\"https:\/\/www.noubarris.net\/web40\/el-punt-mobil-de-recollida-de-residus-arriba-a-la-part-alta-de-torre-baro\/\"},\"wordCount\":330,\"publisher\":{\"@id\":\"https:\/\/www.noubarris.net\/web40\/#organization\"},\"image\":{\"@id\":\"https:\/\/www.noubarris.net\/web40\/el-punt-mobil-de-recollida-de-residus-arriba-a-la-part-alta-de-torre-baro\/#primaryimage\"},\"thumbnailUrl\":\"https:\/\/www.noubarris.net\/web40\/wp-content\/uploads\/2023\/03\/060323.jpg\",\"keywords\":[\"Medi ambient\",\"Reciclatge\",\"Torre Bar\u00f3\"],\"articleSection\":[\"Nou Barris\",\"Torre Bar\u00f3\"],\"inLanguage\":\"ca\"},{\"@type\":\"WebPage\",\"@id\":\"https:\/\/www.noubarris.net\/web40\/el-punt-mobil-de-recollida-de-residus-arriba-a-la-part-alta-de-torre-baro\/\",\"url\":\"https:\/\/www.noubarris.net\/web40\/el-punt-mobil-de-recollida-de-residus-arriba-a-la-part-alta-de-torre-baro\/\",\"name\":\"El Punt M\u00f2bil de recollida de residus arriba a la part alta de Torre Bar\u00f3 - NouBarris.Net\",\"isPartOf\":{\"@id\":\"https:\/\/www.noubarris.net\/web40\/#website\"},\"primaryImageOfPage\":{\"@id\":\"https:\/\/www.noubarris.net\/web40\/el-punt-mobil-de-recollida-de-residus-arriba-a-la-part-alta-de-torre-baro\/#primaryimage\"},\"image\":{\"@id\":\"https:\/\/www.noubarris.net\/web40\/el-punt-mobil-de-recollida-de-residus-arriba-a-la-part-alta-de-torre-baro\/#primaryimage\"},\"thumbnailUrl\":\"https:\/\/www.noubarris.net\/web40\/wp-content\/uploads\/2023\/03\/060323.jpg\",\"datePublished\":\"2023-03-05T22:00:58+00:00\",\"breadcrumb\":{\"@id\":\"https:\/\/www.noubarris.net\/web40\/el-punt-mobil-de-recollida-de-residus-arriba-a-la-part-alta-de-torre-baro\/#breadcrumb\"},\"inLanguage\":\"ca\",\"potentialAction\":[{\"@type\":\"ReadAction\",\"target\":[\"https:\/\/www.noubarris.net\/web40\/el-punt-mobil-de-recollida-de-residus-arriba-a-la-part-alta-de-torre-baro\/\"]}]},{\"@type\":\"ImageObject\",\"inLanguage\":\"ca\",\"@id\":\"https:\/\/www.noubarris.net\/web40\/el-punt-mobil-de-recollida-de-residus-arriba-a-la-part-alta-de-torre-baro\/#primaryimage\",\"url\":\"https:\/\/www.noubarris.net\/web40\/wp-content\/uploads\/2023\/03\/060323.jpg\",\"contentUrl\":\"https:\/\/www.noubarris.net\/web40\/wp-content\/uploads\/2023\/03\/060323.jpg\",\"width\":768,\"height\":432},{\"@type\":\"BreadcrumbList\",\"@id\":\"https:\/\/www.noubarris.net\/web40\/el-punt-mobil-de-recollida-de-residus-arriba-a-la-part-alta-de-torre-baro\/#breadcrumb\",\"itemListElement\":[{\"@type\":\"ListItem\",\"position\":1,\"name\":\"Inici\",\"item\":\"https:\/\/www.noubarris.net\/web40\/\"},{\"@type\":\"ListItem\",\"position\":2,\"name\":\"El Punt M\u00f2bil de recollida de residus arriba a la part alta de Torre Bar\u00f3\"}]},{\"@type\":\"WebSite\",\"@id\":\"https:\/\/www.noubarris.net\/web40\/#website\",\"url\":\"https:\/\/www.noubarris.net\/web40\/\",\"name\":\"NouBarris.Net\",\"description\":\"Seguint la vida de Nou Barris des de 1985\",\"publisher\":{\"@id\":\"https:\/\/www.noubarris.net\/web40\/#organization\"},\"potentialAction\":[{\"@type\":\"SearchAction\",\"target\":{\"@type\":\"EntryPoint\",\"urlTemplate\":\"https:\/\/www.noubarris.net\/web40\/?s={search_term_string}\"},\"query-input\":{\"@type\":\"PropertyValueSpecification\",\"valueRequired\":true,\"valueName\":\"search_term_string\"}}],\"inLanguage\":\"ca\"},{\"@type\":\"Organization\",\"@id\":\"https:\/\/www.noubarris.net\/web40\/#organization\",\"name\":\"NouBarris.Net\",\"url\":\"https:\/\/www.noubarris.net\/web40\/\",\"logo\":{\"@type\":\"ImageObject\",\"inLanguage\":\"ca\",\"@id\":\"https:\/\/www.noubarris.net\/web40\/#\/schema\/logo\/image\/\",\"url\":\"https:\/\/www.noubarris.net\/web40\/wp-content\/uploads\/2024\/11\/cropped-cropped-LOGO_9BTV-2024_Insta-1.jpg\",\"contentUrl\":\"https:\/\/www.noubarris.net\/web40\/wp-content\/uploads\/2024\/11\/cropped-cropped-LOGO_9BTV-2024_Insta-1.jpg\",\"width\":512,\"height\":512,\"caption\":\"NouBarris.Net\"},\"image\":{\"@id\":\"https:\/\/www.noubarris.net\/web40\/#\/schema\/logo\/image\/\"},\"sameAs\":[\"https:\/\/www.facebook.com\/NouBarris.net\/?locale=es_ES\",\"https:\/\/x.com\/9BTV\"]},{\"@type\":\"Person\",\"@id\":\"https:\/\/www.noubarris.net\/web40\/#\/schema\/person\/1827f92aaa316c54abbf4dac0de76069\",\"name\":\"Informatius\",\"image\":{\"@type\":\"ImageObject\",\"inLanguage\":\"ca\",\"@id\":\"https:\/\/www.noubarris.net\/web40\/#\/schema\/person\/image\/\",\"url\":\"https:\/\/secure.gravatar.com\/avatar\/87a3b47928835fc72c6ee5b0e1a7263ef0c2d05003a98189bc14926c5f11bcdb?s=96&d=mm&r=g\",\"contentUrl\":\"https:\/\/secure.gravatar.com\/avatar\/87a3b47928835fc72c6ee5b0e1a7263ef0c2d05003a98189bc14926c5f11bcdb?s=96&d=mm&r=g\",\"caption\":\"Informatius\"},\"url\":\"https:\/\/www.noubarris.net\/web40\/author\/tele\/\"}]}<\/script>\n<!-- \/ Yoast SEO plugin. -->","yoast_head_json":{"title":"El Punt M\u00f2bil de recollida de residus arriba a la part alta de Torre Bar\u00f3 - NouBarris.Net","robots":{"index":"index","follow":"follow","max-snippet":"max-snippet:-1","max-image-preview":"max-image-preview:large","max-video-preview":"max-video-preview:-1"},"canonical":"https:\/\/www.noubarris.net\/web40\/el-punt-mobil-de-recollida-de-residus-arriba-a-la-part-alta-de-torre-baro\/","og_locale":"ca_ES","og_type":"article","og_title":"El Punt M\u00f2bil de recollida de residus arriba a la part alta de Torre Bar\u00f3 - NouBarris.Net","og_description":"El cami\u00f3 se situar\u00e0 al carrer de Lli\u00e7\u00e0 amb el carrer de Castellv\u00ed el 2n i 4t dilluns de cada","og_url":"https:\/\/www.noubarris.net\/web40\/el-punt-mobil-de-recollida-de-residus-arriba-a-la-part-alta-de-torre-baro\/","og_site_name":"NouBarris.Net","article_publisher":"https:\/\/www.facebook.com\/NouBarris.net\/?locale=es_ES","article_published_time":"2023-03-05T22:00:58+00:00","og_image":[{"width":768,"height":432,"url":"https:\/\/www.noubarris.net\/web40\/wp-content\/uploads\/2023\/03\/060323.jpg","type":"image\/jpeg"}],"author":"Informatius","twitter_card":"summary_large_image","twitter_creator":"@9BTV","twitter_site":"@9BTV","twitter_misc":{"Escrit per":"Informatius","Temps estimat de lectura":"2 minuts"},"schema":{"@context":"https:\/\/schema.org","@graph":[{"@type":"Article","@id":"https:\/\/www.noubarris.net\/web40\/el-punt-mobil-de-recollida-de-residus-arriba-a-la-part-alta-de-torre-baro\/#article","isPartOf":{"@id":"https:\/\/www.noubarris.net\/web40\/el-punt-mobil-de-recollida-de-residus-arriba-a-la-part-alta-de-torre-baro\/"},"author":{"name":"Informatius","@id":"https:\/\/www.noubarris.net\/web40\/#\/schema\/person\/1827f92aaa316c54abbf4dac0de76069"},"headline":"El Punt M\u00f2bil de recollida de residus arriba a la part alta de Torre Bar\u00f3","datePublished":"2023-03-05T22:00:58+00:00","mainEntityOfPage":{"@id":"https:\/\/www.noubarris.net\/web40\/el-punt-mobil-de-recollida-de-residus-arriba-a-la-part-alta-de-torre-baro\/"},"wordCount":330,"publisher":{"@id":"https:\/\/www.noubarris.net\/web40\/#organization"},"image":{"@id":"https:\/\/www.noubarris.net\/web40\/el-punt-mobil-de-recollida-de-residus-arriba-a-la-part-alta-de-torre-baro\/#primaryimage"},"thumbnailUrl":"https:\/\/www.noubarris.net\/web40\/wp-content\/uploads\/2023\/03\/060323.jpg","keywords":["Medi ambient","Reciclatge","Torre Bar\u00f3"],"articleSection":["Nou Barris","Torre Bar\u00f3"],"inLanguage":"ca"},{"@type":"WebPage","@id":"https:\/\/www.noubarris.net\/web40\/el-punt-mobil-de-recollida-de-residus-arriba-a-la-part-alta-de-torre-baro\/","url":"https:\/\/www.noubarris.net\/web40\/el-punt-mobil-de-recollida-de-residus-arriba-a-la-part-alta-de-torre-baro\/","name":"El Punt M\u00f2bil de recollida de residus arriba a la part alta de Torre Bar\u00f3 - NouBarris.Net","isPartOf":{"@id":"https:\/\/www.noubarris.net\/web40\/#website"},"primaryImageOfPage":{"@id":"https:\/\/www.noubarris.net\/web40\/el-punt-mobil-de-recollida-de-residus-arriba-a-la-part-alta-de-torre-baro\/#primaryimage"},"image":{"@id":"https:\/\/www.noubarris.net\/web40\/el-punt-mobil-de-recollida-de-residus-arriba-a-la-part-alta-de-torre-baro\/#primaryimage"},"thumbnailUrl":"https:\/\/www.noubarris.net\/web40\/wp-content\/uploads\/2023\/03\/060323.jpg","datePublished":"2023-03-05T22:00:58+00:00","breadcrumb":{"@id":"https:\/\/www.noubarris.net\/web40\/el-punt-mobil-de-recollida-de-residus-arriba-a-la-part-alta-de-torre-baro\/#breadcrumb"},"inLanguage":"ca","potentialAction":[{"@type":"ReadAction","target":["https:\/\/www.noubarris.net\/web40\/el-punt-mobil-de-recollida-de-residus-arriba-a-la-part-alta-de-torre-baro\/"]}]},{"@type":"ImageObject","inLanguage":"ca","@id":"https:\/\/www.noubarris.net\/web40\/el-punt-mobil-de-recollida-de-residus-arriba-a-la-part-alta-de-torre-baro\/#primaryimage","url":"https:\/\/www.noubarris.net\/web40\/wp-content\/uploads\/2023\/03\/060323.jpg","contentUrl":"https:\/\/www.noubarris.net\/web40\/wp-content\/uploads\/2023\/03\/060323.jpg","width":768,"height":432},{"@type":"BreadcrumbList","@id":"https:\/\/www.noubarris.net\/web40\/el-punt-mobil-de-recollida-de-residus-arriba-a-la-part-alta-de-torre-baro\/#breadcrumb","itemListElement":[{"@type":"ListItem","position":1,"name":"Inici","item":"https:\/\/www.noubarris.net\/web40\/"},{"@type":"ListItem","position":2,"name":"El Punt M\u00f2bil de recollida de residus arriba a la part alta de Torre Bar\u00f3"}]},{"@type":"WebSite","@id":"https:\/\/www.noubarris.net\/web40\/#website","url":"https:\/\/www.noubarris.net\/web40\/","name":"NouBarris.Net","description":"Seguint la vida de Nou Barris des de 1985","publisher":{"@id":"https:\/\/www.noubarris.net\/web40\/#organization"},"potentialAction":[{"@type":"SearchAction","target":{"@type":"EntryPoint","urlTemplate":"https:\/\/www.noubarris.net\/web40\/?s={search_term_string}"},"query-input":{"@type":"PropertyValueSpecification","valueRequired":true,"valueName":"search_term_string"}}],"inLanguage":"ca"},{"@type":"Organization","@id":"https:\/\/www.noubarris.net\/web40\/#organization","name":"NouBarris.Net","url":"https:\/\/www.noubarris.net\/web40\/","logo":{"@type":"ImageObject","inLanguage":"ca","@id":"https:\/\/www.noubarris.net\/web40\/#\/schema\/logo\/image\/","url":"https:\/\/www.noubarris.net\/web40\/wp-content\/uploads\/2024\/11\/cropped-cropped-LOGO_9BTV-2024_Insta-1.jpg","contentUrl":"https:\/\/www.noubarris.net\/web40\/wp-content\/uploads\/2024\/11\/cropped-cropped-LOGO_9BTV-2024_Insta-1.jpg","width":512,"height":512,"caption":"NouBarris.Net"},"image":{"@id":"https:\/\/www.noubarris.net\/web40\/#\/schema\/logo\/image\/"},"sameAs":["https:\/\/www.facebook.com\/NouBarris.net\/?locale=es_ES","https:\/\/x.com\/9BTV"]},{"@type":"Person","@id":"https:\/\/www.noubarris.net\/web40\/#\/schema\/person\/1827f92aaa316c54abbf4dac0de76069","name":"Informatius","image":{"@type":"ImageObject","inLanguage":"ca","@id":"https:\/\/www.noubarris.net\/web40\/#\/schema\/person\/image\/","url":"https:\/\/secure.gravatar.com\/avatar\/87a3b47928835fc72c6ee5b0e1a7263ef0c2d05003a98189bc14926c5f11bcdb?s=96&d=mm&r=g","contentUrl":"https:\/\/secure.gravatar.com\/avatar\/87a3b47928835fc72c6ee5b0e1a7263ef0c2d05003a98189bc14926c5f11bcdb?s=96&d=mm&r=g","caption":"Informatius"},"url":"https:\/\/www.noubarris.net\/web40\/author\/tele\/"}]}},"_links":{"self":[{"href":"https:\/\/www.noubarris.net\/web40\/wp-json\/wp\/v2\/posts\/80602","targetHints":{"allow":["GET"]}}],"collection":[{"href":"https:\/\/www.noubarris.net\/web40\/wp-json\/wp\/v2\/posts"}],"about":[{"href":"https:\/\/www.noubarris.net\/web40\/wp-json\/wp\/v2\/types\/post"}],"author":[{"embeddable":true,"href":"https:\/\/www.noubarris.net\/web40\/wp-json\/wp\/v2\/users\/2"}],"replies":[{"embeddable":true,"href":"https:\/\/www.noubarris.net\/web40\/wp-json\/wp\/v2\/comments?post=80602"}],"version-history":[{"count":2,"href":"https:\/\/www.noubarris.net\/web40\/wp-json\/wp\/v2\/posts\/80602\/revisions"}],"predecessor-version":[{"id":80605,"href":"https:\/\/www.noubarris.net\/web40\/wp-json\/wp\/v2\/posts\/80602\/revisions\/80605"}],"wp:featuredmedia":[{"embeddable":true,"href":"https:\/\/www.noubarris.net\/web40\/wp-json\/wp\/v2\/media\/80603"}],"wp:attachment":[{"href":"https:\/\/www.noubarris.net\/web40\/wp-json\/wp\/v2\/media?parent=80602"}],"wp:term":[{"taxonomy":"category","embeddable":true,"href":"https:\/\/www.noubarris.net\/web40\/wp-json\/wp\/v2\/categories?post=80602"},{"taxonomy":"post_tag","embeddable":true,"href":"https:\/\/www.noubarris.net\/web40\/wp-json\/wp\/v2\/tags?post=80602"}],"curies":[{"name":"wp","href":"https:\/\/api.w.org\/{rel}","templated":true}]}}