{"id":80607,"date":"2023-03-05T00:00:42","date_gmt":"2023-03-04T22:00:42","guid":{"rendered":"http:\/\/www.noubarris.net\/web40\/?p=80607"},"modified":"2023-03-05T09:35:11","modified_gmt":"2023-03-05T07:35:11","slug":"una-jornada-plena-dhistories-i-anecdotes-de-la-televisio-de-nou-barris","status":"publish","type":"post","link":"https:\/\/www.noubarris.net\/web40\/una-jornada-plena-dhistories-i-anecdotes-de-la-televisio-de-nou-barris\/","title":{"rendered":"Una jornada plena d&#8217;hist\u00f2ries i an\u00e8cdotes de la Televisi\u00f3 de Nou Barris"},"content":{"rendered":"<p><strong>Gr\u00e0cies a totes les persones que ahir ens vau acomapanyar a la presentaci\u00f3 de l&#8217;exposici\u00f3 comissionada per l&#8217;Arxiu Hist\u00f2ric de Roquetes &#8211; Nou Barris<\/strong><\/p>\n<p>Dissabte va ser un dia de retrobaments i records per a l&#8217;equip de Projectart- Nou Barris TV. Uns records i emocions que van tamb\u00e9 compartir amb els ve\u00efns de Nou Barris de manera presencial i tamb\u00e9 virtual a trav\u00e9s de les xarxes.<\/p>\n<p>Volem donar les gr\u00e0cies a totes les persones que ens van acompanyar a la presentaci\u00f3 i la visita guiada al local de l&#8217;Espai Via Fav\u00e8ncia que \u00e9s actualment seu de l&#8217;entitat. Per a tots aquells no vau poder assistir-hi us deixem l&#8217;enlla\u00e7 amb les intervencions de les persones que van engegar aquest projecte fa m\u00e9s de 30 anys.<\/p>\n<blockquote class=\"instagram-media\" style=\"background: #FFF; border: 0; border-radius: 3px; box-shadow: 0 0 1px 0 rgba(0,0,0,0.5),0 1px 10px 0 rgba(0,0,0,0.15); margin: 1px; max-width: 540px; min-width: 326px; padding: 0; width: calc(100% - 2px);\" data-instgrm-captioned=\"\" data-instgrm-permalink=\"https:\/\/www.instagram.com\/tv\/CpXY7uTIGqb\/?utm_source=ig_embed&amp;utm_campaign=loading\" data-instgrm-version=\"14\">\n<div style=\"padding: 16px;\">\n<p>&nbsp;<\/p>\n<div style=\"display: flex; flex-direction: row; align-items: center;\">\n<div style=\"background-color: #f4f4f4; border-radius: 50%; flex-grow: 0; height: 40px; margin-right: 14px; width: 40px;\"><\/div>\n<div style=\"display: flex; flex-direction: column; flex-grow: 1; justify-content: center;\">\n<div style=\"background-color: #f4f4f4; border-radius: 4px; flex-grow: 0; height: 14px; margin-bottom: 6px; width: 100px;\"><\/div>\n<div style=\"background-color: #f4f4f4; border-radius: 4px; flex-grow: 0; height: 14px; width: 60px;\"><\/div>\n<\/div>\n<\/div>\n<div style=\"padding: 19% 0;\"><\/div>\n<div style=\"display: block; height: 50px; margin: 0 auto 12px; width: 50px;\"><\/div>\n<div style=\"padding-top: 8px;\">\n<div style=\"color: #3897f0; font-family: Arial,sans-serif; font-size: 14px; font-style: normal; font-weight: 550; line-height: 18px;\">Ver esta publicaci\u00f3n en Instagram<\/div>\n<\/div>\n<div style=\"padding: 12.5% 0;\"><\/div>\n<div style=\"display: flex; flex-direction: row; margin-bottom: 14px; align-items: center;\">\n<div>\n<div style=\"background-color: #f4f4f4; border-radius: 50%; height: 12.5px; width: 12.5px; transform: translateX(0px) translateY(7px);\"><\/div>\n<div style=\"background-color: #f4f4f4; height: 12.5px; transform: rotate(-45deg) translateX(3px) translateY(1px); width: 12.5px; flex-grow: 0; margin-right: 14px; margin-left: 2px;\"><\/div>\n<div style=\"background-color: #f4f4f4; border-radius: 50%; height: 12.5px; width: 12.5px; transform: translateX(9px) translateY(-18px);\"><\/div>\n<\/div>\n<div style=\"margin-left: 8px;\">\n<div style=\"background-color: #f4f4f4; border-radius: 50%; flex-grow: 0; height: 20px; width: 20px;\"><\/div>\n<div style=\"width: 0; height: 0; border-top: 2px solid transparent; border-left: 6px solid #f4f4f4; border-bottom: 2px solid transparent; transform: translateX(16px) translateY(-4px) rotate(30deg);\"><\/div>\n<\/div>\n<div style=\"margin-left: auto;\">\n<div style=\"width: 0px; border-top: 8px solid #F4F4F4; border-right: 8px solid transparent; transform: translateY(16px);\"><\/div>\n<div style=\"background-color: #f4f4f4; flex-grow: 0; height: 12px; width: 16px; transform: translateY(-4px);\"><\/div>\n<div style=\"width: 0; height: 0; border-top: 8px solid #F4F4F4; border-left: 8px solid transparent; transform: translateY(-4px) translateX(8px);\"><\/div>\n<\/div>\n<\/div>\n<div style=\"display: flex; flex-direction: column; flex-grow: 1; justify-content: center; margin-bottom: 24px;\">\n<div style=\"background-color: #f4f4f4; border-radius: 4px; flex-grow: 0; height: 14px; margin-bottom: 6px; width: 224px;\"><\/div>\n<div style=\"background-color: #f4f4f4; border-radius: 4px; flex-grow: 0; height: 14px; width: 144px;\"><\/div>\n<\/div>\n<p>&nbsp;<\/p>\n<p style=\"color: #c9c8cd; font-family: Arial,sans-serif; font-size: 14px; line-height: 17px; margin-bottom: 0; margin-top: 8px; overflow: hidden; padding: 8px 0 7px; text-align: center; text-overflow: ellipsis; white-space: nowrap;\"><a style=\"color: #c9c8cd; font-family: Arial,sans-serif; font-size: 14px; font-style: normal; font-weight: normal; line-height: 17px; text-decoration: none;\" href=\"https:\/\/www.instagram.com\/tv\/CpXY7uTIGqb\/?utm_source=ig_embed&amp;utm_campaign=loading\" target=\"_blank\" rel=\"noopener\">Una publicaci\u00f3n compartida de Nou Barris TV (@9barristv)<\/a><\/p>\n<\/div>\n<\/blockquote>\n<p><script async src=\"\/\/www.instagram.com\/embed.js\"><\/script><\/p>\n<p>Recordeu que fins a finals de mes podeu visitar l\u2019exposici\u00f3 lliurement o b\u00e9 reservar una visita guiada a trav\u00e9s del correu electr\u00f2nic arxiuhistoric@yahoo.es o b\u00e9 trucant al tel\u00e8fon <span lang=\"CA\">93 276 89 97.\u00a0<\/span>I despr\u00e9s de coneixe\u2019ns millor, us convidem a unir-vos a nosaltres per crear una nova Nou Barris TV. Un cop desvinculada de betev\u00e9, la nostra intenci\u00f3 \u00e9s fer tele de barri, comunit\u00e0ria, oebrta a tothom que vulgui participar. Us apunteu? Poseu-vos en contacte amb nosaltres al mail participa9btv@gmail.com<\/p>\n","protected":false},"excerpt":{"rendered":"<p>Gr\u00e0cies a totes les persones que ahir ens vau acomapanyar a la presentaci\u00f3 de l&#8217;exposici\u00f3 comissionada per l&#8217;Arxiu Hist\u00f2ric de<\/p>\n","protected":false},"author":2,"featured_media":80609,"comment_status":"closed","ping_status":"closed","sticky":false,"template":"","format":"standard","meta":{"colormag_page_layout":"default_layout","_monsterinsights_skip_tracking":false,"_monsterinsights_sitenote_active":false,"_monsterinsights_sitenote_note":"","_monsterinsights_sitenote_category":0,"footnotes":""},"categories":[129,1,127],"tags":[169,268,319,313],"class_list":["post-80607","post","type-post","status-publish","format-standard","has-post-thumbnail","hentry","category-cultura","category-nou-barris","category-tecnologia","tag-arxiu-historic-de-roquetes-nou-barris","tag-exposicio","tag-nou-barris","tag-projectart"],"yoast_head":"<!-- This site is optimized with the Yoast SEO plugin v25.3 - https:\/\/yoast.com\/wordpress\/plugins\/seo\/ -->\n<title>Una jornada plena d&#039;hist\u00f2ries i an\u00e8cdotes de la Televisi\u00f3 de Nou Barris - NouBarris.Net<\/title>\n<meta name=\"robots\" content=\"index, follow, max-snippet:-1, max-image-preview:large, max-video-preview:-1\" \/>\n<link rel=\"canonical\" href=\"https:\/\/www.noubarris.net\/web40\/una-jornada-plena-dhistories-i-anecdotes-de-la-televisio-de-nou-barris\/\" \/>\n<meta property=\"og:locale\" content=\"ca_ES\" \/>\n<meta property=\"og:type\" content=\"article\" \/>\n<meta property=\"og:title\" content=\"Una jornada plena d&#039;hist\u00f2ries i an\u00e8cdotes de la Televisi\u00f3 de Nou Barris - NouBarris.Net\" \/>\n<meta property=\"og:description\" content=\"Gr\u00e0cies a totes les persones que ahir ens vau acomapanyar a la presentaci\u00f3 de l&#8217;exposici\u00f3 comissionada per l&#8217;Arxiu Hist\u00f2ric de\" \/>\n<meta property=\"og:url\" content=\"https:\/\/www.noubarris.net\/web40\/una-jornada-plena-dhistories-i-anecdotes-de-la-televisio-de-nou-barris\/\" \/>\n<meta property=\"og:site_name\" content=\"NouBarris.Net\" \/>\n<meta property=\"article:publisher\" content=\"https:\/\/www.facebook.com\/NouBarris.net\/?locale=es_ES\" \/>\n<meta property=\"article:published_time\" content=\"2023-03-04T22:00:42+00:00\" \/>\n<meta property=\"article:modified_time\" content=\"2023-03-05T07:35:11+00:00\" \/>\n<meta property=\"og:image\" content=\"https:\/\/www.noubarris.net\/web40\/wp-content\/uploads\/2023\/03\/070323.jpg\" \/>\n\t<meta property=\"og:image:width\" content=\"768\" \/>\n\t<meta property=\"og:image:height\" content=\"432\" \/>\n\t<meta property=\"og:image:type\" content=\"image\/jpeg\" \/>\n<meta name=\"author\" content=\"Informatius\" \/>\n<meta name=\"twitter:card\" content=\"summary_large_image\" \/>\n<meta name=\"twitter:creator\" content=\"@9BTV\" \/>\n<meta name=\"twitter:site\" content=\"@9BTV\" \/>\n<meta name=\"twitter:label1\" content=\"Escrit per\" \/>\n\t<meta name=\"twitter:data1\" content=\"Informatius\" \/>\n\t<meta name=\"twitter:label2\" content=\"Temps estimat de lectura\" \/>\n\t<meta name=\"twitter:data2\" content=\"1 minut\" \/>\n<script type=\"application\/ld+json\" class=\"yoast-schema-graph\">{\"@context\":\"https:\/\/schema.org\",\"@graph\":[{\"@type\":\"Article\",\"@id\":\"https:\/\/www.noubarris.net\/web40\/una-jornada-plena-dhistories-i-anecdotes-de-la-televisio-de-nou-barris\/#article\",\"isPartOf\":{\"@id\":\"https:\/\/www.noubarris.net\/web40\/una-jornada-plena-dhistories-i-anecdotes-de-la-televisio-de-nou-barris\/\"},\"author\":{\"name\":\"Informatius\",\"@id\":\"https:\/\/www.noubarris.net\/web40\/#\/schema\/person\/1827f92aaa316c54abbf4dac0de76069\"},\"headline\":\"Una jornada plena d&#8217;hist\u00f2ries i an\u00e8cdotes de la Televisi\u00f3 de Nou Barris\",\"datePublished\":\"2023-03-04T22:00:42+00:00\",\"dateModified\":\"2023-03-05T07:35:11+00:00\",\"mainEntityOfPage\":{\"@id\":\"https:\/\/www.noubarris.net\/web40\/una-jornada-plena-dhistories-i-anecdotes-de-la-televisio-de-nou-barris\/\"},\"wordCount\":256,\"publisher\":{\"@id\":\"https:\/\/www.noubarris.net\/web40\/#organization\"},\"image\":{\"@id\":\"https:\/\/www.noubarris.net\/web40\/una-jornada-plena-dhistories-i-anecdotes-de-la-televisio-de-nou-barris\/#primaryimage\"},\"thumbnailUrl\":\"https:\/\/www.noubarris.net\/web40\/wp-content\/uploads\/2023\/03\/070323.jpg\",\"keywords\":[\"Arxiu Hist\u00f2ric de Roquetes \u2013 Nou Barris\",\"Exposici\u00f3\",\"Nou Barris\",\"Projectart\"],\"articleSection\":[\"Cultura\",\"Nou Barris\",\"Tecnologia\"],\"inLanguage\":\"ca\"},{\"@type\":\"WebPage\",\"@id\":\"https:\/\/www.noubarris.net\/web40\/una-jornada-plena-dhistories-i-anecdotes-de-la-televisio-de-nou-barris\/\",\"url\":\"https:\/\/www.noubarris.net\/web40\/una-jornada-plena-dhistories-i-anecdotes-de-la-televisio-de-nou-barris\/\",\"name\":\"Una jornada plena d'hist\u00f2ries i an\u00e8cdotes de la Televisi\u00f3 de Nou Barris - NouBarris.Net\",\"isPartOf\":{\"@id\":\"https:\/\/www.noubarris.net\/web40\/#website\"},\"primaryImageOfPage\":{\"@id\":\"https:\/\/www.noubarris.net\/web40\/una-jornada-plena-dhistories-i-anecdotes-de-la-televisio-de-nou-barris\/#primaryimage\"},\"image\":{\"@id\":\"https:\/\/www.noubarris.net\/web40\/una-jornada-plena-dhistories-i-anecdotes-de-la-televisio-de-nou-barris\/#primaryimage\"},\"thumbnailUrl\":\"https:\/\/www.noubarris.net\/web40\/wp-content\/uploads\/2023\/03\/070323.jpg\",\"datePublished\":\"2023-03-04T22:00:42+00:00\",\"dateModified\":\"2023-03-05T07:35:11+00:00\",\"breadcrumb\":{\"@id\":\"https:\/\/www.noubarris.net\/web40\/una-jornada-plena-dhistories-i-anecdotes-de-la-televisio-de-nou-barris\/#breadcrumb\"},\"inLanguage\":\"ca\",\"potentialAction\":[{\"@type\":\"ReadAction\",\"target\":[\"https:\/\/www.noubarris.net\/web40\/una-jornada-plena-dhistories-i-anecdotes-de-la-televisio-de-nou-barris\/\"]}]},{\"@type\":\"ImageObject\",\"inLanguage\":\"ca\",\"@id\":\"https:\/\/www.noubarris.net\/web40\/una-jornada-plena-dhistories-i-anecdotes-de-la-televisio-de-nou-barris\/#primaryimage\",\"url\":\"https:\/\/www.noubarris.net\/web40\/wp-content\/uploads\/2023\/03\/070323.jpg\",\"contentUrl\":\"https:\/\/www.noubarris.net\/web40\/wp-content\/uploads\/2023\/03\/070323.jpg\",\"width\":768,\"height\":432},{\"@type\":\"BreadcrumbList\",\"@id\":\"https:\/\/www.noubarris.net\/web40\/una-jornada-plena-dhistories-i-anecdotes-de-la-televisio-de-nou-barris\/#breadcrumb\",\"itemListElement\":[{\"@type\":\"ListItem\",\"position\":1,\"name\":\"Inici\",\"item\":\"https:\/\/www.noubarris.net\/web40\/\"},{\"@type\":\"ListItem\",\"position\":2,\"name\":\"Una jornada plena d&#8217;hist\u00f2ries i an\u00e8cdotes de la Televisi\u00f3 de Nou Barris\"}]},{\"@type\":\"WebSite\",\"@id\":\"https:\/\/www.noubarris.net\/web40\/#website\",\"url\":\"https:\/\/www.noubarris.net\/web40\/\",\"name\":\"NouBarris.Net\",\"description\":\"Seguint la vida de Nou Barris des de 1985\",\"publisher\":{\"@id\":\"https:\/\/www.noubarris.net\/web40\/#organization\"},\"potentialAction\":[{\"@type\":\"SearchAction\",\"target\":{\"@type\":\"EntryPoint\",\"urlTemplate\":\"https:\/\/www.noubarris.net\/web40\/?s={search_term_string}\"},\"query-input\":{\"@type\":\"PropertyValueSpecification\",\"valueRequired\":true,\"valueName\":\"search_term_string\"}}],\"inLanguage\":\"ca\"},{\"@type\":\"Organization\",\"@id\":\"https:\/\/www.noubarris.net\/web40\/#organization\",\"name\":\"NouBarris.Net\",\"url\":\"https:\/\/www.noubarris.net\/web40\/\",\"logo\":{\"@type\":\"ImageObject\",\"inLanguage\":\"ca\",\"@id\":\"https:\/\/www.noubarris.net\/web40\/#\/schema\/logo\/image\/\",\"url\":\"https:\/\/www.noubarris.net\/web40\/wp-content\/uploads\/2024\/11\/cropped-cropped-LOGO_9BTV-2024_Insta-1.jpg\",\"contentUrl\":\"https:\/\/www.noubarris.net\/web40\/wp-content\/uploads\/2024\/11\/cropped-cropped-LOGO_9BTV-2024_Insta-1.jpg\",\"width\":512,\"height\":512,\"caption\":\"NouBarris.Net\"},\"image\":{\"@id\":\"https:\/\/www.noubarris.net\/web40\/#\/schema\/logo\/image\/\"},\"sameAs\":[\"https:\/\/www.facebook.com\/NouBarris.net\/?locale=es_ES\",\"https:\/\/x.com\/9BTV\"]},{\"@type\":\"Person\",\"@id\":\"https:\/\/www.noubarris.net\/web40\/#\/schema\/person\/1827f92aaa316c54abbf4dac0de76069\",\"name\":\"Informatius\",\"image\":{\"@type\":\"ImageObject\",\"inLanguage\":\"ca\",\"@id\":\"https:\/\/www.noubarris.net\/web40\/#\/schema\/person\/image\/\",\"url\":\"https:\/\/secure.gravatar.com\/avatar\/87a3b47928835fc72c6ee5b0e1a7263ef0c2d05003a98189bc14926c5f11bcdb?s=96&d=mm&r=g\",\"contentUrl\":\"https:\/\/secure.gravatar.com\/avatar\/87a3b47928835fc72c6ee5b0e1a7263ef0c2d05003a98189bc14926c5f11bcdb?s=96&d=mm&r=g\",\"caption\":\"Informatius\"},\"url\":\"https:\/\/www.noubarris.net\/web40\/author\/tele\/\"}]}<\/script>\n<!-- \/ Yoast SEO plugin. -->","yoast_head_json":{"title":"Una jornada plena d'hist\u00f2ries i an\u00e8cdotes de la Televisi\u00f3 de Nou Barris - NouBarris.Net","robots":{"index":"index","follow":"follow","max-snippet":"max-snippet:-1","max-image-preview":"max-image-preview:large","max-video-preview":"max-video-preview:-1"},"canonical":"https:\/\/www.noubarris.net\/web40\/una-jornada-plena-dhistories-i-anecdotes-de-la-televisio-de-nou-barris\/","og_locale":"ca_ES","og_type":"article","og_title":"Una jornada plena d'hist\u00f2ries i an\u00e8cdotes de la Televisi\u00f3 de Nou Barris - NouBarris.Net","og_description":"Gr\u00e0cies a totes les persones que ahir ens vau acomapanyar a la presentaci\u00f3 de l&#8217;exposici\u00f3 comissionada per l&#8217;Arxiu Hist\u00f2ric de","og_url":"https:\/\/www.noubarris.net\/web40\/una-jornada-plena-dhistories-i-anecdotes-de-la-televisio-de-nou-barris\/","og_site_name":"NouBarris.Net","article_publisher":"https:\/\/www.facebook.com\/NouBarris.net\/?locale=es_ES","article_published_time":"2023-03-04T22:00:42+00:00","article_modified_time":"2023-03-05T07:35:11+00:00","og_image":[{"width":768,"height":432,"url":"https:\/\/www.noubarris.net\/web40\/wp-content\/uploads\/2023\/03\/070323.jpg","type":"image\/jpeg"}],"author":"Informatius","twitter_card":"summary_large_image","twitter_creator":"@9BTV","twitter_site":"@9BTV","twitter_misc":{"Escrit per":"Informatius","Temps estimat de lectura":"1 minut"},"schema":{"@context":"https:\/\/schema.org","@graph":[{"@type":"Article","@id":"https:\/\/www.noubarris.net\/web40\/una-jornada-plena-dhistories-i-anecdotes-de-la-televisio-de-nou-barris\/#article","isPartOf":{"@id":"https:\/\/www.noubarris.net\/web40\/una-jornada-plena-dhistories-i-anecdotes-de-la-televisio-de-nou-barris\/"},"author":{"name":"Informatius","@id":"https:\/\/www.noubarris.net\/web40\/#\/schema\/person\/1827f92aaa316c54abbf4dac0de76069"},"headline":"Una jornada plena d&#8217;hist\u00f2ries i an\u00e8cdotes de la Televisi\u00f3 de Nou Barris","datePublished":"2023-03-04T22:00:42+00:00","dateModified":"2023-03-05T07:35:11+00:00","mainEntityOfPage":{"@id":"https:\/\/www.noubarris.net\/web40\/una-jornada-plena-dhistories-i-anecdotes-de-la-televisio-de-nou-barris\/"},"wordCount":256,"publisher":{"@id":"https:\/\/www.noubarris.net\/web40\/#organization"},"image":{"@id":"https:\/\/www.noubarris.net\/web40\/una-jornada-plena-dhistories-i-anecdotes-de-la-televisio-de-nou-barris\/#primaryimage"},"thumbnailUrl":"https:\/\/www.noubarris.net\/web40\/wp-content\/uploads\/2023\/03\/070323.jpg","keywords":["Arxiu Hist\u00f2ric de Roquetes \u2013 Nou Barris","Exposici\u00f3","Nou Barris","Projectart"],"articleSection":["Cultura","Nou Barris","Tecnologia"],"inLanguage":"ca"},{"@type":"WebPage","@id":"https:\/\/www.noubarris.net\/web40\/una-jornada-plena-dhistories-i-anecdotes-de-la-televisio-de-nou-barris\/","url":"https:\/\/www.noubarris.net\/web40\/una-jornada-plena-dhistories-i-anecdotes-de-la-televisio-de-nou-barris\/","name":"Una jornada plena d'hist\u00f2ries i an\u00e8cdotes de la Televisi\u00f3 de Nou Barris - NouBarris.Net","isPartOf":{"@id":"https:\/\/www.noubarris.net\/web40\/#website"},"primaryImageOfPage":{"@id":"https:\/\/www.noubarris.net\/web40\/una-jornada-plena-dhistories-i-anecdotes-de-la-televisio-de-nou-barris\/#primaryimage"},"image":{"@id":"https:\/\/www.noubarris.net\/web40\/una-jornada-plena-dhistories-i-anecdotes-de-la-televisio-de-nou-barris\/#primaryimage"},"thumbnailUrl":"https:\/\/www.noubarris.net\/web40\/wp-content\/uploads\/2023\/03\/070323.jpg","datePublished":"2023-03-04T22:00:42+00:00","dateModified":"2023-03-05T07:35:11+00:00","breadcrumb":{"@id":"https:\/\/www.noubarris.net\/web40\/una-jornada-plena-dhistories-i-anecdotes-de-la-televisio-de-nou-barris\/#breadcrumb"},"inLanguage":"ca","potentialAction":[{"@type":"ReadAction","target":["https:\/\/www.noubarris.net\/web40\/una-jornada-plena-dhistories-i-anecdotes-de-la-televisio-de-nou-barris\/"]}]},{"@type":"ImageObject","inLanguage":"ca","@id":"https:\/\/www.noubarris.net\/web40\/una-jornada-plena-dhistories-i-anecdotes-de-la-televisio-de-nou-barris\/#primaryimage","url":"https:\/\/www.noubarris.net\/web40\/wp-content\/uploads\/2023\/03\/070323.jpg","contentUrl":"https:\/\/www.noubarris.net\/web40\/wp-content\/uploads\/2023\/03\/070323.jpg","width":768,"height":432},{"@type":"BreadcrumbList","@id":"https:\/\/www.noubarris.net\/web40\/una-jornada-plena-dhistories-i-anecdotes-de-la-televisio-de-nou-barris\/#breadcrumb","itemListElement":[{"@type":"ListItem","position":1,"name":"Inici","item":"https:\/\/www.noubarris.net\/web40\/"},{"@type":"ListItem","position":2,"name":"Una jornada plena d&#8217;hist\u00f2ries i an\u00e8cdotes de la Televisi\u00f3 de Nou Barris"}]},{"@type":"WebSite","@id":"https:\/\/www.noubarris.net\/web40\/#website","url":"https:\/\/www.noubarris.net\/web40\/","name":"NouBarris.Net","description":"Seguint la vida de Nou Barris des de 1985","publisher":{"@id":"https:\/\/www.noubarris.net\/web40\/#organization"},"potentialAction":[{"@type":"SearchAction","target":{"@type":"EntryPoint","urlTemplate":"https:\/\/www.noubarris.net\/web40\/?s={search_term_string}"},"query-input":{"@type":"PropertyValueSpecification","valueRequired":true,"valueName":"search_term_string"}}],"inLanguage":"ca"},{"@type":"Organization","@id":"https:\/\/www.noubarris.net\/web40\/#organization","name":"NouBarris.Net","url":"https:\/\/www.noubarris.net\/web40\/","logo":{"@type":"ImageObject","inLanguage":"ca","@id":"https:\/\/www.noubarris.net\/web40\/#\/schema\/logo\/image\/","url":"https:\/\/www.noubarris.net\/web40\/wp-content\/uploads\/2024\/11\/cropped-cropped-LOGO_9BTV-2024_Insta-1.jpg","contentUrl":"https:\/\/www.noubarris.net\/web40\/wp-content\/uploads\/2024\/11\/cropped-cropped-LOGO_9BTV-2024_Insta-1.jpg","width":512,"height":512,"caption":"NouBarris.Net"},"image":{"@id":"https:\/\/www.noubarris.net\/web40\/#\/schema\/logo\/image\/"},"sameAs":["https:\/\/www.facebook.com\/NouBarris.net\/?locale=es_ES","https:\/\/x.com\/9BTV"]},{"@type":"Person","@id":"https:\/\/www.noubarris.net\/web40\/#\/schema\/person\/1827f92aaa316c54abbf4dac0de76069","name":"Informatius","image":{"@type":"ImageObject","inLanguage":"ca","@id":"https:\/\/www.noubarris.net\/web40\/#\/schema\/person\/image\/","url":"https:\/\/secure.gravatar.com\/avatar\/87a3b47928835fc72c6ee5b0e1a7263ef0c2d05003a98189bc14926c5f11bcdb?s=96&d=mm&r=g","contentUrl":"https:\/\/secure.gravatar.com\/avatar\/87a3b47928835fc72c6ee5b0e1a7263ef0c2d05003a98189bc14926c5f11bcdb?s=96&d=mm&r=g","caption":"Informatius"},"url":"https:\/\/www.noubarris.net\/web40\/author\/tele\/"}]}},"_links":{"self":[{"href":"https:\/\/www.noubarris.net\/web40\/wp-json\/wp\/v2\/posts\/80607","targetHints":{"allow":["GET"]}}],"collection":[{"href":"https:\/\/www.noubarris.net\/web40\/wp-json\/wp\/v2\/posts"}],"about":[{"href":"https:\/\/www.noubarris.net\/web40\/wp-json\/wp\/v2\/types\/post"}],"author":[{"embeddable":true,"href":"https:\/\/www.noubarris.net\/web40\/wp-json\/wp\/v2\/users\/2"}],"replies":[{"embeddable":true,"href":"https:\/\/www.noubarris.net\/web40\/wp-json\/wp\/v2\/comments?post=80607"}],"version-history":[{"count":5,"href":"https:\/\/www.noubarris.net\/web40\/wp-json\/wp\/v2\/posts\/80607\/revisions"}],"predecessor-version":[{"id":80615,"href":"https:\/\/www.noubarris.net\/web40\/wp-json\/wp\/v2\/posts\/80607\/revisions\/80615"}],"wp:featuredmedia":[{"embeddable":true,"href":"https:\/\/www.noubarris.net\/web40\/wp-json\/wp\/v2\/media\/80609"}],"wp:attachment":[{"href":"https:\/\/www.noubarris.net\/web40\/wp-json\/wp\/v2\/media?parent=80607"}],"wp:term":[{"taxonomy":"category","embeddable":true,"href":"https:\/\/www.noubarris.net\/web40\/wp-json\/wp\/v2\/categories?post=80607"},{"taxonomy":"post_tag","embeddable":true,"href":"https:\/\/www.noubarris.net\/web40\/wp-json\/wp\/v2\/tags?post=80607"}],"curies":[{"name":"wp","href":"https:\/\/api.w.org\/{rel}","templated":true}]}}