{"id":80908,"date":"2023-04-28T13:51:52","date_gmt":"2023-04-28T11:51:52","guid":{"rendered":"http:\/\/www.noubarris.net\/web40\/?p=80908"},"modified":"2023-04-28T13:51:52","modified_gmt":"2023-04-28T11:51:52","slug":"nou-barris-celebra-el-dia-internacional-de-la-dansa","status":"publish","type":"post","link":"https:\/\/www.noubarris.net\/web40\/nou-barris-celebra-el-dia-internacional-de-la-dansa\/","title":{"rendered":"Nou Barris celebra el Dia Internacional de la Dansa"},"content":{"rendered":"<p><strong>La core\u00f2grafa Raquel Gualtero ha preparat una festa per apropar la dansa a les persones grans del districte<\/strong><\/p>\n<p>El Dia Internacional de la Dansa torna a ser de nou un escenari obert a la ciutadania. A partir d&#8217;aquest divendres s&#8217;omplen els carrers de Barcelona per celebrar la festa de la dansa. Tres core\u00f2grafes seleccionades per convocat\u00f2ria oberta han treballat amb les entitats de dansa de tres districtes de la ciutat per a proposar tres accions de visibilitzaci\u00f3 simult\u00e0nies.<\/p>\n<blockquote class=\"twitter-tweet\">\n<p dir=\"ltr\" lang=\"ca\">&#x1f938; Avui celebrem el Dia Internacional de la Dansa, amb l&#8217;acci\u00f3 que la core\u00f2grafa Raquel Gualtero ha preparat amb les persones grans del districte: <a href=\"https:\/\/t.co\/1oKyGLdiTW\">https:\/\/t.co\/1oKyGLdiTW<\/a>.<\/p>\n<p>&#x1f556; Podreu veure&#8217;n el resultat a les 19 h, a la pl. Major de <a href=\"https:\/\/twitter.com\/hashtag\/NouBarris?src=hash&amp;ref_src=twsrc%5Etfw\">#NouBarris<\/a>! <a href=\"https:\/\/twitter.com\/APdCDansa?ref_src=twsrc%5Etfw\">@APdCDansa<\/a><a href=\"https:\/\/t.co\/x1NTwIUQEy\">pic.twitter.com\/x1NTwIUQEy<\/a><\/p>\n<p>\u2014 Districte de Nou Barris (@Bcn_NouBarris) <a href=\"https:\/\/twitter.com\/Bcn_NouBarris\/status\/1651863870397374466?ref_src=twsrc%5Etfw\">April 28, 2023<\/a><\/p><\/blockquote>\n<p><script async src=\"https:\/\/platform.twitter.com\/widgets.js\" charset=\"utf-8\"><\/script><\/p>\n<p>F\u00e0tima Campos ha assajat amb les usu\u00e0ries de diverses entitats del districte de Ciutat Vella per a coordinar una acci\u00f3 ballada amb m\u00fasica en directe que tindr\u00e0 lloc davant del Born Centre Cultural. Paral\u00b7lelament, la Virg\u00ednia Gimeno ha treballat amb nombroses escoles de dansa del districte de Sant Mart\u00ed per a culminar en una coreografia que tindr\u00e0 lloc al Jardins Ca l\u2019Arany\u00f3 i que acabar\u00e0 esdevenint un videoclip; mentre que la ballarina i cor\u00e8ografa Raquel Gualtero ha preparat una festa per celebrar i apropar la dansa a un col\u00b7lectiu sovint invisibilitzat com el de la gent gran. Ser\u00e0 a a la Pla\u00e7a de la Seu del Districte de Nou Barris. Totes tres accions seran a les 19h.<\/p>\n<p>&nbsp;<\/p>\n<p>&nbsp;<\/p>\n","protected":false},"excerpt":{"rendered":"<p>La core\u00f2grafa Raquel Gualtero ha preparat una festa per apropar la dansa a les persones grans del districte El Dia<\/p>\n","protected":false},"author":2,"featured_media":80909,"comment_status":"closed","ping_status":"closed","sticky":false,"template":"","format":"standard","meta":{"colormag_page_layout":"default_layout","_monsterinsights_skip_tracking":false,"_monsterinsights_sitenote_active":false,"_monsterinsights_sitenote_note":"","_monsterinsights_sitenote_category":0,"footnotes":""},"categories":[129,133,1],"tags":[164,684],"class_list":["post-80908","post","type-post","status-publish","format-standard","has-post-thumbnail","hentry","category-cultura","category-la-guineueta","category-nou-barris","tag-dansa","tag-guineueta"],"yoast_head":"<!-- This site is optimized with the Yoast SEO plugin v25.3 - https:\/\/yoast.com\/wordpress\/plugins\/seo\/ -->\n<title>Nou Barris celebra el Dia Internacional de la Dansa - NouBarris.Net<\/title>\n<meta name=\"robots\" content=\"index, follow, max-snippet:-1, max-image-preview:large, max-video-preview:-1\" \/>\n<link rel=\"canonical\" href=\"https:\/\/www.noubarris.net\/web40\/nou-barris-celebra-el-dia-internacional-de-la-dansa\/\" \/>\n<meta property=\"og:locale\" content=\"ca_ES\" \/>\n<meta property=\"og:type\" content=\"article\" \/>\n<meta property=\"og:title\" content=\"Nou Barris celebra el Dia Internacional de la Dansa - NouBarris.Net\" \/>\n<meta property=\"og:description\" content=\"La core\u00f2grafa Raquel Gualtero ha preparat una festa per apropar la dansa a les persones grans del districte El Dia\" \/>\n<meta property=\"og:url\" content=\"https:\/\/www.noubarris.net\/web40\/nou-barris-celebra-el-dia-internacional-de-la-dansa\/\" \/>\n<meta property=\"og:site_name\" content=\"NouBarris.Net\" \/>\n<meta property=\"article:publisher\" content=\"https:\/\/www.facebook.com\/NouBarris.net\/?locale=es_ES\" \/>\n<meta property=\"article:published_time\" content=\"2023-04-28T11:51:52+00:00\" \/>\n<meta property=\"og:image\" content=\"https:\/\/www.noubarris.net\/web40\/wp-content\/uploads\/2023\/04\/280423.jpg\" \/>\n\t<meta property=\"og:image:width\" content=\"768\" \/>\n\t<meta property=\"og:image:height\" content=\"432\" \/>\n\t<meta property=\"og:image:type\" content=\"image\/jpeg\" \/>\n<meta name=\"author\" content=\"Informatius\" \/>\n<meta name=\"twitter:card\" content=\"summary_large_image\" \/>\n<meta name=\"twitter:creator\" content=\"@9BTV\" \/>\n<meta name=\"twitter:site\" content=\"@9BTV\" \/>\n<meta name=\"twitter:label1\" content=\"Escrit per\" \/>\n\t<meta name=\"twitter:data1\" content=\"Informatius\" \/>\n\t<meta name=\"twitter:label2\" content=\"Temps estimat de lectura\" \/>\n\t<meta name=\"twitter:data2\" content=\"1 minut\" \/>\n<script type=\"application\/ld+json\" class=\"yoast-schema-graph\">{\"@context\":\"https:\/\/schema.org\",\"@graph\":[{\"@type\":\"Article\",\"@id\":\"https:\/\/www.noubarris.net\/web40\/nou-barris-celebra-el-dia-internacional-de-la-dansa\/#article\",\"isPartOf\":{\"@id\":\"https:\/\/www.noubarris.net\/web40\/nou-barris-celebra-el-dia-internacional-de-la-dansa\/\"},\"author\":{\"name\":\"Informatius\",\"@id\":\"https:\/\/www.noubarris.net\/web40\/#\/schema\/person\/1827f92aaa316c54abbf4dac0de76069\"},\"headline\":\"Nou Barris celebra el Dia Internacional de la Dansa\",\"datePublished\":\"2023-04-28T11:51:52+00:00\",\"mainEntityOfPage\":{\"@id\":\"https:\/\/www.noubarris.net\/web40\/nou-barris-celebra-el-dia-internacional-de-la-dansa\/\"},\"wordCount\":281,\"publisher\":{\"@id\":\"https:\/\/www.noubarris.net\/web40\/#organization\"},\"image\":{\"@id\":\"https:\/\/www.noubarris.net\/web40\/nou-barris-celebra-el-dia-internacional-de-la-dansa\/#primaryimage\"},\"thumbnailUrl\":\"https:\/\/www.noubarris.net\/web40\/wp-content\/uploads\/2023\/04\/280423.jpg\",\"keywords\":[\"Dansa\",\"guineueta\"],\"articleSection\":[\"Cultura\",\"La Guineueta\",\"Nou Barris\"],\"inLanguage\":\"ca\"},{\"@type\":\"WebPage\",\"@id\":\"https:\/\/www.noubarris.net\/web40\/nou-barris-celebra-el-dia-internacional-de-la-dansa\/\",\"url\":\"https:\/\/www.noubarris.net\/web40\/nou-barris-celebra-el-dia-internacional-de-la-dansa\/\",\"name\":\"Nou Barris celebra el Dia Internacional de la Dansa - NouBarris.Net\",\"isPartOf\":{\"@id\":\"https:\/\/www.noubarris.net\/web40\/#website\"},\"primaryImageOfPage\":{\"@id\":\"https:\/\/www.noubarris.net\/web40\/nou-barris-celebra-el-dia-internacional-de-la-dansa\/#primaryimage\"},\"image\":{\"@id\":\"https:\/\/www.noubarris.net\/web40\/nou-barris-celebra-el-dia-internacional-de-la-dansa\/#primaryimage\"},\"thumbnailUrl\":\"https:\/\/www.noubarris.net\/web40\/wp-content\/uploads\/2023\/04\/280423.jpg\",\"datePublished\":\"2023-04-28T11:51:52+00:00\",\"breadcrumb\":{\"@id\":\"https:\/\/www.noubarris.net\/web40\/nou-barris-celebra-el-dia-internacional-de-la-dansa\/#breadcrumb\"},\"inLanguage\":\"ca\",\"potentialAction\":[{\"@type\":\"ReadAction\",\"target\":[\"https:\/\/www.noubarris.net\/web40\/nou-barris-celebra-el-dia-internacional-de-la-dansa\/\"]}]},{\"@type\":\"ImageObject\",\"inLanguage\":\"ca\",\"@id\":\"https:\/\/www.noubarris.net\/web40\/nou-barris-celebra-el-dia-internacional-de-la-dansa\/#primaryimage\",\"url\":\"https:\/\/www.noubarris.net\/web40\/wp-content\/uploads\/2023\/04\/280423.jpg\",\"contentUrl\":\"https:\/\/www.noubarris.net\/web40\/wp-content\/uploads\/2023\/04\/280423.jpg\",\"width\":768,\"height\":432},{\"@type\":\"BreadcrumbList\",\"@id\":\"https:\/\/www.noubarris.net\/web40\/nou-barris-celebra-el-dia-internacional-de-la-dansa\/#breadcrumb\",\"itemListElement\":[{\"@type\":\"ListItem\",\"position\":1,\"name\":\"Inici\",\"item\":\"https:\/\/www.noubarris.net\/web40\/\"},{\"@type\":\"ListItem\",\"position\":2,\"name\":\"Nou Barris celebra el Dia Internacional de la Dansa\"}]},{\"@type\":\"WebSite\",\"@id\":\"https:\/\/www.noubarris.net\/web40\/#website\",\"url\":\"https:\/\/www.noubarris.net\/web40\/\",\"name\":\"NouBarris.Net\",\"description\":\"Seguint la vida de Nou Barris des de 1985\",\"publisher\":{\"@id\":\"https:\/\/www.noubarris.net\/web40\/#organization\"},\"potentialAction\":[{\"@type\":\"SearchAction\",\"target\":{\"@type\":\"EntryPoint\",\"urlTemplate\":\"https:\/\/www.noubarris.net\/web40\/?s={search_term_string}\"},\"query-input\":{\"@type\":\"PropertyValueSpecification\",\"valueRequired\":true,\"valueName\":\"search_term_string\"}}],\"inLanguage\":\"ca\"},{\"@type\":\"Organization\",\"@id\":\"https:\/\/www.noubarris.net\/web40\/#organization\",\"name\":\"NouBarris.Net\",\"url\":\"https:\/\/www.noubarris.net\/web40\/\",\"logo\":{\"@type\":\"ImageObject\",\"inLanguage\":\"ca\",\"@id\":\"https:\/\/www.noubarris.net\/web40\/#\/schema\/logo\/image\/\",\"url\":\"https:\/\/www.noubarris.net\/web40\/wp-content\/uploads\/2024\/11\/cropped-cropped-LOGO_9BTV-2024_Insta-1.jpg\",\"contentUrl\":\"https:\/\/www.noubarris.net\/web40\/wp-content\/uploads\/2024\/11\/cropped-cropped-LOGO_9BTV-2024_Insta-1.jpg\",\"width\":512,\"height\":512,\"caption\":\"NouBarris.Net\"},\"image\":{\"@id\":\"https:\/\/www.noubarris.net\/web40\/#\/schema\/logo\/image\/\"},\"sameAs\":[\"https:\/\/www.facebook.com\/NouBarris.net\/?locale=es_ES\",\"https:\/\/x.com\/9BTV\"]},{\"@type\":\"Person\",\"@id\":\"https:\/\/www.noubarris.net\/web40\/#\/schema\/person\/1827f92aaa316c54abbf4dac0de76069\",\"name\":\"Informatius\",\"image\":{\"@type\":\"ImageObject\",\"inLanguage\":\"ca\",\"@id\":\"https:\/\/www.noubarris.net\/web40\/#\/schema\/person\/image\/\",\"url\":\"https:\/\/secure.gravatar.com\/avatar\/87a3b47928835fc72c6ee5b0e1a7263ef0c2d05003a98189bc14926c5f11bcdb?s=96&d=mm&r=g\",\"contentUrl\":\"https:\/\/secure.gravatar.com\/avatar\/87a3b47928835fc72c6ee5b0e1a7263ef0c2d05003a98189bc14926c5f11bcdb?s=96&d=mm&r=g\",\"caption\":\"Informatius\"},\"url\":\"https:\/\/www.noubarris.net\/web40\/author\/tele\/\"}]}<\/script>\n<!-- \/ Yoast SEO plugin. -->","yoast_head_json":{"title":"Nou Barris celebra el Dia Internacional de la Dansa - NouBarris.Net","robots":{"index":"index","follow":"follow","max-snippet":"max-snippet:-1","max-image-preview":"max-image-preview:large","max-video-preview":"max-video-preview:-1"},"canonical":"https:\/\/www.noubarris.net\/web40\/nou-barris-celebra-el-dia-internacional-de-la-dansa\/","og_locale":"ca_ES","og_type":"article","og_title":"Nou Barris celebra el Dia Internacional de la Dansa - NouBarris.Net","og_description":"La core\u00f2grafa Raquel Gualtero ha preparat una festa per apropar la dansa a les persones grans del districte El Dia","og_url":"https:\/\/www.noubarris.net\/web40\/nou-barris-celebra-el-dia-internacional-de-la-dansa\/","og_site_name":"NouBarris.Net","article_publisher":"https:\/\/www.facebook.com\/NouBarris.net\/?locale=es_ES","article_published_time":"2023-04-28T11:51:52+00:00","og_image":[{"width":768,"height":432,"url":"https:\/\/www.noubarris.net\/web40\/wp-content\/uploads\/2023\/04\/280423.jpg","type":"image\/jpeg"}],"author":"Informatius","twitter_card":"summary_large_image","twitter_creator":"@9BTV","twitter_site":"@9BTV","twitter_misc":{"Escrit per":"Informatius","Temps estimat de lectura":"1 minut"},"schema":{"@context":"https:\/\/schema.org","@graph":[{"@type":"Article","@id":"https:\/\/www.noubarris.net\/web40\/nou-barris-celebra-el-dia-internacional-de-la-dansa\/#article","isPartOf":{"@id":"https:\/\/www.noubarris.net\/web40\/nou-barris-celebra-el-dia-internacional-de-la-dansa\/"},"author":{"name":"Informatius","@id":"https:\/\/www.noubarris.net\/web40\/#\/schema\/person\/1827f92aaa316c54abbf4dac0de76069"},"headline":"Nou Barris celebra el Dia Internacional de la Dansa","datePublished":"2023-04-28T11:51:52+00:00","mainEntityOfPage":{"@id":"https:\/\/www.noubarris.net\/web40\/nou-barris-celebra-el-dia-internacional-de-la-dansa\/"},"wordCount":281,"publisher":{"@id":"https:\/\/www.noubarris.net\/web40\/#organization"},"image":{"@id":"https:\/\/www.noubarris.net\/web40\/nou-barris-celebra-el-dia-internacional-de-la-dansa\/#primaryimage"},"thumbnailUrl":"https:\/\/www.noubarris.net\/web40\/wp-content\/uploads\/2023\/04\/280423.jpg","keywords":["Dansa","guineueta"],"articleSection":["Cultura","La Guineueta","Nou Barris"],"inLanguage":"ca"},{"@type":"WebPage","@id":"https:\/\/www.noubarris.net\/web40\/nou-barris-celebra-el-dia-internacional-de-la-dansa\/","url":"https:\/\/www.noubarris.net\/web40\/nou-barris-celebra-el-dia-internacional-de-la-dansa\/","name":"Nou Barris celebra el Dia Internacional de la Dansa - NouBarris.Net","isPartOf":{"@id":"https:\/\/www.noubarris.net\/web40\/#website"},"primaryImageOfPage":{"@id":"https:\/\/www.noubarris.net\/web40\/nou-barris-celebra-el-dia-internacional-de-la-dansa\/#primaryimage"},"image":{"@id":"https:\/\/www.noubarris.net\/web40\/nou-barris-celebra-el-dia-internacional-de-la-dansa\/#primaryimage"},"thumbnailUrl":"https:\/\/www.noubarris.net\/web40\/wp-content\/uploads\/2023\/04\/280423.jpg","datePublished":"2023-04-28T11:51:52+00:00","breadcrumb":{"@id":"https:\/\/www.noubarris.net\/web40\/nou-barris-celebra-el-dia-internacional-de-la-dansa\/#breadcrumb"},"inLanguage":"ca","potentialAction":[{"@type":"ReadAction","target":["https:\/\/www.noubarris.net\/web40\/nou-barris-celebra-el-dia-internacional-de-la-dansa\/"]}]},{"@type":"ImageObject","inLanguage":"ca","@id":"https:\/\/www.noubarris.net\/web40\/nou-barris-celebra-el-dia-internacional-de-la-dansa\/#primaryimage","url":"https:\/\/www.noubarris.net\/web40\/wp-content\/uploads\/2023\/04\/280423.jpg","contentUrl":"https:\/\/www.noubarris.net\/web40\/wp-content\/uploads\/2023\/04\/280423.jpg","width":768,"height":432},{"@type":"BreadcrumbList","@id":"https:\/\/www.noubarris.net\/web40\/nou-barris-celebra-el-dia-internacional-de-la-dansa\/#breadcrumb","itemListElement":[{"@type":"ListItem","position":1,"name":"Inici","item":"https:\/\/www.noubarris.net\/web40\/"},{"@type":"ListItem","position":2,"name":"Nou Barris celebra el Dia Internacional de la Dansa"}]},{"@type":"WebSite","@id":"https:\/\/www.noubarris.net\/web40\/#website","url":"https:\/\/www.noubarris.net\/web40\/","name":"NouBarris.Net","description":"Seguint la vida de Nou Barris des de 1985","publisher":{"@id":"https:\/\/www.noubarris.net\/web40\/#organization"},"potentialAction":[{"@type":"SearchAction","target":{"@type":"EntryPoint","urlTemplate":"https:\/\/www.noubarris.net\/web40\/?s={search_term_string}"},"query-input":{"@type":"PropertyValueSpecification","valueRequired":true,"valueName":"search_term_string"}}],"inLanguage":"ca"},{"@type":"Organization","@id":"https:\/\/www.noubarris.net\/web40\/#organization","name":"NouBarris.Net","url":"https:\/\/www.noubarris.net\/web40\/","logo":{"@type":"ImageObject","inLanguage":"ca","@id":"https:\/\/www.noubarris.net\/web40\/#\/schema\/logo\/image\/","url":"https:\/\/www.noubarris.net\/web40\/wp-content\/uploads\/2024\/11\/cropped-cropped-LOGO_9BTV-2024_Insta-1.jpg","contentUrl":"https:\/\/www.noubarris.net\/web40\/wp-content\/uploads\/2024\/11\/cropped-cropped-LOGO_9BTV-2024_Insta-1.jpg","width":512,"height":512,"caption":"NouBarris.Net"},"image":{"@id":"https:\/\/www.noubarris.net\/web40\/#\/schema\/logo\/image\/"},"sameAs":["https:\/\/www.facebook.com\/NouBarris.net\/?locale=es_ES","https:\/\/x.com\/9BTV"]},{"@type":"Person","@id":"https:\/\/www.noubarris.net\/web40\/#\/schema\/person\/1827f92aaa316c54abbf4dac0de76069","name":"Informatius","image":{"@type":"ImageObject","inLanguage":"ca","@id":"https:\/\/www.noubarris.net\/web40\/#\/schema\/person\/image\/","url":"https:\/\/secure.gravatar.com\/avatar\/87a3b47928835fc72c6ee5b0e1a7263ef0c2d05003a98189bc14926c5f11bcdb?s=96&d=mm&r=g","contentUrl":"https:\/\/secure.gravatar.com\/avatar\/87a3b47928835fc72c6ee5b0e1a7263ef0c2d05003a98189bc14926c5f11bcdb?s=96&d=mm&r=g","caption":"Informatius"},"url":"https:\/\/www.noubarris.net\/web40\/author\/tele\/"}]}},"_links":{"self":[{"href":"https:\/\/www.noubarris.net\/web40\/wp-json\/wp\/v2\/posts\/80908","targetHints":{"allow":["GET"]}}],"collection":[{"href":"https:\/\/www.noubarris.net\/web40\/wp-json\/wp\/v2\/posts"}],"about":[{"href":"https:\/\/www.noubarris.net\/web40\/wp-json\/wp\/v2\/types\/post"}],"author":[{"embeddable":true,"href":"https:\/\/www.noubarris.net\/web40\/wp-json\/wp\/v2\/users\/2"}],"replies":[{"embeddable":true,"href":"https:\/\/www.noubarris.net\/web40\/wp-json\/wp\/v2\/comments?post=80908"}],"version-history":[{"count":1,"href":"https:\/\/www.noubarris.net\/web40\/wp-json\/wp\/v2\/posts\/80908\/revisions"}],"predecessor-version":[{"id":80910,"href":"https:\/\/www.noubarris.net\/web40\/wp-json\/wp\/v2\/posts\/80908\/revisions\/80910"}],"wp:featuredmedia":[{"embeddable":true,"href":"https:\/\/www.noubarris.net\/web40\/wp-json\/wp\/v2\/media\/80909"}],"wp:attachment":[{"href":"https:\/\/www.noubarris.net\/web40\/wp-json\/wp\/v2\/media?parent=80908"}],"wp:term":[{"taxonomy":"category","embeddable":true,"href":"https:\/\/www.noubarris.net\/web40\/wp-json\/wp\/v2\/categories?post=80908"},{"taxonomy":"post_tag","embeddable":true,"href":"https:\/\/www.noubarris.net\/web40\/wp-json\/wp\/v2\/tags?post=80908"}],"curies":[{"name":"wp","href":"https:\/\/api.w.org\/{rel}","templated":true}]}}