{"id":80912,"date":"2023-04-29T09:53:43","date_gmt":"2023-04-29T07:53:43","guid":{"rendered":"http:\/\/www.noubarris.net\/web40\/?p=80912"},"modified":"2023-04-29T09:53:43","modified_gmt":"2023-04-29T07:53:43","slug":"el-turo-de-la-peira-i-can-peguera-celebren-una-nova-edicio-de-la-culturalissima","status":"publish","type":"post","link":"https:\/\/www.noubarris.net\/web40\/el-turo-de-la-peira-i-can-peguera-celebren-una-nova-edicio-de-la-culturalissima\/","title":{"rendered":"El Tur\u00f3 de la Peira i Can Peguera celebren una nova edici\u00f3 de la Cultural\u00edssima"},"content":{"rendered":"<p><strong>Una trobada que serveix per mostrar les diferents cultures presents a tots dos barris<\/strong><\/p>\n<p>Nou Barris celebra la segona edici\u00f3 de La Cultural\u00edssima, una festa comunit\u00e0ria en qu\u00e8 es conviden les diferents cultures que conviuen al Tur\u00f3 de la Peira i Can Peguera.<\/p>\n<p>Aix\u00ed, el ve\u00efnat prepara plats t\u00edpics dels seus pa\u00efsos d\u2019origen, mentre que les entitats i grups organitzen activitats infantils, mostres de m\u00fasica i dansa. L\u2019objectiu principal \u00e9s promoure la conviv\u00e8ncia i la cohesi\u00f3 social al territori, apropar la ciutadania a la vida comunit\u00e0ria i al m\u00f3n associatiu, i generar un esdeveniment que reflecteixi la realitat cultural diversa dels barris.<\/p>\n<p>L\u2019esdeveniment es fa aquest dissabte 29 d\u2019abril, d\u201911 a 17 hores:<\/p>\n<ul>\n<li>11 a 13 hores. Activitats Infantils<\/li>\n<li>12.30 a 15 hores. Venda de plats t\u00edpics de diferents pa\u00efsos del m\u00f3n<\/li>\n<li>15 a 17 hores. Actuaci\u00f3 de grups musicals i balls t\u00edpics tradicionals<\/li>\n<\/ul>\n<p>Dijous Can Bast\u00e9 va inaugurar l\u2019exposici\u00f3 de les fotografies fetes el 2022 en la primera edici\u00f3 de la festa, dutes a terme per Carles Llebot, alumne dels tallers de fotografia de Can Bast\u00e9 i ve\u00ed del barri.<\/p>\n<p>Des de Can Bast\u00e9 enguany tamb\u00e9 s\u2019organitzar\u00e0 un plat\u00f3 fotogr\u00e0fic al mateix parc per fer retrats dels ve\u00efns i ve\u00efnes del barri. Aquesta activitat tamb\u00e9 vol contribuir al desenvolupament d\u2019accions de dinamitzaci\u00f3 del parc del Tur\u00f3 de la Peira, per fomentar-ne l\u2019\u00fas familiar i donar suport a l\u2019activitat associativa d\u2019entitats incipients als barris o de grups i col\u00b7lectius que no estan organitzats, aix\u00ed com fomentar la participaci\u00f3 i el di\u00e0leg en la vida comunit\u00e0ria.<\/p>\n<p>Col\u00b7laboren en la Cultural\u00edssima les\u00a0 ve\u00efnes i ve\u00efns del Tur\u00f3 de la Peira i de Can Peguera, el Centre Obrer i Popular La Canadenca, el TASC (Tur\u00f3 Acci\u00f3 Socio Cultural), Enriquez Arte, el CCD Tur\u00f3 de la Peira, el Casalet de Gent Gran del Tur\u00f3 de la Peira, el Grup de Percussi\u00f3 \u201cBatubasses\u201d, l\u2019Espai Jove les Basses, el Centre C\u00edvic Can Bast\u00e9, el Programa BCN Interculturalitat, el Servei d\u2019Intervenci\u00f3 Comunit\u00e0ria a l\u2019Espai P\u00fablic, el Pla de Barris i el Districte de Nou Barris.<\/p>\n","protected":false},"excerpt":{"rendered":"<p>Una trobada que serveix per mostrar les diferents cultures presents a tots dos barris Nou Barris celebra la segona edici\u00f3<\/p>\n","protected":false},"author":2,"featured_media":80914,"comment_status":"closed","ping_status":"closed","sticky":false,"template":"","format":"standard","meta":{"colormag_page_layout":"default_layout","_monsterinsights_skip_tracking":false,"_monsterinsights_sitenote_active":false,"_monsterinsights_sitenote_note":"","_monsterinsights_sitenote_category":0,"footnotes":""},"categories":[130,129,139],"tags":[46,449,234,246],"class_list":["post-80912","post","type-post","status-publish","format-standard","has-post-thumbnail","hentry","category-can-peguera","category-cultura","category-el-turo-de-la-peira","tag-can-peguera","tag-convivencia","tag-cultura","tag-el-turo-de-la-peira"],"yoast_head":"<!-- This site is optimized with the Yoast SEO plugin v25.3 - https:\/\/yoast.com\/wordpress\/plugins\/seo\/ -->\n<title>El Tur\u00f3 de la Peira i Can Peguera celebren una nova edici\u00f3 de la Cultural\u00edssima - NouBarris.Net<\/title>\n<meta name=\"robots\" content=\"index, follow, max-snippet:-1, max-image-preview:large, max-video-preview:-1\" \/>\n<link rel=\"canonical\" href=\"https:\/\/www.noubarris.net\/web40\/el-turo-de-la-peira-i-can-peguera-celebren-una-nova-edicio-de-la-culturalissima\/\" \/>\n<meta property=\"og:locale\" content=\"ca_ES\" \/>\n<meta property=\"og:type\" content=\"article\" \/>\n<meta property=\"og:title\" content=\"El Tur\u00f3 de la Peira i Can Peguera celebren una nova edici\u00f3 de la Cultural\u00edssima - NouBarris.Net\" \/>\n<meta property=\"og:description\" content=\"Una trobada que serveix per mostrar les diferents cultures presents a tots dos barris Nou Barris celebra la segona edici\u00f3\" \/>\n<meta property=\"og:url\" content=\"https:\/\/www.noubarris.net\/web40\/el-turo-de-la-peira-i-can-peguera-celebren-una-nova-edicio-de-la-culturalissima\/\" \/>\n<meta property=\"og:site_name\" content=\"NouBarris.Net\" \/>\n<meta property=\"article:publisher\" content=\"https:\/\/www.facebook.com\/NouBarris.net\/?locale=es_ES\" \/>\n<meta property=\"article:published_time\" content=\"2023-04-29T07:53:43+00:00\" \/>\n<meta property=\"og:image\" content=\"https:\/\/www.noubarris.net\/web40\/wp-content\/uploads\/2023\/04\/280423-1.jpg\" \/>\n\t<meta property=\"og:image:width\" content=\"768\" \/>\n\t<meta property=\"og:image:height\" content=\"432\" \/>\n\t<meta property=\"og:image:type\" content=\"image\/jpeg\" \/>\n<meta name=\"author\" content=\"Informatius\" \/>\n<meta name=\"twitter:card\" content=\"summary_large_image\" \/>\n<meta name=\"twitter:creator\" content=\"@9BTV\" \/>\n<meta name=\"twitter:site\" content=\"@9BTV\" \/>\n<meta name=\"twitter:label1\" content=\"Escrit per\" \/>\n\t<meta name=\"twitter:data1\" content=\"Informatius\" \/>\n\t<meta name=\"twitter:label2\" content=\"Temps estimat de lectura\" \/>\n\t<meta name=\"twitter:data2\" content=\"2 minuts\" \/>\n<script type=\"application\/ld+json\" class=\"yoast-schema-graph\">{\"@context\":\"https:\/\/schema.org\",\"@graph\":[{\"@type\":\"Article\",\"@id\":\"https:\/\/www.noubarris.net\/web40\/el-turo-de-la-peira-i-can-peguera-celebren-una-nova-edicio-de-la-culturalissima\/#article\",\"isPartOf\":{\"@id\":\"https:\/\/www.noubarris.net\/web40\/el-turo-de-la-peira-i-can-peguera-celebren-una-nova-edicio-de-la-culturalissima\/\"},\"author\":{\"name\":\"Informatius\",\"@id\":\"https:\/\/www.noubarris.net\/web40\/#\/schema\/person\/1827f92aaa316c54abbf4dac0de76069\"},\"headline\":\"El Tur\u00f3 de la Peira i Can Peguera celebren una nova edici\u00f3 de la Cultural\u00edssima\",\"datePublished\":\"2023-04-29T07:53:43+00:00\",\"mainEntityOfPage\":{\"@id\":\"https:\/\/www.noubarris.net\/web40\/el-turo-de-la-peira-i-can-peguera-celebren-una-nova-edicio-de-la-culturalissima\/\"},\"wordCount\":384,\"publisher\":{\"@id\":\"https:\/\/www.noubarris.net\/web40\/#organization\"},\"image\":{\"@id\":\"https:\/\/www.noubarris.net\/web40\/el-turo-de-la-peira-i-can-peguera-celebren-una-nova-edicio-de-la-culturalissima\/#primaryimage\"},\"thumbnailUrl\":\"https:\/\/www.noubarris.net\/web40\/wp-content\/uploads\/2023\/04\/280423-1.jpg\",\"keywords\":[\"Can Peguera\",\"conviv\u00e8ncia\",\"Cultura\",\"El Tur\u00f3 de la Peira\"],\"articleSection\":[\"Can Peguera\",\"Cultura\",\"El Tur\u00f3 de la Peira\"],\"inLanguage\":\"ca\"},{\"@type\":\"WebPage\",\"@id\":\"https:\/\/www.noubarris.net\/web40\/el-turo-de-la-peira-i-can-peguera-celebren-una-nova-edicio-de-la-culturalissima\/\",\"url\":\"https:\/\/www.noubarris.net\/web40\/el-turo-de-la-peira-i-can-peguera-celebren-una-nova-edicio-de-la-culturalissima\/\",\"name\":\"El Tur\u00f3 de la Peira i Can Peguera celebren una nova edici\u00f3 de la Cultural\u00edssima - NouBarris.Net\",\"isPartOf\":{\"@id\":\"https:\/\/www.noubarris.net\/web40\/#website\"},\"primaryImageOfPage\":{\"@id\":\"https:\/\/www.noubarris.net\/web40\/el-turo-de-la-peira-i-can-peguera-celebren-una-nova-edicio-de-la-culturalissima\/#primaryimage\"},\"image\":{\"@id\":\"https:\/\/www.noubarris.net\/web40\/el-turo-de-la-peira-i-can-peguera-celebren-una-nova-edicio-de-la-culturalissima\/#primaryimage\"},\"thumbnailUrl\":\"https:\/\/www.noubarris.net\/web40\/wp-content\/uploads\/2023\/04\/280423-1.jpg\",\"datePublished\":\"2023-04-29T07:53:43+00:00\",\"breadcrumb\":{\"@id\":\"https:\/\/www.noubarris.net\/web40\/el-turo-de-la-peira-i-can-peguera-celebren-una-nova-edicio-de-la-culturalissima\/#breadcrumb\"},\"inLanguage\":\"ca\",\"potentialAction\":[{\"@type\":\"ReadAction\",\"target\":[\"https:\/\/www.noubarris.net\/web40\/el-turo-de-la-peira-i-can-peguera-celebren-una-nova-edicio-de-la-culturalissima\/\"]}]},{\"@type\":\"ImageObject\",\"inLanguage\":\"ca\",\"@id\":\"https:\/\/www.noubarris.net\/web40\/el-turo-de-la-peira-i-can-peguera-celebren-una-nova-edicio-de-la-culturalissima\/#primaryimage\",\"url\":\"https:\/\/www.noubarris.net\/web40\/wp-content\/uploads\/2023\/04\/280423-1.jpg\",\"contentUrl\":\"https:\/\/www.noubarris.net\/web40\/wp-content\/uploads\/2023\/04\/280423-1.jpg\",\"width\":768,\"height\":432},{\"@type\":\"BreadcrumbList\",\"@id\":\"https:\/\/www.noubarris.net\/web40\/el-turo-de-la-peira-i-can-peguera-celebren-una-nova-edicio-de-la-culturalissima\/#breadcrumb\",\"itemListElement\":[{\"@type\":\"ListItem\",\"position\":1,\"name\":\"Inici\",\"item\":\"https:\/\/www.noubarris.net\/web40\/\"},{\"@type\":\"ListItem\",\"position\":2,\"name\":\"El Tur\u00f3 de la Peira i Can Peguera celebren una nova edici\u00f3 de la Cultural\u00edssima\"}]},{\"@type\":\"WebSite\",\"@id\":\"https:\/\/www.noubarris.net\/web40\/#website\",\"url\":\"https:\/\/www.noubarris.net\/web40\/\",\"name\":\"NouBarris.Net\",\"description\":\"Seguint la vida de Nou Barris des de 1985\",\"publisher\":{\"@id\":\"https:\/\/www.noubarris.net\/web40\/#organization\"},\"potentialAction\":[{\"@type\":\"SearchAction\",\"target\":{\"@type\":\"EntryPoint\",\"urlTemplate\":\"https:\/\/www.noubarris.net\/web40\/?s={search_term_string}\"},\"query-input\":{\"@type\":\"PropertyValueSpecification\",\"valueRequired\":true,\"valueName\":\"search_term_string\"}}],\"inLanguage\":\"ca\"},{\"@type\":\"Organization\",\"@id\":\"https:\/\/www.noubarris.net\/web40\/#organization\",\"name\":\"NouBarris.Net\",\"url\":\"https:\/\/www.noubarris.net\/web40\/\",\"logo\":{\"@type\":\"ImageObject\",\"inLanguage\":\"ca\",\"@id\":\"https:\/\/www.noubarris.net\/web40\/#\/schema\/logo\/image\/\",\"url\":\"https:\/\/www.noubarris.net\/web40\/wp-content\/uploads\/2024\/11\/cropped-cropped-LOGO_9BTV-2024_Insta-1.jpg\",\"contentUrl\":\"https:\/\/www.noubarris.net\/web40\/wp-content\/uploads\/2024\/11\/cropped-cropped-LOGO_9BTV-2024_Insta-1.jpg\",\"width\":512,\"height\":512,\"caption\":\"NouBarris.Net\"},\"image\":{\"@id\":\"https:\/\/www.noubarris.net\/web40\/#\/schema\/logo\/image\/\"},\"sameAs\":[\"https:\/\/www.facebook.com\/NouBarris.net\/?locale=es_ES\",\"https:\/\/x.com\/9BTV\"]},{\"@type\":\"Person\",\"@id\":\"https:\/\/www.noubarris.net\/web40\/#\/schema\/person\/1827f92aaa316c54abbf4dac0de76069\",\"name\":\"Informatius\",\"image\":{\"@type\":\"ImageObject\",\"inLanguage\":\"ca\",\"@id\":\"https:\/\/www.noubarris.net\/web40\/#\/schema\/person\/image\/\",\"url\":\"https:\/\/secure.gravatar.com\/avatar\/87a3b47928835fc72c6ee5b0e1a7263ef0c2d05003a98189bc14926c5f11bcdb?s=96&d=mm&r=g\",\"contentUrl\":\"https:\/\/secure.gravatar.com\/avatar\/87a3b47928835fc72c6ee5b0e1a7263ef0c2d05003a98189bc14926c5f11bcdb?s=96&d=mm&r=g\",\"caption\":\"Informatius\"},\"url\":\"https:\/\/www.noubarris.net\/web40\/author\/tele\/\"}]}<\/script>\n<!-- \/ Yoast SEO plugin. -->","yoast_head_json":{"title":"El Tur\u00f3 de la Peira i Can Peguera celebren una nova edici\u00f3 de la Cultural\u00edssima - NouBarris.Net","robots":{"index":"index","follow":"follow","max-snippet":"max-snippet:-1","max-image-preview":"max-image-preview:large","max-video-preview":"max-video-preview:-1"},"canonical":"https:\/\/www.noubarris.net\/web40\/el-turo-de-la-peira-i-can-peguera-celebren-una-nova-edicio-de-la-culturalissima\/","og_locale":"ca_ES","og_type":"article","og_title":"El Tur\u00f3 de la Peira i Can Peguera celebren una nova edici\u00f3 de la Cultural\u00edssima - NouBarris.Net","og_description":"Una trobada que serveix per mostrar les diferents cultures presents a tots dos barris Nou Barris celebra la segona edici\u00f3","og_url":"https:\/\/www.noubarris.net\/web40\/el-turo-de-la-peira-i-can-peguera-celebren-una-nova-edicio-de-la-culturalissima\/","og_site_name":"NouBarris.Net","article_publisher":"https:\/\/www.facebook.com\/NouBarris.net\/?locale=es_ES","article_published_time":"2023-04-29T07:53:43+00:00","og_image":[{"width":768,"height":432,"url":"https:\/\/www.noubarris.net\/web40\/wp-content\/uploads\/2023\/04\/280423-1.jpg","type":"image\/jpeg"}],"author":"Informatius","twitter_card":"summary_large_image","twitter_creator":"@9BTV","twitter_site":"@9BTV","twitter_misc":{"Escrit per":"Informatius","Temps estimat de lectura":"2 minuts"},"schema":{"@context":"https:\/\/schema.org","@graph":[{"@type":"Article","@id":"https:\/\/www.noubarris.net\/web40\/el-turo-de-la-peira-i-can-peguera-celebren-una-nova-edicio-de-la-culturalissima\/#article","isPartOf":{"@id":"https:\/\/www.noubarris.net\/web40\/el-turo-de-la-peira-i-can-peguera-celebren-una-nova-edicio-de-la-culturalissima\/"},"author":{"name":"Informatius","@id":"https:\/\/www.noubarris.net\/web40\/#\/schema\/person\/1827f92aaa316c54abbf4dac0de76069"},"headline":"El Tur\u00f3 de la Peira i Can Peguera celebren una nova edici\u00f3 de la Cultural\u00edssima","datePublished":"2023-04-29T07:53:43+00:00","mainEntityOfPage":{"@id":"https:\/\/www.noubarris.net\/web40\/el-turo-de-la-peira-i-can-peguera-celebren-una-nova-edicio-de-la-culturalissima\/"},"wordCount":384,"publisher":{"@id":"https:\/\/www.noubarris.net\/web40\/#organization"},"image":{"@id":"https:\/\/www.noubarris.net\/web40\/el-turo-de-la-peira-i-can-peguera-celebren-una-nova-edicio-de-la-culturalissima\/#primaryimage"},"thumbnailUrl":"https:\/\/www.noubarris.net\/web40\/wp-content\/uploads\/2023\/04\/280423-1.jpg","keywords":["Can Peguera","conviv\u00e8ncia","Cultura","El Tur\u00f3 de la Peira"],"articleSection":["Can Peguera","Cultura","El Tur\u00f3 de la Peira"],"inLanguage":"ca"},{"@type":"WebPage","@id":"https:\/\/www.noubarris.net\/web40\/el-turo-de-la-peira-i-can-peguera-celebren-una-nova-edicio-de-la-culturalissima\/","url":"https:\/\/www.noubarris.net\/web40\/el-turo-de-la-peira-i-can-peguera-celebren-una-nova-edicio-de-la-culturalissima\/","name":"El Tur\u00f3 de la Peira i Can Peguera celebren una nova edici\u00f3 de la Cultural\u00edssima - NouBarris.Net","isPartOf":{"@id":"https:\/\/www.noubarris.net\/web40\/#website"},"primaryImageOfPage":{"@id":"https:\/\/www.noubarris.net\/web40\/el-turo-de-la-peira-i-can-peguera-celebren-una-nova-edicio-de-la-culturalissima\/#primaryimage"},"image":{"@id":"https:\/\/www.noubarris.net\/web40\/el-turo-de-la-peira-i-can-peguera-celebren-una-nova-edicio-de-la-culturalissima\/#primaryimage"},"thumbnailUrl":"https:\/\/www.noubarris.net\/web40\/wp-content\/uploads\/2023\/04\/280423-1.jpg","datePublished":"2023-04-29T07:53:43+00:00","breadcrumb":{"@id":"https:\/\/www.noubarris.net\/web40\/el-turo-de-la-peira-i-can-peguera-celebren-una-nova-edicio-de-la-culturalissima\/#breadcrumb"},"inLanguage":"ca","potentialAction":[{"@type":"ReadAction","target":["https:\/\/www.noubarris.net\/web40\/el-turo-de-la-peira-i-can-peguera-celebren-una-nova-edicio-de-la-culturalissima\/"]}]},{"@type":"ImageObject","inLanguage":"ca","@id":"https:\/\/www.noubarris.net\/web40\/el-turo-de-la-peira-i-can-peguera-celebren-una-nova-edicio-de-la-culturalissima\/#primaryimage","url":"https:\/\/www.noubarris.net\/web40\/wp-content\/uploads\/2023\/04\/280423-1.jpg","contentUrl":"https:\/\/www.noubarris.net\/web40\/wp-content\/uploads\/2023\/04\/280423-1.jpg","width":768,"height":432},{"@type":"BreadcrumbList","@id":"https:\/\/www.noubarris.net\/web40\/el-turo-de-la-peira-i-can-peguera-celebren-una-nova-edicio-de-la-culturalissima\/#breadcrumb","itemListElement":[{"@type":"ListItem","position":1,"name":"Inici","item":"https:\/\/www.noubarris.net\/web40\/"},{"@type":"ListItem","position":2,"name":"El Tur\u00f3 de la Peira i Can Peguera celebren una nova edici\u00f3 de la Cultural\u00edssima"}]},{"@type":"WebSite","@id":"https:\/\/www.noubarris.net\/web40\/#website","url":"https:\/\/www.noubarris.net\/web40\/","name":"NouBarris.Net","description":"Seguint la vida de Nou Barris des de 1985","publisher":{"@id":"https:\/\/www.noubarris.net\/web40\/#organization"},"potentialAction":[{"@type":"SearchAction","target":{"@type":"EntryPoint","urlTemplate":"https:\/\/www.noubarris.net\/web40\/?s={search_term_string}"},"query-input":{"@type":"PropertyValueSpecification","valueRequired":true,"valueName":"search_term_string"}}],"inLanguage":"ca"},{"@type":"Organization","@id":"https:\/\/www.noubarris.net\/web40\/#organization","name":"NouBarris.Net","url":"https:\/\/www.noubarris.net\/web40\/","logo":{"@type":"ImageObject","inLanguage":"ca","@id":"https:\/\/www.noubarris.net\/web40\/#\/schema\/logo\/image\/","url":"https:\/\/www.noubarris.net\/web40\/wp-content\/uploads\/2024\/11\/cropped-cropped-LOGO_9BTV-2024_Insta-1.jpg","contentUrl":"https:\/\/www.noubarris.net\/web40\/wp-content\/uploads\/2024\/11\/cropped-cropped-LOGO_9BTV-2024_Insta-1.jpg","width":512,"height":512,"caption":"NouBarris.Net"},"image":{"@id":"https:\/\/www.noubarris.net\/web40\/#\/schema\/logo\/image\/"},"sameAs":["https:\/\/www.facebook.com\/NouBarris.net\/?locale=es_ES","https:\/\/x.com\/9BTV"]},{"@type":"Person","@id":"https:\/\/www.noubarris.net\/web40\/#\/schema\/person\/1827f92aaa316c54abbf4dac0de76069","name":"Informatius","image":{"@type":"ImageObject","inLanguage":"ca","@id":"https:\/\/www.noubarris.net\/web40\/#\/schema\/person\/image\/","url":"https:\/\/secure.gravatar.com\/avatar\/87a3b47928835fc72c6ee5b0e1a7263ef0c2d05003a98189bc14926c5f11bcdb?s=96&d=mm&r=g","contentUrl":"https:\/\/secure.gravatar.com\/avatar\/87a3b47928835fc72c6ee5b0e1a7263ef0c2d05003a98189bc14926c5f11bcdb?s=96&d=mm&r=g","caption":"Informatius"},"url":"https:\/\/www.noubarris.net\/web40\/author\/tele\/"}]}},"_links":{"self":[{"href":"https:\/\/www.noubarris.net\/web40\/wp-json\/wp\/v2\/posts\/80912","targetHints":{"allow":["GET"]}}],"collection":[{"href":"https:\/\/www.noubarris.net\/web40\/wp-json\/wp\/v2\/posts"}],"about":[{"href":"https:\/\/www.noubarris.net\/web40\/wp-json\/wp\/v2\/types\/post"}],"author":[{"embeddable":true,"href":"https:\/\/www.noubarris.net\/web40\/wp-json\/wp\/v2\/users\/2"}],"replies":[{"embeddable":true,"href":"https:\/\/www.noubarris.net\/web40\/wp-json\/wp\/v2\/comments?post=80912"}],"version-history":[{"count":2,"href":"https:\/\/www.noubarris.net\/web40\/wp-json\/wp\/v2\/posts\/80912\/revisions"}],"predecessor-version":[{"id":80915,"href":"https:\/\/www.noubarris.net\/web40\/wp-json\/wp\/v2\/posts\/80912\/revisions\/80915"}],"wp:featuredmedia":[{"embeddable":true,"href":"https:\/\/www.noubarris.net\/web40\/wp-json\/wp\/v2\/media\/80914"}],"wp:attachment":[{"href":"https:\/\/www.noubarris.net\/web40\/wp-json\/wp\/v2\/media?parent=80912"}],"wp:term":[{"taxonomy":"category","embeddable":true,"href":"https:\/\/www.noubarris.net\/web40\/wp-json\/wp\/v2\/categories?post=80912"},{"taxonomy":"post_tag","embeddable":true,"href":"https:\/\/www.noubarris.net\/web40\/wp-json\/wp\/v2\/tags?post=80912"}],"curies":[{"name":"wp","href":"https:\/\/api.w.org\/{rel}","templated":true}]}}