{"id":80959,"date":"2023-05-06T00:00:12","date_gmt":"2023-05-05T22:00:12","guid":{"rendered":"http:\/\/www.noubarris.net\/web40\/?p=80959"},"modified":"2023-05-04T17:28:01","modified_gmt":"2023-05-04T15:28:01","slug":"lliurament-de-premis-del-concurs-literari-de-nou-barris","status":"publish","type":"post","link":"https:\/\/www.noubarris.net\/web40\/lliurament-de-premis-del-concurs-literari-de-nou-barris\/","title":{"rendered":"Lliurament de premis del Concurs Literari de Nou Barris"},"content":{"rendered":"<p><strong>L&#8217;acte tindr\u00e0 lloc al Centre C\u00edvic Torre Llobeta a partir de les 19 hores<\/strong><\/p>\n<p>La d&#8217;enguany\u00a0 ha estat una edici\u00f3 especial, i avui arriba al moment culminant. El 35\u00e8 Concurs Literari de Nou Barris fa l\u2019<a href=\"https:\/\/media-edg.barcelona.cat\/wp-content\/uploads\/2023\/04\/25133319\/CARTELL-CERIMONIA-CONCURS-2023-D.pdf\" target=\"_blank\" rel=\"noopener\">acte d\u2019entrega de premis<\/a> aquest dissabte 6 de maig, a partir de les 19 hores, al Centre C\u00edvic Torre Llobeta.<\/p>\n<p>Es premiaran els millors textos de poesia en catal\u00e0 i en castell\u00e0, de narrativa en catal\u00e0 i en castell\u00e0, el relat curt d\u2019humor tamb\u00e9 en ambdues lleng\u00fces, i el relat fant\u00e0stic. Tamb\u00e9 s\u2019atorgar\u00e0 premi a la \u201cLa modalitat de l\u2019any\u201d, que enguany s\u2019ha dedicat al relat er\u00f2tic.<\/p>\n<p>L\u2019acte estar\u00e0 presentat per Diana Hermoso i Ionai Ram\u00edrez. Cal reservar l&#8217;assist\u00e8ncia a trav\u00e9s del <a href=\"https:\/\/ajuntament.barcelona.cat\/ccivics\/torrellobeta\" target=\"_blank\" rel=\"noopener\">web del centre c\u00edvic<\/a>\u00a0o trucant al tel\u00e8fon 93 358 56 14.<\/p>\n","protected":false},"excerpt":{"rendered":"<p>L&#8217;acte tindr\u00e0 lloc al Centre C\u00edvic Torre Llobeta a partir de les 19 hores La d&#8217;enguany\u00a0 ha estat una edici\u00f3<\/p>\n","protected":false},"author":2,"featured_media":80960,"comment_status":"closed","ping_status":"closed","sticky":false,"template":"","format":"standard","meta":{"colormag_page_layout":"default_layout","_monsterinsights_skip_tracking":false,"_monsterinsights_sitenote_active":false,"_monsterinsights_sitenote_note":"","_monsterinsights_sitenote_category":0,"footnotes":""},"categories":[129,1,142],"tags":[525,234,43],"class_list":["post-80959","post","type-post","status-publish","format-standard","has-post-thumbnail","hentry","category-cultura","category-nou-barris","category-vilapicina-i-la-torre-llobeta","tag-centre-civic-torre-llobeta","tag-cultura","tag-vilapicina-y-la-torre-llobeta"],"yoast_head":"<!-- This site is optimized with the Yoast SEO plugin v25.3 - https:\/\/yoast.com\/wordpress\/plugins\/seo\/ -->\n<title>Lliurament de premis del Concurs Literari de Nou Barris - NouBarris.Net<\/title>\n<meta name=\"robots\" content=\"index, follow, max-snippet:-1, max-image-preview:large, max-video-preview:-1\" \/>\n<link rel=\"canonical\" href=\"https:\/\/www.noubarris.net\/web40\/lliurament-de-premis-del-concurs-literari-de-nou-barris\/\" \/>\n<meta property=\"og:locale\" content=\"ca_ES\" \/>\n<meta property=\"og:type\" content=\"article\" \/>\n<meta property=\"og:title\" content=\"Lliurament de premis del Concurs Literari de Nou Barris - NouBarris.Net\" \/>\n<meta property=\"og:description\" content=\"L&#8217;acte tindr\u00e0 lloc al Centre C\u00edvic Torre Llobeta a partir de les 19 hores La d&#8217;enguany\u00a0 ha estat una edici\u00f3\" \/>\n<meta property=\"og:url\" content=\"https:\/\/www.noubarris.net\/web40\/lliurament-de-premis-del-concurs-literari-de-nou-barris\/\" \/>\n<meta property=\"og:site_name\" content=\"NouBarris.Net\" \/>\n<meta property=\"article:publisher\" content=\"https:\/\/www.facebook.com\/NouBarris.net\/?locale=es_ES\" \/>\n<meta property=\"article:published_time\" content=\"2023-05-05T22:00:12+00:00\" \/>\n<meta property=\"og:image\" content=\"https:\/\/www.noubarris.net\/web40\/wp-content\/uploads\/2023\/05\/060523.jpg\" \/>\n\t<meta property=\"og:image:width\" content=\"768\" \/>\n\t<meta property=\"og:image:height\" content=\"432\" \/>\n\t<meta property=\"og:image:type\" content=\"image\/jpeg\" \/>\n<meta name=\"author\" content=\"Informatius\" \/>\n<meta name=\"twitter:card\" content=\"summary_large_image\" \/>\n<meta name=\"twitter:creator\" content=\"@9BTV\" \/>\n<meta name=\"twitter:site\" content=\"@9BTV\" \/>\n<meta name=\"twitter:label1\" content=\"Escrit per\" \/>\n\t<meta name=\"twitter:data1\" content=\"Informatius\" \/>\n\t<meta name=\"twitter:label2\" content=\"Temps estimat de lectura\" \/>\n\t<meta name=\"twitter:data2\" content=\"1 minut\" \/>\n<script type=\"application\/ld+json\" class=\"yoast-schema-graph\">{\"@context\":\"https:\/\/schema.org\",\"@graph\":[{\"@type\":\"Article\",\"@id\":\"https:\/\/www.noubarris.net\/web40\/lliurament-de-premis-del-concurs-literari-de-nou-barris\/#article\",\"isPartOf\":{\"@id\":\"https:\/\/www.noubarris.net\/web40\/lliurament-de-premis-del-concurs-literari-de-nou-barris\/\"},\"author\":{\"name\":\"Informatius\",\"@id\":\"https:\/\/www.noubarris.net\/web40\/#\/schema\/person\/1827f92aaa316c54abbf4dac0de76069\"},\"headline\":\"Lliurament de premis del Concurs Literari de Nou Barris\",\"datePublished\":\"2023-05-05T22:00:12+00:00\",\"mainEntityOfPage\":{\"@id\":\"https:\/\/www.noubarris.net\/web40\/lliurament-de-premis-del-concurs-literari-de-nou-barris\/\"},\"wordCount\":150,\"publisher\":{\"@id\":\"https:\/\/www.noubarris.net\/web40\/#organization\"},\"image\":{\"@id\":\"https:\/\/www.noubarris.net\/web40\/lliurament-de-premis-del-concurs-literari-de-nou-barris\/#primaryimage\"},\"thumbnailUrl\":\"https:\/\/www.noubarris.net\/web40\/wp-content\/uploads\/2023\/05\/060523.jpg\",\"keywords\":[\"centre c\u00edvic Torre Llobeta\",\"Cultura\",\"Vilapicina i La Torre Llobeta\"],\"articleSection\":[\"Cultura\",\"Nou Barris\",\"Vilapicina i la Torre Llobeta\"],\"inLanguage\":\"ca\"},{\"@type\":\"WebPage\",\"@id\":\"https:\/\/www.noubarris.net\/web40\/lliurament-de-premis-del-concurs-literari-de-nou-barris\/\",\"url\":\"https:\/\/www.noubarris.net\/web40\/lliurament-de-premis-del-concurs-literari-de-nou-barris\/\",\"name\":\"Lliurament de premis del Concurs Literari de Nou Barris - NouBarris.Net\",\"isPartOf\":{\"@id\":\"https:\/\/www.noubarris.net\/web40\/#website\"},\"primaryImageOfPage\":{\"@id\":\"https:\/\/www.noubarris.net\/web40\/lliurament-de-premis-del-concurs-literari-de-nou-barris\/#primaryimage\"},\"image\":{\"@id\":\"https:\/\/www.noubarris.net\/web40\/lliurament-de-premis-del-concurs-literari-de-nou-barris\/#primaryimage\"},\"thumbnailUrl\":\"https:\/\/www.noubarris.net\/web40\/wp-content\/uploads\/2023\/05\/060523.jpg\",\"datePublished\":\"2023-05-05T22:00:12+00:00\",\"breadcrumb\":{\"@id\":\"https:\/\/www.noubarris.net\/web40\/lliurament-de-premis-del-concurs-literari-de-nou-barris\/#breadcrumb\"},\"inLanguage\":\"ca\",\"potentialAction\":[{\"@type\":\"ReadAction\",\"target\":[\"https:\/\/www.noubarris.net\/web40\/lliurament-de-premis-del-concurs-literari-de-nou-barris\/\"]}]},{\"@type\":\"ImageObject\",\"inLanguage\":\"ca\",\"@id\":\"https:\/\/www.noubarris.net\/web40\/lliurament-de-premis-del-concurs-literari-de-nou-barris\/#primaryimage\",\"url\":\"https:\/\/www.noubarris.net\/web40\/wp-content\/uploads\/2023\/05\/060523.jpg\",\"contentUrl\":\"https:\/\/www.noubarris.net\/web40\/wp-content\/uploads\/2023\/05\/060523.jpg\",\"width\":768,\"height\":432},{\"@type\":\"BreadcrumbList\",\"@id\":\"https:\/\/www.noubarris.net\/web40\/lliurament-de-premis-del-concurs-literari-de-nou-barris\/#breadcrumb\",\"itemListElement\":[{\"@type\":\"ListItem\",\"position\":1,\"name\":\"Inici\",\"item\":\"https:\/\/www.noubarris.net\/web40\/\"},{\"@type\":\"ListItem\",\"position\":2,\"name\":\"Lliurament de premis del Concurs Literari de Nou Barris\"}]},{\"@type\":\"WebSite\",\"@id\":\"https:\/\/www.noubarris.net\/web40\/#website\",\"url\":\"https:\/\/www.noubarris.net\/web40\/\",\"name\":\"NouBarris.Net\",\"description\":\"Seguint la vida de Nou Barris des de 1985\",\"publisher\":{\"@id\":\"https:\/\/www.noubarris.net\/web40\/#organization\"},\"potentialAction\":[{\"@type\":\"SearchAction\",\"target\":{\"@type\":\"EntryPoint\",\"urlTemplate\":\"https:\/\/www.noubarris.net\/web40\/?s={search_term_string}\"},\"query-input\":{\"@type\":\"PropertyValueSpecification\",\"valueRequired\":true,\"valueName\":\"search_term_string\"}}],\"inLanguage\":\"ca\"},{\"@type\":\"Organization\",\"@id\":\"https:\/\/www.noubarris.net\/web40\/#organization\",\"name\":\"NouBarris.Net\",\"url\":\"https:\/\/www.noubarris.net\/web40\/\",\"logo\":{\"@type\":\"ImageObject\",\"inLanguage\":\"ca\",\"@id\":\"https:\/\/www.noubarris.net\/web40\/#\/schema\/logo\/image\/\",\"url\":\"https:\/\/www.noubarris.net\/web40\/wp-content\/uploads\/2024\/11\/cropped-cropped-LOGO_9BTV-2024_Insta-1.jpg\",\"contentUrl\":\"https:\/\/www.noubarris.net\/web40\/wp-content\/uploads\/2024\/11\/cropped-cropped-LOGO_9BTV-2024_Insta-1.jpg\",\"width\":512,\"height\":512,\"caption\":\"NouBarris.Net\"},\"image\":{\"@id\":\"https:\/\/www.noubarris.net\/web40\/#\/schema\/logo\/image\/\"},\"sameAs\":[\"https:\/\/www.facebook.com\/NouBarris.net\/?locale=es_ES\",\"https:\/\/x.com\/9BTV\"]},{\"@type\":\"Person\",\"@id\":\"https:\/\/www.noubarris.net\/web40\/#\/schema\/person\/1827f92aaa316c54abbf4dac0de76069\",\"name\":\"Informatius\",\"image\":{\"@type\":\"ImageObject\",\"inLanguage\":\"ca\",\"@id\":\"https:\/\/www.noubarris.net\/web40\/#\/schema\/person\/image\/\",\"url\":\"https:\/\/secure.gravatar.com\/avatar\/87a3b47928835fc72c6ee5b0e1a7263ef0c2d05003a98189bc14926c5f11bcdb?s=96&d=mm&r=g\",\"contentUrl\":\"https:\/\/secure.gravatar.com\/avatar\/87a3b47928835fc72c6ee5b0e1a7263ef0c2d05003a98189bc14926c5f11bcdb?s=96&d=mm&r=g\",\"caption\":\"Informatius\"},\"url\":\"https:\/\/www.noubarris.net\/web40\/author\/tele\/\"}]}<\/script>\n<!-- \/ Yoast SEO plugin. -->","yoast_head_json":{"title":"Lliurament de premis del Concurs Literari de Nou Barris - NouBarris.Net","robots":{"index":"index","follow":"follow","max-snippet":"max-snippet:-1","max-image-preview":"max-image-preview:large","max-video-preview":"max-video-preview:-1"},"canonical":"https:\/\/www.noubarris.net\/web40\/lliurament-de-premis-del-concurs-literari-de-nou-barris\/","og_locale":"ca_ES","og_type":"article","og_title":"Lliurament de premis del Concurs Literari de Nou Barris - NouBarris.Net","og_description":"L&#8217;acte tindr\u00e0 lloc al Centre C\u00edvic Torre Llobeta a partir de les 19 hores La d&#8217;enguany\u00a0 ha estat una edici\u00f3","og_url":"https:\/\/www.noubarris.net\/web40\/lliurament-de-premis-del-concurs-literari-de-nou-barris\/","og_site_name":"NouBarris.Net","article_publisher":"https:\/\/www.facebook.com\/NouBarris.net\/?locale=es_ES","article_published_time":"2023-05-05T22:00:12+00:00","og_image":[{"width":768,"height":432,"url":"https:\/\/www.noubarris.net\/web40\/wp-content\/uploads\/2023\/05\/060523.jpg","type":"image\/jpeg"}],"author":"Informatius","twitter_card":"summary_large_image","twitter_creator":"@9BTV","twitter_site":"@9BTV","twitter_misc":{"Escrit per":"Informatius","Temps estimat de lectura":"1 minut"},"schema":{"@context":"https:\/\/schema.org","@graph":[{"@type":"Article","@id":"https:\/\/www.noubarris.net\/web40\/lliurament-de-premis-del-concurs-literari-de-nou-barris\/#article","isPartOf":{"@id":"https:\/\/www.noubarris.net\/web40\/lliurament-de-premis-del-concurs-literari-de-nou-barris\/"},"author":{"name":"Informatius","@id":"https:\/\/www.noubarris.net\/web40\/#\/schema\/person\/1827f92aaa316c54abbf4dac0de76069"},"headline":"Lliurament de premis del Concurs Literari de Nou Barris","datePublished":"2023-05-05T22:00:12+00:00","mainEntityOfPage":{"@id":"https:\/\/www.noubarris.net\/web40\/lliurament-de-premis-del-concurs-literari-de-nou-barris\/"},"wordCount":150,"publisher":{"@id":"https:\/\/www.noubarris.net\/web40\/#organization"},"image":{"@id":"https:\/\/www.noubarris.net\/web40\/lliurament-de-premis-del-concurs-literari-de-nou-barris\/#primaryimage"},"thumbnailUrl":"https:\/\/www.noubarris.net\/web40\/wp-content\/uploads\/2023\/05\/060523.jpg","keywords":["centre c\u00edvic Torre Llobeta","Cultura","Vilapicina i La Torre Llobeta"],"articleSection":["Cultura","Nou Barris","Vilapicina i la Torre Llobeta"],"inLanguage":"ca"},{"@type":"WebPage","@id":"https:\/\/www.noubarris.net\/web40\/lliurament-de-premis-del-concurs-literari-de-nou-barris\/","url":"https:\/\/www.noubarris.net\/web40\/lliurament-de-premis-del-concurs-literari-de-nou-barris\/","name":"Lliurament de premis del Concurs Literari de Nou Barris - NouBarris.Net","isPartOf":{"@id":"https:\/\/www.noubarris.net\/web40\/#website"},"primaryImageOfPage":{"@id":"https:\/\/www.noubarris.net\/web40\/lliurament-de-premis-del-concurs-literari-de-nou-barris\/#primaryimage"},"image":{"@id":"https:\/\/www.noubarris.net\/web40\/lliurament-de-premis-del-concurs-literari-de-nou-barris\/#primaryimage"},"thumbnailUrl":"https:\/\/www.noubarris.net\/web40\/wp-content\/uploads\/2023\/05\/060523.jpg","datePublished":"2023-05-05T22:00:12+00:00","breadcrumb":{"@id":"https:\/\/www.noubarris.net\/web40\/lliurament-de-premis-del-concurs-literari-de-nou-barris\/#breadcrumb"},"inLanguage":"ca","potentialAction":[{"@type":"ReadAction","target":["https:\/\/www.noubarris.net\/web40\/lliurament-de-premis-del-concurs-literari-de-nou-barris\/"]}]},{"@type":"ImageObject","inLanguage":"ca","@id":"https:\/\/www.noubarris.net\/web40\/lliurament-de-premis-del-concurs-literari-de-nou-barris\/#primaryimage","url":"https:\/\/www.noubarris.net\/web40\/wp-content\/uploads\/2023\/05\/060523.jpg","contentUrl":"https:\/\/www.noubarris.net\/web40\/wp-content\/uploads\/2023\/05\/060523.jpg","width":768,"height":432},{"@type":"BreadcrumbList","@id":"https:\/\/www.noubarris.net\/web40\/lliurament-de-premis-del-concurs-literari-de-nou-barris\/#breadcrumb","itemListElement":[{"@type":"ListItem","position":1,"name":"Inici","item":"https:\/\/www.noubarris.net\/web40\/"},{"@type":"ListItem","position":2,"name":"Lliurament de premis del Concurs Literari de Nou Barris"}]},{"@type":"WebSite","@id":"https:\/\/www.noubarris.net\/web40\/#website","url":"https:\/\/www.noubarris.net\/web40\/","name":"NouBarris.Net","description":"Seguint la vida de Nou Barris des de 1985","publisher":{"@id":"https:\/\/www.noubarris.net\/web40\/#organization"},"potentialAction":[{"@type":"SearchAction","target":{"@type":"EntryPoint","urlTemplate":"https:\/\/www.noubarris.net\/web40\/?s={search_term_string}"},"query-input":{"@type":"PropertyValueSpecification","valueRequired":true,"valueName":"search_term_string"}}],"inLanguage":"ca"},{"@type":"Organization","@id":"https:\/\/www.noubarris.net\/web40\/#organization","name":"NouBarris.Net","url":"https:\/\/www.noubarris.net\/web40\/","logo":{"@type":"ImageObject","inLanguage":"ca","@id":"https:\/\/www.noubarris.net\/web40\/#\/schema\/logo\/image\/","url":"https:\/\/www.noubarris.net\/web40\/wp-content\/uploads\/2024\/11\/cropped-cropped-LOGO_9BTV-2024_Insta-1.jpg","contentUrl":"https:\/\/www.noubarris.net\/web40\/wp-content\/uploads\/2024\/11\/cropped-cropped-LOGO_9BTV-2024_Insta-1.jpg","width":512,"height":512,"caption":"NouBarris.Net"},"image":{"@id":"https:\/\/www.noubarris.net\/web40\/#\/schema\/logo\/image\/"},"sameAs":["https:\/\/www.facebook.com\/NouBarris.net\/?locale=es_ES","https:\/\/x.com\/9BTV"]},{"@type":"Person","@id":"https:\/\/www.noubarris.net\/web40\/#\/schema\/person\/1827f92aaa316c54abbf4dac0de76069","name":"Informatius","image":{"@type":"ImageObject","inLanguage":"ca","@id":"https:\/\/www.noubarris.net\/web40\/#\/schema\/person\/image\/","url":"https:\/\/secure.gravatar.com\/avatar\/87a3b47928835fc72c6ee5b0e1a7263ef0c2d05003a98189bc14926c5f11bcdb?s=96&d=mm&r=g","contentUrl":"https:\/\/secure.gravatar.com\/avatar\/87a3b47928835fc72c6ee5b0e1a7263ef0c2d05003a98189bc14926c5f11bcdb?s=96&d=mm&r=g","caption":"Informatius"},"url":"https:\/\/www.noubarris.net\/web40\/author\/tele\/"}]}},"_links":{"self":[{"href":"https:\/\/www.noubarris.net\/web40\/wp-json\/wp\/v2\/posts\/80959","targetHints":{"allow":["GET"]}}],"collection":[{"href":"https:\/\/www.noubarris.net\/web40\/wp-json\/wp\/v2\/posts"}],"about":[{"href":"https:\/\/www.noubarris.net\/web40\/wp-json\/wp\/v2\/types\/post"}],"author":[{"embeddable":true,"href":"https:\/\/www.noubarris.net\/web40\/wp-json\/wp\/v2\/users\/2"}],"replies":[{"embeddable":true,"href":"https:\/\/www.noubarris.net\/web40\/wp-json\/wp\/v2\/comments?post=80959"}],"version-history":[{"count":2,"href":"https:\/\/www.noubarris.net\/web40\/wp-json\/wp\/v2\/posts\/80959\/revisions"}],"predecessor-version":[{"id":80962,"href":"https:\/\/www.noubarris.net\/web40\/wp-json\/wp\/v2\/posts\/80959\/revisions\/80962"}],"wp:featuredmedia":[{"embeddable":true,"href":"https:\/\/www.noubarris.net\/web40\/wp-json\/wp\/v2\/media\/80960"}],"wp:attachment":[{"href":"https:\/\/www.noubarris.net\/web40\/wp-json\/wp\/v2\/media?parent=80959"}],"wp:term":[{"taxonomy":"category","embeddable":true,"href":"https:\/\/www.noubarris.net\/web40\/wp-json\/wp\/v2\/categories?post=80959"},{"taxonomy":"post_tag","embeddable":true,"href":"https:\/\/www.noubarris.net\/web40\/wp-json\/wp\/v2\/tags?post=80959"}],"curies":[{"name":"wp","href":"https:\/\/api.w.org\/{rel}","templated":true}]}}