{"id":80972,"date":"2023-05-08T00:00:44","date_gmt":"2023-05-07T22:00:44","guid":{"rendered":"http:\/\/www.noubarris.net\/web40\/?p=80972"},"modified":"2023-05-06T16:10:25","modified_gmt":"2023-05-06T14:10:25","slug":"restriccions-de-transit-als-entorns-de-lesglesia-de-sant-rafael-per-obres","status":"publish","type":"post","link":"https:\/\/www.noubarris.net\/web40\/restriccions-de-transit-als-entorns-de-lesglesia-de-sant-rafael-per-obres\/","title":{"rendered":"Restriccions de tr\u00e0nsit als entorns de l\u2019esgl\u00e9sia de Sant Rafael per obres"},"content":{"rendered":"<p><strong>Es canvia el sentit de la circulaci\u00f3 de vehicles del carrer de Marie Curie, entre els d&#8217;Als\u00e0cia i del Marne<\/strong><\/p>\n<p>Des d&#8217;aquest dilluns 8 de maig i fins a mitjans de juny, es tallar\u00e0 la circulaci\u00f3 de vehicles a l\u2019encreuament del carrer d\u2019Als\u00e0cia amb el carrer de Lorena com a conseq\u00fc\u00e8ncia dels treballs de reurbanitzaci\u00f3 dels entorns de l\u2019esgl\u00e9sia de Sant Rafael.<\/p>\n<p>Es canvia el sentit de la circulaci\u00f3 de vehicles del carrer de Marie Curie, entre els d\u2019Als\u00e0cia i del Marne. L\u2019acc\u00e9s al carrer d\u2019Als\u00e0cia s\u2019haur\u00e0 de fer pel passeig de Valldaura, en doble sentit, tal com es mostra en el <a href=\"https:\/\/media-edg.barcelona.cat\/wp-content\/uploads\/2023\/04\/28124528\/Avis-canvi-sentit-Marie-C-maig23.pdf\" target=\"_blank\" rel=\"noopener\">pl\u00e0nol<\/a>.<\/p>\n<p>L&#8217;Ajuntament informa que els itineraris estaran degudament senyalitzats. A m\u00e9s, es prendran totes les mesures necess\u00e0ries per minimitzar les mol\u00e8sties que aquests treballs puguin produir als ve\u00efns i ve\u00efnes.<\/p>\n","protected":false},"excerpt":{"rendered":"<p>Es canvia el sentit de la circulaci\u00f3 de vehicles del carrer de Marie Curie, entre els d&#8217;Als\u00e0cia i del Marne<\/p>\n","protected":false},"author":2,"featured_media":80973,"comment_status":"closed","ping_status":"closed","sticky":false,"template":"","format":"standard","meta":{"colormag_page_layout":"default_layout","_monsterinsights_skip_tracking":false,"_monsterinsights_sitenote_active":false,"_monsterinsights_sitenote_note":"","_monsterinsights_sitenote_category":0,"footnotes":""},"categories":[133,125,302],"tags":[47,253,360],"class_list":["post-80972","post","type-post","status-publish","format-standard","has-post-thumbnail","hentry","category-la-guineueta","category-mobilitat","category-urbanisme","tag-la-guineueta","tag-mobilitat","tag-obres"],"yoast_head":"<!-- This site is optimized with the Yoast SEO plugin v25.3 - https:\/\/yoast.com\/wordpress\/plugins\/seo\/ -->\n<title>Restriccions de tr\u00e0nsit als entorns de l\u2019esgl\u00e9sia de Sant Rafael per obres - NouBarris.Net<\/title>\n<meta name=\"robots\" content=\"index, follow, max-snippet:-1, max-image-preview:large, max-video-preview:-1\" \/>\n<link rel=\"canonical\" href=\"https:\/\/www.noubarris.net\/web40\/restriccions-de-transit-als-entorns-de-lesglesia-de-sant-rafael-per-obres\/\" \/>\n<meta property=\"og:locale\" content=\"ca_ES\" \/>\n<meta property=\"og:type\" content=\"article\" \/>\n<meta property=\"og:title\" content=\"Restriccions de tr\u00e0nsit als entorns de l\u2019esgl\u00e9sia de Sant Rafael per obres - NouBarris.Net\" \/>\n<meta property=\"og:description\" content=\"Es canvia el sentit de la circulaci\u00f3 de vehicles del carrer de Marie Curie, entre els d&#8217;Als\u00e0cia i del Marne\" \/>\n<meta property=\"og:url\" content=\"https:\/\/www.noubarris.net\/web40\/restriccions-de-transit-als-entorns-de-lesglesia-de-sant-rafael-per-obres\/\" \/>\n<meta property=\"og:site_name\" content=\"NouBarris.Net\" \/>\n<meta property=\"article:publisher\" content=\"https:\/\/www.facebook.com\/NouBarris.net\/?locale=es_ES\" \/>\n<meta property=\"article:published_time\" content=\"2023-05-07T22:00:44+00:00\" \/>\n<meta property=\"og:image\" content=\"https:\/\/www.noubarris.net\/web40\/wp-content\/uploads\/2023\/05\/080523.jpg\" \/>\n\t<meta property=\"og:image:width\" content=\"768\" \/>\n\t<meta property=\"og:image:height\" content=\"432\" \/>\n\t<meta property=\"og:image:type\" content=\"image\/jpeg\" \/>\n<meta name=\"author\" content=\"Informatius\" \/>\n<meta name=\"twitter:card\" content=\"summary_large_image\" \/>\n<meta name=\"twitter:creator\" content=\"@9BTV\" \/>\n<meta name=\"twitter:site\" content=\"@9BTV\" \/>\n<meta name=\"twitter:label1\" content=\"Escrit per\" \/>\n\t<meta name=\"twitter:data1\" content=\"Informatius\" \/>\n\t<meta name=\"twitter:label2\" content=\"Temps estimat de lectura\" \/>\n\t<meta name=\"twitter:data2\" content=\"1 minut\" \/>\n<script type=\"application\/ld+json\" class=\"yoast-schema-graph\">{\"@context\":\"https:\/\/schema.org\",\"@graph\":[{\"@type\":\"Article\",\"@id\":\"https:\/\/www.noubarris.net\/web40\/restriccions-de-transit-als-entorns-de-lesglesia-de-sant-rafael-per-obres\/#article\",\"isPartOf\":{\"@id\":\"https:\/\/www.noubarris.net\/web40\/restriccions-de-transit-als-entorns-de-lesglesia-de-sant-rafael-per-obres\/\"},\"author\":{\"name\":\"Informatius\",\"@id\":\"https:\/\/www.noubarris.net\/web40\/#\/schema\/person\/1827f92aaa316c54abbf4dac0de76069\"},\"headline\":\"Restriccions de tr\u00e0nsit als entorns de l\u2019esgl\u00e9sia de Sant Rafael per obres\",\"datePublished\":\"2023-05-07T22:00:44+00:00\",\"mainEntityOfPage\":{\"@id\":\"https:\/\/www.noubarris.net\/web40\/restriccions-de-transit-als-entorns-de-lesglesia-de-sant-rafael-per-obres\/\"},\"wordCount\":169,\"publisher\":{\"@id\":\"https:\/\/www.noubarris.net\/web40\/#organization\"},\"image\":{\"@id\":\"https:\/\/www.noubarris.net\/web40\/restriccions-de-transit-als-entorns-de-lesglesia-de-sant-rafael-per-obres\/#primaryimage\"},\"thumbnailUrl\":\"https:\/\/www.noubarris.net\/web40\/wp-content\/uploads\/2023\/05\/080523.jpg\",\"keywords\":[\"La Guineueta\",\"Mobilitat\",\"Obres\"],\"articleSection\":[\"La Guineueta\",\"Mobilitat\",\"Urbanisme\"],\"inLanguage\":\"ca\"},{\"@type\":\"WebPage\",\"@id\":\"https:\/\/www.noubarris.net\/web40\/restriccions-de-transit-als-entorns-de-lesglesia-de-sant-rafael-per-obres\/\",\"url\":\"https:\/\/www.noubarris.net\/web40\/restriccions-de-transit-als-entorns-de-lesglesia-de-sant-rafael-per-obres\/\",\"name\":\"Restriccions de tr\u00e0nsit als entorns de l\u2019esgl\u00e9sia de Sant Rafael per obres - NouBarris.Net\",\"isPartOf\":{\"@id\":\"https:\/\/www.noubarris.net\/web40\/#website\"},\"primaryImageOfPage\":{\"@id\":\"https:\/\/www.noubarris.net\/web40\/restriccions-de-transit-als-entorns-de-lesglesia-de-sant-rafael-per-obres\/#primaryimage\"},\"image\":{\"@id\":\"https:\/\/www.noubarris.net\/web40\/restriccions-de-transit-als-entorns-de-lesglesia-de-sant-rafael-per-obres\/#primaryimage\"},\"thumbnailUrl\":\"https:\/\/www.noubarris.net\/web40\/wp-content\/uploads\/2023\/05\/080523.jpg\",\"datePublished\":\"2023-05-07T22:00:44+00:00\",\"breadcrumb\":{\"@id\":\"https:\/\/www.noubarris.net\/web40\/restriccions-de-transit-als-entorns-de-lesglesia-de-sant-rafael-per-obres\/#breadcrumb\"},\"inLanguage\":\"ca\",\"potentialAction\":[{\"@type\":\"ReadAction\",\"target\":[\"https:\/\/www.noubarris.net\/web40\/restriccions-de-transit-als-entorns-de-lesglesia-de-sant-rafael-per-obres\/\"]}]},{\"@type\":\"ImageObject\",\"inLanguage\":\"ca\",\"@id\":\"https:\/\/www.noubarris.net\/web40\/restriccions-de-transit-als-entorns-de-lesglesia-de-sant-rafael-per-obres\/#primaryimage\",\"url\":\"https:\/\/www.noubarris.net\/web40\/wp-content\/uploads\/2023\/05\/080523.jpg\",\"contentUrl\":\"https:\/\/www.noubarris.net\/web40\/wp-content\/uploads\/2023\/05\/080523.jpg\",\"width\":768,\"height\":432},{\"@type\":\"BreadcrumbList\",\"@id\":\"https:\/\/www.noubarris.net\/web40\/restriccions-de-transit-als-entorns-de-lesglesia-de-sant-rafael-per-obres\/#breadcrumb\",\"itemListElement\":[{\"@type\":\"ListItem\",\"position\":1,\"name\":\"Inici\",\"item\":\"https:\/\/www.noubarris.net\/web40\/\"},{\"@type\":\"ListItem\",\"position\":2,\"name\":\"Restriccions de tr\u00e0nsit als entorns de l\u2019esgl\u00e9sia de Sant Rafael per obres\"}]},{\"@type\":\"WebSite\",\"@id\":\"https:\/\/www.noubarris.net\/web40\/#website\",\"url\":\"https:\/\/www.noubarris.net\/web40\/\",\"name\":\"NouBarris.Net\",\"description\":\"Seguint la vida de Nou Barris des de 1985\",\"publisher\":{\"@id\":\"https:\/\/www.noubarris.net\/web40\/#organization\"},\"potentialAction\":[{\"@type\":\"SearchAction\",\"target\":{\"@type\":\"EntryPoint\",\"urlTemplate\":\"https:\/\/www.noubarris.net\/web40\/?s={search_term_string}\"},\"query-input\":{\"@type\":\"PropertyValueSpecification\",\"valueRequired\":true,\"valueName\":\"search_term_string\"}}],\"inLanguage\":\"ca\"},{\"@type\":\"Organization\",\"@id\":\"https:\/\/www.noubarris.net\/web40\/#organization\",\"name\":\"NouBarris.Net\",\"url\":\"https:\/\/www.noubarris.net\/web40\/\",\"logo\":{\"@type\":\"ImageObject\",\"inLanguage\":\"ca\",\"@id\":\"https:\/\/www.noubarris.net\/web40\/#\/schema\/logo\/image\/\",\"url\":\"https:\/\/www.noubarris.net\/web40\/wp-content\/uploads\/2024\/11\/cropped-cropped-LOGO_9BTV-2024_Insta-1.jpg\",\"contentUrl\":\"https:\/\/www.noubarris.net\/web40\/wp-content\/uploads\/2024\/11\/cropped-cropped-LOGO_9BTV-2024_Insta-1.jpg\",\"width\":512,\"height\":512,\"caption\":\"NouBarris.Net\"},\"image\":{\"@id\":\"https:\/\/www.noubarris.net\/web40\/#\/schema\/logo\/image\/\"},\"sameAs\":[\"https:\/\/www.facebook.com\/NouBarris.net\/?locale=es_ES\",\"https:\/\/x.com\/9BTV\"]},{\"@type\":\"Person\",\"@id\":\"https:\/\/www.noubarris.net\/web40\/#\/schema\/person\/1827f92aaa316c54abbf4dac0de76069\",\"name\":\"Informatius\",\"image\":{\"@type\":\"ImageObject\",\"inLanguage\":\"ca\",\"@id\":\"https:\/\/www.noubarris.net\/web40\/#\/schema\/person\/image\/\",\"url\":\"https:\/\/secure.gravatar.com\/avatar\/87a3b47928835fc72c6ee5b0e1a7263ef0c2d05003a98189bc14926c5f11bcdb?s=96&d=mm&r=g\",\"contentUrl\":\"https:\/\/secure.gravatar.com\/avatar\/87a3b47928835fc72c6ee5b0e1a7263ef0c2d05003a98189bc14926c5f11bcdb?s=96&d=mm&r=g\",\"caption\":\"Informatius\"},\"url\":\"https:\/\/www.noubarris.net\/web40\/author\/tele\/\"}]}<\/script>\n<!-- \/ Yoast SEO plugin. -->","yoast_head_json":{"title":"Restriccions de tr\u00e0nsit als entorns de l\u2019esgl\u00e9sia de Sant Rafael per obres - NouBarris.Net","robots":{"index":"index","follow":"follow","max-snippet":"max-snippet:-1","max-image-preview":"max-image-preview:large","max-video-preview":"max-video-preview:-1"},"canonical":"https:\/\/www.noubarris.net\/web40\/restriccions-de-transit-als-entorns-de-lesglesia-de-sant-rafael-per-obres\/","og_locale":"ca_ES","og_type":"article","og_title":"Restriccions de tr\u00e0nsit als entorns de l\u2019esgl\u00e9sia de Sant Rafael per obres - NouBarris.Net","og_description":"Es canvia el sentit de la circulaci\u00f3 de vehicles del carrer de Marie Curie, entre els d&#8217;Als\u00e0cia i del Marne","og_url":"https:\/\/www.noubarris.net\/web40\/restriccions-de-transit-als-entorns-de-lesglesia-de-sant-rafael-per-obres\/","og_site_name":"NouBarris.Net","article_publisher":"https:\/\/www.facebook.com\/NouBarris.net\/?locale=es_ES","article_published_time":"2023-05-07T22:00:44+00:00","og_image":[{"width":768,"height":432,"url":"https:\/\/www.noubarris.net\/web40\/wp-content\/uploads\/2023\/05\/080523.jpg","type":"image\/jpeg"}],"author":"Informatius","twitter_card":"summary_large_image","twitter_creator":"@9BTV","twitter_site":"@9BTV","twitter_misc":{"Escrit per":"Informatius","Temps estimat de lectura":"1 minut"},"schema":{"@context":"https:\/\/schema.org","@graph":[{"@type":"Article","@id":"https:\/\/www.noubarris.net\/web40\/restriccions-de-transit-als-entorns-de-lesglesia-de-sant-rafael-per-obres\/#article","isPartOf":{"@id":"https:\/\/www.noubarris.net\/web40\/restriccions-de-transit-als-entorns-de-lesglesia-de-sant-rafael-per-obres\/"},"author":{"name":"Informatius","@id":"https:\/\/www.noubarris.net\/web40\/#\/schema\/person\/1827f92aaa316c54abbf4dac0de76069"},"headline":"Restriccions de tr\u00e0nsit als entorns de l\u2019esgl\u00e9sia de Sant Rafael per obres","datePublished":"2023-05-07T22:00:44+00:00","mainEntityOfPage":{"@id":"https:\/\/www.noubarris.net\/web40\/restriccions-de-transit-als-entorns-de-lesglesia-de-sant-rafael-per-obres\/"},"wordCount":169,"publisher":{"@id":"https:\/\/www.noubarris.net\/web40\/#organization"},"image":{"@id":"https:\/\/www.noubarris.net\/web40\/restriccions-de-transit-als-entorns-de-lesglesia-de-sant-rafael-per-obres\/#primaryimage"},"thumbnailUrl":"https:\/\/www.noubarris.net\/web40\/wp-content\/uploads\/2023\/05\/080523.jpg","keywords":["La Guineueta","Mobilitat","Obres"],"articleSection":["La Guineueta","Mobilitat","Urbanisme"],"inLanguage":"ca"},{"@type":"WebPage","@id":"https:\/\/www.noubarris.net\/web40\/restriccions-de-transit-als-entorns-de-lesglesia-de-sant-rafael-per-obres\/","url":"https:\/\/www.noubarris.net\/web40\/restriccions-de-transit-als-entorns-de-lesglesia-de-sant-rafael-per-obres\/","name":"Restriccions de tr\u00e0nsit als entorns de l\u2019esgl\u00e9sia de Sant Rafael per obres - NouBarris.Net","isPartOf":{"@id":"https:\/\/www.noubarris.net\/web40\/#website"},"primaryImageOfPage":{"@id":"https:\/\/www.noubarris.net\/web40\/restriccions-de-transit-als-entorns-de-lesglesia-de-sant-rafael-per-obres\/#primaryimage"},"image":{"@id":"https:\/\/www.noubarris.net\/web40\/restriccions-de-transit-als-entorns-de-lesglesia-de-sant-rafael-per-obres\/#primaryimage"},"thumbnailUrl":"https:\/\/www.noubarris.net\/web40\/wp-content\/uploads\/2023\/05\/080523.jpg","datePublished":"2023-05-07T22:00:44+00:00","breadcrumb":{"@id":"https:\/\/www.noubarris.net\/web40\/restriccions-de-transit-als-entorns-de-lesglesia-de-sant-rafael-per-obres\/#breadcrumb"},"inLanguage":"ca","potentialAction":[{"@type":"ReadAction","target":["https:\/\/www.noubarris.net\/web40\/restriccions-de-transit-als-entorns-de-lesglesia-de-sant-rafael-per-obres\/"]}]},{"@type":"ImageObject","inLanguage":"ca","@id":"https:\/\/www.noubarris.net\/web40\/restriccions-de-transit-als-entorns-de-lesglesia-de-sant-rafael-per-obres\/#primaryimage","url":"https:\/\/www.noubarris.net\/web40\/wp-content\/uploads\/2023\/05\/080523.jpg","contentUrl":"https:\/\/www.noubarris.net\/web40\/wp-content\/uploads\/2023\/05\/080523.jpg","width":768,"height":432},{"@type":"BreadcrumbList","@id":"https:\/\/www.noubarris.net\/web40\/restriccions-de-transit-als-entorns-de-lesglesia-de-sant-rafael-per-obres\/#breadcrumb","itemListElement":[{"@type":"ListItem","position":1,"name":"Inici","item":"https:\/\/www.noubarris.net\/web40\/"},{"@type":"ListItem","position":2,"name":"Restriccions de tr\u00e0nsit als entorns de l\u2019esgl\u00e9sia de Sant Rafael per obres"}]},{"@type":"WebSite","@id":"https:\/\/www.noubarris.net\/web40\/#website","url":"https:\/\/www.noubarris.net\/web40\/","name":"NouBarris.Net","description":"Seguint la vida de Nou Barris des de 1985","publisher":{"@id":"https:\/\/www.noubarris.net\/web40\/#organization"},"potentialAction":[{"@type":"SearchAction","target":{"@type":"EntryPoint","urlTemplate":"https:\/\/www.noubarris.net\/web40\/?s={search_term_string}"},"query-input":{"@type":"PropertyValueSpecification","valueRequired":true,"valueName":"search_term_string"}}],"inLanguage":"ca"},{"@type":"Organization","@id":"https:\/\/www.noubarris.net\/web40\/#organization","name":"NouBarris.Net","url":"https:\/\/www.noubarris.net\/web40\/","logo":{"@type":"ImageObject","inLanguage":"ca","@id":"https:\/\/www.noubarris.net\/web40\/#\/schema\/logo\/image\/","url":"https:\/\/www.noubarris.net\/web40\/wp-content\/uploads\/2024\/11\/cropped-cropped-LOGO_9BTV-2024_Insta-1.jpg","contentUrl":"https:\/\/www.noubarris.net\/web40\/wp-content\/uploads\/2024\/11\/cropped-cropped-LOGO_9BTV-2024_Insta-1.jpg","width":512,"height":512,"caption":"NouBarris.Net"},"image":{"@id":"https:\/\/www.noubarris.net\/web40\/#\/schema\/logo\/image\/"},"sameAs":["https:\/\/www.facebook.com\/NouBarris.net\/?locale=es_ES","https:\/\/x.com\/9BTV"]},{"@type":"Person","@id":"https:\/\/www.noubarris.net\/web40\/#\/schema\/person\/1827f92aaa316c54abbf4dac0de76069","name":"Informatius","image":{"@type":"ImageObject","inLanguage":"ca","@id":"https:\/\/www.noubarris.net\/web40\/#\/schema\/person\/image\/","url":"https:\/\/secure.gravatar.com\/avatar\/87a3b47928835fc72c6ee5b0e1a7263ef0c2d05003a98189bc14926c5f11bcdb?s=96&d=mm&r=g","contentUrl":"https:\/\/secure.gravatar.com\/avatar\/87a3b47928835fc72c6ee5b0e1a7263ef0c2d05003a98189bc14926c5f11bcdb?s=96&d=mm&r=g","caption":"Informatius"},"url":"https:\/\/www.noubarris.net\/web40\/author\/tele\/"}]}},"_links":{"self":[{"href":"https:\/\/www.noubarris.net\/web40\/wp-json\/wp\/v2\/posts\/80972","targetHints":{"allow":["GET"]}}],"collection":[{"href":"https:\/\/www.noubarris.net\/web40\/wp-json\/wp\/v2\/posts"}],"about":[{"href":"https:\/\/www.noubarris.net\/web40\/wp-json\/wp\/v2\/types\/post"}],"author":[{"embeddable":true,"href":"https:\/\/www.noubarris.net\/web40\/wp-json\/wp\/v2\/users\/2"}],"replies":[{"embeddable":true,"href":"https:\/\/www.noubarris.net\/web40\/wp-json\/wp\/v2\/comments?post=80972"}],"version-history":[{"count":1,"href":"https:\/\/www.noubarris.net\/web40\/wp-json\/wp\/v2\/posts\/80972\/revisions"}],"predecessor-version":[{"id":80974,"href":"https:\/\/www.noubarris.net\/web40\/wp-json\/wp\/v2\/posts\/80972\/revisions\/80974"}],"wp:featuredmedia":[{"embeddable":true,"href":"https:\/\/www.noubarris.net\/web40\/wp-json\/wp\/v2\/media\/80973"}],"wp:attachment":[{"href":"https:\/\/www.noubarris.net\/web40\/wp-json\/wp\/v2\/media?parent=80972"}],"wp:term":[{"taxonomy":"category","embeddable":true,"href":"https:\/\/www.noubarris.net\/web40\/wp-json\/wp\/v2\/categories?post=80972"},{"taxonomy":"post_tag","embeddable":true,"href":"https:\/\/www.noubarris.net\/web40\/wp-json\/wp\/v2\/tags?post=80972"}],"curies":[{"name":"wp","href":"https:\/\/api.w.org\/{rel}","templated":true}]}}