{"id":81130,"date":"2023-06-02T00:00:45","date_gmt":"2023-06-01T22:00:45","guid":{"rendered":"http:\/\/www.noubarris.net\/web40\/?p=81130"},"modified":"2023-06-27T20:43:29","modified_gmt":"2023-06-27T18:43:29","slug":"arriba-el-44fest-a-nou-barris","status":"publish","type":"post","link":"https:\/\/www.noubarris.net\/web40\/arriba-el-44fest-a-nou-barris\/","title":{"rendered":"Arriba el 44FEST a Nou Barris"},"content":{"rendered":"<p><strong>Una nit de rock, metal i derivats a\u00a0 Can Bast\u00e9, amb les actuacions de Hollow Empty Minds, Murina, Ypnosi i Acherontia<\/strong><\/p>\n<p>El Generador prepara aquesta nit de divendres un festival de rock, metal i derivats al centre c\u00edvic Can Bast\u00e9. Les actuacions comen\u00e7aran a les 21h, amb taquilla inversa. Hollow Empty Minds, Murina, Ypnosi i Acherontia s\u00f3n les bandes que pujaran a l&#8217;escenari del 44FEST.<\/p>\n<p>Hollow Empty Minds es defineix sonorament com New Grunge. Grups contemporanis com Foo Fighters reflecteixen algunes de les influ\u00e8ncies de la banda, per\u00f2 el so de Hollow Empty Minds \u00e9s molt m\u00e9s pluri-dimensional. El seu groove pesat recorda a l\u2019Hardcore m\u00e9s acolorit de grups com Turnstile, per\u00f2 les seves polides melodies de veu a vegades els assembla al Stoner rock madur per\u00f2 intens de Queens Of The Stone Age. En\u00e8rgiques i teatrals, les seves actuacions en directe no deixen a ning\u00fa indiferent. No sols per la seva polida sonoritat i la seva posada en escena,\u00a0sin\u00f3\u00a0pel seu xou visual que combina una energia \u201cdescontrolada\u201d al costat d\u2019una coreografia de llums creada pel propi t\u00e8cnic de la banda.<\/p>\n<p>El registre sonor de\u00a0Murina\u00a0\u00e9s cru, visceral, delicat i aspre alhora. El baix gruny travessa insolent el seu propi soroll. Mentre la Laura va fent que els engranatges d\u2019aquestes can\u00e7ons funcionin maquinals amb els seus precisos i rotunds cops, la veu de Martina i les seves paraules funcionen com un embellidor fosc i alliberador. Com a feres, et submergeixen en una mixtura exquisidament supers\u00f2nica en la seva humil dualitat.<\/p>\n<p>Ypnosi\u00a0\u00e9s una nova proposta musical que trenca amb qualsevol moviment vigent en l\u2019actualitat. La banda reinventa g\u00e8neres com el rock i el funk dels setanta als noranta. Donis del\u00a0seu\u00a0debut,\u00a0Ypnosi\u00a0ha\u00a0realitzat\u00a0una\u00a0cinquantena\u00a0de\u00a0concerts\u00a0en\u00a0els\u00a0quals\u00a0s\u2019ha\u00a0vist\u00a0un\u00a0creixement\u00a0exponencial de\u00a0seguidors\u00a0i\u00a0solidesa\u00a0conceptual.<br \/>\nYpnosi\u00a0destaca\u00a0per\u00a0la\u00a0seva\u00a0interdisciplinarietat\u00a0donant\u00a0lloc\u00a0a\u00a0directes\u00a0on\u00a0la\u00a0performance\u00a0\u00e9s\u00a0fonamental.<\/p>\n<p>Acherontia2023 avui dia \u00e9s una f\u00e0brica de Riffs incessant. Riffs &#8216;a cascoporro&#8217; en format Sludge Metall amb un volum absurd.<\/p>\n","protected":false},"excerpt":{"rendered":"<p>Una nit de rock, metal i derivats a\u00a0 Can Bast\u00e9, amb les actuacions de Hollow Empty Minds, Murina, Ypnosi i<\/p>\n","protected":false},"author":2,"featured_media":81228,"comment_status":"closed","ping_status":"closed","sticky":false,"template":"","format":"standard","meta":{"colormag_page_layout":"default_layout","_monsterinsights_skip_tracking":false,"_monsterinsights_sitenote_active":false,"_monsterinsights_sitenote_note":"","_monsterinsights_sitenote_category":0,"footnotes":""},"categories":[139,1],"tags":[88,629],"class_list":["post-81130","post","type-post","status-publish","format-standard","has-post-thumbnail","hentry","category-el-turo-de-la-peira","category-nou-barris","tag-can-baste","tag-concerts"],"yoast_head":"<!-- This site is optimized with the Yoast SEO plugin v25.3 - https:\/\/yoast.com\/wordpress\/plugins\/seo\/ -->\n<title>Arriba el 44FEST a Nou Barris - NouBarris.Net<\/title>\n<meta name=\"robots\" content=\"index, follow, max-snippet:-1, max-image-preview:large, max-video-preview:-1\" \/>\n<link rel=\"canonical\" href=\"https:\/\/www.noubarris.net\/web40\/arriba-el-44fest-a-nou-barris\/\" \/>\n<meta property=\"og:locale\" content=\"ca_ES\" \/>\n<meta property=\"og:type\" content=\"article\" \/>\n<meta property=\"og:title\" content=\"Arriba el 44FEST a Nou Barris - NouBarris.Net\" \/>\n<meta property=\"og:description\" content=\"Una nit de rock, metal i derivats a\u00a0 Can Bast\u00e9, amb les actuacions de Hollow Empty Minds, Murina, Ypnosi i\" \/>\n<meta property=\"og:url\" content=\"https:\/\/www.noubarris.net\/web40\/arriba-el-44fest-a-nou-barris\/\" \/>\n<meta property=\"og:site_name\" content=\"NouBarris.Net\" \/>\n<meta property=\"article:publisher\" content=\"https:\/\/www.facebook.com\/NouBarris.net\/?locale=es_ES\" \/>\n<meta property=\"article:published_time\" content=\"2023-06-01T22:00:45+00:00\" \/>\n<meta property=\"article:modified_time\" content=\"2023-06-27T18:43:29+00:00\" \/>\n<meta property=\"og:image\" content=\"https:\/\/www.noubarris.net\/web40\/wp-content\/uploads\/2023\/06\/020623.jpg\" \/>\n\t<meta property=\"og:image:width\" content=\"768\" \/>\n\t<meta property=\"og:image:height\" content=\"432\" \/>\n\t<meta property=\"og:image:type\" content=\"image\/jpeg\" \/>\n<meta name=\"author\" content=\"Informatius\" \/>\n<meta name=\"twitter:card\" content=\"summary_large_image\" \/>\n<meta name=\"twitter:creator\" content=\"@9BTV\" \/>\n<meta name=\"twitter:site\" content=\"@9BTV\" \/>\n<meta name=\"twitter:label1\" content=\"Escrit per\" \/>\n\t<meta name=\"twitter:data1\" content=\"Informatius\" \/>\n\t<meta name=\"twitter:label2\" content=\"Temps estimat de lectura\" \/>\n\t<meta name=\"twitter:data2\" content=\"2 minuts\" \/>\n<script type=\"application\/ld+json\" class=\"yoast-schema-graph\">{\"@context\":\"https:\/\/schema.org\",\"@graph\":[{\"@type\":\"Article\",\"@id\":\"https:\/\/www.noubarris.net\/web40\/arriba-el-44fest-a-nou-barris\/#article\",\"isPartOf\":{\"@id\":\"https:\/\/www.noubarris.net\/web40\/arriba-el-44fest-a-nou-barris\/\"},\"author\":{\"name\":\"Informatius\",\"@id\":\"https:\/\/www.noubarris.net\/web40\/#\/schema\/person\/1827f92aaa316c54abbf4dac0de76069\"},\"headline\":\"Arriba el 44FEST a Nou Barris\",\"datePublished\":\"2023-06-01T22:00:45+00:00\",\"dateModified\":\"2023-06-27T18:43:29+00:00\",\"mainEntityOfPage\":{\"@id\":\"https:\/\/www.noubarris.net\/web40\/arriba-el-44fest-a-nou-barris\/\"},\"wordCount\":364,\"publisher\":{\"@id\":\"https:\/\/www.noubarris.net\/web40\/#organization\"},\"image\":{\"@id\":\"https:\/\/www.noubarris.net\/web40\/arriba-el-44fest-a-nou-barris\/#primaryimage\"},\"thumbnailUrl\":\"https:\/\/www.noubarris.net\/web40\/wp-content\/uploads\/2023\/06\/020623.jpg\",\"keywords\":[\"Can Bast\u00e9\",\"concerts\"],\"articleSection\":[\"El Tur\u00f3 de la Peira\",\"Nou Barris\"],\"inLanguage\":\"ca\"},{\"@type\":\"WebPage\",\"@id\":\"https:\/\/www.noubarris.net\/web40\/arriba-el-44fest-a-nou-barris\/\",\"url\":\"https:\/\/www.noubarris.net\/web40\/arriba-el-44fest-a-nou-barris\/\",\"name\":\"Arriba el 44FEST a Nou Barris - NouBarris.Net\",\"isPartOf\":{\"@id\":\"https:\/\/www.noubarris.net\/web40\/#website\"},\"primaryImageOfPage\":{\"@id\":\"https:\/\/www.noubarris.net\/web40\/arriba-el-44fest-a-nou-barris\/#primaryimage\"},\"image\":{\"@id\":\"https:\/\/www.noubarris.net\/web40\/arriba-el-44fest-a-nou-barris\/#primaryimage\"},\"thumbnailUrl\":\"https:\/\/www.noubarris.net\/web40\/wp-content\/uploads\/2023\/06\/020623.jpg\",\"datePublished\":\"2023-06-01T22:00:45+00:00\",\"dateModified\":\"2023-06-27T18:43:29+00:00\",\"breadcrumb\":{\"@id\":\"https:\/\/www.noubarris.net\/web40\/arriba-el-44fest-a-nou-barris\/#breadcrumb\"},\"inLanguage\":\"ca\",\"potentialAction\":[{\"@type\":\"ReadAction\",\"target\":[\"https:\/\/www.noubarris.net\/web40\/arriba-el-44fest-a-nou-barris\/\"]}]},{\"@type\":\"ImageObject\",\"inLanguage\":\"ca\",\"@id\":\"https:\/\/www.noubarris.net\/web40\/arriba-el-44fest-a-nou-barris\/#primaryimage\",\"url\":\"https:\/\/www.noubarris.net\/web40\/wp-content\/uploads\/2023\/06\/020623.jpg\",\"contentUrl\":\"https:\/\/www.noubarris.net\/web40\/wp-content\/uploads\/2023\/06\/020623.jpg\",\"width\":768,\"height\":432},{\"@type\":\"BreadcrumbList\",\"@id\":\"https:\/\/www.noubarris.net\/web40\/arriba-el-44fest-a-nou-barris\/#breadcrumb\",\"itemListElement\":[{\"@type\":\"ListItem\",\"position\":1,\"name\":\"Inici\",\"item\":\"https:\/\/www.noubarris.net\/web40\/\"},{\"@type\":\"ListItem\",\"position\":2,\"name\":\"Arriba el 44FEST a Nou Barris\"}]},{\"@type\":\"WebSite\",\"@id\":\"https:\/\/www.noubarris.net\/web40\/#website\",\"url\":\"https:\/\/www.noubarris.net\/web40\/\",\"name\":\"NouBarris.Net\",\"description\":\"Seguint la vida de Nou Barris des de 1985\",\"publisher\":{\"@id\":\"https:\/\/www.noubarris.net\/web40\/#organization\"},\"potentialAction\":[{\"@type\":\"SearchAction\",\"target\":{\"@type\":\"EntryPoint\",\"urlTemplate\":\"https:\/\/www.noubarris.net\/web40\/?s={search_term_string}\"},\"query-input\":{\"@type\":\"PropertyValueSpecification\",\"valueRequired\":true,\"valueName\":\"search_term_string\"}}],\"inLanguage\":\"ca\"},{\"@type\":\"Organization\",\"@id\":\"https:\/\/www.noubarris.net\/web40\/#organization\",\"name\":\"NouBarris.Net\",\"url\":\"https:\/\/www.noubarris.net\/web40\/\",\"logo\":{\"@type\":\"ImageObject\",\"inLanguage\":\"ca\",\"@id\":\"https:\/\/www.noubarris.net\/web40\/#\/schema\/logo\/image\/\",\"url\":\"https:\/\/www.noubarris.net\/web40\/wp-content\/uploads\/2024\/11\/cropped-cropped-LOGO_9BTV-2024_Insta-1.jpg\",\"contentUrl\":\"https:\/\/www.noubarris.net\/web40\/wp-content\/uploads\/2024\/11\/cropped-cropped-LOGO_9BTV-2024_Insta-1.jpg\",\"width\":512,\"height\":512,\"caption\":\"NouBarris.Net\"},\"image\":{\"@id\":\"https:\/\/www.noubarris.net\/web40\/#\/schema\/logo\/image\/\"},\"sameAs\":[\"https:\/\/www.facebook.com\/NouBarris.net\/?locale=es_ES\",\"https:\/\/x.com\/9BTV\"]},{\"@type\":\"Person\",\"@id\":\"https:\/\/www.noubarris.net\/web40\/#\/schema\/person\/1827f92aaa316c54abbf4dac0de76069\",\"name\":\"Informatius\",\"image\":{\"@type\":\"ImageObject\",\"inLanguage\":\"ca\",\"@id\":\"https:\/\/www.noubarris.net\/web40\/#\/schema\/person\/image\/\",\"url\":\"https:\/\/secure.gravatar.com\/avatar\/87a3b47928835fc72c6ee5b0e1a7263ef0c2d05003a98189bc14926c5f11bcdb?s=96&d=mm&r=g\",\"contentUrl\":\"https:\/\/secure.gravatar.com\/avatar\/87a3b47928835fc72c6ee5b0e1a7263ef0c2d05003a98189bc14926c5f11bcdb?s=96&d=mm&r=g\",\"caption\":\"Informatius\"},\"url\":\"https:\/\/www.noubarris.net\/web40\/author\/tele\/\"}]}<\/script>\n<!-- \/ Yoast SEO plugin. -->","yoast_head_json":{"title":"Arriba el 44FEST a Nou Barris - NouBarris.Net","robots":{"index":"index","follow":"follow","max-snippet":"max-snippet:-1","max-image-preview":"max-image-preview:large","max-video-preview":"max-video-preview:-1"},"canonical":"https:\/\/www.noubarris.net\/web40\/arriba-el-44fest-a-nou-barris\/","og_locale":"ca_ES","og_type":"article","og_title":"Arriba el 44FEST a Nou Barris - NouBarris.Net","og_description":"Una nit de rock, metal i derivats a\u00a0 Can Bast\u00e9, amb les actuacions de Hollow Empty Minds, Murina, Ypnosi i","og_url":"https:\/\/www.noubarris.net\/web40\/arriba-el-44fest-a-nou-barris\/","og_site_name":"NouBarris.Net","article_publisher":"https:\/\/www.facebook.com\/NouBarris.net\/?locale=es_ES","article_published_time":"2023-06-01T22:00:45+00:00","article_modified_time":"2023-06-27T18:43:29+00:00","og_image":[{"width":768,"height":432,"url":"https:\/\/www.noubarris.net\/web40\/wp-content\/uploads\/2023\/06\/020623.jpg","type":"image\/jpeg"}],"author":"Informatius","twitter_card":"summary_large_image","twitter_creator":"@9BTV","twitter_site":"@9BTV","twitter_misc":{"Escrit per":"Informatius","Temps estimat de lectura":"2 minuts"},"schema":{"@context":"https:\/\/schema.org","@graph":[{"@type":"Article","@id":"https:\/\/www.noubarris.net\/web40\/arriba-el-44fest-a-nou-barris\/#article","isPartOf":{"@id":"https:\/\/www.noubarris.net\/web40\/arriba-el-44fest-a-nou-barris\/"},"author":{"name":"Informatius","@id":"https:\/\/www.noubarris.net\/web40\/#\/schema\/person\/1827f92aaa316c54abbf4dac0de76069"},"headline":"Arriba el 44FEST a Nou Barris","datePublished":"2023-06-01T22:00:45+00:00","dateModified":"2023-06-27T18:43:29+00:00","mainEntityOfPage":{"@id":"https:\/\/www.noubarris.net\/web40\/arriba-el-44fest-a-nou-barris\/"},"wordCount":364,"publisher":{"@id":"https:\/\/www.noubarris.net\/web40\/#organization"},"image":{"@id":"https:\/\/www.noubarris.net\/web40\/arriba-el-44fest-a-nou-barris\/#primaryimage"},"thumbnailUrl":"https:\/\/www.noubarris.net\/web40\/wp-content\/uploads\/2023\/06\/020623.jpg","keywords":["Can Bast\u00e9","concerts"],"articleSection":["El Tur\u00f3 de la Peira","Nou Barris"],"inLanguage":"ca"},{"@type":"WebPage","@id":"https:\/\/www.noubarris.net\/web40\/arriba-el-44fest-a-nou-barris\/","url":"https:\/\/www.noubarris.net\/web40\/arriba-el-44fest-a-nou-barris\/","name":"Arriba el 44FEST a Nou Barris - NouBarris.Net","isPartOf":{"@id":"https:\/\/www.noubarris.net\/web40\/#website"},"primaryImageOfPage":{"@id":"https:\/\/www.noubarris.net\/web40\/arriba-el-44fest-a-nou-barris\/#primaryimage"},"image":{"@id":"https:\/\/www.noubarris.net\/web40\/arriba-el-44fest-a-nou-barris\/#primaryimage"},"thumbnailUrl":"https:\/\/www.noubarris.net\/web40\/wp-content\/uploads\/2023\/06\/020623.jpg","datePublished":"2023-06-01T22:00:45+00:00","dateModified":"2023-06-27T18:43:29+00:00","breadcrumb":{"@id":"https:\/\/www.noubarris.net\/web40\/arriba-el-44fest-a-nou-barris\/#breadcrumb"},"inLanguage":"ca","potentialAction":[{"@type":"ReadAction","target":["https:\/\/www.noubarris.net\/web40\/arriba-el-44fest-a-nou-barris\/"]}]},{"@type":"ImageObject","inLanguage":"ca","@id":"https:\/\/www.noubarris.net\/web40\/arriba-el-44fest-a-nou-barris\/#primaryimage","url":"https:\/\/www.noubarris.net\/web40\/wp-content\/uploads\/2023\/06\/020623.jpg","contentUrl":"https:\/\/www.noubarris.net\/web40\/wp-content\/uploads\/2023\/06\/020623.jpg","width":768,"height":432},{"@type":"BreadcrumbList","@id":"https:\/\/www.noubarris.net\/web40\/arriba-el-44fest-a-nou-barris\/#breadcrumb","itemListElement":[{"@type":"ListItem","position":1,"name":"Inici","item":"https:\/\/www.noubarris.net\/web40\/"},{"@type":"ListItem","position":2,"name":"Arriba el 44FEST a Nou Barris"}]},{"@type":"WebSite","@id":"https:\/\/www.noubarris.net\/web40\/#website","url":"https:\/\/www.noubarris.net\/web40\/","name":"NouBarris.Net","description":"Seguint la vida de Nou Barris des de 1985","publisher":{"@id":"https:\/\/www.noubarris.net\/web40\/#organization"},"potentialAction":[{"@type":"SearchAction","target":{"@type":"EntryPoint","urlTemplate":"https:\/\/www.noubarris.net\/web40\/?s={search_term_string}"},"query-input":{"@type":"PropertyValueSpecification","valueRequired":true,"valueName":"search_term_string"}}],"inLanguage":"ca"},{"@type":"Organization","@id":"https:\/\/www.noubarris.net\/web40\/#organization","name":"NouBarris.Net","url":"https:\/\/www.noubarris.net\/web40\/","logo":{"@type":"ImageObject","inLanguage":"ca","@id":"https:\/\/www.noubarris.net\/web40\/#\/schema\/logo\/image\/","url":"https:\/\/www.noubarris.net\/web40\/wp-content\/uploads\/2024\/11\/cropped-cropped-LOGO_9BTV-2024_Insta-1.jpg","contentUrl":"https:\/\/www.noubarris.net\/web40\/wp-content\/uploads\/2024\/11\/cropped-cropped-LOGO_9BTV-2024_Insta-1.jpg","width":512,"height":512,"caption":"NouBarris.Net"},"image":{"@id":"https:\/\/www.noubarris.net\/web40\/#\/schema\/logo\/image\/"},"sameAs":["https:\/\/www.facebook.com\/NouBarris.net\/?locale=es_ES","https:\/\/x.com\/9BTV"]},{"@type":"Person","@id":"https:\/\/www.noubarris.net\/web40\/#\/schema\/person\/1827f92aaa316c54abbf4dac0de76069","name":"Informatius","image":{"@type":"ImageObject","inLanguage":"ca","@id":"https:\/\/www.noubarris.net\/web40\/#\/schema\/person\/image\/","url":"https:\/\/secure.gravatar.com\/avatar\/87a3b47928835fc72c6ee5b0e1a7263ef0c2d05003a98189bc14926c5f11bcdb?s=96&d=mm&r=g","contentUrl":"https:\/\/secure.gravatar.com\/avatar\/87a3b47928835fc72c6ee5b0e1a7263ef0c2d05003a98189bc14926c5f11bcdb?s=96&d=mm&r=g","caption":"Informatius"},"url":"https:\/\/www.noubarris.net\/web40\/author\/tele\/"}]}},"_links":{"self":[{"href":"https:\/\/www.noubarris.net\/web40\/wp-json\/wp\/v2\/posts\/81130","targetHints":{"allow":["GET"]}}],"collection":[{"href":"https:\/\/www.noubarris.net\/web40\/wp-json\/wp\/v2\/posts"}],"about":[{"href":"https:\/\/www.noubarris.net\/web40\/wp-json\/wp\/v2\/types\/post"}],"author":[{"embeddable":true,"href":"https:\/\/www.noubarris.net\/web40\/wp-json\/wp\/v2\/users\/2"}],"replies":[{"embeddable":true,"href":"https:\/\/www.noubarris.net\/web40\/wp-json\/wp\/v2\/comments?post=81130"}],"version-history":[{"count":1,"href":"https:\/\/www.noubarris.net\/web40\/wp-json\/wp\/v2\/posts\/81130\/revisions"}],"predecessor-version":[{"id":81132,"href":"https:\/\/www.noubarris.net\/web40\/wp-json\/wp\/v2\/posts\/81130\/revisions\/81132"}],"wp:featuredmedia":[{"embeddable":true,"href":"https:\/\/www.noubarris.net\/web40\/wp-json\/wp\/v2\/media\/81228"}],"wp:attachment":[{"href":"https:\/\/www.noubarris.net\/web40\/wp-json\/wp\/v2\/media?parent=81130"}],"wp:term":[{"taxonomy":"category","embeddable":true,"href":"https:\/\/www.noubarris.net\/web40\/wp-json\/wp\/v2\/categories?post=81130"},{"taxonomy":"post_tag","embeddable":true,"href":"https:\/\/www.noubarris.net\/web40\/wp-json\/wp\/v2\/tags?post=81130"}],"curies":[{"name":"wp","href":"https:\/\/api.w.org\/{rel}","templated":true}]}}