{"id":81134,"date":"2023-06-04T00:00:09","date_gmt":"2023-06-03T22:00:09","guid":{"rendered":"http:\/\/www.noubarris.net\/web40\/?p=81134"},"modified":"2023-06-27T20:45:45","modified_gmt":"2023-06-27T18:45:45","slug":"el-turo-de-la-peira-acull-la-segona-edicio-del-tast-inclusiu-de-futbol-7","status":"publish","type":"post","link":"https:\/\/www.noubarris.net\/web40\/el-turo-de-la-peira-acull-la-segona-edicio-del-tast-inclusiu-de-futbol-7\/","title":{"rendered":"El Tur\u00f3 de la Peira acull la segona edici\u00f3 del Tast inclusiu de futbol 7"},"content":{"rendered":"<p><strong>Els organitzadors preveuen reunir al camp de futbol municipal al voltant de 160 esportistes <\/strong><\/p>\n<p>El Tast inclusiu de futbol 7 se celebra aquest diumenge \u00a0al Camp de Futbol Municipal Tur\u00f3 de la Peira, a partir de les 8.30 i fins a les 14 hores.\u00a0 L&#8217;esdeveniment esportiu t\u00e9 com a objectiu normalitzar la pr\u00e0ctica del futbol entre aquest col\u00b7lectiu de persones, i transmetre, de pas, els valors de la inclusi\u00f3 als m\u00e9s joves. A m\u00e9s, durant el torneig es repartir\u00e0 fruita fresca per fomentar h\u00e0bits alimentaris saludables.<\/p>\n<p>Organitzen el Tast inclusi\u00f3 de futbol 7, amb la col\u00b7laboraci\u00f3 entre d\u2019altres del Districte de Nou Barris, el CCD Tur\u00f3 de la Peira i l\u2019associaci\u00f3 Tastidis.<\/p>\n<p>Es preveu reunir al voltant de 160 esportistes d\u2019entre les entitats participants, que s\u00f3n les seg\u00fcents: Europa Acidh, Teb Sant Andreu, Horta, Matar\u00f3, J\u00fapiter, Prodis, Taina, i associaci\u00f3 Tastidis\u00a0 (Tur\u00f3 de la Peira).<\/p>\n","protected":false},"excerpt":{"rendered":"<p>Els organitzadors preveuen reunir al camp de futbol municipal al voltant de 160 esportistes El Tast inclusiu de futbol 7<\/p>\n","protected":false},"author":2,"featured_media":81232,"comment_status":"closed","ping_status":"closed","sticky":false,"template":"","format":"standard","meta":{"colormag_page_layout":"default_layout","_monsterinsights_skip_tracking":false,"_monsterinsights_sitenote_active":false,"_monsterinsights_sitenote_note":"","_monsterinsights_sitenote_category":0,"footnotes":""},"categories":[139,128,1],"tags":[511,246,73],"class_list":["post-81134","post","type-post","status-publish","format-standard","has-post-thumbnail","hentry","category-el-turo-de-la-peira","category-esports","category-nou-barris","tag-diversitat","tag-el-turo-de-la-peira","tag-esport"],"yoast_head":"<!-- This site is optimized with the Yoast SEO plugin v25.3 - https:\/\/yoast.com\/wordpress\/plugins\/seo\/ -->\n<title>El Tur\u00f3 de la Peira acull la segona edici\u00f3 del Tast inclusiu de futbol 7 - NouBarris.Net<\/title>\n<meta name=\"robots\" content=\"index, follow, max-snippet:-1, max-image-preview:large, max-video-preview:-1\" \/>\n<link rel=\"canonical\" href=\"https:\/\/www.noubarris.net\/web40\/el-turo-de-la-peira-acull-la-segona-edicio-del-tast-inclusiu-de-futbol-7\/\" \/>\n<meta property=\"og:locale\" content=\"ca_ES\" \/>\n<meta property=\"og:type\" content=\"article\" \/>\n<meta property=\"og:title\" content=\"El Tur\u00f3 de la Peira acull la segona edici\u00f3 del Tast inclusiu de futbol 7 - NouBarris.Net\" \/>\n<meta property=\"og:description\" content=\"Els organitzadors preveuen reunir al camp de futbol municipal al voltant de 160 esportistes El Tast inclusiu de futbol 7\" \/>\n<meta property=\"og:url\" content=\"https:\/\/www.noubarris.net\/web40\/el-turo-de-la-peira-acull-la-segona-edicio-del-tast-inclusiu-de-futbol-7\/\" \/>\n<meta property=\"og:site_name\" content=\"NouBarris.Net\" \/>\n<meta property=\"article:publisher\" content=\"https:\/\/www.facebook.com\/NouBarris.net\/?locale=es_ES\" \/>\n<meta property=\"article:published_time\" content=\"2023-06-03T22:00:09+00:00\" \/>\n<meta property=\"article:modified_time\" content=\"2023-06-27T18:45:45+00:00\" \/>\n<meta property=\"og:image\" content=\"https:\/\/www.noubarris.net\/web40\/wp-content\/uploads\/2023\/06\/040623.jpg\" \/>\n\t<meta property=\"og:image:width\" content=\"768\" \/>\n\t<meta property=\"og:image:height\" content=\"432\" \/>\n\t<meta property=\"og:image:type\" content=\"image\/jpeg\" \/>\n<meta name=\"author\" content=\"Informatius\" \/>\n<meta name=\"twitter:card\" content=\"summary_large_image\" \/>\n<meta name=\"twitter:creator\" content=\"@9BTV\" \/>\n<meta name=\"twitter:site\" content=\"@9BTV\" \/>\n<meta name=\"twitter:label1\" content=\"Escrit per\" \/>\n\t<meta name=\"twitter:data1\" content=\"Informatius\" \/>\n\t<meta name=\"twitter:label2\" content=\"Temps estimat de lectura\" \/>\n\t<meta name=\"twitter:data2\" content=\"1 minut\" \/>\n<script type=\"application\/ld+json\" class=\"yoast-schema-graph\">{\"@context\":\"https:\/\/schema.org\",\"@graph\":[{\"@type\":\"Article\",\"@id\":\"https:\/\/www.noubarris.net\/web40\/el-turo-de-la-peira-acull-la-segona-edicio-del-tast-inclusiu-de-futbol-7\/#article\",\"isPartOf\":{\"@id\":\"https:\/\/www.noubarris.net\/web40\/el-turo-de-la-peira-acull-la-segona-edicio-del-tast-inclusiu-de-futbol-7\/\"},\"author\":{\"name\":\"Informatius\",\"@id\":\"https:\/\/www.noubarris.net\/web40\/#\/schema\/person\/1827f92aaa316c54abbf4dac0de76069\"},\"headline\":\"El Tur\u00f3 de la Peira acull la segona edici\u00f3 del Tast inclusiu de futbol 7\",\"datePublished\":\"2023-06-03T22:00:09+00:00\",\"dateModified\":\"2023-06-27T18:45:45+00:00\",\"mainEntityOfPage\":{\"@id\":\"https:\/\/www.noubarris.net\/web40\/el-turo-de-la-peira-acull-la-segona-edicio-del-tast-inclusiu-de-futbol-7\/\"},\"wordCount\":166,\"publisher\":{\"@id\":\"https:\/\/www.noubarris.net\/web40\/#organization\"},\"image\":{\"@id\":\"https:\/\/www.noubarris.net\/web40\/el-turo-de-la-peira-acull-la-segona-edicio-del-tast-inclusiu-de-futbol-7\/#primaryimage\"},\"thumbnailUrl\":\"https:\/\/www.noubarris.net\/web40\/wp-content\/uploads\/2023\/06\/040623.jpg\",\"keywords\":[\"diversitat\",\"El Tur\u00f3 de la Peira\",\"Esport\"],\"articleSection\":[\"El Tur\u00f3 de la Peira\",\"Esports\",\"Nou Barris\"],\"inLanguage\":\"ca\"},{\"@type\":\"WebPage\",\"@id\":\"https:\/\/www.noubarris.net\/web40\/el-turo-de-la-peira-acull-la-segona-edicio-del-tast-inclusiu-de-futbol-7\/\",\"url\":\"https:\/\/www.noubarris.net\/web40\/el-turo-de-la-peira-acull-la-segona-edicio-del-tast-inclusiu-de-futbol-7\/\",\"name\":\"El Tur\u00f3 de la Peira acull la segona edici\u00f3 del Tast inclusiu de futbol 7 - NouBarris.Net\",\"isPartOf\":{\"@id\":\"https:\/\/www.noubarris.net\/web40\/#website\"},\"primaryImageOfPage\":{\"@id\":\"https:\/\/www.noubarris.net\/web40\/el-turo-de-la-peira-acull-la-segona-edicio-del-tast-inclusiu-de-futbol-7\/#primaryimage\"},\"image\":{\"@id\":\"https:\/\/www.noubarris.net\/web40\/el-turo-de-la-peira-acull-la-segona-edicio-del-tast-inclusiu-de-futbol-7\/#primaryimage\"},\"thumbnailUrl\":\"https:\/\/www.noubarris.net\/web40\/wp-content\/uploads\/2023\/06\/040623.jpg\",\"datePublished\":\"2023-06-03T22:00:09+00:00\",\"dateModified\":\"2023-06-27T18:45:45+00:00\",\"breadcrumb\":{\"@id\":\"https:\/\/www.noubarris.net\/web40\/el-turo-de-la-peira-acull-la-segona-edicio-del-tast-inclusiu-de-futbol-7\/#breadcrumb\"},\"inLanguage\":\"ca\",\"potentialAction\":[{\"@type\":\"ReadAction\",\"target\":[\"https:\/\/www.noubarris.net\/web40\/el-turo-de-la-peira-acull-la-segona-edicio-del-tast-inclusiu-de-futbol-7\/\"]}]},{\"@type\":\"ImageObject\",\"inLanguage\":\"ca\",\"@id\":\"https:\/\/www.noubarris.net\/web40\/el-turo-de-la-peira-acull-la-segona-edicio-del-tast-inclusiu-de-futbol-7\/#primaryimage\",\"url\":\"https:\/\/www.noubarris.net\/web40\/wp-content\/uploads\/2023\/06\/040623.jpg\",\"contentUrl\":\"https:\/\/www.noubarris.net\/web40\/wp-content\/uploads\/2023\/06\/040623.jpg\",\"width\":768,\"height\":432},{\"@type\":\"BreadcrumbList\",\"@id\":\"https:\/\/www.noubarris.net\/web40\/el-turo-de-la-peira-acull-la-segona-edicio-del-tast-inclusiu-de-futbol-7\/#breadcrumb\",\"itemListElement\":[{\"@type\":\"ListItem\",\"position\":1,\"name\":\"Inici\",\"item\":\"https:\/\/www.noubarris.net\/web40\/\"},{\"@type\":\"ListItem\",\"position\":2,\"name\":\"El Tur\u00f3 de la Peira acull la segona edici\u00f3 del Tast inclusiu de futbol 7\"}]},{\"@type\":\"WebSite\",\"@id\":\"https:\/\/www.noubarris.net\/web40\/#website\",\"url\":\"https:\/\/www.noubarris.net\/web40\/\",\"name\":\"NouBarris.Net\",\"description\":\"Seguint la vida de Nou Barris des de 1985\",\"publisher\":{\"@id\":\"https:\/\/www.noubarris.net\/web40\/#organization\"},\"potentialAction\":[{\"@type\":\"SearchAction\",\"target\":{\"@type\":\"EntryPoint\",\"urlTemplate\":\"https:\/\/www.noubarris.net\/web40\/?s={search_term_string}\"},\"query-input\":{\"@type\":\"PropertyValueSpecification\",\"valueRequired\":true,\"valueName\":\"search_term_string\"}}],\"inLanguage\":\"ca\"},{\"@type\":\"Organization\",\"@id\":\"https:\/\/www.noubarris.net\/web40\/#organization\",\"name\":\"NouBarris.Net\",\"url\":\"https:\/\/www.noubarris.net\/web40\/\",\"logo\":{\"@type\":\"ImageObject\",\"inLanguage\":\"ca\",\"@id\":\"https:\/\/www.noubarris.net\/web40\/#\/schema\/logo\/image\/\",\"url\":\"https:\/\/www.noubarris.net\/web40\/wp-content\/uploads\/2024\/11\/cropped-cropped-LOGO_9BTV-2024_Insta-1.jpg\",\"contentUrl\":\"https:\/\/www.noubarris.net\/web40\/wp-content\/uploads\/2024\/11\/cropped-cropped-LOGO_9BTV-2024_Insta-1.jpg\",\"width\":512,\"height\":512,\"caption\":\"NouBarris.Net\"},\"image\":{\"@id\":\"https:\/\/www.noubarris.net\/web40\/#\/schema\/logo\/image\/\"},\"sameAs\":[\"https:\/\/www.facebook.com\/NouBarris.net\/?locale=es_ES\",\"https:\/\/x.com\/9BTV\"]},{\"@type\":\"Person\",\"@id\":\"https:\/\/www.noubarris.net\/web40\/#\/schema\/person\/1827f92aaa316c54abbf4dac0de76069\",\"name\":\"Informatius\",\"image\":{\"@type\":\"ImageObject\",\"inLanguage\":\"ca\",\"@id\":\"https:\/\/www.noubarris.net\/web40\/#\/schema\/person\/image\/\",\"url\":\"https:\/\/secure.gravatar.com\/avatar\/87a3b47928835fc72c6ee5b0e1a7263ef0c2d05003a98189bc14926c5f11bcdb?s=96&d=mm&r=g\",\"contentUrl\":\"https:\/\/secure.gravatar.com\/avatar\/87a3b47928835fc72c6ee5b0e1a7263ef0c2d05003a98189bc14926c5f11bcdb?s=96&d=mm&r=g\",\"caption\":\"Informatius\"},\"url\":\"https:\/\/www.noubarris.net\/web40\/author\/tele\/\"}]}<\/script>\n<!-- \/ Yoast SEO plugin. -->","yoast_head_json":{"title":"El Tur\u00f3 de la Peira acull la segona edici\u00f3 del Tast inclusiu de futbol 7 - NouBarris.Net","robots":{"index":"index","follow":"follow","max-snippet":"max-snippet:-1","max-image-preview":"max-image-preview:large","max-video-preview":"max-video-preview:-1"},"canonical":"https:\/\/www.noubarris.net\/web40\/el-turo-de-la-peira-acull-la-segona-edicio-del-tast-inclusiu-de-futbol-7\/","og_locale":"ca_ES","og_type":"article","og_title":"El Tur\u00f3 de la Peira acull la segona edici\u00f3 del Tast inclusiu de futbol 7 - NouBarris.Net","og_description":"Els organitzadors preveuen reunir al camp de futbol municipal al voltant de 160 esportistes El Tast inclusiu de futbol 7","og_url":"https:\/\/www.noubarris.net\/web40\/el-turo-de-la-peira-acull-la-segona-edicio-del-tast-inclusiu-de-futbol-7\/","og_site_name":"NouBarris.Net","article_publisher":"https:\/\/www.facebook.com\/NouBarris.net\/?locale=es_ES","article_published_time":"2023-06-03T22:00:09+00:00","article_modified_time":"2023-06-27T18:45:45+00:00","og_image":[{"width":768,"height":432,"url":"https:\/\/www.noubarris.net\/web40\/wp-content\/uploads\/2023\/06\/040623.jpg","type":"image\/jpeg"}],"author":"Informatius","twitter_card":"summary_large_image","twitter_creator":"@9BTV","twitter_site":"@9BTV","twitter_misc":{"Escrit per":"Informatius","Temps estimat de lectura":"1 minut"},"schema":{"@context":"https:\/\/schema.org","@graph":[{"@type":"Article","@id":"https:\/\/www.noubarris.net\/web40\/el-turo-de-la-peira-acull-la-segona-edicio-del-tast-inclusiu-de-futbol-7\/#article","isPartOf":{"@id":"https:\/\/www.noubarris.net\/web40\/el-turo-de-la-peira-acull-la-segona-edicio-del-tast-inclusiu-de-futbol-7\/"},"author":{"name":"Informatius","@id":"https:\/\/www.noubarris.net\/web40\/#\/schema\/person\/1827f92aaa316c54abbf4dac0de76069"},"headline":"El Tur\u00f3 de la Peira acull la segona edici\u00f3 del Tast inclusiu de futbol 7","datePublished":"2023-06-03T22:00:09+00:00","dateModified":"2023-06-27T18:45:45+00:00","mainEntityOfPage":{"@id":"https:\/\/www.noubarris.net\/web40\/el-turo-de-la-peira-acull-la-segona-edicio-del-tast-inclusiu-de-futbol-7\/"},"wordCount":166,"publisher":{"@id":"https:\/\/www.noubarris.net\/web40\/#organization"},"image":{"@id":"https:\/\/www.noubarris.net\/web40\/el-turo-de-la-peira-acull-la-segona-edicio-del-tast-inclusiu-de-futbol-7\/#primaryimage"},"thumbnailUrl":"https:\/\/www.noubarris.net\/web40\/wp-content\/uploads\/2023\/06\/040623.jpg","keywords":["diversitat","El Tur\u00f3 de la Peira","Esport"],"articleSection":["El Tur\u00f3 de la Peira","Esports","Nou Barris"],"inLanguage":"ca"},{"@type":"WebPage","@id":"https:\/\/www.noubarris.net\/web40\/el-turo-de-la-peira-acull-la-segona-edicio-del-tast-inclusiu-de-futbol-7\/","url":"https:\/\/www.noubarris.net\/web40\/el-turo-de-la-peira-acull-la-segona-edicio-del-tast-inclusiu-de-futbol-7\/","name":"El Tur\u00f3 de la Peira acull la segona edici\u00f3 del Tast inclusiu de futbol 7 - NouBarris.Net","isPartOf":{"@id":"https:\/\/www.noubarris.net\/web40\/#website"},"primaryImageOfPage":{"@id":"https:\/\/www.noubarris.net\/web40\/el-turo-de-la-peira-acull-la-segona-edicio-del-tast-inclusiu-de-futbol-7\/#primaryimage"},"image":{"@id":"https:\/\/www.noubarris.net\/web40\/el-turo-de-la-peira-acull-la-segona-edicio-del-tast-inclusiu-de-futbol-7\/#primaryimage"},"thumbnailUrl":"https:\/\/www.noubarris.net\/web40\/wp-content\/uploads\/2023\/06\/040623.jpg","datePublished":"2023-06-03T22:00:09+00:00","dateModified":"2023-06-27T18:45:45+00:00","breadcrumb":{"@id":"https:\/\/www.noubarris.net\/web40\/el-turo-de-la-peira-acull-la-segona-edicio-del-tast-inclusiu-de-futbol-7\/#breadcrumb"},"inLanguage":"ca","potentialAction":[{"@type":"ReadAction","target":["https:\/\/www.noubarris.net\/web40\/el-turo-de-la-peira-acull-la-segona-edicio-del-tast-inclusiu-de-futbol-7\/"]}]},{"@type":"ImageObject","inLanguage":"ca","@id":"https:\/\/www.noubarris.net\/web40\/el-turo-de-la-peira-acull-la-segona-edicio-del-tast-inclusiu-de-futbol-7\/#primaryimage","url":"https:\/\/www.noubarris.net\/web40\/wp-content\/uploads\/2023\/06\/040623.jpg","contentUrl":"https:\/\/www.noubarris.net\/web40\/wp-content\/uploads\/2023\/06\/040623.jpg","width":768,"height":432},{"@type":"BreadcrumbList","@id":"https:\/\/www.noubarris.net\/web40\/el-turo-de-la-peira-acull-la-segona-edicio-del-tast-inclusiu-de-futbol-7\/#breadcrumb","itemListElement":[{"@type":"ListItem","position":1,"name":"Inici","item":"https:\/\/www.noubarris.net\/web40\/"},{"@type":"ListItem","position":2,"name":"El Tur\u00f3 de la Peira acull la segona edici\u00f3 del Tast inclusiu de futbol 7"}]},{"@type":"WebSite","@id":"https:\/\/www.noubarris.net\/web40\/#website","url":"https:\/\/www.noubarris.net\/web40\/","name":"NouBarris.Net","description":"Seguint la vida de Nou Barris des de 1985","publisher":{"@id":"https:\/\/www.noubarris.net\/web40\/#organization"},"potentialAction":[{"@type":"SearchAction","target":{"@type":"EntryPoint","urlTemplate":"https:\/\/www.noubarris.net\/web40\/?s={search_term_string}"},"query-input":{"@type":"PropertyValueSpecification","valueRequired":true,"valueName":"search_term_string"}}],"inLanguage":"ca"},{"@type":"Organization","@id":"https:\/\/www.noubarris.net\/web40\/#organization","name":"NouBarris.Net","url":"https:\/\/www.noubarris.net\/web40\/","logo":{"@type":"ImageObject","inLanguage":"ca","@id":"https:\/\/www.noubarris.net\/web40\/#\/schema\/logo\/image\/","url":"https:\/\/www.noubarris.net\/web40\/wp-content\/uploads\/2024\/11\/cropped-cropped-LOGO_9BTV-2024_Insta-1.jpg","contentUrl":"https:\/\/www.noubarris.net\/web40\/wp-content\/uploads\/2024\/11\/cropped-cropped-LOGO_9BTV-2024_Insta-1.jpg","width":512,"height":512,"caption":"NouBarris.Net"},"image":{"@id":"https:\/\/www.noubarris.net\/web40\/#\/schema\/logo\/image\/"},"sameAs":["https:\/\/www.facebook.com\/NouBarris.net\/?locale=es_ES","https:\/\/x.com\/9BTV"]},{"@type":"Person","@id":"https:\/\/www.noubarris.net\/web40\/#\/schema\/person\/1827f92aaa316c54abbf4dac0de76069","name":"Informatius","image":{"@type":"ImageObject","inLanguage":"ca","@id":"https:\/\/www.noubarris.net\/web40\/#\/schema\/person\/image\/","url":"https:\/\/secure.gravatar.com\/avatar\/87a3b47928835fc72c6ee5b0e1a7263ef0c2d05003a98189bc14926c5f11bcdb?s=96&d=mm&r=g","contentUrl":"https:\/\/secure.gravatar.com\/avatar\/87a3b47928835fc72c6ee5b0e1a7263ef0c2d05003a98189bc14926c5f11bcdb?s=96&d=mm&r=g","caption":"Informatius"},"url":"https:\/\/www.noubarris.net\/web40\/author\/tele\/"}]}},"_links":{"self":[{"href":"https:\/\/www.noubarris.net\/web40\/wp-json\/wp\/v2\/posts\/81134","targetHints":{"allow":["GET"]}}],"collection":[{"href":"https:\/\/www.noubarris.net\/web40\/wp-json\/wp\/v2\/posts"}],"about":[{"href":"https:\/\/www.noubarris.net\/web40\/wp-json\/wp\/v2\/types\/post"}],"author":[{"embeddable":true,"href":"https:\/\/www.noubarris.net\/web40\/wp-json\/wp\/v2\/users\/2"}],"replies":[{"embeddable":true,"href":"https:\/\/www.noubarris.net\/web40\/wp-json\/wp\/v2\/comments?post=81134"}],"version-history":[{"count":1,"href":"https:\/\/www.noubarris.net\/web40\/wp-json\/wp\/v2\/posts\/81134\/revisions"}],"predecessor-version":[{"id":81136,"href":"https:\/\/www.noubarris.net\/web40\/wp-json\/wp\/v2\/posts\/81134\/revisions\/81136"}],"wp:featuredmedia":[{"embeddable":true,"href":"https:\/\/www.noubarris.net\/web40\/wp-json\/wp\/v2\/media\/81232"}],"wp:attachment":[{"href":"https:\/\/www.noubarris.net\/web40\/wp-json\/wp\/v2\/media?parent=81134"}],"wp:term":[{"taxonomy":"category","embeddable":true,"href":"https:\/\/www.noubarris.net\/web40\/wp-json\/wp\/v2\/categories?post=81134"},{"taxonomy":"post_tag","embeddable":true,"href":"https:\/\/www.noubarris.net\/web40\/wp-json\/wp\/v2\/tags?post=81134"}],"curies":[{"name":"wp","href":"https:\/\/api.w.org\/{rel}","templated":true}]}}