{"id":81164,"date":"2023-06-06T00:00:58","date_gmt":"2023-06-05T22:00:58","guid":{"rendered":"http:\/\/www.noubarris.net\/web40\/?p=81164"},"modified":"2023-06-27T20:47:51","modified_gmt":"2023-06-27T18:47:51","slug":"talls-a-ll4-de-metro-entre-verdaguer-i-barceloneta-a-lestiu-per-obres","status":"publish","type":"post","link":"https:\/\/www.noubarris.net\/web40\/talls-a-ll4-de-metro-entre-verdaguer-i-barceloneta-a-lestiu-per-obres\/","title":{"rendered":"Talls a l&#8217;L4 de metro entre Verdaguer i Barceloneta a l&#8217;estiu per obres"},"content":{"rendered":"<p><strong>Es renovaran 6 quil\u00f2metres de via per millorar el servei i reduit les vibracions amb el pas dels comvois<\/strong><\/p>\n<p>TMB aprofita de nou l&#8217;estiu per dur a terme unes obres de gran envergadura que suposaran talls a la l\u00ednia 4 de metro en el seu tram central. Ser\u00e0 en dues fases. Entre Verdaguer i Bogatell del 26 de juny al 31 de juliol, i despr\u00e9s el tram Verdaguer a Barceloneta de l\u20191 al 28 d\u2019agost. L\u2019actuaci\u00f3 inclou la renovaci\u00f3 integral de 6 quil\u00f2metres de via per millorar la fiabilitat, reduir les incid\u00e8ncies i rebaixar les vibracions del trajecte. Una actuaci\u00f3 similar a la que es va fer l&#8217;any passat a la l\u00ednia 5, des d&#8217;Horta fins a la Sagrera, arran les queixes dels ve\u00efns per vibracions i sorolls.<\/p>\n<p>Com a alternativa als talls, s&#8217;habilitar\u00e0 un bus llan\u00e7adora que funcionar\u00e0 en l\u2019horari del metro, amb una freq\u00fc\u00e8ncia de pas de 3 o 4 minuts en dies feiners. A m\u00e9s, es refor\u00e7aran les l\u00ednies de metro properes a la zona afectada (les l\u00ednies 1, 2 i 3), aix\u00ed com les l\u00ednies regulars de bus 6, V19 i V21. Tamb\u00e9 hi ha l&#8217;opci\u00f3 d&#8217;utilitzar el servei de Rodalies.<\/p>\n<p>&nbsp;<\/p>\n","protected":false},"excerpt":{"rendered":"<p>Es renovaran 6 quil\u00f2metres de via per millorar el servei i reduit les vibracions amb el pas dels comvois TMB<\/p>\n","protected":false},"author":2,"featured_media":81236,"comment_status":"closed","ping_status":"closed","sticky":false,"template":"","format":"standard","meta":{"colormag_page_layout":"default_layout","_monsterinsights_skip_tracking":false,"_monsterinsights_sitenote_active":false,"_monsterinsights_sitenote_note":"","_monsterinsights_sitenote_category":0,"footnotes":""},"categories":[125],"tags":[420,360,461],"class_list":["post-81164","post","type-post","status-publish","format-standard","has-post-thumbnail","hentry","category-mobilitat","tag-metro","tag-obres","tag-tmb"],"yoast_head":"<!-- This site is optimized with the Yoast SEO plugin v25.3 - https:\/\/yoast.com\/wordpress\/plugins\/seo\/ -->\n<title>Talls a l&#039;L4 de metro entre Verdaguer i Barceloneta a l&#039;estiu per obres - NouBarris.Net<\/title>\n<meta name=\"robots\" content=\"index, follow, max-snippet:-1, max-image-preview:large, max-video-preview:-1\" \/>\n<link rel=\"canonical\" href=\"https:\/\/www.noubarris.net\/web40\/talls-a-ll4-de-metro-entre-verdaguer-i-barceloneta-a-lestiu-per-obres\/\" \/>\n<meta property=\"og:locale\" content=\"ca_ES\" \/>\n<meta property=\"og:type\" content=\"article\" \/>\n<meta property=\"og:title\" content=\"Talls a l&#039;L4 de metro entre Verdaguer i Barceloneta a l&#039;estiu per obres - NouBarris.Net\" \/>\n<meta property=\"og:description\" content=\"Es renovaran 6 quil\u00f2metres de via per millorar el servei i reduit les vibracions amb el pas dels comvois TMB\" \/>\n<meta property=\"og:url\" content=\"https:\/\/www.noubarris.net\/web40\/talls-a-ll4-de-metro-entre-verdaguer-i-barceloneta-a-lestiu-per-obres\/\" \/>\n<meta property=\"og:site_name\" content=\"NouBarris.Net\" \/>\n<meta property=\"article:publisher\" content=\"https:\/\/www.facebook.com\/NouBarris.net\/?locale=es_ES\" \/>\n<meta property=\"article:published_time\" content=\"2023-06-05T22:00:58+00:00\" \/>\n<meta property=\"article:modified_time\" content=\"2023-06-27T18:47:51+00:00\" \/>\n<meta property=\"og:image\" content=\"https:\/\/www.noubarris.net\/web40\/wp-content\/uploads\/2023\/06\/060623.jpg\" \/>\n\t<meta property=\"og:image:width\" content=\"768\" \/>\n\t<meta property=\"og:image:height\" content=\"432\" \/>\n\t<meta property=\"og:image:type\" content=\"image\/jpeg\" \/>\n<meta name=\"author\" content=\"Informatius\" \/>\n<meta name=\"twitter:card\" content=\"summary_large_image\" \/>\n<meta name=\"twitter:creator\" content=\"@9BTV\" \/>\n<meta name=\"twitter:site\" content=\"@9BTV\" \/>\n<meta name=\"twitter:label1\" content=\"Escrit per\" \/>\n\t<meta name=\"twitter:data1\" content=\"Informatius\" \/>\n\t<meta name=\"twitter:label2\" content=\"Temps estimat de lectura\" \/>\n\t<meta name=\"twitter:data2\" content=\"1 minut\" \/>\n<script type=\"application\/ld+json\" class=\"yoast-schema-graph\">{\"@context\":\"https:\/\/schema.org\",\"@graph\":[{\"@type\":\"Article\",\"@id\":\"https:\/\/www.noubarris.net\/web40\/talls-a-ll4-de-metro-entre-verdaguer-i-barceloneta-a-lestiu-per-obres\/#article\",\"isPartOf\":{\"@id\":\"https:\/\/www.noubarris.net\/web40\/talls-a-ll4-de-metro-entre-verdaguer-i-barceloneta-a-lestiu-per-obres\/\"},\"author\":{\"name\":\"Informatius\",\"@id\":\"https:\/\/www.noubarris.net\/web40\/#\/schema\/person\/1827f92aaa316c54abbf4dac0de76069\"},\"headline\":\"Talls a l&#8217;L4 de metro entre Verdaguer i Barceloneta a l&#8217;estiu per obres\",\"datePublished\":\"2023-06-05T22:00:58+00:00\",\"dateModified\":\"2023-06-27T18:47:51+00:00\",\"mainEntityOfPage\":{\"@id\":\"https:\/\/www.noubarris.net\/web40\/talls-a-ll4-de-metro-entre-verdaguer-i-barceloneta-a-lestiu-per-obres\/\"},\"wordCount\":221,\"publisher\":{\"@id\":\"https:\/\/www.noubarris.net\/web40\/#organization\"},\"image\":{\"@id\":\"https:\/\/www.noubarris.net\/web40\/talls-a-ll4-de-metro-entre-verdaguer-i-barceloneta-a-lestiu-per-obres\/#primaryimage\"},\"thumbnailUrl\":\"https:\/\/www.noubarris.net\/web40\/wp-content\/uploads\/2023\/06\/060623.jpg\",\"keywords\":[\"Metro\",\"Obres\",\"TMB\"],\"articleSection\":[\"Mobilitat\"],\"inLanguage\":\"ca\"},{\"@type\":\"WebPage\",\"@id\":\"https:\/\/www.noubarris.net\/web40\/talls-a-ll4-de-metro-entre-verdaguer-i-barceloneta-a-lestiu-per-obres\/\",\"url\":\"https:\/\/www.noubarris.net\/web40\/talls-a-ll4-de-metro-entre-verdaguer-i-barceloneta-a-lestiu-per-obres\/\",\"name\":\"Talls a l'L4 de metro entre Verdaguer i Barceloneta a l'estiu per obres - NouBarris.Net\",\"isPartOf\":{\"@id\":\"https:\/\/www.noubarris.net\/web40\/#website\"},\"primaryImageOfPage\":{\"@id\":\"https:\/\/www.noubarris.net\/web40\/talls-a-ll4-de-metro-entre-verdaguer-i-barceloneta-a-lestiu-per-obres\/#primaryimage\"},\"image\":{\"@id\":\"https:\/\/www.noubarris.net\/web40\/talls-a-ll4-de-metro-entre-verdaguer-i-barceloneta-a-lestiu-per-obres\/#primaryimage\"},\"thumbnailUrl\":\"https:\/\/www.noubarris.net\/web40\/wp-content\/uploads\/2023\/06\/060623.jpg\",\"datePublished\":\"2023-06-05T22:00:58+00:00\",\"dateModified\":\"2023-06-27T18:47:51+00:00\",\"breadcrumb\":{\"@id\":\"https:\/\/www.noubarris.net\/web40\/talls-a-ll4-de-metro-entre-verdaguer-i-barceloneta-a-lestiu-per-obres\/#breadcrumb\"},\"inLanguage\":\"ca\",\"potentialAction\":[{\"@type\":\"ReadAction\",\"target\":[\"https:\/\/www.noubarris.net\/web40\/talls-a-ll4-de-metro-entre-verdaguer-i-barceloneta-a-lestiu-per-obres\/\"]}]},{\"@type\":\"ImageObject\",\"inLanguage\":\"ca\",\"@id\":\"https:\/\/www.noubarris.net\/web40\/talls-a-ll4-de-metro-entre-verdaguer-i-barceloneta-a-lestiu-per-obres\/#primaryimage\",\"url\":\"https:\/\/www.noubarris.net\/web40\/wp-content\/uploads\/2023\/06\/060623.jpg\",\"contentUrl\":\"https:\/\/www.noubarris.net\/web40\/wp-content\/uploads\/2023\/06\/060623.jpg\",\"width\":768,\"height\":432},{\"@type\":\"BreadcrumbList\",\"@id\":\"https:\/\/www.noubarris.net\/web40\/talls-a-ll4-de-metro-entre-verdaguer-i-barceloneta-a-lestiu-per-obres\/#breadcrumb\",\"itemListElement\":[{\"@type\":\"ListItem\",\"position\":1,\"name\":\"Inici\",\"item\":\"https:\/\/www.noubarris.net\/web40\/\"},{\"@type\":\"ListItem\",\"position\":2,\"name\":\"Talls a l&#8217;L4 de metro entre Verdaguer i Barceloneta a l&#8217;estiu per obres\"}]},{\"@type\":\"WebSite\",\"@id\":\"https:\/\/www.noubarris.net\/web40\/#website\",\"url\":\"https:\/\/www.noubarris.net\/web40\/\",\"name\":\"NouBarris.Net\",\"description\":\"Seguint la vida de Nou Barris des de 1985\",\"publisher\":{\"@id\":\"https:\/\/www.noubarris.net\/web40\/#organization\"},\"potentialAction\":[{\"@type\":\"SearchAction\",\"target\":{\"@type\":\"EntryPoint\",\"urlTemplate\":\"https:\/\/www.noubarris.net\/web40\/?s={search_term_string}\"},\"query-input\":{\"@type\":\"PropertyValueSpecification\",\"valueRequired\":true,\"valueName\":\"search_term_string\"}}],\"inLanguage\":\"ca\"},{\"@type\":\"Organization\",\"@id\":\"https:\/\/www.noubarris.net\/web40\/#organization\",\"name\":\"NouBarris.Net\",\"url\":\"https:\/\/www.noubarris.net\/web40\/\",\"logo\":{\"@type\":\"ImageObject\",\"inLanguage\":\"ca\",\"@id\":\"https:\/\/www.noubarris.net\/web40\/#\/schema\/logo\/image\/\",\"url\":\"https:\/\/www.noubarris.net\/web40\/wp-content\/uploads\/2024\/11\/cropped-cropped-LOGO_9BTV-2024_Insta-1.jpg\",\"contentUrl\":\"https:\/\/www.noubarris.net\/web40\/wp-content\/uploads\/2024\/11\/cropped-cropped-LOGO_9BTV-2024_Insta-1.jpg\",\"width\":512,\"height\":512,\"caption\":\"NouBarris.Net\"},\"image\":{\"@id\":\"https:\/\/www.noubarris.net\/web40\/#\/schema\/logo\/image\/\"},\"sameAs\":[\"https:\/\/www.facebook.com\/NouBarris.net\/?locale=es_ES\",\"https:\/\/x.com\/9BTV\"]},{\"@type\":\"Person\",\"@id\":\"https:\/\/www.noubarris.net\/web40\/#\/schema\/person\/1827f92aaa316c54abbf4dac0de76069\",\"name\":\"Informatius\",\"image\":{\"@type\":\"ImageObject\",\"inLanguage\":\"ca\",\"@id\":\"https:\/\/www.noubarris.net\/web40\/#\/schema\/person\/image\/\",\"url\":\"https:\/\/secure.gravatar.com\/avatar\/87a3b47928835fc72c6ee5b0e1a7263ef0c2d05003a98189bc14926c5f11bcdb?s=96&d=mm&r=g\",\"contentUrl\":\"https:\/\/secure.gravatar.com\/avatar\/87a3b47928835fc72c6ee5b0e1a7263ef0c2d05003a98189bc14926c5f11bcdb?s=96&d=mm&r=g\",\"caption\":\"Informatius\"},\"url\":\"https:\/\/www.noubarris.net\/web40\/author\/tele\/\"}]}<\/script>\n<!-- \/ Yoast SEO plugin. -->","yoast_head_json":{"title":"Talls a l'L4 de metro entre Verdaguer i Barceloneta a l'estiu per obres - NouBarris.Net","robots":{"index":"index","follow":"follow","max-snippet":"max-snippet:-1","max-image-preview":"max-image-preview:large","max-video-preview":"max-video-preview:-1"},"canonical":"https:\/\/www.noubarris.net\/web40\/talls-a-ll4-de-metro-entre-verdaguer-i-barceloneta-a-lestiu-per-obres\/","og_locale":"ca_ES","og_type":"article","og_title":"Talls a l'L4 de metro entre Verdaguer i Barceloneta a l'estiu per obres - NouBarris.Net","og_description":"Es renovaran 6 quil\u00f2metres de via per millorar el servei i reduit les vibracions amb el pas dels comvois TMB","og_url":"https:\/\/www.noubarris.net\/web40\/talls-a-ll4-de-metro-entre-verdaguer-i-barceloneta-a-lestiu-per-obres\/","og_site_name":"NouBarris.Net","article_publisher":"https:\/\/www.facebook.com\/NouBarris.net\/?locale=es_ES","article_published_time":"2023-06-05T22:00:58+00:00","article_modified_time":"2023-06-27T18:47:51+00:00","og_image":[{"width":768,"height":432,"url":"https:\/\/www.noubarris.net\/web40\/wp-content\/uploads\/2023\/06\/060623.jpg","type":"image\/jpeg"}],"author":"Informatius","twitter_card":"summary_large_image","twitter_creator":"@9BTV","twitter_site":"@9BTV","twitter_misc":{"Escrit per":"Informatius","Temps estimat de lectura":"1 minut"},"schema":{"@context":"https:\/\/schema.org","@graph":[{"@type":"Article","@id":"https:\/\/www.noubarris.net\/web40\/talls-a-ll4-de-metro-entre-verdaguer-i-barceloneta-a-lestiu-per-obres\/#article","isPartOf":{"@id":"https:\/\/www.noubarris.net\/web40\/talls-a-ll4-de-metro-entre-verdaguer-i-barceloneta-a-lestiu-per-obres\/"},"author":{"name":"Informatius","@id":"https:\/\/www.noubarris.net\/web40\/#\/schema\/person\/1827f92aaa316c54abbf4dac0de76069"},"headline":"Talls a l&#8217;L4 de metro entre Verdaguer i Barceloneta a l&#8217;estiu per obres","datePublished":"2023-06-05T22:00:58+00:00","dateModified":"2023-06-27T18:47:51+00:00","mainEntityOfPage":{"@id":"https:\/\/www.noubarris.net\/web40\/talls-a-ll4-de-metro-entre-verdaguer-i-barceloneta-a-lestiu-per-obres\/"},"wordCount":221,"publisher":{"@id":"https:\/\/www.noubarris.net\/web40\/#organization"},"image":{"@id":"https:\/\/www.noubarris.net\/web40\/talls-a-ll4-de-metro-entre-verdaguer-i-barceloneta-a-lestiu-per-obres\/#primaryimage"},"thumbnailUrl":"https:\/\/www.noubarris.net\/web40\/wp-content\/uploads\/2023\/06\/060623.jpg","keywords":["Metro","Obres","TMB"],"articleSection":["Mobilitat"],"inLanguage":"ca"},{"@type":"WebPage","@id":"https:\/\/www.noubarris.net\/web40\/talls-a-ll4-de-metro-entre-verdaguer-i-barceloneta-a-lestiu-per-obres\/","url":"https:\/\/www.noubarris.net\/web40\/talls-a-ll4-de-metro-entre-verdaguer-i-barceloneta-a-lestiu-per-obres\/","name":"Talls a l'L4 de metro entre Verdaguer i Barceloneta a l'estiu per obres - NouBarris.Net","isPartOf":{"@id":"https:\/\/www.noubarris.net\/web40\/#website"},"primaryImageOfPage":{"@id":"https:\/\/www.noubarris.net\/web40\/talls-a-ll4-de-metro-entre-verdaguer-i-barceloneta-a-lestiu-per-obres\/#primaryimage"},"image":{"@id":"https:\/\/www.noubarris.net\/web40\/talls-a-ll4-de-metro-entre-verdaguer-i-barceloneta-a-lestiu-per-obres\/#primaryimage"},"thumbnailUrl":"https:\/\/www.noubarris.net\/web40\/wp-content\/uploads\/2023\/06\/060623.jpg","datePublished":"2023-06-05T22:00:58+00:00","dateModified":"2023-06-27T18:47:51+00:00","breadcrumb":{"@id":"https:\/\/www.noubarris.net\/web40\/talls-a-ll4-de-metro-entre-verdaguer-i-barceloneta-a-lestiu-per-obres\/#breadcrumb"},"inLanguage":"ca","potentialAction":[{"@type":"ReadAction","target":["https:\/\/www.noubarris.net\/web40\/talls-a-ll4-de-metro-entre-verdaguer-i-barceloneta-a-lestiu-per-obres\/"]}]},{"@type":"ImageObject","inLanguage":"ca","@id":"https:\/\/www.noubarris.net\/web40\/talls-a-ll4-de-metro-entre-verdaguer-i-barceloneta-a-lestiu-per-obres\/#primaryimage","url":"https:\/\/www.noubarris.net\/web40\/wp-content\/uploads\/2023\/06\/060623.jpg","contentUrl":"https:\/\/www.noubarris.net\/web40\/wp-content\/uploads\/2023\/06\/060623.jpg","width":768,"height":432},{"@type":"BreadcrumbList","@id":"https:\/\/www.noubarris.net\/web40\/talls-a-ll4-de-metro-entre-verdaguer-i-barceloneta-a-lestiu-per-obres\/#breadcrumb","itemListElement":[{"@type":"ListItem","position":1,"name":"Inici","item":"https:\/\/www.noubarris.net\/web40\/"},{"@type":"ListItem","position":2,"name":"Talls a l&#8217;L4 de metro entre Verdaguer i Barceloneta a l&#8217;estiu per obres"}]},{"@type":"WebSite","@id":"https:\/\/www.noubarris.net\/web40\/#website","url":"https:\/\/www.noubarris.net\/web40\/","name":"NouBarris.Net","description":"Seguint la vida de Nou Barris des de 1985","publisher":{"@id":"https:\/\/www.noubarris.net\/web40\/#organization"},"potentialAction":[{"@type":"SearchAction","target":{"@type":"EntryPoint","urlTemplate":"https:\/\/www.noubarris.net\/web40\/?s={search_term_string}"},"query-input":{"@type":"PropertyValueSpecification","valueRequired":true,"valueName":"search_term_string"}}],"inLanguage":"ca"},{"@type":"Organization","@id":"https:\/\/www.noubarris.net\/web40\/#organization","name":"NouBarris.Net","url":"https:\/\/www.noubarris.net\/web40\/","logo":{"@type":"ImageObject","inLanguage":"ca","@id":"https:\/\/www.noubarris.net\/web40\/#\/schema\/logo\/image\/","url":"https:\/\/www.noubarris.net\/web40\/wp-content\/uploads\/2024\/11\/cropped-cropped-LOGO_9BTV-2024_Insta-1.jpg","contentUrl":"https:\/\/www.noubarris.net\/web40\/wp-content\/uploads\/2024\/11\/cropped-cropped-LOGO_9BTV-2024_Insta-1.jpg","width":512,"height":512,"caption":"NouBarris.Net"},"image":{"@id":"https:\/\/www.noubarris.net\/web40\/#\/schema\/logo\/image\/"},"sameAs":["https:\/\/www.facebook.com\/NouBarris.net\/?locale=es_ES","https:\/\/x.com\/9BTV"]},{"@type":"Person","@id":"https:\/\/www.noubarris.net\/web40\/#\/schema\/person\/1827f92aaa316c54abbf4dac0de76069","name":"Informatius","image":{"@type":"ImageObject","inLanguage":"ca","@id":"https:\/\/www.noubarris.net\/web40\/#\/schema\/person\/image\/","url":"https:\/\/secure.gravatar.com\/avatar\/87a3b47928835fc72c6ee5b0e1a7263ef0c2d05003a98189bc14926c5f11bcdb?s=96&d=mm&r=g","contentUrl":"https:\/\/secure.gravatar.com\/avatar\/87a3b47928835fc72c6ee5b0e1a7263ef0c2d05003a98189bc14926c5f11bcdb?s=96&d=mm&r=g","caption":"Informatius"},"url":"https:\/\/www.noubarris.net\/web40\/author\/tele\/"}]}},"_links":{"self":[{"href":"https:\/\/www.noubarris.net\/web40\/wp-json\/wp\/v2\/posts\/81164","targetHints":{"allow":["GET"]}}],"collection":[{"href":"https:\/\/www.noubarris.net\/web40\/wp-json\/wp\/v2\/posts"}],"about":[{"href":"https:\/\/www.noubarris.net\/web40\/wp-json\/wp\/v2\/types\/post"}],"author":[{"embeddable":true,"href":"https:\/\/www.noubarris.net\/web40\/wp-json\/wp\/v2\/users\/2"}],"replies":[{"embeddable":true,"href":"https:\/\/www.noubarris.net\/web40\/wp-json\/wp\/v2\/comments?post=81164"}],"version-history":[{"count":3,"href":"https:\/\/www.noubarris.net\/web40\/wp-json\/wp\/v2\/posts\/81164\/revisions"}],"predecessor-version":[{"id":81168,"href":"https:\/\/www.noubarris.net\/web40\/wp-json\/wp\/v2\/posts\/81164\/revisions\/81168"}],"wp:featuredmedia":[{"embeddable":true,"href":"https:\/\/www.noubarris.net\/web40\/wp-json\/wp\/v2\/media\/81236"}],"wp:attachment":[{"href":"https:\/\/www.noubarris.net\/web40\/wp-json\/wp\/v2\/media?parent=81164"}],"wp:term":[{"taxonomy":"category","embeddable":true,"href":"https:\/\/www.noubarris.net\/web40\/wp-json\/wp\/v2\/categories?post=81164"},{"taxonomy":"post_tag","embeddable":true,"href":"https:\/\/www.noubarris.net\/web40\/wp-json\/wp\/v2\/tags?post=81164"}],"curies":[{"name":"wp","href":"https:\/\/api.w.org\/{rel}","templated":true}]}}