{"id":81202,"date":"2023-06-12T20:31:44","date_gmt":"2023-06-12T18:31:44","guid":{"rendered":"http:\/\/www.noubarris.net\/web40\/?p=81202"},"modified":"2023-06-12T20:31:44","modified_gmt":"2023-06-12T18:31:44","slug":"homenatge-a-antonio-silva-durant-el-prego-de-la-festa-major-del-turo-de-la-peira","status":"publish","type":"post","link":"https:\/\/www.noubarris.net\/web40\/homenatge-a-antonio-silva-durant-el-prego-de-la-festa-major-del-turo-de-la-peira\/","title":{"rendered":"Homenatge a Antonio Silva durant el preg\u00f3 de la festa major del Tur\u00f3 de la Peira"},"content":{"rendered":"<p><strong>El l\u00edder ve\u00efnal va deixar la presid\u00e8ncia de l&#8217;associaci\u00f3 de ve\u00efns del barri el passat de gener despr\u00e9s de d\u00e8cades de lluita<\/strong><\/p>\n<p>El Tur\u00f3 de la Peira va retre homenatge aquest dissabte a la nit al ja ex president de l&#8217;associaci\u00f3 de ve\u00efns, Antonio Silva qui, a m\u00e9s, va ser el pregoner de les festes. Precisament les entitats del barri el van triar i conv\u00e8ncer per tal que hi fos present. Un cop Silva va acabar de fer balan\u00e7 de les darreres d\u00e8cades &#8211; gaireb\u00e9 40 anys- a primera fila de l&#8217;entitat ve\u00efnal com a lluitador i com a president, la nova presidenta de l&#8217;AV Tur\u00f3 de la Peira, In\u00e9s Navarro, li va lliurar una placa en reconeixement a la seva contribuci\u00f3 al barri. En aquesta placa no hi va faltar el dibuix de la masia de Can Bast\u00e9, per qui tant ha lluitat Silva, ni la bandera republicana que tan defensa, a m\u00e9s d&#8217;una petita manifestaci\u00f3 amb una pancarta en qu\u00e8 s&#8217;agra\u00efa la lluita i col\u00b7laboraci\u00f3 de l&#8217;Antonio.<\/p>\n<p>Cal dir que tot i l&#8217;homenatge, Antonio Silva no s&#8217;ha deslligat del barri ni de la lluita, tal com va remarcar In\u00e9s Navarro, assegurant amb humor que encara el t\u00e9 &#8220;molt pendent de tot&#8221;.\u00a0 A m\u00e9s va aprofitar el micr\u00f2fon per animar a continuar endavant, sense oblidar del tot el cap\u00edtol de l&#8217;aluminosi que tan ha marcat el barri, per\u00f2 sense perdre de vista la resta de millores pendents. Entre ells, recuperar la pediatria al CAP Tur\u00f3, ja que des de fa un parell d&#8217;anys les fam\u00edlies s&#8217;han de despla\u00e7ar al CIS Cotxeres. O la conclusi\u00f3 de l&#8217;illa Q i els seus equipaments: un centre de serveis social, el local nou de l&#8217;AV Tur\u00f3 i un casal de gent gran entre altres.<\/p>\n<p>L&#8217;Antonio, tamb\u00e9 conegut per haver estat al capdavant del seu r\u00e0pid de reparaci\u00f3 de cal\u00e7at, <a href=\"https:\/\/www.noubarris.net\/web40\/?p=80410\"><strong>va rebre un altre homenatge al gener<\/strong><\/a>, per\u00f2 fora del barri. Va ser a l&#8217;Arxiu Hist\u00f2ric de Roquetes-Nou Barris, on es van reunir representants d&#8217;entitats i associacions de ve\u00efns de tot el districte. A m\u00e9s d&#8217;elogiar els seus m\u00e8rits i traject\u00f2ria, li van regalar un retrat i una de les rajoletes de la mem\u00f2ria dedicada a ell.<\/p>\n<p>Antonio Silva va comen\u00e7ar la seva traject\u00f2ria activista de ben jove, en la lluita antifranquista. Va militar en el PCE-ML, fet pel qual el van detenir i torturar durant dos dies a la comissaria de via Laietana. De fet, \u00e9s dins la querella argentina contra els crims dels franquisme.<\/p>\n<p>Despr\u00e9s d\u2019uns anys d\u2019exili a Fran\u00e7a, on va treballar de ferroviari, va tornar a les Roquetes. All\u00e0 es va implicar en el moviment ve\u00efnal i va con\u00e8ixer Arnaldo Gil, un dels cofundadors de l\u2019Arxiu Hist\u00f2ric de Roquetes-Nou Barris. En obrir la seva botiga de reparaci\u00f3 de cal\u00e7at al Tur\u00f3 de la Peira, es va integrar a l\u2019associaci\u00f3 de ve\u00efns d\u2019aquell barri. Una entitat que ha presidit durant molts anys -fins fa uns dies- , en els quals ha hagut de lluitar, reivindicar, negociar i tamb\u00e9 celebrar la remodelaci\u00f3 del barri per l\u2019aluminosi, entre moltes altres lluites. De fet, ell va ser un afectat, ja que el seu local comercial es trobava en un dels edificis que va ser enderrocat. va ser dels darrers en fer el trasllat al local nou. I com no tot \u00e9s lluita, tamb\u00e9 ha estat en la comissi\u00f3 de festes del barri, i s\u2019ha implicat a Can Bast\u00e9.\u00a0A m\u00e9s de ser membre actiu de la Taula de Nou Barris per la Rep\u00fablica.<\/p>\n<p>En paral\u00b7lel col\u00b7labora amb l\u2019Arxiu Hist\u00f2ric en un gran t\u00e0ndem amb l\u2019Arnaldo Gil i altres membres de l\u2019entitat. No nom\u00e9s amb la col\u00b7locaci\u00f3 de rajoletes, tamb\u00e9 escaneja i arxiva fotografies antigues, organitza i\u00a0<a href=\"https:\/\/www.youtube.com\/watch?v=eUv1fH5yeQs\"><strong>participa de les rutes per Collserola\u00a0<\/strong><\/a>i els barris; i en el muntatge d\u2019exposicions.\u00a0<a href=\"https:\/\/www.noubarris.net\/web40\/?p=73198\"><strong>Ell mateix ha exposat fotografies pr\u00f2pies amb \u201cCollserola crema\u201d, una exposici\u00f3 den\u00fancia\u00a0<\/strong><\/a>i itinerant que posava imatge a les conseq\u00fc\u00e8ncies del foc a la serra. O tamb\u00e9 l\u2019<a href=\"https:\/\/www.noubarris.net\/web40\/?p=76544\"><strong>exposici\u00f3\u00a0 sobre els 30 anys de la detecci\u00f3 de l\u2019aluminosi al Tur\u00f3 de la Peira<\/strong><\/a>, despr\u00e9s de l\u2019esfondramanet d\u2019un bloc del carrer del Cad\u00ed.<\/p>\n<p>La darrera de les seves idees va ser\u00a0<a href=\"https:\/\/www.noubarris.net\/web40\/?p=78787\"><strong>convertir una cabina abandonada i dora de servei que Telef\u00f2nica encara t\u00e9 al passeig de la Peira en un punt d\u2019intercanvi de llibres<\/strong><\/a>, una mena de biblioteca gratu\u00efta a peu de carrer.<\/p>\n","protected":false},"excerpt":{"rendered":"<p>El l\u00edder ve\u00efnal va deixar la presid\u00e8ncia de l&#8217;associaci\u00f3 de ve\u00efns del barri el passat de gener despr\u00e9s de d\u00e8cades<\/p>\n","protected":false},"author":2,"featured_media":0,"comment_status":"closed","ping_status":"closed","sticky":false,"template":"","format":"standard","meta":{"colormag_page_layout":"default_layout","_monsterinsights_skip_tracking":false,"_monsterinsights_sitenote_active":false,"_monsterinsights_sitenote_note":"","_monsterinsights_sitenote_category":0,"footnotes":""},"categories":[139,124],"tags":[63,446],"class_list":["post-81202","post","type-post","status-publish","format-standard","hentry","category-el-turo-de-la-peira","category-societat","tag-festa-major","tag-homenatge"],"yoast_head":"<!-- This site is optimized with the Yoast SEO plugin v25.3 - https:\/\/yoast.com\/wordpress\/plugins\/seo\/ -->\n<title>Homenatge a Antonio Silva durant el preg\u00f3 de la festa major del Tur\u00f3 de la Peira - NouBarris.Net<\/title>\n<meta name=\"robots\" content=\"index, follow, max-snippet:-1, max-image-preview:large, max-video-preview:-1\" \/>\n<link rel=\"canonical\" href=\"https:\/\/www.noubarris.net\/web40\/homenatge-a-antonio-silva-durant-el-prego-de-la-festa-major-del-turo-de-la-peira\/\" \/>\n<meta property=\"og:locale\" content=\"ca_ES\" \/>\n<meta property=\"og:type\" content=\"article\" \/>\n<meta property=\"og:title\" content=\"Homenatge a Antonio Silva durant el preg\u00f3 de la festa major del Tur\u00f3 de la Peira - NouBarris.Net\" \/>\n<meta property=\"og:description\" content=\"El l\u00edder ve\u00efnal va deixar la presid\u00e8ncia de l&#8217;associaci\u00f3 de ve\u00efns del barri el passat de gener despr\u00e9s de d\u00e8cades\" \/>\n<meta property=\"og:url\" content=\"https:\/\/www.noubarris.net\/web40\/homenatge-a-antonio-silva-durant-el-prego-de-la-festa-major-del-turo-de-la-peira\/\" \/>\n<meta property=\"og:site_name\" content=\"NouBarris.Net\" \/>\n<meta property=\"article:publisher\" content=\"https:\/\/www.facebook.com\/NouBarris.net\/?locale=es_ES\" \/>\n<meta property=\"article:published_time\" content=\"2023-06-12T18:31:44+00:00\" \/>\n<meta name=\"author\" content=\"Informatius\" \/>\n<meta name=\"twitter:card\" content=\"summary_large_image\" \/>\n<meta name=\"twitter:creator\" content=\"@9BTV\" \/>\n<meta name=\"twitter:site\" content=\"@9BTV\" \/>\n<meta name=\"twitter:label1\" content=\"Escrit per\" \/>\n\t<meta name=\"twitter:data1\" content=\"Informatius\" \/>\n\t<meta name=\"twitter:label2\" content=\"Temps estimat de lectura\" \/>\n\t<meta name=\"twitter:data2\" content=\"4 minuts\" \/>\n<script type=\"application\/ld+json\" class=\"yoast-schema-graph\">{\"@context\":\"https:\/\/schema.org\",\"@graph\":[{\"@type\":\"Article\",\"@id\":\"https:\/\/www.noubarris.net\/web40\/homenatge-a-antonio-silva-durant-el-prego-de-la-festa-major-del-turo-de-la-peira\/#article\",\"isPartOf\":{\"@id\":\"https:\/\/www.noubarris.net\/web40\/homenatge-a-antonio-silva-durant-el-prego-de-la-festa-major-del-turo-de-la-peira\/\"},\"author\":{\"name\":\"Informatius\",\"@id\":\"https:\/\/www.noubarris.net\/web40\/#\/schema\/person\/1827f92aaa316c54abbf4dac0de76069\"},\"headline\":\"Homenatge a Antonio Silva durant el preg\u00f3 de la festa major del Tur\u00f3 de la Peira\",\"datePublished\":\"2023-06-12T18:31:44+00:00\",\"mainEntityOfPage\":{\"@id\":\"https:\/\/www.noubarris.net\/web40\/homenatge-a-antonio-silva-durant-el-prego-de-la-festa-major-del-turo-de-la-peira\/\"},\"wordCount\":816,\"publisher\":{\"@id\":\"https:\/\/www.noubarris.net\/web40\/#organization\"},\"keywords\":[\"Festa Major\",\"Homenatge\"],\"articleSection\":[\"El Tur\u00f3 de la Peira\",\"Societat\"],\"inLanguage\":\"ca\"},{\"@type\":\"WebPage\",\"@id\":\"https:\/\/www.noubarris.net\/web40\/homenatge-a-antonio-silva-durant-el-prego-de-la-festa-major-del-turo-de-la-peira\/\",\"url\":\"https:\/\/www.noubarris.net\/web40\/homenatge-a-antonio-silva-durant-el-prego-de-la-festa-major-del-turo-de-la-peira\/\",\"name\":\"Homenatge a Antonio Silva durant el preg\u00f3 de la festa major del Tur\u00f3 de la Peira - NouBarris.Net\",\"isPartOf\":{\"@id\":\"https:\/\/www.noubarris.net\/web40\/#website\"},\"datePublished\":\"2023-06-12T18:31:44+00:00\",\"breadcrumb\":{\"@id\":\"https:\/\/www.noubarris.net\/web40\/homenatge-a-antonio-silva-durant-el-prego-de-la-festa-major-del-turo-de-la-peira\/#breadcrumb\"},\"inLanguage\":\"ca\",\"potentialAction\":[{\"@type\":\"ReadAction\",\"target\":[\"https:\/\/www.noubarris.net\/web40\/homenatge-a-antonio-silva-durant-el-prego-de-la-festa-major-del-turo-de-la-peira\/\"]}]},{\"@type\":\"BreadcrumbList\",\"@id\":\"https:\/\/www.noubarris.net\/web40\/homenatge-a-antonio-silva-durant-el-prego-de-la-festa-major-del-turo-de-la-peira\/#breadcrumb\",\"itemListElement\":[{\"@type\":\"ListItem\",\"position\":1,\"name\":\"Inici\",\"item\":\"https:\/\/www.noubarris.net\/web40\/\"},{\"@type\":\"ListItem\",\"position\":2,\"name\":\"Homenatge a Antonio Silva durant el preg\u00f3 de la festa major del Tur\u00f3 de la Peira\"}]},{\"@type\":\"WebSite\",\"@id\":\"https:\/\/www.noubarris.net\/web40\/#website\",\"url\":\"https:\/\/www.noubarris.net\/web40\/\",\"name\":\"NouBarris.Net\",\"description\":\"Seguint la vida de Nou Barris des de 1985\",\"publisher\":{\"@id\":\"https:\/\/www.noubarris.net\/web40\/#organization\"},\"potentialAction\":[{\"@type\":\"SearchAction\",\"target\":{\"@type\":\"EntryPoint\",\"urlTemplate\":\"https:\/\/www.noubarris.net\/web40\/?s={search_term_string}\"},\"query-input\":{\"@type\":\"PropertyValueSpecification\",\"valueRequired\":true,\"valueName\":\"search_term_string\"}}],\"inLanguage\":\"ca\"},{\"@type\":\"Organization\",\"@id\":\"https:\/\/www.noubarris.net\/web40\/#organization\",\"name\":\"NouBarris.Net\",\"url\":\"https:\/\/www.noubarris.net\/web40\/\",\"logo\":{\"@type\":\"ImageObject\",\"inLanguage\":\"ca\",\"@id\":\"https:\/\/www.noubarris.net\/web40\/#\/schema\/logo\/image\/\",\"url\":\"https:\/\/www.noubarris.net\/web40\/wp-content\/uploads\/2024\/11\/cropped-cropped-LOGO_9BTV-2024_Insta-1.jpg\",\"contentUrl\":\"https:\/\/www.noubarris.net\/web40\/wp-content\/uploads\/2024\/11\/cropped-cropped-LOGO_9BTV-2024_Insta-1.jpg\",\"width\":512,\"height\":512,\"caption\":\"NouBarris.Net\"},\"image\":{\"@id\":\"https:\/\/www.noubarris.net\/web40\/#\/schema\/logo\/image\/\"},\"sameAs\":[\"https:\/\/www.facebook.com\/NouBarris.net\/?locale=es_ES\",\"https:\/\/x.com\/9BTV\"]},{\"@type\":\"Person\",\"@id\":\"https:\/\/www.noubarris.net\/web40\/#\/schema\/person\/1827f92aaa316c54abbf4dac0de76069\",\"name\":\"Informatius\",\"image\":{\"@type\":\"ImageObject\",\"inLanguage\":\"ca\",\"@id\":\"https:\/\/www.noubarris.net\/web40\/#\/schema\/person\/image\/\",\"url\":\"https:\/\/secure.gravatar.com\/avatar\/87a3b47928835fc72c6ee5b0e1a7263ef0c2d05003a98189bc14926c5f11bcdb?s=96&d=mm&r=g\",\"contentUrl\":\"https:\/\/secure.gravatar.com\/avatar\/87a3b47928835fc72c6ee5b0e1a7263ef0c2d05003a98189bc14926c5f11bcdb?s=96&d=mm&r=g\",\"caption\":\"Informatius\"},\"url\":\"https:\/\/www.noubarris.net\/web40\/author\/tele\/\"}]}<\/script>\n<!-- \/ Yoast SEO plugin. -->","yoast_head_json":{"title":"Homenatge a Antonio Silva durant el preg\u00f3 de la festa major del Tur\u00f3 de la Peira - NouBarris.Net","robots":{"index":"index","follow":"follow","max-snippet":"max-snippet:-1","max-image-preview":"max-image-preview:large","max-video-preview":"max-video-preview:-1"},"canonical":"https:\/\/www.noubarris.net\/web40\/homenatge-a-antonio-silva-durant-el-prego-de-la-festa-major-del-turo-de-la-peira\/","og_locale":"ca_ES","og_type":"article","og_title":"Homenatge a Antonio Silva durant el preg\u00f3 de la festa major del Tur\u00f3 de la Peira - NouBarris.Net","og_description":"El l\u00edder ve\u00efnal va deixar la presid\u00e8ncia de l&#8217;associaci\u00f3 de ve\u00efns del barri el passat de gener despr\u00e9s de d\u00e8cades","og_url":"https:\/\/www.noubarris.net\/web40\/homenatge-a-antonio-silva-durant-el-prego-de-la-festa-major-del-turo-de-la-peira\/","og_site_name":"NouBarris.Net","article_publisher":"https:\/\/www.facebook.com\/NouBarris.net\/?locale=es_ES","article_published_time":"2023-06-12T18:31:44+00:00","author":"Informatius","twitter_card":"summary_large_image","twitter_creator":"@9BTV","twitter_site":"@9BTV","twitter_misc":{"Escrit per":"Informatius","Temps estimat de lectura":"4 minuts"},"schema":{"@context":"https:\/\/schema.org","@graph":[{"@type":"Article","@id":"https:\/\/www.noubarris.net\/web40\/homenatge-a-antonio-silva-durant-el-prego-de-la-festa-major-del-turo-de-la-peira\/#article","isPartOf":{"@id":"https:\/\/www.noubarris.net\/web40\/homenatge-a-antonio-silva-durant-el-prego-de-la-festa-major-del-turo-de-la-peira\/"},"author":{"name":"Informatius","@id":"https:\/\/www.noubarris.net\/web40\/#\/schema\/person\/1827f92aaa316c54abbf4dac0de76069"},"headline":"Homenatge a Antonio Silva durant el preg\u00f3 de la festa major del Tur\u00f3 de la Peira","datePublished":"2023-06-12T18:31:44+00:00","mainEntityOfPage":{"@id":"https:\/\/www.noubarris.net\/web40\/homenatge-a-antonio-silva-durant-el-prego-de-la-festa-major-del-turo-de-la-peira\/"},"wordCount":816,"publisher":{"@id":"https:\/\/www.noubarris.net\/web40\/#organization"},"keywords":["Festa Major","Homenatge"],"articleSection":["El Tur\u00f3 de la Peira","Societat"],"inLanguage":"ca"},{"@type":"WebPage","@id":"https:\/\/www.noubarris.net\/web40\/homenatge-a-antonio-silva-durant-el-prego-de-la-festa-major-del-turo-de-la-peira\/","url":"https:\/\/www.noubarris.net\/web40\/homenatge-a-antonio-silva-durant-el-prego-de-la-festa-major-del-turo-de-la-peira\/","name":"Homenatge a Antonio Silva durant el preg\u00f3 de la festa major del Tur\u00f3 de la Peira - NouBarris.Net","isPartOf":{"@id":"https:\/\/www.noubarris.net\/web40\/#website"},"datePublished":"2023-06-12T18:31:44+00:00","breadcrumb":{"@id":"https:\/\/www.noubarris.net\/web40\/homenatge-a-antonio-silva-durant-el-prego-de-la-festa-major-del-turo-de-la-peira\/#breadcrumb"},"inLanguage":"ca","potentialAction":[{"@type":"ReadAction","target":["https:\/\/www.noubarris.net\/web40\/homenatge-a-antonio-silva-durant-el-prego-de-la-festa-major-del-turo-de-la-peira\/"]}]},{"@type":"BreadcrumbList","@id":"https:\/\/www.noubarris.net\/web40\/homenatge-a-antonio-silva-durant-el-prego-de-la-festa-major-del-turo-de-la-peira\/#breadcrumb","itemListElement":[{"@type":"ListItem","position":1,"name":"Inici","item":"https:\/\/www.noubarris.net\/web40\/"},{"@type":"ListItem","position":2,"name":"Homenatge a Antonio Silva durant el preg\u00f3 de la festa major del Tur\u00f3 de la Peira"}]},{"@type":"WebSite","@id":"https:\/\/www.noubarris.net\/web40\/#website","url":"https:\/\/www.noubarris.net\/web40\/","name":"NouBarris.Net","description":"Seguint la vida de Nou Barris des de 1985","publisher":{"@id":"https:\/\/www.noubarris.net\/web40\/#organization"},"potentialAction":[{"@type":"SearchAction","target":{"@type":"EntryPoint","urlTemplate":"https:\/\/www.noubarris.net\/web40\/?s={search_term_string}"},"query-input":{"@type":"PropertyValueSpecification","valueRequired":true,"valueName":"search_term_string"}}],"inLanguage":"ca"},{"@type":"Organization","@id":"https:\/\/www.noubarris.net\/web40\/#organization","name":"NouBarris.Net","url":"https:\/\/www.noubarris.net\/web40\/","logo":{"@type":"ImageObject","inLanguage":"ca","@id":"https:\/\/www.noubarris.net\/web40\/#\/schema\/logo\/image\/","url":"https:\/\/www.noubarris.net\/web40\/wp-content\/uploads\/2024\/11\/cropped-cropped-LOGO_9BTV-2024_Insta-1.jpg","contentUrl":"https:\/\/www.noubarris.net\/web40\/wp-content\/uploads\/2024\/11\/cropped-cropped-LOGO_9BTV-2024_Insta-1.jpg","width":512,"height":512,"caption":"NouBarris.Net"},"image":{"@id":"https:\/\/www.noubarris.net\/web40\/#\/schema\/logo\/image\/"},"sameAs":["https:\/\/www.facebook.com\/NouBarris.net\/?locale=es_ES","https:\/\/x.com\/9BTV"]},{"@type":"Person","@id":"https:\/\/www.noubarris.net\/web40\/#\/schema\/person\/1827f92aaa316c54abbf4dac0de76069","name":"Informatius","image":{"@type":"ImageObject","inLanguage":"ca","@id":"https:\/\/www.noubarris.net\/web40\/#\/schema\/person\/image\/","url":"https:\/\/secure.gravatar.com\/avatar\/87a3b47928835fc72c6ee5b0e1a7263ef0c2d05003a98189bc14926c5f11bcdb?s=96&d=mm&r=g","contentUrl":"https:\/\/secure.gravatar.com\/avatar\/87a3b47928835fc72c6ee5b0e1a7263ef0c2d05003a98189bc14926c5f11bcdb?s=96&d=mm&r=g","caption":"Informatius"},"url":"https:\/\/www.noubarris.net\/web40\/author\/tele\/"}]}},"_links":{"self":[{"href":"https:\/\/www.noubarris.net\/web40\/wp-json\/wp\/v2\/posts\/81202","targetHints":{"allow":["GET"]}}],"collection":[{"href":"https:\/\/www.noubarris.net\/web40\/wp-json\/wp\/v2\/posts"}],"about":[{"href":"https:\/\/www.noubarris.net\/web40\/wp-json\/wp\/v2\/types\/post"}],"author":[{"embeddable":true,"href":"https:\/\/www.noubarris.net\/web40\/wp-json\/wp\/v2\/users\/2"}],"replies":[{"embeddable":true,"href":"https:\/\/www.noubarris.net\/web40\/wp-json\/wp\/v2\/comments?post=81202"}],"version-history":[{"count":2,"href":"https:\/\/www.noubarris.net\/web40\/wp-json\/wp\/v2\/posts\/81202\/revisions"}],"predecessor-version":[{"id":81205,"href":"https:\/\/www.noubarris.net\/web40\/wp-json\/wp\/v2\/posts\/81202\/revisions\/81205"}],"wp:attachment":[{"href":"https:\/\/www.noubarris.net\/web40\/wp-json\/wp\/v2\/media?parent=81202"}],"wp:term":[{"taxonomy":"category","embeddable":true,"href":"https:\/\/www.noubarris.net\/web40\/wp-json\/wp\/v2\/categories?post=81202"},{"taxonomy":"post_tag","embeddable":true,"href":"https:\/\/www.noubarris.net\/web40\/wp-json\/wp\/v2\/tags?post=81202"}],"curies":[{"name":"wp","href":"https:\/\/api.w.org\/{rel}","templated":true}]}}