{"id":81207,"date":"2023-06-13T00:00:13","date_gmt":"2023-06-12T22:00:13","guid":{"rendered":"http:\/\/www.noubarris.net\/web40\/?p=81207"},"modified":"2023-06-12T21:07:26","modified_gmt":"2023-06-12T19:07:26","slug":"lav-de-la-guineueta-reclama-al-darrer-plenari-mes-agilitat-en-la-installacio-dascensors","status":"publish","type":"post","link":"https:\/\/www.noubarris.net\/web40\/lav-de-la-guineueta-reclama-al-darrer-plenari-mes-agilitat-en-la-installacio-dascensors\/","title":{"rendered":"L&#8217;AV de la Guineueta reclama al darrer plenari m\u00e9s agilitat en la instal\u00b7laci\u00f3 d&#8217;ascensors"},"content":{"rendered":"<p><strong>L&#8217;entitat va aprofitar el ple de comiat per expressar reivindicaicons per al proper mandat<\/strong><\/p>\n<p>El d&#8217;aquest dilluns havia de ser un plenari de comiat. Els consellers, la presidenta del consell, Gemma Sendra, i el regidor del districte, Xavier Marc\u00e8, tenien previst fer el seu discurs i\/o balan\u00e7 del mandat, despr\u00e9s de les eleccions. El cas \u00e9s que a la sala de plens s&#8217;hi van apropar un nombr\u00f3s grup de ve\u00efns de la Guineueta per reclamar m\u00e9s agilitat i menys obstacles a l&#8217;hora de tramitar els processos per instal\u00b7lar ascensors als edificis que encara no en tenen. Tamb\u00e9 van voler deixar sobre la taula de cara al mandat que comen\u00e7ar\u00e0 les properes setmanes una s\u00e8rie de reivindicacions, com ara un pla de barri i un esfor\u00e7 en millorar l&#8217;accessibilitat.<\/p>\n<p>El gerent del districte, Gabriel Duarte, els va recordar que el mandat que acaba ha deixat enllestit l&#8217;estudi per reurbanitzar la fase 4, des de la rambla del Ca\u00e7ador al carrer del Castor. Tamb\u00e9 va donar detalls de l&#8217;estat en qu\u00e8 es torba cadascun dels tr\u00e0mits dels ascensors. I, en tot cas, els va convidar a reunir-se de nou.<\/p>\n<p>Durant la sessi\u00f3, la presidenta del consell, Gemma Sendra, va demanar respecte per permetre als regidors i consellers acomiadar-se. Tots ells han agra\u00eft l&#8217;oportunitat de ser al consell plenari i es van comprometre a continuar treballant pel districte, tant des de fora (qui tenia clar que ja no hi tornar\u00e0 per diversos motius) o des de dins novament.\u00a0 Tamb\u00e9 hi van haver algunes refer\u00e8ncies d&#8217;una banda a l&#8217;abstenci\u00f3 elevada registrada a Nou Barris i a la pand\u00e8mia que tant ha marcat aquest mandat.<\/p>\n<p>Entre aquests \u00faltims, el regidor Xavier Marc\u00e9, que va recon\u00e8ixer tot el que ha suposat aquests anys (no quatre, ja que el mandat el va comen\u00e7ar Marga Mari-Klose). Tamb\u00e9 va afirmar apr\u00e8s molt sobre el districte aquest temps, amb amoments . &#8220;M&#8217;emporto algunes ferides en el sentit cariny\u00f3s,\u00a0 i que et recorden el que queda per fer&#8221;, va afirmar Marc\u00e9. Va agra\u00efr, a m\u00e9s, la feina dels treballadors i t\u00e8cnics del districte i el gerent, Gabi Duarte.<\/p>\n<p>Marc\u00e9 no repetir\u00e0, com tampoc ho far\u00e0 la presidenta del consell, Gemma Sendra, que no s&#8217;ha presentat.\u00a0 Va afirmar que ha treballat per la diversitat de veus i sobretot respecte entre els participants als plens i audi\u00e8ncies. Tamb\u00e9 va posar en valor que les governances s\u00f3n exigents i complicades i han de donar soluci\u00f3 als problemes dels ciutadans. En aquest sentit tamb\u00e9 va valorar el treball de l&#8217;equip de govern i la ger\u00e8ncia en un temps amb pand\u00e8mia i molts reptes.<\/p>\n<p>&nbsp;<\/p>\n","protected":false},"excerpt":{"rendered":"<p>L&#8217;entitat va aprofitar el ple de comiat per expressar reivindicaicons per al proper mandat El d&#8217;aquest dilluns havia de ser<\/p>\n","protected":false},"author":2,"featured_media":0,"comment_status":"closed","ping_status":"closed","sticky":false,"template":"","format":"standard","meta":{"colormag_page_layout":"default_layout","_monsterinsights_skip_tracking":false,"_monsterinsights_sitenote_active":false,"_monsterinsights_sitenote_note":"","_monsterinsights_sitenote_category":0,"footnotes":""},"categories":[447],"tags":[327,637],"class_list":["post-81207","post","type-post","status-publish","format-standard","hentry","category-audiencia-publica-i-plenari","tag-participacio","tag-ple"],"yoast_head":"<!-- This site is optimized with the Yoast SEO plugin v25.3 - https:\/\/yoast.com\/wordpress\/plugins\/seo\/ -->\n<title>L&#039;AV de la Guineueta reclama al darrer plenari m\u00e9s agilitat en la instal\u00b7laci\u00f3 d&#039;ascensors - NouBarris.Net<\/title>\n<meta name=\"robots\" content=\"index, follow, max-snippet:-1, max-image-preview:large, max-video-preview:-1\" \/>\n<link rel=\"canonical\" href=\"https:\/\/www.noubarris.net\/web40\/lav-de-la-guineueta-reclama-al-darrer-plenari-mes-agilitat-en-la-installacio-dascensors\/\" \/>\n<meta property=\"og:locale\" content=\"ca_ES\" \/>\n<meta property=\"og:type\" content=\"article\" \/>\n<meta property=\"og:title\" content=\"L&#039;AV de la Guineueta reclama al darrer plenari m\u00e9s agilitat en la instal\u00b7laci\u00f3 d&#039;ascensors - NouBarris.Net\" \/>\n<meta property=\"og:description\" content=\"L&#8217;entitat va aprofitar el ple de comiat per expressar reivindicaicons per al proper mandat El d&#8217;aquest dilluns havia de ser\" \/>\n<meta property=\"og:url\" content=\"https:\/\/www.noubarris.net\/web40\/lav-de-la-guineueta-reclama-al-darrer-plenari-mes-agilitat-en-la-installacio-dascensors\/\" \/>\n<meta property=\"og:site_name\" content=\"NouBarris.Net\" \/>\n<meta property=\"article:publisher\" content=\"https:\/\/www.facebook.com\/NouBarris.net\/?locale=es_ES\" \/>\n<meta property=\"article:published_time\" content=\"2023-06-12T22:00:13+00:00\" \/>\n<meta name=\"author\" content=\"Informatius\" \/>\n<meta name=\"twitter:card\" content=\"summary_large_image\" \/>\n<meta name=\"twitter:creator\" content=\"@9BTV\" \/>\n<meta name=\"twitter:site\" content=\"@9BTV\" \/>\n<meta name=\"twitter:label1\" content=\"Escrit per\" \/>\n\t<meta name=\"twitter:data1\" content=\"Informatius\" \/>\n\t<meta name=\"twitter:label2\" content=\"Temps estimat de lectura\" \/>\n\t<meta name=\"twitter:data2\" content=\"2 minuts\" \/>\n<script type=\"application\/ld+json\" class=\"yoast-schema-graph\">{\"@context\":\"https:\/\/schema.org\",\"@graph\":[{\"@type\":\"Article\",\"@id\":\"https:\/\/www.noubarris.net\/web40\/lav-de-la-guineueta-reclama-al-darrer-plenari-mes-agilitat-en-la-installacio-dascensors\/#article\",\"isPartOf\":{\"@id\":\"https:\/\/www.noubarris.net\/web40\/lav-de-la-guineueta-reclama-al-darrer-plenari-mes-agilitat-en-la-installacio-dascensors\/\"},\"author\":{\"name\":\"Informatius\",\"@id\":\"https:\/\/www.noubarris.net\/web40\/#\/schema\/person\/1827f92aaa316c54abbf4dac0de76069\"},\"headline\":\"L&#8217;AV de la Guineueta reclama al darrer plenari m\u00e9s agilitat en la instal\u00b7laci\u00f3 d&#8217;ascensors\",\"datePublished\":\"2023-06-12T22:00:13+00:00\",\"mainEntityOfPage\":{\"@id\":\"https:\/\/www.noubarris.net\/web40\/lav-de-la-guineueta-reclama-al-darrer-plenari-mes-agilitat-en-la-installacio-dascensors\/\"},\"wordCount\":482,\"publisher\":{\"@id\":\"https:\/\/www.noubarris.net\/web40\/#organization\"},\"keywords\":[\"Participaci\u00f3\",\"ple\"],\"articleSection\":[\"Audi\u00e8ncia p\u00fablica i Plenari\"],\"inLanguage\":\"ca\"},{\"@type\":\"WebPage\",\"@id\":\"https:\/\/www.noubarris.net\/web40\/lav-de-la-guineueta-reclama-al-darrer-plenari-mes-agilitat-en-la-installacio-dascensors\/\",\"url\":\"https:\/\/www.noubarris.net\/web40\/lav-de-la-guineueta-reclama-al-darrer-plenari-mes-agilitat-en-la-installacio-dascensors\/\",\"name\":\"L'AV de la Guineueta reclama al darrer plenari m\u00e9s agilitat en la instal\u00b7laci\u00f3 d'ascensors - NouBarris.Net\",\"isPartOf\":{\"@id\":\"https:\/\/www.noubarris.net\/web40\/#website\"},\"datePublished\":\"2023-06-12T22:00:13+00:00\",\"breadcrumb\":{\"@id\":\"https:\/\/www.noubarris.net\/web40\/lav-de-la-guineueta-reclama-al-darrer-plenari-mes-agilitat-en-la-installacio-dascensors\/#breadcrumb\"},\"inLanguage\":\"ca\",\"potentialAction\":[{\"@type\":\"ReadAction\",\"target\":[\"https:\/\/www.noubarris.net\/web40\/lav-de-la-guineueta-reclama-al-darrer-plenari-mes-agilitat-en-la-installacio-dascensors\/\"]}]},{\"@type\":\"BreadcrumbList\",\"@id\":\"https:\/\/www.noubarris.net\/web40\/lav-de-la-guineueta-reclama-al-darrer-plenari-mes-agilitat-en-la-installacio-dascensors\/#breadcrumb\",\"itemListElement\":[{\"@type\":\"ListItem\",\"position\":1,\"name\":\"Inici\",\"item\":\"https:\/\/www.noubarris.net\/web40\/\"},{\"@type\":\"ListItem\",\"position\":2,\"name\":\"L&#8217;AV de la Guineueta reclama al darrer plenari m\u00e9s agilitat en la instal\u00b7laci\u00f3 d&#8217;ascensors\"}]},{\"@type\":\"WebSite\",\"@id\":\"https:\/\/www.noubarris.net\/web40\/#website\",\"url\":\"https:\/\/www.noubarris.net\/web40\/\",\"name\":\"NouBarris.Net\",\"description\":\"Seguint la vida de Nou Barris des de 1985\",\"publisher\":{\"@id\":\"https:\/\/www.noubarris.net\/web40\/#organization\"},\"potentialAction\":[{\"@type\":\"SearchAction\",\"target\":{\"@type\":\"EntryPoint\",\"urlTemplate\":\"https:\/\/www.noubarris.net\/web40\/?s={search_term_string}\"},\"query-input\":{\"@type\":\"PropertyValueSpecification\",\"valueRequired\":true,\"valueName\":\"search_term_string\"}}],\"inLanguage\":\"ca\"},{\"@type\":\"Organization\",\"@id\":\"https:\/\/www.noubarris.net\/web40\/#organization\",\"name\":\"NouBarris.Net\",\"url\":\"https:\/\/www.noubarris.net\/web40\/\",\"logo\":{\"@type\":\"ImageObject\",\"inLanguage\":\"ca\",\"@id\":\"https:\/\/www.noubarris.net\/web40\/#\/schema\/logo\/image\/\",\"url\":\"https:\/\/www.noubarris.net\/web40\/wp-content\/uploads\/2024\/11\/cropped-cropped-LOGO_9BTV-2024_Insta-1.jpg\",\"contentUrl\":\"https:\/\/www.noubarris.net\/web40\/wp-content\/uploads\/2024\/11\/cropped-cropped-LOGO_9BTV-2024_Insta-1.jpg\",\"width\":512,\"height\":512,\"caption\":\"NouBarris.Net\"},\"image\":{\"@id\":\"https:\/\/www.noubarris.net\/web40\/#\/schema\/logo\/image\/\"},\"sameAs\":[\"https:\/\/www.facebook.com\/NouBarris.net\/?locale=es_ES\",\"https:\/\/x.com\/9BTV\"]},{\"@type\":\"Person\",\"@id\":\"https:\/\/www.noubarris.net\/web40\/#\/schema\/person\/1827f92aaa316c54abbf4dac0de76069\",\"name\":\"Informatius\",\"image\":{\"@type\":\"ImageObject\",\"inLanguage\":\"ca\",\"@id\":\"https:\/\/www.noubarris.net\/web40\/#\/schema\/person\/image\/\",\"url\":\"https:\/\/secure.gravatar.com\/avatar\/87a3b47928835fc72c6ee5b0e1a7263ef0c2d05003a98189bc14926c5f11bcdb?s=96&d=mm&r=g\",\"contentUrl\":\"https:\/\/secure.gravatar.com\/avatar\/87a3b47928835fc72c6ee5b0e1a7263ef0c2d05003a98189bc14926c5f11bcdb?s=96&d=mm&r=g\",\"caption\":\"Informatius\"},\"url\":\"https:\/\/www.noubarris.net\/web40\/author\/tele\/\"}]}<\/script>\n<!-- \/ Yoast SEO plugin. -->","yoast_head_json":{"title":"L'AV de la Guineueta reclama al darrer plenari m\u00e9s agilitat en la instal\u00b7laci\u00f3 d'ascensors - NouBarris.Net","robots":{"index":"index","follow":"follow","max-snippet":"max-snippet:-1","max-image-preview":"max-image-preview:large","max-video-preview":"max-video-preview:-1"},"canonical":"https:\/\/www.noubarris.net\/web40\/lav-de-la-guineueta-reclama-al-darrer-plenari-mes-agilitat-en-la-installacio-dascensors\/","og_locale":"ca_ES","og_type":"article","og_title":"L'AV de la Guineueta reclama al darrer plenari m\u00e9s agilitat en la instal\u00b7laci\u00f3 d'ascensors - NouBarris.Net","og_description":"L&#8217;entitat va aprofitar el ple de comiat per expressar reivindicaicons per al proper mandat El d&#8217;aquest dilluns havia de ser","og_url":"https:\/\/www.noubarris.net\/web40\/lav-de-la-guineueta-reclama-al-darrer-plenari-mes-agilitat-en-la-installacio-dascensors\/","og_site_name":"NouBarris.Net","article_publisher":"https:\/\/www.facebook.com\/NouBarris.net\/?locale=es_ES","article_published_time":"2023-06-12T22:00:13+00:00","author":"Informatius","twitter_card":"summary_large_image","twitter_creator":"@9BTV","twitter_site":"@9BTV","twitter_misc":{"Escrit per":"Informatius","Temps estimat de lectura":"2 minuts"},"schema":{"@context":"https:\/\/schema.org","@graph":[{"@type":"Article","@id":"https:\/\/www.noubarris.net\/web40\/lav-de-la-guineueta-reclama-al-darrer-plenari-mes-agilitat-en-la-installacio-dascensors\/#article","isPartOf":{"@id":"https:\/\/www.noubarris.net\/web40\/lav-de-la-guineueta-reclama-al-darrer-plenari-mes-agilitat-en-la-installacio-dascensors\/"},"author":{"name":"Informatius","@id":"https:\/\/www.noubarris.net\/web40\/#\/schema\/person\/1827f92aaa316c54abbf4dac0de76069"},"headline":"L&#8217;AV de la Guineueta reclama al darrer plenari m\u00e9s agilitat en la instal\u00b7laci\u00f3 d&#8217;ascensors","datePublished":"2023-06-12T22:00:13+00:00","mainEntityOfPage":{"@id":"https:\/\/www.noubarris.net\/web40\/lav-de-la-guineueta-reclama-al-darrer-plenari-mes-agilitat-en-la-installacio-dascensors\/"},"wordCount":482,"publisher":{"@id":"https:\/\/www.noubarris.net\/web40\/#organization"},"keywords":["Participaci\u00f3","ple"],"articleSection":["Audi\u00e8ncia p\u00fablica i Plenari"],"inLanguage":"ca"},{"@type":"WebPage","@id":"https:\/\/www.noubarris.net\/web40\/lav-de-la-guineueta-reclama-al-darrer-plenari-mes-agilitat-en-la-installacio-dascensors\/","url":"https:\/\/www.noubarris.net\/web40\/lav-de-la-guineueta-reclama-al-darrer-plenari-mes-agilitat-en-la-installacio-dascensors\/","name":"L'AV de la Guineueta reclama al darrer plenari m\u00e9s agilitat en la instal\u00b7laci\u00f3 d'ascensors - NouBarris.Net","isPartOf":{"@id":"https:\/\/www.noubarris.net\/web40\/#website"},"datePublished":"2023-06-12T22:00:13+00:00","breadcrumb":{"@id":"https:\/\/www.noubarris.net\/web40\/lav-de-la-guineueta-reclama-al-darrer-plenari-mes-agilitat-en-la-installacio-dascensors\/#breadcrumb"},"inLanguage":"ca","potentialAction":[{"@type":"ReadAction","target":["https:\/\/www.noubarris.net\/web40\/lav-de-la-guineueta-reclama-al-darrer-plenari-mes-agilitat-en-la-installacio-dascensors\/"]}]},{"@type":"BreadcrumbList","@id":"https:\/\/www.noubarris.net\/web40\/lav-de-la-guineueta-reclama-al-darrer-plenari-mes-agilitat-en-la-installacio-dascensors\/#breadcrumb","itemListElement":[{"@type":"ListItem","position":1,"name":"Inici","item":"https:\/\/www.noubarris.net\/web40\/"},{"@type":"ListItem","position":2,"name":"L&#8217;AV de la Guineueta reclama al darrer plenari m\u00e9s agilitat en la instal\u00b7laci\u00f3 d&#8217;ascensors"}]},{"@type":"WebSite","@id":"https:\/\/www.noubarris.net\/web40\/#website","url":"https:\/\/www.noubarris.net\/web40\/","name":"NouBarris.Net","description":"Seguint la vida de Nou Barris des de 1985","publisher":{"@id":"https:\/\/www.noubarris.net\/web40\/#organization"},"potentialAction":[{"@type":"SearchAction","target":{"@type":"EntryPoint","urlTemplate":"https:\/\/www.noubarris.net\/web40\/?s={search_term_string}"},"query-input":{"@type":"PropertyValueSpecification","valueRequired":true,"valueName":"search_term_string"}}],"inLanguage":"ca"},{"@type":"Organization","@id":"https:\/\/www.noubarris.net\/web40\/#organization","name":"NouBarris.Net","url":"https:\/\/www.noubarris.net\/web40\/","logo":{"@type":"ImageObject","inLanguage":"ca","@id":"https:\/\/www.noubarris.net\/web40\/#\/schema\/logo\/image\/","url":"https:\/\/www.noubarris.net\/web40\/wp-content\/uploads\/2024\/11\/cropped-cropped-LOGO_9BTV-2024_Insta-1.jpg","contentUrl":"https:\/\/www.noubarris.net\/web40\/wp-content\/uploads\/2024\/11\/cropped-cropped-LOGO_9BTV-2024_Insta-1.jpg","width":512,"height":512,"caption":"NouBarris.Net"},"image":{"@id":"https:\/\/www.noubarris.net\/web40\/#\/schema\/logo\/image\/"},"sameAs":["https:\/\/www.facebook.com\/NouBarris.net\/?locale=es_ES","https:\/\/x.com\/9BTV"]},{"@type":"Person","@id":"https:\/\/www.noubarris.net\/web40\/#\/schema\/person\/1827f92aaa316c54abbf4dac0de76069","name":"Informatius","image":{"@type":"ImageObject","inLanguage":"ca","@id":"https:\/\/www.noubarris.net\/web40\/#\/schema\/person\/image\/","url":"https:\/\/secure.gravatar.com\/avatar\/87a3b47928835fc72c6ee5b0e1a7263ef0c2d05003a98189bc14926c5f11bcdb?s=96&d=mm&r=g","contentUrl":"https:\/\/secure.gravatar.com\/avatar\/87a3b47928835fc72c6ee5b0e1a7263ef0c2d05003a98189bc14926c5f11bcdb?s=96&d=mm&r=g","caption":"Informatius"},"url":"https:\/\/www.noubarris.net\/web40\/author\/tele\/"}]}},"_links":{"self":[{"href":"https:\/\/www.noubarris.net\/web40\/wp-json\/wp\/v2\/posts\/81207","targetHints":{"allow":["GET"]}}],"collection":[{"href":"https:\/\/www.noubarris.net\/web40\/wp-json\/wp\/v2\/posts"}],"about":[{"href":"https:\/\/www.noubarris.net\/web40\/wp-json\/wp\/v2\/types\/post"}],"author":[{"embeddable":true,"href":"https:\/\/www.noubarris.net\/web40\/wp-json\/wp\/v2\/users\/2"}],"replies":[{"embeddable":true,"href":"https:\/\/www.noubarris.net\/web40\/wp-json\/wp\/v2\/comments?post=81207"}],"version-history":[{"count":4,"href":"https:\/\/www.noubarris.net\/web40\/wp-json\/wp\/v2\/posts\/81207\/revisions"}],"predecessor-version":[{"id":81211,"href":"https:\/\/www.noubarris.net\/web40\/wp-json\/wp\/v2\/posts\/81207\/revisions\/81211"}],"wp:attachment":[{"href":"https:\/\/www.noubarris.net\/web40\/wp-json\/wp\/v2\/media?parent=81207"}],"wp:term":[{"taxonomy":"category","embeddable":true,"href":"https:\/\/www.noubarris.net\/web40\/wp-json\/wp\/v2\/categories?post=81207"},{"taxonomy":"post_tag","embeddable":true,"href":"https:\/\/www.noubarris.net\/web40\/wp-json\/wp\/v2\/tags?post=81207"}],"curies":[{"name":"wp","href":"https:\/\/api.w.org\/{rel}","templated":true}]}}