{"id":81415,"date":"2023-08-05T00:00:37","date_gmt":"2023-08-04T22:00:37","guid":{"rendered":"http:\/\/www.noubarris.net\/web40\/?p=81415"},"modified":"2023-07-24T18:25:30","modified_gmt":"2023-07-24T16:25:30","slug":"placa-de-soller","status":"publish","type":"post","link":"https:\/\/www.noubarris.net\/web40\/placa-de-soller\/","title":{"rendered":"10 anys Relligant Nou Barris: Pla\u00e7a de S\u00f3ller"},"content":{"rendered":"<p><strong>El museu virtual compta amb una cinquantena de punts d\u2019inter\u00e8s repartits per tot Nou Barris<\/strong><\/p>\n<p>&nbsp;<\/p>\n<p>Enguany\u00a0<a href=\"https:\/\/www.noubarris.net\/web40\/?p=63316\">es compleixen 10 anys des que es va inaugurar oficialment el Relligant Nou Barris<\/a>, un projecte que, a partir de codis QR, va construir un museu virtual de la hist\u00f2ria i el patrimoni del nostre districte. Aquests codis QR es poden llegir amb el m\u00f2bil o tauletes electr\u00f2niques i\u00a0<a href=\"https:\/\/www.noubarris.net\/relligantnb\/\">redireccionen a la p\u00e0gina web del projecte<\/a>. All\u00e0, es pot consultar la hist\u00f2ria de l\u2019element concret i veure un v\u00eddeo explicatiu. Masies, aq\u00fceductes, equipaments, places, lluites\u2026 de mica en mica des de Projectart-Nou Barris TV s\u2019ha anat engreixant aquesta base de dades, amb la col\u00b7laboraci\u00f3 sempre de l\u2019Arxiu Hist\u00f2ric de Roquetes-Nou Barris i el Grup d\u2019Hist\u00f2ria de Can Bast\u00e9.<\/p>\n<p>&nbsp;<\/p>\n<p>Aquests dies us recollim alguns dels fets i curiositats que trobareu al Relligant Nou Barris. Avui toca la hist\u00f2ria de la Pla\u00e7a de S\u00f3ller<\/p>\n<p>&nbsp;<\/p>\n<p>La pla\u00e7a de S\u00f3ller \u00e9s una altra vict\u00f2ria ve\u00efnal. Als anys 60 i 70, es va comen\u00e7ar a urbanitzar els camps de conreu de Porta, als voltants de les masies de Can Verdaguer i can Valent, per construir-hi blocs. Casetes baixes de poble convivien amb carrers plens d\u2019edificis de pisos.<\/p>\n<div class=\"jetpack-video-wrapper\"><span class=\"embed-youtube\"><iframe class=\"youtube-player\" src=\"https:\/\/www.youtube.com\/embed\/l6T-1n0EYDo?version=3&amp;rel=1&amp;showsearch=0&amp;showinfo=1&amp;iv_load_policy=1&amp;fs=1&amp;hl=ca&amp;autohide=2&amp;wmode=transparent\" sandbox=\"allow-scripts allow-same-origin allow-popups allow-presentation\" allowfullscreen=\"allowfullscreen\" data-ratio=\"0.5625\" data-width=\"800\" data-height=\"450\" data-mce-fragment=\"1\"><\/iframe><\/span><\/div>\n<p>Entremig, l\u2019Ajuntament va aturar les promocions que comen\u00e7aven en un gran terreny de 22.000 metres quadrats en considerar que la zona ja estava prou massificada. All\u00e0 on hi havia hagut una antiga b\u00f2bila, es va crear un punt de trobada ve\u00efnal, tot i les rates, el fang i les runes.<\/p>\n<p>Alguna autoescola tamb\u00e9 va aprofitar l\u2019espai per alli\u00e7onar nous conductors. Davant aquest panorama, els ve\u00efns van comen\u00e7ar a reivindicar una urbanitzaci\u00f3 de la pla\u00e7a l\u2019any 1974. Assemblees i accions reivindicatives com la plantada d\u2019arbres es van anar succeint.<\/p>\n<div class=\"jetpack-video-wrapper\"><span class=\"embed-youtube\"><iframe class=\"youtube-player\" src=\"https:\/\/www.youtube.com\/embed\/Zcnj09jYb-E?version=3&amp;rel=1&amp;showsearch=0&amp;showinfo=1&amp;iv_load_policy=1&amp;fs=1&amp;hl=ca&amp;autohide=2&amp;wmode=transparent\" sandbox=\"allow-scripts allow-same-origin allow-popups allow-presentation\" allowfullscreen=\"allowfullscreen\" data-ratio=\"0.5625\" data-width=\"800\" data-height=\"450\" data-mce-fragment=\"1\"><\/iframe><\/span><\/div>\n<p><em>Si fas servir un tel\u00e8fon intel\u00b7ligent o tauleta, gaudir\u00e0s m\u00e9s de l\u2019experi\u00e8ncia obrint<br \/>\n<\/em><em>el v\u00eddeo en mode ulleres 360\u00ba a\u00a0<\/em><strong><em><a href=\"https:\/\/www.youtube.com\/embed\/dykc1pop8ls\">l\u2019App de YouTube<\/a>\u00a0.<\/em><\/strong><\/p>\n<p>L\u2019Ajuntament qualifica de pla\u00e7a el terreny l\u2019any 76 i compra finalment el solar a finals dels 70. Les obres d\u2019urbanitzaci\u00f3 comencen l\u2019any 1980. Tres anys despr\u00e9s, es va inaugurar com a la pla\u00e7a m\u00e9s gran de Barcelona, amb 22.000 m2, amb zones verdes i grans espais. I una de les primeres obres d\u2019art contemporani exposades al carrer, a la perif\u00e8ria, \u2018Homenatge a la Mediterr\u00e0nia\u2019, de Xavier Corber\u00f3.<br \/>\nPer\u00f2 l\u2019alegria dels ve\u00efns dura poc. Un any despr\u00e9s s\u2019ha de tornar a arranjar la pla\u00e7a de S\u00f3ller per corriments de terres, provocats per les restes de l\u2019antiga b\u00f2bila i runes al subs\u00f2l.<br \/>\nL\u2019any 90 va acollir durant un temps una altra escultura, la Rep\u00fablica.<br \/>\nAls baixos de la pla\u00e7a s\u2019hi construeix el centre c\u00edvic Porta S\u00f3ller, avui dia reconvertit en l\u2019Ateneu la B\u00f2bila, un espai de trobada que aplega tota una s\u00e8rie d\u2019entitats i iniciatives que treballen en projectes de drets i economia social, la sostenibilitat, els joves i el desenvolupament comunitari.<br \/>\nAra, la pla\u00e7a afronta una nova etapa, amb una remodelaci\u00f3 definida en un proc\u00e9s participatiu amb ve\u00efns i entitats.<\/p>\n","protected":false},"excerpt":{"rendered":"<p>El museu virtual compta amb una cinquantena de punts d\u2019inter\u00e8s repartits per tot Nou Barris &nbsp; Enguany\u00a0es compleixen 10 anys<\/p>\n","protected":false},"author":2,"featured_media":81339,"comment_status":"closed","ping_status":"closed","sticky":false,"template":"","format":"standard","meta":{"colormag_page_layout":"default_layout","_monsterinsights_skip_tracking":false,"_monsterinsights_sitenote_active":false,"_monsterinsights_sitenote_note":"","_monsterinsights_sitenote_category":0,"footnotes":""},"categories":[129,1,134],"tags":[504,44,242],"class_list":["post-81415","post","type-post","status-publish","format-standard","has-post-thumbnail","hentry","category-cultura","category-nou-barris","category-porta","tag-placa-de-soller","tag-porta","tag-relligant-nou-barris"],"yoast_head":"<!-- This site is optimized with the Yoast SEO plugin v25.3 - https:\/\/yoast.com\/wordpress\/plugins\/seo\/ -->\n<title>10 anys Relligant Nou Barris: Pla\u00e7a de S\u00f3ller - NouBarris.Net<\/title>\n<meta name=\"robots\" content=\"index, follow, max-snippet:-1, max-image-preview:large, max-video-preview:-1\" \/>\n<link rel=\"canonical\" href=\"https:\/\/www.noubarris.net\/web40\/placa-de-soller\/\" \/>\n<meta property=\"og:locale\" content=\"ca_ES\" \/>\n<meta property=\"og:type\" content=\"article\" \/>\n<meta property=\"og:title\" content=\"10 anys Relligant Nou Barris: Pla\u00e7a de S\u00f3ller - NouBarris.Net\" \/>\n<meta property=\"og:description\" content=\"El museu virtual compta amb una cinquantena de punts d\u2019inter\u00e8s repartits per tot Nou Barris &nbsp; Enguany\u00a0es compleixen 10 anys\" \/>\n<meta property=\"og:url\" content=\"https:\/\/www.noubarris.net\/web40\/placa-de-soller\/\" \/>\n<meta property=\"og:site_name\" content=\"NouBarris.Net\" \/>\n<meta property=\"article:publisher\" content=\"https:\/\/www.facebook.com\/NouBarris.net\/?locale=es_ES\" \/>\n<meta property=\"article:published_time\" content=\"2023-08-04T22:00:37+00:00\" \/>\n<meta property=\"og:image\" content=\"https:\/\/www.noubarris.net\/web40\/wp-content\/uploads\/2023\/07\/130723.jpg\" \/>\n\t<meta property=\"og:image:width\" content=\"768\" \/>\n\t<meta property=\"og:image:height\" content=\"432\" \/>\n\t<meta property=\"og:image:type\" content=\"image\/jpeg\" \/>\n<meta name=\"author\" content=\"Informatius\" \/>\n<meta name=\"twitter:card\" content=\"summary_large_image\" \/>\n<meta name=\"twitter:creator\" content=\"@9BTV\" \/>\n<meta name=\"twitter:site\" content=\"@9BTV\" \/>\n<meta name=\"twitter:label1\" content=\"Escrit per\" \/>\n\t<meta name=\"twitter:data1\" content=\"Informatius\" \/>\n\t<meta name=\"twitter:label2\" content=\"Temps estimat de lectura\" \/>\n\t<meta name=\"twitter:data2\" content=\"3 minuts\" \/>\n<script type=\"application\/ld+json\" class=\"yoast-schema-graph\">{\"@context\":\"https:\/\/schema.org\",\"@graph\":[{\"@type\":\"Article\",\"@id\":\"https:\/\/www.noubarris.net\/web40\/placa-de-soller\/#article\",\"isPartOf\":{\"@id\":\"https:\/\/www.noubarris.net\/web40\/placa-de-soller\/\"},\"author\":{\"name\":\"Informatius\",\"@id\":\"https:\/\/www.noubarris.net\/web40\/#\/schema\/person\/1827f92aaa316c54abbf4dac0de76069\"},\"headline\":\"10 anys Relligant Nou Barris: Pla\u00e7a de S\u00f3ller\",\"datePublished\":\"2023-08-04T22:00:37+00:00\",\"mainEntityOfPage\":{\"@id\":\"https:\/\/www.noubarris.net\/web40\/placa-de-soller\/\"},\"wordCount\":566,\"publisher\":{\"@id\":\"https:\/\/www.noubarris.net\/web40\/#organization\"},\"image\":{\"@id\":\"https:\/\/www.noubarris.net\/web40\/placa-de-soller\/#primaryimage\"},\"thumbnailUrl\":\"https:\/\/www.noubarris.net\/web40\/wp-content\/uploads\/2023\/07\/130723.jpg\",\"keywords\":[\"pla\u00e7a de S\u00f3ller\",\"Porta\",\"Relligant Nou Barris\"],\"articleSection\":[\"Cultura\",\"Nou Barris\",\"Porta\"],\"inLanguage\":\"ca\"},{\"@type\":\"WebPage\",\"@id\":\"https:\/\/www.noubarris.net\/web40\/placa-de-soller\/\",\"url\":\"https:\/\/www.noubarris.net\/web40\/placa-de-soller\/\",\"name\":\"10 anys Relligant Nou Barris: Pla\u00e7a de S\u00f3ller - NouBarris.Net\",\"isPartOf\":{\"@id\":\"https:\/\/www.noubarris.net\/web40\/#website\"},\"primaryImageOfPage\":{\"@id\":\"https:\/\/www.noubarris.net\/web40\/placa-de-soller\/#primaryimage\"},\"image\":{\"@id\":\"https:\/\/www.noubarris.net\/web40\/placa-de-soller\/#primaryimage\"},\"thumbnailUrl\":\"https:\/\/www.noubarris.net\/web40\/wp-content\/uploads\/2023\/07\/130723.jpg\",\"datePublished\":\"2023-08-04T22:00:37+00:00\",\"breadcrumb\":{\"@id\":\"https:\/\/www.noubarris.net\/web40\/placa-de-soller\/#breadcrumb\"},\"inLanguage\":\"ca\",\"potentialAction\":[{\"@type\":\"ReadAction\",\"target\":[\"https:\/\/www.noubarris.net\/web40\/placa-de-soller\/\"]}]},{\"@type\":\"ImageObject\",\"inLanguage\":\"ca\",\"@id\":\"https:\/\/www.noubarris.net\/web40\/placa-de-soller\/#primaryimage\",\"url\":\"https:\/\/www.noubarris.net\/web40\/wp-content\/uploads\/2023\/07\/130723.jpg\",\"contentUrl\":\"https:\/\/www.noubarris.net\/web40\/wp-content\/uploads\/2023\/07\/130723.jpg\",\"width\":768,\"height\":432},{\"@type\":\"BreadcrumbList\",\"@id\":\"https:\/\/www.noubarris.net\/web40\/placa-de-soller\/#breadcrumb\",\"itemListElement\":[{\"@type\":\"ListItem\",\"position\":1,\"name\":\"Inici\",\"item\":\"https:\/\/www.noubarris.net\/web40\/\"},{\"@type\":\"ListItem\",\"position\":2,\"name\":\"10 anys Relligant Nou Barris: Pla\u00e7a de S\u00f3ller\"}]},{\"@type\":\"WebSite\",\"@id\":\"https:\/\/www.noubarris.net\/web40\/#website\",\"url\":\"https:\/\/www.noubarris.net\/web40\/\",\"name\":\"NouBarris.Net\",\"description\":\"Seguint la vida de Nou Barris des de 1985\",\"publisher\":{\"@id\":\"https:\/\/www.noubarris.net\/web40\/#organization\"},\"potentialAction\":[{\"@type\":\"SearchAction\",\"target\":{\"@type\":\"EntryPoint\",\"urlTemplate\":\"https:\/\/www.noubarris.net\/web40\/?s={search_term_string}\"},\"query-input\":{\"@type\":\"PropertyValueSpecification\",\"valueRequired\":true,\"valueName\":\"search_term_string\"}}],\"inLanguage\":\"ca\"},{\"@type\":\"Organization\",\"@id\":\"https:\/\/www.noubarris.net\/web40\/#organization\",\"name\":\"NouBarris.Net\",\"url\":\"https:\/\/www.noubarris.net\/web40\/\",\"logo\":{\"@type\":\"ImageObject\",\"inLanguage\":\"ca\",\"@id\":\"https:\/\/www.noubarris.net\/web40\/#\/schema\/logo\/image\/\",\"url\":\"https:\/\/www.noubarris.net\/web40\/wp-content\/uploads\/2024\/11\/cropped-cropped-LOGO_9BTV-2024_Insta-1.jpg\",\"contentUrl\":\"https:\/\/www.noubarris.net\/web40\/wp-content\/uploads\/2024\/11\/cropped-cropped-LOGO_9BTV-2024_Insta-1.jpg\",\"width\":512,\"height\":512,\"caption\":\"NouBarris.Net\"},\"image\":{\"@id\":\"https:\/\/www.noubarris.net\/web40\/#\/schema\/logo\/image\/\"},\"sameAs\":[\"https:\/\/www.facebook.com\/NouBarris.net\/?locale=es_ES\",\"https:\/\/x.com\/9BTV\"]},{\"@type\":\"Person\",\"@id\":\"https:\/\/www.noubarris.net\/web40\/#\/schema\/person\/1827f92aaa316c54abbf4dac0de76069\",\"name\":\"Informatius\",\"image\":{\"@type\":\"ImageObject\",\"inLanguage\":\"ca\",\"@id\":\"https:\/\/www.noubarris.net\/web40\/#\/schema\/person\/image\/\",\"url\":\"https:\/\/secure.gravatar.com\/avatar\/87a3b47928835fc72c6ee5b0e1a7263ef0c2d05003a98189bc14926c5f11bcdb?s=96&d=mm&r=g\",\"contentUrl\":\"https:\/\/secure.gravatar.com\/avatar\/87a3b47928835fc72c6ee5b0e1a7263ef0c2d05003a98189bc14926c5f11bcdb?s=96&d=mm&r=g\",\"caption\":\"Informatius\"},\"url\":\"https:\/\/www.noubarris.net\/web40\/author\/tele\/\"}]}<\/script>\n<!-- \/ Yoast SEO plugin. -->","yoast_head_json":{"title":"10 anys Relligant Nou Barris: Pla\u00e7a de S\u00f3ller - NouBarris.Net","robots":{"index":"index","follow":"follow","max-snippet":"max-snippet:-1","max-image-preview":"max-image-preview:large","max-video-preview":"max-video-preview:-1"},"canonical":"https:\/\/www.noubarris.net\/web40\/placa-de-soller\/","og_locale":"ca_ES","og_type":"article","og_title":"10 anys Relligant Nou Barris: Pla\u00e7a de S\u00f3ller - NouBarris.Net","og_description":"El museu virtual compta amb una cinquantena de punts d\u2019inter\u00e8s repartits per tot Nou Barris &nbsp; Enguany\u00a0es compleixen 10 anys","og_url":"https:\/\/www.noubarris.net\/web40\/placa-de-soller\/","og_site_name":"NouBarris.Net","article_publisher":"https:\/\/www.facebook.com\/NouBarris.net\/?locale=es_ES","article_published_time":"2023-08-04T22:00:37+00:00","og_image":[{"width":768,"height":432,"url":"https:\/\/www.noubarris.net\/web40\/wp-content\/uploads\/2023\/07\/130723.jpg","type":"image\/jpeg"}],"author":"Informatius","twitter_card":"summary_large_image","twitter_creator":"@9BTV","twitter_site":"@9BTV","twitter_misc":{"Escrit per":"Informatius","Temps estimat de lectura":"3 minuts"},"schema":{"@context":"https:\/\/schema.org","@graph":[{"@type":"Article","@id":"https:\/\/www.noubarris.net\/web40\/placa-de-soller\/#article","isPartOf":{"@id":"https:\/\/www.noubarris.net\/web40\/placa-de-soller\/"},"author":{"name":"Informatius","@id":"https:\/\/www.noubarris.net\/web40\/#\/schema\/person\/1827f92aaa316c54abbf4dac0de76069"},"headline":"10 anys Relligant Nou Barris: Pla\u00e7a de S\u00f3ller","datePublished":"2023-08-04T22:00:37+00:00","mainEntityOfPage":{"@id":"https:\/\/www.noubarris.net\/web40\/placa-de-soller\/"},"wordCount":566,"publisher":{"@id":"https:\/\/www.noubarris.net\/web40\/#organization"},"image":{"@id":"https:\/\/www.noubarris.net\/web40\/placa-de-soller\/#primaryimage"},"thumbnailUrl":"https:\/\/www.noubarris.net\/web40\/wp-content\/uploads\/2023\/07\/130723.jpg","keywords":["pla\u00e7a de S\u00f3ller","Porta","Relligant Nou Barris"],"articleSection":["Cultura","Nou Barris","Porta"],"inLanguage":"ca"},{"@type":"WebPage","@id":"https:\/\/www.noubarris.net\/web40\/placa-de-soller\/","url":"https:\/\/www.noubarris.net\/web40\/placa-de-soller\/","name":"10 anys Relligant Nou Barris: Pla\u00e7a de S\u00f3ller - NouBarris.Net","isPartOf":{"@id":"https:\/\/www.noubarris.net\/web40\/#website"},"primaryImageOfPage":{"@id":"https:\/\/www.noubarris.net\/web40\/placa-de-soller\/#primaryimage"},"image":{"@id":"https:\/\/www.noubarris.net\/web40\/placa-de-soller\/#primaryimage"},"thumbnailUrl":"https:\/\/www.noubarris.net\/web40\/wp-content\/uploads\/2023\/07\/130723.jpg","datePublished":"2023-08-04T22:00:37+00:00","breadcrumb":{"@id":"https:\/\/www.noubarris.net\/web40\/placa-de-soller\/#breadcrumb"},"inLanguage":"ca","potentialAction":[{"@type":"ReadAction","target":["https:\/\/www.noubarris.net\/web40\/placa-de-soller\/"]}]},{"@type":"ImageObject","inLanguage":"ca","@id":"https:\/\/www.noubarris.net\/web40\/placa-de-soller\/#primaryimage","url":"https:\/\/www.noubarris.net\/web40\/wp-content\/uploads\/2023\/07\/130723.jpg","contentUrl":"https:\/\/www.noubarris.net\/web40\/wp-content\/uploads\/2023\/07\/130723.jpg","width":768,"height":432},{"@type":"BreadcrumbList","@id":"https:\/\/www.noubarris.net\/web40\/placa-de-soller\/#breadcrumb","itemListElement":[{"@type":"ListItem","position":1,"name":"Inici","item":"https:\/\/www.noubarris.net\/web40\/"},{"@type":"ListItem","position":2,"name":"10 anys Relligant Nou Barris: Pla\u00e7a de S\u00f3ller"}]},{"@type":"WebSite","@id":"https:\/\/www.noubarris.net\/web40\/#website","url":"https:\/\/www.noubarris.net\/web40\/","name":"NouBarris.Net","description":"Seguint la vida de Nou Barris des de 1985","publisher":{"@id":"https:\/\/www.noubarris.net\/web40\/#organization"},"potentialAction":[{"@type":"SearchAction","target":{"@type":"EntryPoint","urlTemplate":"https:\/\/www.noubarris.net\/web40\/?s={search_term_string}"},"query-input":{"@type":"PropertyValueSpecification","valueRequired":true,"valueName":"search_term_string"}}],"inLanguage":"ca"},{"@type":"Organization","@id":"https:\/\/www.noubarris.net\/web40\/#organization","name":"NouBarris.Net","url":"https:\/\/www.noubarris.net\/web40\/","logo":{"@type":"ImageObject","inLanguage":"ca","@id":"https:\/\/www.noubarris.net\/web40\/#\/schema\/logo\/image\/","url":"https:\/\/www.noubarris.net\/web40\/wp-content\/uploads\/2024\/11\/cropped-cropped-LOGO_9BTV-2024_Insta-1.jpg","contentUrl":"https:\/\/www.noubarris.net\/web40\/wp-content\/uploads\/2024\/11\/cropped-cropped-LOGO_9BTV-2024_Insta-1.jpg","width":512,"height":512,"caption":"NouBarris.Net"},"image":{"@id":"https:\/\/www.noubarris.net\/web40\/#\/schema\/logo\/image\/"},"sameAs":["https:\/\/www.facebook.com\/NouBarris.net\/?locale=es_ES","https:\/\/x.com\/9BTV"]},{"@type":"Person","@id":"https:\/\/www.noubarris.net\/web40\/#\/schema\/person\/1827f92aaa316c54abbf4dac0de76069","name":"Informatius","image":{"@type":"ImageObject","inLanguage":"ca","@id":"https:\/\/www.noubarris.net\/web40\/#\/schema\/person\/image\/","url":"https:\/\/secure.gravatar.com\/avatar\/87a3b47928835fc72c6ee5b0e1a7263ef0c2d05003a98189bc14926c5f11bcdb?s=96&d=mm&r=g","contentUrl":"https:\/\/secure.gravatar.com\/avatar\/87a3b47928835fc72c6ee5b0e1a7263ef0c2d05003a98189bc14926c5f11bcdb?s=96&d=mm&r=g","caption":"Informatius"},"url":"https:\/\/www.noubarris.net\/web40\/author\/tele\/"}]}},"_links":{"self":[{"href":"https:\/\/www.noubarris.net\/web40\/wp-json\/wp\/v2\/posts\/81415","targetHints":{"allow":["GET"]}}],"collection":[{"href":"https:\/\/www.noubarris.net\/web40\/wp-json\/wp\/v2\/posts"}],"about":[{"href":"https:\/\/www.noubarris.net\/web40\/wp-json\/wp\/v2\/types\/post"}],"author":[{"embeddable":true,"href":"https:\/\/www.noubarris.net\/web40\/wp-json\/wp\/v2\/users\/2"}],"replies":[{"embeddable":true,"href":"https:\/\/www.noubarris.net\/web40\/wp-json\/wp\/v2\/comments?post=81415"}],"version-history":[{"count":2,"href":"https:\/\/www.noubarris.net\/web40\/wp-json\/wp\/v2\/posts\/81415\/revisions"}],"predecessor-version":[{"id":81417,"href":"https:\/\/www.noubarris.net\/web40\/wp-json\/wp\/v2\/posts\/81415\/revisions\/81417"}],"wp:featuredmedia":[{"embeddable":true,"href":"https:\/\/www.noubarris.net\/web40\/wp-json\/wp\/v2\/media\/81339"}],"wp:attachment":[{"href":"https:\/\/www.noubarris.net\/web40\/wp-json\/wp\/v2\/media?parent=81415"}],"wp:term":[{"taxonomy":"category","embeddable":true,"href":"https:\/\/www.noubarris.net\/web40\/wp-json\/wp\/v2\/categories?post=81415"},{"taxonomy":"post_tag","embeddable":true,"href":"https:\/\/www.noubarris.net\/web40\/wp-json\/wp\/v2\/tags?post=81415"}],"curies":[{"name":"wp","href":"https:\/\/api.w.org\/{rel}","templated":true}]}}