{"id":81419,"date":"2023-08-06T00:00:43","date_gmt":"2023-08-05T22:00:43","guid":{"rendered":"http:\/\/www.noubarris.net\/web40\/?p=81419"},"modified":"2023-07-25T11:03:33","modified_gmt":"2023-07-25T09:03:33","slug":"10-anys-relligant-nou-barris-la-placa-del-virrei-amat","status":"publish","type":"post","link":"https:\/\/www.noubarris.net\/web40\/10-anys-relligant-nou-barris-la-placa-del-virrei-amat\/","title":{"rendered":"10 anys Relligant Nou Barris: la Pla\u00e7a del Virrei Amat"},"content":{"rendered":"<p><strong>El museu virtual compta amb una cinquantena de punts d\u2019inter\u00e8s repartits per tot Nou Barris<\/strong><\/p>\n<p>&nbsp;<\/p>\n<p>Enguany\u00a0<a href=\"https:\/\/www.noubarris.net\/web40\/?p=63316\">es compleixen 10 anys des que es va inaugurar oficialment el Relligant Nou Barris<\/a>, un projecte que, a partir de codis QR, va construir un museu virtual de la hist\u00f2ria i el patrimoni del nostre districte. Aquests codis QR es poden llegir amb el m\u00f2bil o tauletes electr\u00f2niques i\u00a0<a href=\"https:\/\/www.noubarris.net\/relligantnb\/\">redireccionen a la p\u00e0gina web del projecte<\/a>. All\u00e0, es pot consultar la hist\u00f2ria de l\u2019element concret i veure un v\u00eddeo explicatiu. Masies, aq\u00fceductes, equipaments, places, lluites\u2026 de mica en mica des de Projectart-Nou Barris TV s\u2019ha anat engreixant aquesta base de dades, amb la col\u00b7laboraci\u00f3 sempre de l\u2019Arxiu Hist\u00f2ric de Roquetes-Nou Barris i el Grup d\u2019Hist\u00f2ria de Can Bast\u00e9.<\/p>\n<p>&nbsp;<\/p>\n<p>Aquests dies us recollim alguns dels fets i curiositats que trobareu al Relligant Nou Barris. Avui toca la hist\u00f2ria de la Pla\u00e7a del Virrei Amat<\/p>\n<p>&nbsp;<\/p>\n<p>La pla\u00e7a del Virrei Amat va ser projectada l\u2019any 1917 com un nus viari que unia el Mental, Horta, els Quinze i Sant Andreu del Palomar a trav\u00e9s del passeig de Fabra i Puig, que aleshores s\u2019anomenava rambla de Santa Eul\u00e0lia.<\/p>\n<p><iframe loading=\"lazy\" src=\"https:\/\/www.youtube.com\/embed\/fkFgLcRajNA\" width=\"640\" height=\"360\" frameborder=\"0\" allowfullscreen=\"allowfullscreen\" data-mce-fragment=\"1\"><\/iframe><\/p>\n<p>La pla\u00e7a s\u2019havia dissenyat en aquesta rambla, davant l\u2019esgl\u00e9sia de Santa Eul\u00e0lia, per\u00f2 l\u2019any 1931 s\u2019aprova un altre projecte, que separa la pla\u00e7a de la parr\u00f2quia i la situa a l\u2019altra banda del carrer per connectar tamb\u00e9 amb Felip II.<\/p>\n<p>Tot i que hi ha la idea que eren terrenys de Can Sitjar, de fet les terres pertanyien a una altra masia desapareguda, la Torre dels Anglesos.<\/p>\n<p>&nbsp;<\/p>\n<div class=\"jetpack-video-wrapper\"><span class=\"embed-youtube\"><iframe class=\"youtube-player\" src=\"https:\/\/www.youtube.com\/embed\/idLyva3H7cE?version=3&amp;rel=1&amp;showsearch=0&amp;showinfo=1&amp;iv_load_policy=1&amp;fs=1&amp;hl=ca&amp;autohide=2&amp;wmode=transparent\" sandbox=\"allow-scripts allow-same-origin allow-popups allow-presentation\" allowfullscreen=\"allowfullscreen\" data-ratio=\"0.5625\" data-width=\"800\" data-height=\"450\" data-mce-fragment=\"1\"><\/iframe><\/span><\/div>\n<p><em>Si fas servir un tel\u00e8fon intel\u00b7ligent o tauleta, gaudir\u00e0s m\u00e9s de l\u2019experi\u00e8ncia obrint<br \/>\n<\/em><em>el v\u00eddeo en mode ulleres 360\u00ba a\u00a0<\/em><strong><em><a href=\"https:\/\/www.youtube.com\/embed\/dykc1pop8ls\">l\u2019App de YouTube<\/a>\u00a0.<\/em><\/strong><\/p>\n<p>L\u2019any 31 s\u2019estrena la pla\u00e7a, com una gran superf\u00edcie sense urbanitzar. Dos anys despr\u00e9s rep el nom de Salvat Papasse\u00eft, en honor del poeta mort pocs anys abans. Amb el franquisme la pla\u00e7a es rebateja per dedicar-la al Virrei Amat, el virrei del Per\u00fa del segle XVIII que tenia relaci\u00f3 directa amb Can Sitjar. El seu pare i el seu germ\u00e0 van ser propietaris d\u2019aquesta gran casa senyorial.<\/p>\n<p>A banda del nom, la pla\u00e7a tamb\u00e9 ha anat canviant. La pla\u00e7a sense urbanitzar es va convertir en una rotonda que afavoria el gir dels tramvies primer i despr\u00e9s els autobusos. Va perdre el gran perfil de Can Sitjar a favor d\u2019un gran gratacel i boques del metro.<\/p>\n<p>I fa gaireb\u00e9 20 anys la pla\u00e7a es va convertir en una gran illa de vianants que s\u2019est\u00e9n fins al carrer de Felip II. Aleshores s\u2019hi van instal\u00b7lar, a m\u00e9s, els tres elements caracter\u00edstics de l\u2019espai: la p\u00e8rgola, la font i els diapasons de Nou Barris.<\/p>\n","protected":false},"excerpt":{"rendered":"<p>El museu virtual compta amb una cinquantena de punts d\u2019inter\u00e8s repartits per tot Nou Barris &nbsp; Enguany\u00a0es compleixen 10 anys<\/p>\n","protected":false},"author":2,"featured_media":81339,"comment_status":"closed","ping_status":"closed","sticky":false,"template":"","format":"standard","meta":{"colormag_page_layout":"default_layout","_monsterinsights_skip_tracking":false,"_monsterinsights_sitenote_active":false,"_monsterinsights_sitenote_note":"","_monsterinsights_sitenote_category":0,"footnotes":""},"categories":[129,1,142],"tags":[242,43,155],"class_list":["post-81419","post","type-post","status-publish","format-standard","has-post-thumbnail","hentry","category-cultura","category-nou-barris","category-vilapicina-i-la-torre-llobeta","tag-relligant-nou-barris","tag-vilapicina-y-la-torre-llobeta","tag-virrei-amat"],"yoast_head":"<!-- This site is optimized with the Yoast SEO plugin v25.3 - https:\/\/yoast.com\/wordpress\/plugins\/seo\/ -->\n<title>10 anys Relligant Nou Barris: la Pla\u00e7a del Virrei Amat - NouBarris.Net<\/title>\n<meta name=\"robots\" content=\"index, follow, max-snippet:-1, max-image-preview:large, max-video-preview:-1\" \/>\n<link rel=\"canonical\" href=\"https:\/\/www.noubarris.net\/web40\/10-anys-relligant-nou-barris-la-placa-del-virrei-amat\/\" \/>\n<meta property=\"og:locale\" content=\"ca_ES\" \/>\n<meta property=\"og:type\" content=\"article\" \/>\n<meta property=\"og:title\" content=\"10 anys Relligant Nou Barris: la Pla\u00e7a del Virrei Amat - NouBarris.Net\" \/>\n<meta property=\"og:description\" content=\"El museu virtual compta amb una cinquantena de punts d\u2019inter\u00e8s repartits per tot Nou Barris &nbsp; Enguany\u00a0es compleixen 10 anys\" \/>\n<meta property=\"og:url\" content=\"https:\/\/www.noubarris.net\/web40\/10-anys-relligant-nou-barris-la-placa-del-virrei-amat\/\" \/>\n<meta property=\"og:site_name\" content=\"NouBarris.Net\" \/>\n<meta property=\"article:publisher\" content=\"https:\/\/www.facebook.com\/NouBarris.net\/?locale=es_ES\" \/>\n<meta property=\"article:published_time\" content=\"2023-08-05T22:00:43+00:00\" \/>\n<meta property=\"og:image\" content=\"https:\/\/www.noubarris.net\/web40\/wp-content\/uploads\/2023\/07\/130723.jpg\" \/>\n\t<meta property=\"og:image:width\" content=\"768\" \/>\n\t<meta property=\"og:image:height\" content=\"432\" \/>\n\t<meta property=\"og:image:type\" content=\"image\/jpeg\" \/>\n<meta name=\"author\" content=\"Informatius\" \/>\n<meta name=\"twitter:card\" content=\"summary_large_image\" \/>\n<meta name=\"twitter:creator\" content=\"@9BTV\" \/>\n<meta name=\"twitter:site\" content=\"@9BTV\" \/>\n<meta name=\"twitter:label1\" content=\"Escrit per\" \/>\n\t<meta name=\"twitter:data1\" content=\"Informatius\" \/>\n\t<meta name=\"twitter:label2\" content=\"Temps estimat de lectura\" \/>\n\t<meta name=\"twitter:data2\" content=\"3 minuts\" \/>\n<script type=\"application\/ld+json\" class=\"yoast-schema-graph\">{\"@context\":\"https:\/\/schema.org\",\"@graph\":[{\"@type\":\"Article\",\"@id\":\"https:\/\/www.noubarris.net\/web40\/10-anys-relligant-nou-barris-la-placa-del-virrei-amat\/#article\",\"isPartOf\":{\"@id\":\"https:\/\/www.noubarris.net\/web40\/10-anys-relligant-nou-barris-la-placa-del-virrei-amat\/\"},\"author\":{\"name\":\"Informatius\",\"@id\":\"https:\/\/www.noubarris.net\/web40\/#\/schema\/person\/1827f92aaa316c54abbf4dac0de76069\"},\"headline\":\"10 anys Relligant Nou Barris: la Pla\u00e7a del Virrei Amat\",\"datePublished\":\"2023-08-05T22:00:43+00:00\",\"mainEntityOfPage\":{\"@id\":\"https:\/\/www.noubarris.net\/web40\/10-anys-relligant-nou-barris-la-placa-del-virrei-amat\/\"},\"wordCount\":512,\"publisher\":{\"@id\":\"https:\/\/www.noubarris.net\/web40\/#organization\"},\"image\":{\"@id\":\"https:\/\/www.noubarris.net\/web40\/10-anys-relligant-nou-barris-la-placa-del-virrei-amat\/#primaryimage\"},\"thumbnailUrl\":\"https:\/\/www.noubarris.net\/web40\/wp-content\/uploads\/2023\/07\/130723.jpg\",\"keywords\":[\"Relligant Nou Barris\",\"Vilapicina i La Torre Llobeta\",\"Virrei Amat\"],\"articleSection\":[\"Cultura\",\"Nou Barris\",\"Vilapicina i la Torre Llobeta\"],\"inLanguage\":\"ca\"},{\"@type\":\"WebPage\",\"@id\":\"https:\/\/www.noubarris.net\/web40\/10-anys-relligant-nou-barris-la-placa-del-virrei-amat\/\",\"url\":\"https:\/\/www.noubarris.net\/web40\/10-anys-relligant-nou-barris-la-placa-del-virrei-amat\/\",\"name\":\"10 anys Relligant Nou Barris: la Pla\u00e7a del Virrei Amat - NouBarris.Net\",\"isPartOf\":{\"@id\":\"https:\/\/www.noubarris.net\/web40\/#website\"},\"primaryImageOfPage\":{\"@id\":\"https:\/\/www.noubarris.net\/web40\/10-anys-relligant-nou-barris-la-placa-del-virrei-amat\/#primaryimage\"},\"image\":{\"@id\":\"https:\/\/www.noubarris.net\/web40\/10-anys-relligant-nou-barris-la-placa-del-virrei-amat\/#primaryimage\"},\"thumbnailUrl\":\"https:\/\/www.noubarris.net\/web40\/wp-content\/uploads\/2023\/07\/130723.jpg\",\"datePublished\":\"2023-08-05T22:00:43+00:00\",\"breadcrumb\":{\"@id\":\"https:\/\/www.noubarris.net\/web40\/10-anys-relligant-nou-barris-la-placa-del-virrei-amat\/#breadcrumb\"},\"inLanguage\":\"ca\",\"potentialAction\":[{\"@type\":\"ReadAction\",\"target\":[\"https:\/\/www.noubarris.net\/web40\/10-anys-relligant-nou-barris-la-placa-del-virrei-amat\/\"]}]},{\"@type\":\"ImageObject\",\"inLanguage\":\"ca\",\"@id\":\"https:\/\/www.noubarris.net\/web40\/10-anys-relligant-nou-barris-la-placa-del-virrei-amat\/#primaryimage\",\"url\":\"https:\/\/www.noubarris.net\/web40\/wp-content\/uploads\/2023\/07\/130723.jpg\",\"contentUrl\":\"https:\/\/www.noubarris.net\/web40\/wp-content\/uploads\/2023\/07\/130723.jpg\",\"width\":768,\"height\":432},{\"@type\":\"BreadcrumbList\",\"@id\":\"https:\/\/www.noubarris.net\/web40\/10-anys-relligant-nou-barris-la-placa-del-virrei-amat\/#breadcrumb\",\"itemListElement\":[{\"@type\":\"ListItem\",\"position\":1,\"name\":\"Inici\",\"item\":\"https:\/\/www.noubarris.net\/web40\/\"},{\"@type\":\"ListItem\",\"position\":2,\"name\":\"10 anys Relligant Nou Barris: la Pla\u00e7a del Virrei Amat\"}]},{\"@type\":\"WebSite\",\"@id\":\"https:\/\/www.noubarris.net\/web40\/#website\",\"url\":\"https:\/\/www.noubarris.net\/web40\/\",\"name\":\"NouBarris.Net\",\"description\":\"Seguint la vida de Nou Barris des de 1985\",\"publisher\":{\"@id\":\"https:\/\/www.noubarris.net\/web40\/#organization\"},\"potentialAction\":[{\"@type\":\"SearchAction\",\"target\":{\"@type\":\"EntryPoint\",\"urlTemplate\":\"https:\/\/www.noubarris.net\/web40\/?s={search_term_string}\"},\"query-input\":{\"@type\":\"PropertyValueSpecification\",\"valueRequired\":true,\"valueName\":\"search_term_string\"}}],\"inLanguage\":\"ca\"},{\"@type\":\"Organization\",\"@id\":\"https:\/\/www.noubarris.net\/web40\/#organization\",\"name\":\"NouBarris.Net\",\"url\":\"https:\/\/www.noubarris.net\/web40\/\",\"logo\":{\"@type\":\"ImageObject\",\"inLanguage\":\"ca\",\"@id\":\"https:\/\/www.noubarris.net\/web40\/#\/schema\/logo\/image\/\",\"url\":\"https:\/\/www.noubarris.net\/web40\/wp-content\/uploads\/2024\/11\/cropped-cropped-LOGO_9BTV-2024_Insta-1.jpg\",\"contentUrl\":\"https:\/\/www.noubarris.net\/web40\/wp-content\/uploads\/2024\/11\/cropped-cropped-LOGO_9BTV-2024_Insta-1.jpg\",\"width\":512,\"height\":512,\"caption\":\"NouBarris.Net\"},\"image\":{\"@id\":\"https:\/\/www.noubarris.net\/web40\/#\/schema\/logo\/image\/\"},\"sameAs\":[\"https:\/\/www.facebook.com\/NouBarris.net\/?locale=es_ES\",\"https:\/\/x.com\/9BTV\"]},{\"@type\":\"Person\",\"@id\":\"https:\/\/www.noubarris.net\/web40\/#\/schema\/person\/1827f92aaa316c54abbf4dac0de76069\",\"name\":\"Informatius\",\"image\":{\"@type\":\"ImageObject\",\"inLanguage\":\"ca\",\"@id\":\"https:\/\/www.noubarris.net\/web40\/#\/schema\/person\/image\/\",\"url\":\"https:\/\/secure.gravatar.com\/avatar\/87a3b47928835fc72c6ee5b0e1a7263ef0c2d05003a98189bc14926c5f11bcdb?s=96&d=mm&r=g\",\"contentUrl\":\"https:\/\/secure.gravatar.com\/avatar\/87a3b47928835fc72c6ee5b0e1a7263ef0c2d05003a98189bc14926c5f11bcdb?s=96&d=mm&r=g\",\"caption\":\"Informatius\"},\"url\":\"https:\/\/www.noubarris.net\/web40\/author\/tele\/\"}]}<\/script>\n<!-- \/ Yoast SEO plugin. -->","yoast_head_json":{"title":"10 anys Relligant Nou Barris: la Pla\u00e7a del Virrei Amat - NouBarris.Net","robots":{"index":"index","follow":"follow","max-snippet":"max-snippet:-1","max-image-preview":"max-image-preview:large","max-video-preview":"max-video-preview:-1"},"canonical":"https:\/\/www.noubarris.net\/web40\/10-anys-relligant-nou-barris-la-placa-del-virrei-amat\/","og_locale":"ca_ES","og_type":"article","og_title":"10 anys Relligant Nou Barris: la Pla\u00e7a del Virrei Amat - NouBarris.Net","og_description":"El museu virtual compta amb una cinquantena de punts d\u2019inter\u00e8s repartits per tot Nou Barris &nbsp; Enguany\u00a0es compleixen 10 anys","og_url":"https:\/\/www.noubarris.net\/web40\/10-anys-relligant-nou-barris-la-placa-del-virrei-amat\/","og_site_name":"NouBarris.Net","article_publisher":"https:\/\/www.facebook.com\/NouBarris.net\/?locale=es_ES","article_published_time":"2023-08-05T22:00:43+00:00","og_image":[{"width":768,"height":432,"url":"https:\/\/www.noubarris.net\/web40\/wp-content\/uploads\/2023\/07\/130723.jpg","type":"image\/jpeg"}],"author":"Informatius","twitter_card":"summary_large_image","twitter_creator":"@9BTV","twitter_site":"@9BTV","twitter_misc":{"Escrit per":"Informatius","Temps estimat de lectura":"3 minuts"},"schema":{"@context":"https:\/\/schema.org","@graph":[{"@type":"Article","@id":"https:\/\/www.noubarris.net\/web40\/10-anys-relligant-nou-barris-la-placa-del-virrei-amat\/#article","isPartOf":{"@id":"https:\/\/www.noubarris.net\/web40\/10-anys-relligant-nou-barris-la-placa-del-virrei-amat\/"},"author":{"name":"Informatius","@id":"https:\/\/www.noubarris.net\/web40\/#\/schema\/person\/1827f92aaa316c54abbf4dac0de76069"},"headline":"10 anys Relligant Nou Barris: la Pla\u00e7a del Virrei Amat","datePublished":"2023-08-05T22:00:43+00:00","mainEntityOfPage":{"@id":"https:\/\/www.noubarris.net\/web40\/10-anys-relligant-nou-barris-la-placa-del-virrei-amat\/"},"wordCount":512,"publisher":{"@id":"https:\/\/www.noubarris.net\/web40\/#organization"},"image":{"@id":"https:\/\/www.noubarris.net\/web40\/10-anys-relligant-nou-barris-la-placa-del-virrei-amat\/#primaryimage"},"thumbnailUrl":"https:\/\/www.noubarris.net\/web40\/wp-content\/uploads\/2023\/07\/130723.jpg","keywords":["Relligant Nou Barris","Vilapicina i La Torre Llobeta","Virrei Amat"],"articleSection":["Cultura","Nou Barris","Vilapicina i la Torre Llobeta"],"inLanguage":"ca"},{"@type":"WebPage","@id":"https:\/\/www.noubarris.net\/web40\/10-anys-relligant-nou-barris-la-placa-del-virrei-amat\/","url":"https:\/\/www.noubarris.net\/web40\/10-anys-relligant-nou-barris-la-placa-del-virrei-amat\/","name":"10 anys Relligant Nou Barris: la Pla\u00e7a del Virrei Amat - NouBarris.Net","isPartOf":{"@id":"https:\/\/www.noubarris.net\/web40\/#website"},"primaryImageOfPage":{"@id":"https:\/\/www.noubarris.net\/web40\/10-anys-relligant-nou-barris-la-placa-del-virrei-amat\/#primaryimage"},"image":{"@id":"https:\/\/www.noubarris.net\/web40\/10-anys-relligant-nou-barris-la-placa-del-virrei-amat\/#primaryimage"},"thumbnailUrl":"https:\/\/www.noubarris.net\/web40\/wp-content\/uploads\/2023\/07\/130723.jpg","datePublished":"2023-08-05T22:00:43+00:00","breadcrumb":{"@id":"https:\/\/www.noubarris.net\/web40\/10-anys-relligant-nou-barris-la-placa-del-virrei-amat\/#breadcrumb"},"inLanguage":"ca","potentialAction":[{"@type":"ReadAction","target":["https:\/\/www.noubarris.net\/web40\/10-anys-relligant-nou-barris-la-placa-del-virrei-amat\/"]}]},{"@type":"ImageObject","inLanguage":"ca","@id":"https:\/\/www.noubarris.net\/web40\/10-anys-relligant-nou-barris-la-placa-del-virrei-amat\/#primaryimage","url":"https:\/\/www.noubarris.net\/web40\/wp-content\/uploads\/2023\/07\/130723.jpg","contentUrl":"https:\/\/www.noubarris.net\/web40\/wp-content\/uploads\/2023\/07\/130723.jpg","width":768,"height":432},{"@type":"BreadcrumbList","@id":"https:\/\/www.noubarris.net\/web40\/10-anys-relligant-nou-barris-la-placa-del-virrei-amat\/#breadcrumb","itemListElement":[{"@type":"ListItem","position":1,"name":"Inici","item":"https:\/\/www.noubarris.net\/web40\/"},{"@type":"ListItem","position":2,"name":"10 anys Relligant Nou Barris: la Pla\u00e7a del Virrei Amat"}]},{"@type":"WebSite","@id":"https:\/\/www.noubarris.net\/web40\/#website","url":"https:\/\/www.noubarris.net\/web40\/","name":"NouBarris.Net","description":"Seguint la vida de Nou Barris des de 1985","publisher":{"@id":"https:\/\/www.noubarris.net\/web40\/#organization"},"potentialAction":[{"@type":"SearchAction","target":{"@type":"EntryPoint","urlTemplate":"https:\/\/www.noubarris.net\/web40\/?s={search_term_string}"},"query-input":{"@type":"PropertyValueSpecification","valueRequired":true,"valueName":"search_term_string"}}],"inLanguage":"ca"},{"@type":"Organization","@id":"https:\/\/www.noubarris.net\/web40\/#organization","name":"NouBarris.Net","url":"https:\/\/www.noubarris.net\/web40\/","logo":{"@type":"ImageObject","inLanguage":"ca","@id":"https:\/\/www.noubarris.net\/web40\/#\/schema\/logo\/image\/","url":"https:\/\/www.noubarris.net\/web40\/wp-content\/uploads\/2024\/11\/cropped-cropped-LOGO_9BTV-2024_Insta-1.jpg","contentUrl":"https:\/\/www.noubarris.net\/web40\/wp-content\/uploads\/2024\/11\/cropped-cropped-LOGO_9BTV-2024_Insta-1.jpg","width":512,"height":512,"caption":"NouBarris.Net"},"image":{"@id":"https:\/\/www.noubarris.net\/web40\/#\/schema\/logo\/image\/"},"sameAs":["https:\/\/www.facebook.com\/NouBarris.net\/?locale=es_ES","https:\/\/x.com\/9BTV"]},{"@type":"Person","@id":"https:\/\/www.noubarris.net\/web40\/#\/schema\/person\/1827f92aaa316c54abbf4dac0de76069","name":"Informatius","image":{"@type":"ImageObject","inLanguage":"ca","@id":"https:\/\/www.noubarris.net\/web40\/#\/schema\/person\/image\/","url":"https:\/\/secure.gravatar.com\/avatar\/87a3b47928835fc72c6ee5b0e1a7263ef0c2d05003a98189bc14926c5f11bcdb?s=96&d=mm&r=g","contentUrl":"https:\/\/secure.gravatar.com\/avatar\/87a3b47928835fc72c6ee5b0e1a7263ef0c2d05003a98189bc14926c5f11bcdb?s=96&d=mm&r=g","caption":"Informatius"},"url":"https:\/\/www.noubarris.net\/web40\/author\/tele\/"}]}},"_links":{"self":[{"href":"https:\/\/www.noubarris.net\/web40\/wp-json\/wp\/v2\/posts\/81419","targetHints":{"allow":["GET"]}}],"collection":[{"href":"https:\/\/www.noubarris.net\/web40\/wp-json\/wp\/v2\/posts"}],"about":[{"href":"https:\/\/www.noubarris.net\/web40\/wp-json\/wp\/v2\/types\/post"}],"author":[{"embeddable":true,"href":"https:\/\/www.noubarris.net\/web40\/wp-json\/wp\/v2\/users\/2"}],"replies":[{"embeddable":true,"href":"https:\/\/www.noubarris.net\/web40\/wp-json\/wp\/v2\/comments?post=81419"}],"version-history":[{"count":1,"href":"https:\/\/www.noubarris.net\/web40\/wp-json\/wp\/v2\/posts\/81419\/revisions"}],"predecessor-version":[{"id":81420,"href":"https:\/\/www.noubarris.net\/web40\/wp-json\/wp\/v2\/posts\/81419\/revisions\/81420"}],"wp:featuredmedia":[{"embeddable":true,"href":"https:\/\/www.noubarris.net\/web40\/wp-json\/wp\/v2\/media\/81339"}],"wp:attachment":[{"href":"https:\/\/www.noubarris.net\/web40\/wp-json\/wp\/v2\/media?parent=81419"}],"wp:term":[{"taxonomy":"category","embeddable":true,"href":"https:\/\/www.noubarris.net\/web40\/wp-json\/wp\/v2\/categories?post=81419"},{"taxonomy":"post_tag","embeddable":true,"href":"https:\/\/www.noubarris.net\/web40\/wp-json\/wp\/v2\/tags?post=81419"}],"curies":[{"name":"wp","href":"https:\/\/api.w.org\/{rel}","templated":true}]}}