{"id":81429,"date":"2023-08-11T00:00:50","date_gmt":"2023-08-10T22:00:50","guid":{"rendered":"http:\/\/www.noubarris.net\/web40\/?p=81429"},"modified":"2023-07-24T18:47:36","modified_gmt":"2023-07-24T16:47:36","slug":"10-anys-relligant-nou-barris-els-aurigues-olimpics-de-can-drago","status":"publish","type":"post","link":"https:\/\/www.noubarris.net\/web40\/10-anys-relligant-nou-barris-els-aurigues-olimpics-de-can-drago\/","title":{"rendered":"10 anys Relligant Nou Barris: Els Aurigues Ol\u00edmpics de Can Drago"},"content":{"rendered":"<p><strong>El museu virtual compta amb una cinquantena de punts d\u2019inter\u00e8s repartits per tot Nou Barris<\/strong><\/p>\n<p>&nbsp;<\/p>\n<p>Enguany\u00a0<a href=\"https:\/\/www.noubarris.net\/web40\/?p=63316\">es compleixen 10 anys des que es va inaugurar oficialment el Relligant Nou Barris<\/a>, un projecte que, a partir de codis QR, va construir un museu virtual de la hist\u00f2ria i el patrimoni del nostre districte. Aquests codis QR es poden llegir amb el m\u00f2bil o tauletes electr\u00f2niques i\u00a0<a href=\"https:\/\/www.noubarris.net\/relligantnb\/\">redireccionen a la p\u00e0gina web del projecte<\/a>. All\u00e0, es pot consultar la hist\u00f2ria de l\u2019element concret i veure un v\u00eddeo explicatiu. Masies, aq\u00fceductes, equipaments, places, lluites\u2026 de mica en mica des de Projectart-Nou Barris TV s\u2019ha anat engreixant aquesta base de dades, amb la col\u00b7laboraci\u00f3 sempre de l\u2019Arxiu Hist\u00f2ric de Roquetes-Nou Barris i el Grup d\u2019Hist\u00f2ria de Can Bast\u00e9.<\/p>\n<p>&nbsp;<\/p>\n<p>Aquests dies us recollim alguns dels fets i curiositats que trobareu al Relligant Nou Barris. Avui toca la hist\u00f2ria dels Aurigues Ol\u00edmpics de Can Drago<\/p>\n<p>&nbsp;<\/p>\n<p>L\u2019any 1928 l\u2019escultor Pau Gargallo va rebre dos enc\u00e0rrecs. Un conjunt escult\u00f2ric format per dos atletes a cavall i un altre conjunt format per dos aurigues conduint dues bigues. Les escultures havien de presidir l\u2019Estadi Ol\u00edmpic de Montju\u00efc, que es va inaugurar l\u2019any 1929 amb motiu de l\u2019Exposici\u00f3 Internacional de Barcelona.<\/p>\n<p><iframe loading=\"lazy\" src=\"https:\/\/www.youtube.com\/embed\/jK_qr5tgBnQ\" width=\"640\" height=\"360\" frameborder=\"0\" allowfullscreen=\"allowfullscreen\" data-mce-fragment=\"1\"><\/iframe><\/p>\n<p>En \u00e8poca de l\u2019imperi rom\u00e0 els aurigues eren els esclaus que condu\u00efen els carros en les curses de cavalls. D\u2019aquesta manera, a principis del segle XX, en ple Noucentisme, es va recuperar una figura del passat cl\u00e0ssic. Els aurigues de Gargallo van decorar la porta de Marat\u00f3 de l\u2019estadi de Montju\u00efc, que havia estat pensat amb l\u2019esperan\u00e7a que la ciutat acoll\u00eds un jocs ol\u00edmpics.<\/p>\n<p><iframe loading=\"lazy\" src=\"https:\/\/www.youtube.com\/embed\/dykc1pop8ls\" width=\"640\" height=\"360\" frameborder=\"0\" allowfullscreen=\"allowfullscreen\" data-mce-fragment=\"1\"><\/iframe><\/p>\n<p><em>Si fas servir un tel\u00e8fon intel\u00b7ligent o tauleta, gaudir\u00e0s m\u00e9s de l\u2019experi\u00e8ncia obrint<br \/>\n<\/em><em>el v\u00eddeo en mode ulleres 360\u00ba a\u00a0<\/em><strong><em><a href=\"https:\/\/www.youtube.com\/embed\/dykc1pop8ls\">l\u2019App de YouTube<\/a>\u00a0.<\/em><\/strong><\/p>\n<p>Des dels anys 60 l\u2019estadi va restar sense \u00fas, fins a estar gaireb\u00e9 en ru\u00efna, i els aurigues de Gargallo es van malmetre.La pedra artificial amb qu\u00e8 havien estat fets s\u2019havia degradat.<\/p>\n<p><img loading=\"lazy\" decoding=\"async\" class=\"size-medium wp-image-2264 alignright\" src=\"http:\/\/www.noubarris.net\/relligantnb\/wp-content\/uploads\/Aurigues2-300x189.png\" sizes=\"auto, (max-width: 300px) 100vw, 300px\" srcset=\"https:\/\/www.noubarris.net\/relligantnb\/wp-content\/uploads\/Aurigues2.png 300w, https:\/\/www.noubarris.net\/relligantnb\/wp-content\/uploads\/Aurigues2-150x95.png 150w\" alt=\"Aurigues2\" width=\"300\" height=\"189\" \/><\/p>\n<p>Amb els preparatius dels Jocs Ol\u00edmpics de 1992 l\u2019estadi es va recuperar i van fer uns motlles de guix dels aurigues, cosa que van permetre fer-ne una c\u00f2pia en fibra de vidre. Aquesta r\u00e8plica va coronar l\u2019estadi l\u2019estiu de 1989.<\/p>\n<p><img loading=\"lazy\" decoding=\"async\" class=\"alignnone size-medium wp-image-2263\" src=\"http:\/\/www.noubarris.net\/relligantnb\/wp-content\/uploads\/Aurigues1-300x213.png\" alt=\"Aurigues1\" width=\"300\" height=\"213\" \/><\/p>\n<p>El mateix any tamb\u00e9 es va encarregar una altra c\u00f2pia en bronze de la pe\u00e7a a la mateixa escultora que l\u2019havia restaurada, Marta Polo. A finals dels anys 80 i principis dels 90, l\u2019Ajuntament va guarnir Nou Barris amb diversos monuments, un dels quals va ser aquesta segona r\u00e8plica dels aurigues ol\u00edmpics. El 13 de maig de 1991 l\u2019obra va ser col\u00b7locada al nou complex esportiu de Can Drag\u00f3 i va quedar integrada al parc en un turonet dissenyat per l\u2019arquitecte municipal Enric Peric\u00e0s.<\/p>\n<p>El fet de tenir-ne dues r\u00e8pliques ens permet observar les escultures des de dos punts de vista diferents. A Nou Barris, situats al capdamunt del tur\u00f3, els aurigues guanyen un contrapicat que els atorga dinamisme i for\u00e7a. I la possibilitat d\u2019accedir al cim i situar-se al costat de les escultures tamb\u00e9 permet observar-ne tots els detalls.<\/p>\n","protected":false},"excerpt":{"rendered":"<p>El museu virtual compta amb una cinquantena de punts d\u2019inter\u00e8s repartits per tot Nou Barris &nbsp; Enguany\u00a0es compleixen 10 anys<\/p>\n","protected":false},"author":2,"featured_media":81339,"comment_status":"closed","ping_status":"closed","sticky":false,"template":"","format":"standard","meta":{"colormag_page_layout":"default_layout","_monsterinsights_skip_tracking":false,"_monsterinsights_sitenote_active":false,"_monsterinsights_sitenote_note":"","_monsterinsights_sitenote_category":0,"footnotes":""},"categories":[129,128,1,134],"tags":[491,44,242],"class_list":["post-81429","post","type-post","status-publish","format-standard","has-post-thumbnail","hentry","category-cultura","category-esports","category-nou-barris","category-porta","tag-esports","tag-porta","tag-relligant-nou-barris"],"yoast_head":"<!-- This site is optimized with the Yoast SEO plugin v25.3 - https:\/\/yoast.com\/wordpress\/plugins\/seo\/ -->\n<title>10 anys Relligant Nou Barris: Els Aurigues Ol\u00edmpics de Can Drago - NouBarris.Net<\/title>\n<meta name=\"robots\" content=\"index, follow, max-snippet:-1, max-image-preview:large, max-video-preview:-1\" \/>\n<link rel=\"canonical\" href=\"https:\/\/www.noubarris.net\/web40\/10-anys-relligant-nou-barris-els-aurigues-olimpics-de-can-drago\/\" \/>\n<meta property=\"og:locale\" content=\"ca_ES\" \/>\n<meta property=\"og:type\" content=\"article\" \/>\n<meta property=\"og:title\" content=\"10 anys Relligant Nou Barris: Els Aurigues Ol\u00edmpics de Can Drago - NouBarris.Net\" \/>\n<meta property=\"og:description\" content=\"El museu virtual compta amb una cinquantena de punts d\u2019inter\u00e8s repartits per tot Nou Barris &nbsp; Enguany\u00a0es compleixen 10 anys\" \/>\n<meta property=\"og:url\" content=\"https:\/\/www.noubarris.net\/web40\/10-anys-relligant-nou-barris-els-aurigues-olimpics-de-can-drago\/\" \/>\n<meta property=\"og:site_name\" content=\"NouBarris.Net\" \/>\n<meta property=\"article:publisher\" content=\"https:\/\/www.facebook.com\/NouBarris.net\/?locale=es_ES\" \/>\n<meta property=\"article:published_time\" content=\"2023-08-10T22:00:50+00:00\" \/>\n<meta property=\"og:image\" content=\"https:\/\/www.noubarris.net\/web40\/wp-content\/uploads\/2023\/07\/130723.jpg\" \/>\n\t<meta property=\"og:image:width\" content=\"768\" \/>\n\t<meta property=\"og:image:height\" content=\"432\" \/>\n\t<meta property=\"og:image:type\" content=\"image\/jpeg\" \/>\n<meta name=\"author\" content=\"Informatius\" \/>\n<meta name=\"twitter:card\" content=\"summary_large_image\" \/>\n<meta name=\"twitter:creator\" content=\"@9BTV\" \/>\n<meta name=\"twitter:site\" content=\"@9BTV\" \/>\n<meta name=\"twitter:label1\" content=\"Escrit per\" \/>\n\t<meta name=\"twitter:data1\" content=\"Informatius\" \/>\n\t<meta name=\"twitter:label2\" content=\"Temps estimat de lectura\" \/>\n\t<meta name=\"twitter:data2\" content=\"4 minuts\" \/>\n<script type=\"application\/ld+json\" class=\"yoast-schema-graph\">{\"@context\":\"https:\/\/schema.org\",\"@graph\":[{\"@type\":\"Article\",\"@id\":\"https:\/\/www.noubarris.net\/web40\/10-anys-relligant-nou-barris-els-aurigues-olimpics-de-can-drago\/#article\",\"isPartOf\":{\"@id\":\"https:\/\/www.noubarris.net\/web40\/10-anys-relligant-nou-barris-els-aurigues-olimpics-de-can-drago\/\"},\"author\":{\"name\":\"Informatius\",\"@id\":\"https:\/\/www.noubarris.net\/web40\/#\/schema\/person\/1827f92aaa316c54abbf4dac0de76069\"},\"headline\":\"10 anys Relligant Nou Barris: Els Aurigues Ol\u00edmpics de Can Drago\",\"datePublished\":\"2023-08-10T22:00:50+00:00\",\"mainEntityOfPage\":{\"@id\":\"https:\/\/www.noubarris.net\/web40\/10-anys-relligant-nou-barris-els-aurigues-olimpics-de-can-drago\/\"},\"wordCount\":570,\"publisher\":{\"@id\":\"https:\/\/www.noubarris.net\/web40\/#organization\"},\"image\":{\"@id\":\"https:\/\/www.noubarris.net\/web40\/10-anys-relligant-nou-barris-els-aurigues-olimpics-de-can-drago\/#primaryimage\"},\"thumbnailUrl\":\"https:\/\/www.noubarris.net\/web40\/wp-content\/uploads\/2023\/07\/130723.jpg\",\"keywords\":[\"esports\",\"Porta\",\"Relligant Nou Barris\"],\"articleSection\":[\"Cultura\",\"Esports\",\"Nou Barris\",\"Porta\"],\"inLanguage\":\"ca\"},{\"@type\":\"WebPage\",\"@id\":\"https:\/\/www.noubarris.net\/web40\/10-anys-relligant-nou-barris-els-aurigues-olimpics-de-can-drago\/\",\"url\":\"https:\/\/www.noubarris.net\/web40\/10-anys-relligant-nou-barris-els-aurigues-olimpics-de-can-drago\/\",\"name\":\"10 anys Relligant Nou Barris: Els Aurigues Ol\u00edmpics de Can Drago - NouBarris.Net\",\"isPartOf\":{\"@id\":\"https:\/\/www.noubarris.net\/web40\/#website\"},\"primaryImageOfPage\":{\"@id\":\"https:\/\/www.noubarris.net\/web40\/10-anys-relligant-nou-barris-els-aurigues-olimpics-de-can-drago\/#primaryimage\"},\"image\":{\"@id\":\"https:\/\/www.noubarris.net\/web40\/10-anys-relligant-nou-barris-els-aurigues-olimpics-de-can-drago\/#primaryimage\"},\"thumbnailUrl\":\"https:\/\/www.noubarris.net\/web40\/wp-content\/uploads\/2023\/07\/130723.jpg\",\"datePublished\":\"2023-08-10T22:00:50+00:00\",\"breadcrumb\":{\"@id\":\"https:\/\/www.noubarris.net\/web40\/10-anys-relligant-nou-barris-els-aurigues-olimpics-de-can-drago\/#breadcrumb\"},\"inLanguage\":\"ca\",\"potentialAction\":[{\"@type\":\"ReadAction\",\"target\":[\"https:\/\/www.noubarris.net\/web40\/10-anys-relligant-nou-barris-els-aurigues-olimpics-de-can-drago\/\"]}]},{\"@type\":\"ImageObject\",\"inLanguage\":\"ca\",\"@id\":\"https:\/\/www.noubarris.net\/web40\/10-anys-relligant-nou-barris-els-aurigues-olimpics-de-can-drago\/#primaryimage\",\"url\":\"https:\/\/www.noubarris.net\/web40\/wp-content\/uploads\/2023\/07\/130723.jpg\",\"contentUrl\":\"https:\/\/www.noubarris.net\/web40\/wp-content\/uploads\/2023\/07\/130723.jpg\",\"width\":768,\"height\":432},{\"@type\":\"BreadcrumbList\",\"@id\":\"https:\/\/www.noubarris.net\/web40\/10-anys-relligant-nou-barris-els-aurigues-olimpics-de-can-drago\/#breadcrumb\",\"itemListElement\":[{\"@type\":\"ListItem\",\"position\":1,\"name\":\"Inici\",\"item\":\"https:\/\/www.noubarris.net\/web40\/\"},{\"@type\":\"ListItem\",\"position\":2,\"name\":\"10 anys Relligant Nou Barris: Els Aurigues Ol\u00edmpics de Can Drago\"}]},{\"@type\":\"WebSite\",\"@id\":\"https:\/\/www.noubarris.net\/web40\/#website\",\"url\":\"https:\/\/www.noubarris.net\/web40\/\",\"name\":\"NouBarris.Net\",\"description\":\"Seguint la vida de Nou Barris des de 1985\",\"publisher\":{\"@id\":\"https:\/\/www.noubarris.net\/web40\/#organization\"},\"potentialAction\":[{\"@type\":\"SearchAction\",\"target\":{\"@type\":\"EntryPoint\",\"urlTemplate\":\"https:\/\/www.noubarris.net\/web40\/?s={search_term_string}\"},\"query-input\":{\"@type\":\"PropertyValueSpecification\",\"valueRequired\":true,\"valueName\":\"search_term_string\"}}],\"inLanguage\":\"ca\"},{\"@type\":\"Organization\",\"@id\":\"https:\/\/www.noubarris.net\/web40\/#organization\",\"name\":\"NouBarris.Net\",\"url\":\"https:\/\/www.noubarris.net\/web40\/\",\"logo\":{\"@type\":\"ImageObject\",\"inLanguage\":\"ca\",\"@id\":\"https:\/\/www.noubarris.net\/web40\/#\/schema\/logo\/image\/\",\"url\":\"https:\/\/www.noubarris.net\/web40\/wp-content\/uploads\/2024\/11\/cropped-cropped-LOGO_9BTV-2024_Insta-1.jpg\",\"contentUrl\":\"https:\/\/www.noubarris.net\/web40\/wp-content\/uploads\/2024\/11\/cropped-cropped-LOGO_9BTV-2024_Insta-1.jpg\",\"width\":512,\"height\":512,\"caption\":\"NouBarris.Net\"},\"image\":{\"@id\":\"https:\/\/www.noubarris.net\/web40\/#\/schema\/logo\/image\/\"},\"sameAs\":[\"https:\/\/www.facebook.com\/NouBarris.net\/?locale=es_ES\",\"https:\/\/x.com\/9BTV\"]},{\"@type\":\"Person\",\"@id\":\"https:\/\/www.noubarris.net\/web40\/#\/schema\/person\/1827f92aaa316c54abbf4dac0de76069\",\"name\":\"Informatius\",\"image\":{\"@type\":\"ImageObject\",\"inLanguage\":\"ca\",\"@id\":\"https:\/\/www.noubarris.net\/web40\/#\/schema\/person\/image\/\",\"url\":\"https:\/\/secure.gravatar.com\/avatar\/87a3b47928835fc72c6ee5b0e1a7263ef0c2d05003a98189bc14926c5f11bcdb?s=96&d=mm&r=g\",\"contentUrl\":\"https:\/\/secure.gravatar.com\/avatar\/87a3b47928835fc72c6ee5b0e1a7263ef0c2d05003a98189bc14926c5f11bcdb?s=96&d=mm&r=g\",\"caption\":\"Informatius\"},\"url\":\"https:\/\/www.noubarris.net\/web40\/author\/tele\/\"}]}<\/script>\n<!-- \/ Yoast SEO plugin. -->","yoast_head_json":{"title":"10 anys Relligant Nou Barris: Els Aurigues Ol\u00edmpics de Can Drago - NouBarris.Net","robots":{"index":"index","follow":"follow","max-snippet":"max-snippet:-1","max-image-preview":"max-image-preview:large","max-video-preview":"max-video-preview:-1"},"canonical":"https:\/\/www.noubarris.net\/web40\/10-anys-relligant-nou-barris-els-aurigues-olimpics-de-can-drago\/","og_locale":"ca_ES","og_type":"article","og_title":"10 anys Relligant Nou Barris: Els Aurigues Ol\u00edmpics de Can Drago - NouBarris.Net","og_description":"El museu virtual compta amb una cinquantena de punts d\u2019inter\u00e8s repartits per tot Nou Barris &nbsp; Enguany\u00a0es compleixen 10 anys","og_url":"https:\/\/www.noubarris.net\/web40\/10-anys-relligant-nou-barris-els-aurigues-olimpics-de-can-drago\/","og_site_name":"NouBarris.Net","article_publisher":"https:\/\/www.facebook.com\/NouBarris.net\/?locale=es_ES","article_published_time":"2023-08-10T22:00:50+00:00","og_image":[{"width":768,"height":432,"url":"https:\/\/www.noubarris.net\/web40\/wp-content\/uploads\/2023\/07\/130723.jpg","type":"image\/jpeg"}],"author":"Informatius","twitter_card":"summary_large_image","twitter_creator":"@9BTV","twitter_site":"@9BTV","twitter_misc":{"Escrit per":"Informatius","Temps estimat de lectura":"4 minuts"},"schema":{"@context":"https:\/\/schema.org","@graph":[{"@type":"Article","@id":"https:\/\/www.noubarris.net\/web40\/10-anys-relligant-nou-barris-els-aurigues-olimpics-de-can-drago\/#article","isPartOf":{"@id":"https:\/\/www.noubarris.net\/web40\/10-anys-relligant-nou-barris-els-aurigues-olimpics-de-can-drago\/"},"author":{"name":"Informatius","@id":"https:\/\/www.noubarris.net\/web40\/#\/schema\/person\/1827f92aaa316c54abbf4dac0de76069"},"headline":"10 anys Relligant Nou Barris: Els Aurigues Ol\u00edmpics de Can Drago","datePublished":"2023-08-10T22:00:50+00:00","mainEntityOfPage":{"@id":"https:\/\/www.noubarris.net\/web40\/10-anys-relligant-nou-barris-els-aurigues-olimpics-de-can-drago\/"},"wordCount":570,"publisher":{"@id":"https:\/\/www.noubarris.net\/web40\/#organization"},"image":{"@id":"https:\/\/www.noubarris.net\/web40\/10-anys-relligant-nou-barris-els-aurigues-olimpics-de-can-drago\/#primaryimage"},"thumbnailUrl":"https:\/\/www.noubarris.net\/web40\/wp-content\/uploads\/2023\/07\/130723.jpg","keywords":["esports","Porta","Relligant Nou Barris"],"articleSection":["Cultura","Esports","Nou Barris","Porta"],"inLanguage":"ca"},{"@type":"WebPage","@id":"https:\/\/www.noubarris.net\/web40\/10-anys-relligant-nou-barris-els-aurigues-olimpics-de-can-drago\/","url":"https:\/\/www.noubarris.net\/web40\/10-anys-relligant-nou-barris-els-aurigues-olimpics-de-can-drago\/","name":"10 anys Relligant Nou Barris: Els Aurigues Ol\u00edmpics de Can Drago - NouBarris.Net","isPartOf":{"@id":"https:\/\/www.noubarris.net\/web40\/#website"},"primaryImageOfPage":{"@id":"https:\/\/www.noubarris.net\/web40\/10-anys-relligant-nou-barris-els-aurigues-olimpics-de-can-drago\/#primaryimage"},"image":{"@id":"https:\/\/www.noubarris.net\/web40\/10-anys-relligant-nou-barris-els-aurigues-olimpics-de-can-drago\/#primaryimage"},"thumbnailUrl":"https:\/\/www.noubarris.net\/web40\/wp-content\/uploads\/2023\/07\/130723.jpg","datePublished":"2023-08-10T22:00:50+00:00","breadcrumb":{"@id":"https:\/\/www.noubarris.net\/web40\/10-anys-relligant-nou-barris-els-aurigues-olimpics-de-can-drago\/#breadcrumb"},"inLanguage":"ca","potentialAction":[{"@type":"ReadAction","target":["https:\/\/www.noubarris.net\/web40\/10-anys-relligant-nou-barris-els-aurigues-olimpics-de-can-drago\/"]}]},{"@type":"ImageObject","inLanguage":"ca","@id":"https:\/\/www.noubarris.net\/web40\/10-anys-relligant-nou-barris-els-aurigues-olimpics-de-can-drago\/#primaryimage","url":"https:\/\/www.noubarris.net\/web40\/wp-content\/uploads\/2023\/07\/130723.jpg","contentUrl":"https:\/\/www.noubarris.net\/web40\/wp-content\/uploads\/2023\/07\/130723.jpg","width":768,"height":432},{"@type":"BreadcrumbList","@id":"https:\/\/www.noubarris.net\/web40\/10-anys-relligant-nou-barris-els-aurigues-olimpics-de-can-drago\/#breadcrumb","itemListElement":[{"@type":"ListItem","position":1,"name":"Inici","item":"https:\/\/www.noubarris.net\/web40\/"},{"@type":"ListItem","position":2,"name":"10 anys Relligant Nou Barris: Els Aurigues Ol\u00edmpics de Can Drago"}]},{"@type":"WebSite","@id":"https:\/\/www.noubarris.net\/web40\/#website","url":"https:\/\/www.noubarris.net\/web40\/","name":"NouBarris.Net","description":"Seguint la vida de Nou Barris des de 1985","publisher":{"@id":"https:\/\/www.noubarris.net\/web40\/#organization"},"potentialAction":[{"@type":"SearchAction","target":{"@type":"EntryPoint","urlTemplate":"https:\/\/www.noubarris.net\/web40\/?s={search_term_string}"},"query-input":{"@type":"PropertyValueSpecification","valueRequired":true,"valueName":"search_term_string"}}],"inLanguage":"ca"},{"@type":"Organization","@id":"https:\/\/www.noubarris.net\/web40\/#organization","name":"NouBarris.Net","url":"https:\/\/www.noubarris.net\/web40\/","logo":{"@type":"ImageObject","inLanguage":"ca","@id":"https:\/\/www.noubarris.net\/web40\/#\/schema\/logo\/image\/","url":"https:\/\/www.noubarris.net\/web40\/wp-content\/uploads\/2024\/11\/cropped-cropped-LOGO_9BTV-2024_Insta-1.jpg","contentUrl":"https:\/\/www.noubarris.net\/web40\/wp-content\/uploads\/2024\/11\/cropped-cropped-LOGO_9BTV-2024_Insta-1.jpg","width":512,"height":512,"caption":"NouBarris.Net"},"image":{"@id":"https:\/\/www.noubarris.net\/web40\/#\/schema\/logo\/image\/"},"sameAs":["https:\/\/www.facebook.com\/NouBarris.net\/?locale=es_ES","https:\/\/x.com\/9BTV"]},{"@type":"Person","@id":"https:\/\/www.noubarris.net\/web40\/#\/schema\/person\/1827f92aaa316c54abbf4dac0de76069","name":"Informatius","image":{"@type":"ImageObject","inLanguage":"ca","@id":"https:\/\/www.noubarris.net\/web40\/#\/schema\/person\/image\/","url":"https:\/\/secure.gravatar.com\/avatar\/87a3b47928835fc72c6ee5b0e1a7263ef0c2d05003a98189bc14926c5f11bcdb?s=96&d=mm&r=g","contentUrl":"https:\/\/secure.gravatar.com\/avatar\/87a3b47928835fc72c6ee5b0e1a7263ef0c2d05003a98189bc14926c5f11bcdb?s=96&d=mm&r=g","caption":"Informatius"},"url":"https:\/\/www.noubarris.net\/web40\/author\/tele\/"}]}},"_links":{"self":[{"href":"https:\/\/www.noubarris.net\/web40\/wp-json\/wp\/v2\/posts\/81429","targetHints":{"allow":["GET"]}}],"collection":[{"href":"https:\/\/www.noubarris.net\/web40\/wp-json\/wp\/v2\/posts"}],"about":[{"href":"https:\/\/www.noubarris.net\/web40\/wp-json\/wp\/v2\/types\/post"}],"author":[{"embeddable":true,"href":"https:\/\/www.noubarris.net\/web40\/wp-json\/wp\/v2\/users\/2"}],"replies":[{"embeddable":true,"href":"https:\/\/www.noubarris.net\/web40\/wp-json\/wp\/v2\/comments?post=81429"}],"version-history":[{"count":1,"href":"https:\/\/www.noubarris.net\/web40\/wp-json\/wp\/v2\/posts\/81429\/revisions"}],"predecessor-version":[{"id":81430,"href":"https:\/\/www.noubarris.net\/web40\/wp-json\/wp\/v2\/posts\/81429\/revisions\/81430"}],"wp:featuredmedia":[{"embeddable":true,"href":"https:\/\/www.noubarris.net\/web40\/wp-json\/wp\/v2\/media\/81339"}],"wp:attachment":[{"href":"https:\/\/www.noubarris.net\/web40\/wp-json\/wp\/v2\/media?parent=81429"}],"wp:term":[{"taxonomy":"category","embeddable":true,"href":"https:\/\/www.noubarris.net\/web40\/wp-json\/wp\/v2\/categories?post=81429"},{"taxonomy":"post_tag","embeddable":true,"href":"https:\/\/www.noubarris.net\/web40\/wp-json\/wp\/v2\/tags?post=81429"}],"curies":[{"name":"wp","href":"https:\/\/api.w.org\/{rel}","templated":true}]}}