{"id":81450,"date":"2023-08-19T00:00:06","date_gmt":"2023-08-18T22:00:06","guid":{"rendered":"http:\/\/www.noubarris.net\/web40\/?p=81450"},"modified":"2023-07-25T11:08:41","modified_gmt":"2023-07-25T09:08:41","slug":"10-anys-relligant-nou-barris-torre-llobeta-2","status":"publish","type":"post","link":"https:\/\/www.noubarris.net\/web40\/10-anys-relligant-nou-barris-torre-llobeta-2\/","title":{"rendered":"10 anys Relligant Nou Barris: La via J\u00falia"},"content":{"rendered":"<p><strong>El museu virtual compta amb una cinquantena de punts d\u2019inter\u00e8s repartits per tot Nou Barris<\/strong><\/p>\n<p>&nbsp;<\/p>\n<p>Enguany\u00a0<a href=\"https:\/\/www.noubarris.net\/web40\/?p=63316\">es compleixen 10 anys des que es va inaugurar oficialment el Relligant Nou Barris<\/a>, un projecte que, a partir de codis QR, va construir un museu virtual de la hist\u00f2ria i el patrimoni del nostre districte. Aquests codis QR es poden llegir amb el m\u00f2bil o tauletes electr\u00f2niques i\u00a0<a href=\"https:\/\/www.noubarris.net\/relligantnb\/\">redireccionen a la p\u00e0gina web del projecte<\/a>. All\u00e0, es pot consultar la hist\u00f2ria de l\u2019element concret i veure un v\u00eddeo explicatiu. Masies, aq\u00fceductes, equipaments, places, lluites\u2026 de mica en mica des de Projectart-Nou Barris TV s\u2019ha anat engreixant aquesta base de dades, amb la col\u00b7laboraci\u00f3 sempre de l\u2019Arxiu Hist\u00f2ric de Roquetes-Nou Barris i el Grup d\u2019Hist\u00f2ria de Can Bast\u00e9.<\/p>\n<p>&nbsp;<\/p>\n<p>Aquests dies us recollim alguns dels fets i curiositats que trobareu al Relligant Nou Barris. Avui toca la hist\u00f2ria de La Via J\u00falia<\/p>\n<p>&nbsp;<\/p>\n<p>La via J\u00falia \u00e9s un dels carrers m\u00e9s transitats de Nou Barris. Va ser dissenyada sobre pl\u00e0nol l\u2019any 1905 dins el Pla Jaussely com una via per millorar les comunicacions entre els municipis agregats a Barcelona. Durant molt de temps va ser un descampat ple d\u2019horts o de cotxes, que es va anar poblant mentre s\u2019edificava a l\u2019entorn.<\/p>\n<p><iframe loading=\"lazy\" src=\"https:\/\/www.youtube.com\/embed\/ekjwhwWQ0ws\" width=\"640\" height=\"360\" frameborder=\"0\" allowfullscreen=\"allowfullscreen\" data-mce-fragment=\"1\"><\/iframe><\/p>\n<p>En un primer moment es parlava de la via J\u00falia com el passeig de la Muntanya, nom que ha perviscut amb el club de futbol Muntanyesa, amb seu a la via J\u00falia. Tamb\u00e9 se la van anomenar els Quaranta Metres per la seva amplada, de la mateixa manera que la ve\u00efna via Fav\u00e8ncia la van batejar com Seixanta Metres. Per\u00f2 al llarg de la seva hist\u00f2ria el carrer ha tingut m\u00e9s noms. L\u2019any 1931 es va passar a dir Carlos Marx i des de 1942 ha quedat oficialment com a via J\u00falia.<\/p>\n<p>Els quaranta metres d\u2019amplada estaven reservats origin\u00e0riament a la construcci\u00f3 de l\u2019eix de comunicaci\u00f3, i per aix\u00f2, es va anar edificant a l\u2019entorn i el centre del carrer va quedar sense urbanitzar. En aquests descampats s\u2019hi van aixecar envelats, paradetes de llaminadures, horts i, fins i tot, una escola constru\u00efda pel Patronat Escolar de l\u2019Ajuntament de Barcelona amb la fusta procedent del pavell\u00f3 de Su\u00e8cia a l\u2019Exposici\u00f3 Universal de 1929. Aquesta escola va ser remodelada durant el franquisme i va perviure fins a l\u2019any 1974, quan es va inaugurar l\u2019actual Escola Prosperitat.<\/p>\n<p>La urbanitzaci\u00f3 va arribar de mica en mica, primer amb l\u2019arribada de tramvies i busos, i finalment amb la construcci\u00f3 del metro. L\u2019estaci\u00f3 es va inaugurar l\u2019any 1982 amb el nom de Roquetes, un nom que va mantenir durant 17 anys fins a rebatejar-se com a via J\u00falia. Acabades les obres del metro, els arquitectes Bernardo de Sala i Josep M. Juli\u00e0 van afrontar el repte d\u2019endre\u00e7ar urban\u00edsticament un carrer que havia quedat dividit en dos nivells en alguns trams per la caixa del t\u00fanel del metro. El desnivell de 2,5 metres que hi havia el van salvar amb una rambla amb escales i rampes. L\u2019obra es va rematar amb la instal\u00b7laci\u00f3 d\u2019escultures, com la Columna de Llum o Torre Fav\u00e8ncia, d\u2019Antoni Rossell\u00f3, l\u2019escultura J\u00falia de Sergi Aguilar o l\u2019Escullera de Jaume Plensa. I sobretot, la Marquesina, punt de trobada i escenari de moltes celebracions populars.<\/p>\n<p>M\u00e9s d\u2019un segle despr\u00e9s, la via J\u00falia s\u2019ha convertit en un eix c\u00edvic, on s\u2019apleguen entitats i s\u2019organitzen festes, i \u00e9s una de les vies comercials m\u00e9s importants de Nou Barris. T\u00e9 una llargada d\u2019un quil\u00f2metre, el qual enlla\u00e7a la pla\u00e7a de la Rep\u00fablica i la cru\u00eflla amb la via Fav\u00e8ncia. El seu tra\u00e7at divideix dos barris: Verdun i la Prosperitat.<\/p>\n","protected":false},"excerpt":{"rendered":"<p>El museu virtual compta amb una cinquantena de punts d\u2019inter\u00e8s repartits per tot Nou Barris &nbsp; Enguany\u00a0es compleixen 10 anys<\/p>\n","protected":false},"author":2,"featured_media":81339,"comment_status":"closed","ping_status":"closed","sticky":false,"template":"","format":"standard","meta":{"colormag_page_layout":"default_layout","_monsterinsights_skip_tracking":false,"_monsterinsights_sitenote_active":false,"_monsterinsights_sitenote_note":"","_monsterinsights_sitenote_category":0,"footnotes":""},"categories":[129,135,1,141],"tags":[456,242,274,43],"class_list":["post-81450","post","type-post","status-publish","format-standard","has-post-thumbnail","hentry","category-cultura","category-la-prosperitat","category-nou-barris","category-verdum","tag-masies","tag-relligant-nou-barris","tag-torre-llobeta","tag-vilapicina-y-la-torre-llobeta"],"yoast_head":"<!-- This site is optimized with the Yoast SEO plugin v25.3 - https:\/\/yoast.com\/wordpress\/plugins\/seo\/ -->\n<title>10 anys Relligant Nou Barris: La via J\u00falia - NouBarris.Net<\/title>\n<meta name=\"robots\" content=\"index, follow, max-snippet:-1, max-image-preview:large, max-video-preview:-1\" \/>\n<link rel=\"canonical\" href=\"https:\/\/www.noubarris.net\/web40\/10-anys-relligant-nou-barris-torre-llobeta-2\/\" \/>\n<meta property=\"og:locale\" content=\"ca_ES\" \/>\n<meta property=\"og:type\" content=\"article\" \/>\n<meta property=\"og:title\" content=\"10 anys Relligant Nou Barris: La via J\u00falia - NouBarris.Net\" \/>\n<meta property=\"og:description\" content=\"El museu virtual compta amb una cinquantena de punts d\u2019inter\u00e8s repartits per tot Nou Barris &nbsp; Enguany\u00a0es compleixen 10 anys\" \/>\n<meta property=\"og:url\" content=\"https:\/\/www.noubarris.net\/web40\/10-anys-relligant-nou-barris-torre-llobeta-2\/\" \/>\n<meta property=\"og:site_name\" content=\"NouBarris.Net\" \/>\n<meta property=\"article:publisher\" content=\"https:\/\/www.facebook.com\/NouBarris.net\/?locale=es_ES\" \/>\n<meta property=\"article:published_time\" content=\"2023-08-18T22:00:06+00:00\" \/>\n<meta property=\"og:image\" content=\"https:\/\/www.noubarris.net\/web40\/wp-content\/uploads\/2023\/07\/130723.jpg\" \/>\n\t<meta property=\"og:image:width\" content=\"768\" \/>\n\t<meta property=\"og:image:height\" content=\"432\" \/>\n\t<meta property=\"og:image:type\" content=\"image\/jpeg\" \/>\n<meta name=\"author\" content=\"Informatius\" \/>\n<meta name=\"twitter:card\" content=\"summary_large_image\" \/>\n<meta name=\"twitter:creator\" content=\"@9BTV\" \/>\n<meta name=\"twitter:site\" content=\"@9BTV\" \/>\n<meta name=\"twitter:label1\" content=\"Escrit per\" \/>\n\t<meta name=\"twitter:data1\" content=\"Informatius\" \/>\n\t<meta name=\"twitter:label2\" content=\"Temps estimat de lectura\" \/>\n\t<meta name=\"twitter:data2\" content=\"4 minuts\" \/>\n<script type=\"application\/ld+json\" class=\"yoast-schema-graph\">{\"@context\":\"https:\/\/schema.org\",\"@graph\":[{\"@type\":\"Article\",\"@id\":\"https:\/\/www.noubarris.net\/web40\/10-anys-relligant-nou-barris-torre-llobeta-2\/#article\",\"isPartOf\":{\"@id\":\"https:\/\/www.noubarris.net\/web40\/10-anys-relligant-nou-barris-torre-llobeta-2\/\"},\"author\":{\"name\":\"Informatius\",\"@id\":\"https:\/\/www.noubarris.net\/web40\/#\/schema\/person\/1827f92aaa316c54abbf4dac0de76069\"},\"headline\":\"10 anys Relligant Nou Barris: La via J\u00falia\",\"datePublished\":\"2023-08-18T22:00:06+00:00\",\"mainEntityOfPage\":{\"@id\":\"https:\/\/www.noubarris.net\/web40\/10-anys-relligant-nou-barris-torre-llobeta-2\/\"},\"wordCount\":675,\"publisher\":{\"@id\":\"https:\/\/www.noubarris.net\/web40\/#organization\"},\"image\":{\"@id\":\"https:\/\/www.noubarris.net\/web40\/10-anys-relligant-nou-barris-torre-llobeta-2\/#primaryimage\"},\"thumbnailUrl\":\"https:\/\/www.noubarris.net\/web40\/wp-content\/uploads\/2023\/07\/130723.jpg\",\"keywords\":[\"masies\",\"Relligant Nou Barris\",\"Torre Llobeta\",\"Vilapicina i La Torre Llobeta\"],\"articleSection\":[\"Cultura\",\"La Prosperitat\",\"Nou Barris\",\"Verdum\"],\"inLanguage\":\"ca\"},{\"@type\":\"WebPage\",\"@id\":\"https:\/\/www.noubarris.net\/web40\/10-anys-relligant-nou-barris-torre-llobeta-2\/\",\"url\":\"https:\/\/www.noubarris.net\/web40\/10-anys-relligant-nou-barris-torre-llobeta-2\/\",\"name\":\"10 anys Relligant Nou Barris: La via J\u00falia - NouBarris.Net\",\"isPartOf\":{\"@id\":\"https:\/\/www.noubarris.net\/web40\/#website\"},\"primaryImageOfPage\":{\"@id\":\"https:\/\/www.noubarris.net\/web40\/10-anys-relligant-nou-barris-torre-llobeta-2\/#primaryimage\"},\"image\":{\"@id\":\"https:\/\/www.noubarris.net\/web40\/10-anys-relligant-nou-barris-torre-llobeta-2\/#primaryimage\"},\"thumbnailUrl\":\"https:\/\/www.noubarris.net\/web40\/wp-content\/uploads\/2023\/07\/130723.jpg\",\"datePublished\":\"2023-08-18T22:00:06+00:00\",\"breadcrumb\":{\"@id\":\"https:\/\/www.noubarris.net\/web40\/10-anys-relligant-nou-barris-torre-llobeta-2\/#breadcrumb\"},\"inLanguage\":\"ca\",\"potentialAction\":[{\"@type\":\"ReadAction\",\"target\":[\"https:\/\/www.noubarris.net\/web40\/10-anys-relligant-nou-barris-torre-llobeta-2\/\"]}]},{\"@type\":\"ImageObject\",\"inLanguage\":\"ca\",\"@id\":\"https:\/\/www.noubarris.net\/web40\/10-anys-relligant-nou-barris-torre-llobeta-2\/#primaryimage\",\"url\":\"https:\/\/www.noubarris.net\/web40\/wp-content\/uploads\/2023\/07\/130723.jpg\",\"contentUrl\":\"https:\/\/www.noubarris.net\/web40\/wp-content\/uploads\/2023\/07\/130723.jpg\",\"width\":768,\"height\":432},{\"@type\":\"BreadcrumbList\",\"@id\":\"https:\/\/www.noubarris.net\/web40\/10-anys-relligant-nou-barris-torre-llobeta-2\/#breadcrumb\",\"itemListElement\":[{\"@type\":\"ListItem\",\"position\":1,\"name\":\"Inici\",\"item\":\"https:\/\/www.noubarris.net\/web40\/\"},{\"@type\":\"ListItem\",\"position\":2,\"name\":\"10 anys Relligant Nou Barris: La via J\u00falia\"}]},{\"@type\":\"WebSite\",\"@id\":\"https:\/\/www.noubarris.net\/web40\/#website\",\"url\":\"https:\/\/www.noubarris.net\/web40\/\",\"name\":\"NouBarris.Net\",\"description\":\"Seguint la vida de Nou Barris des de 1985\",\"publisher\":{\"@id\":\"https:\/\/www.noubarris.net\/web40\/#organization\"},\"potentialAction\":[{\"@type\":\"SearchAction\",\"target\":{\"@type\":\"EntryPoint\",\"urlTemplate\":\"https:\/\/www.noubarris.net\/web40\/?s={search_term_string}\"},\"query-input\":{\"@type\":\"PropertyValueSpecification\",\"valueRequired\":true,\"valueName\":\"search_term_string\"}}],\"inLanguage\":\"ca\"},{\"@type\":\"Organization\",\"@id\":\"https:\/\/www.noubarris.net\/web40\/#organization\",\"name\":\"NouBarris.Net\",\"url\":\"https:\/\/www.noubarris.net\/web40\/\",\"logo\":{\"@type\":\"ImageObject\",\"inLanguage\":\"ca\",\"@id\":\"https:\/\/www.noubarris.net\/web40\/#\/schema\/logo\/image\/\",\"url\":\"https:\/\/www.noubarris.net\/web40\/wp-content\/uploads\/2024\/11\/cropped-cropped-LOGO_9BTV-2024_Insta-1.jpg\",\"contentUrl\":\"https:\/\/www.noubarris.net\/web40\/wp-content\/uploads\/2024\/11\/cropped-cropped-LOGO_9BTV-2024_Insta-1.jpg\",\"width\":512,\"height\":512,\"caption\":\"NouBarris.Net\"},\"image\":{\"@id\":\"https:\/\/www.noubarris.net\/web40\/#\/schema\/logo\/image\/\"},\"sameAs\":[\"https:\/\/www.facebook.com\/NouBarris.net\/?locale=es_ES\",\"https:\/\/x.com\/9BTV\"]},{\"@type\":\"Person\",\"@id\":\"https:\/\/www.noubarris.net\/web40\/#\/schema\/person\/1827f92aaa316c54abbf4dac0de76069\",\"name\":\"Informatius\",\"image\":{\"@type\":\"ImageObject\",\"inLanguage\":\"ca\",\"@id\":\"https:\/\/www.noubarris.net\/web40\/#\/schema\/person\/image\/\",\"url\":\"https:\/\/secure.gravatar.com\/avatar\/87a3b47928835fc72c6ee5b0e1a7263ef0c2d05003a98189bc14926c5f11bcdb?s=96&d=mm&r=g\",\"contentUrl\":\"https:\/\/secure.gravatar.com\/avatar\/87a3b47928835fc72c6ee5b0e1a7263ef0c2d05003a98189bc14926c5f11bcdb?s=96&d=mm&r=g\",\"caption\":\"Informatius\"},\"url\":\"https:\/\/www.noubarris.net\/web40\/author\/tele\/\"}]}<\/script>\n<!-- \/ Yoast SEO plugin. -->","yoast_head_json":{"title":"10 anys Relligant Nou Barris: La via J\u00falia - NouBarris.Net","robots":{"index":"index","follow":"follow","max-snippet":"max-snippet:-1","max-image-preview":"max-image-preview:large","max-video-preview":"max-video-preview:-1"},"canonical":"https:\/\/www.noubarris.net\/web40\/10-anys-relligant-nou-barris-torre-llobeta-2\/","og_locale":"ca_ES","og_type":"article","og_title":"10 anys Relligant Nou Barris: La via J\u00falia - NouBarris.Net","og_description":"El museu virtual compta amb una cinquantena de punts d\u2019inter\u00e8s repartits per tot Nou Barris &nbsp; Enguany\u00a0es compleixen 10 anys","og_url":"https:\/\/www.noubarris.net\/web40\/10-anys-relligant-nou-barris-torre-llobeta-2\/","og_site_name":"NouBarris.Net","article_publisher":"https:\/\/www.facebook.com\/NouBarris.net\/?locale=es_ES","article_published_time":"2023-08-18T22:00:06+00:00","og_image":[{"width":768,"height":432,"url":"https:\/\/www.noubarris.net\/web40\/wp-content\/uploads\/2023\/07\/130723.jpg","type":"image\/jpeg"}],"author":"Informatius","twitter_card":"summary_large_image","twitter_creator":"@9BTV","twitter_site":"@9BTV","twitter_misc":{"Escrit per":"Informatius","Temps estimat de lectura":"4 minuts"},"schema":{"@context":"https:\/\/schema.org","@graph":[{"@type":"Article","@id":"https:\/\/www.noubarris.net\/web40\/10-anys-relligant-nou-barris-torre-llobeta-2\/#article","isPartOf":{"@id":"https:\/\/www.noubarris.net\/web40\/10-anys-relligant-nou-barris-torre-llobeta-2\/"},"author":{"name":"Informatius","@id":"https:\/\/www.noubarris.net\/web40\/#\/schema\/person\/1827f92aaa316c54abbf4dac0de76069"},"headline":"10 anys Relligant Nou Barris: La via J\u00falia","datePublished":"2023-08-18T22:00:06+00:00","mainEntityOfPage":{"@id":"https:\/\/www.noubarris.net\/web40\/10-anys-relligant-nou-barris-torre-llobeta-2\/"},"wordCount":675,"publisher":{"@id":"https:\/\/www.noubarris.net\/web40\/#organization"},"image":{"@id":"https:\/\/www.noubarris.net\/web40\/10-anys-relligant-nou-barris-torre-llobeta-2\/#primaryimage"},"thumbnailUrl":"https:\/\/www.noubarris.net\/web40\/wp-content\/uploads\/2023\/07\/130723.jpg","keywords":["masies","Relligant Nou Barris","Torre Llobeta","Vilapicina i La Torre Llobeta"],"articleSection":["Cultura","La Prosperitat","Nou Barris","Verdum"],"inLanguage":"ca"},{"@type":"WebPage","@id":"https:\/\/www.noubarris.net\/web40\/10-anys-relligant-nou-barris-torre-llobeta-2\/","url":"https:\/\/www.noubarris.net\/web40\/10-anys-relligant-nou-barris-torre-llobeta-2\/","name":"10 anys Relligant Nou Barris: La via J\u00falia - NouBarris.Net","isPartOf":{"@id":"https:\/\/www.noubarris.net\/web40\/#website"},"primaryImageOfPage":{"@id":"https:\/\/www.noubarris.net\/web40\/10-anys-relligant-nou-barris-torre-llobeta-2\/#primaryimage"},"image":{"@id":"https:\/\/www.noubarris.net\/web40\/10-anys-relligant-nou-barris-torre-llobeta-2\/#primaryimage"},"thumbnailUrl":"https:\/\/www.noubarris.net\/web40\/wp-content\/uploads\/2023\/07\/130723.jpg","datePublished":"2023-08-18T22:00:06+00:00","breadcrumb":{"@id":"https:\/\/www.noubarris.net\/web40\/10-anys-relligant-nou-barris-torre-llobeta-2\/#breadcrumb"},"inLanguage":"ca","potentialAction":[{"@type":"ReadAction","target":["https:\/\/www.noubarris.net\/web40\/10-anys-relligant-nou-barris-torre-llobeta-2\/"]}]},{"@type":"ImageObject","inLanguage":"ca","@id":"https:\/\/www.noubarris.net\/web40\/10-anys-relligant-nou-barris-torre-llobeta-2\/#primaryimage","url":"https:\/\/www.noubarris.net\/web40\/wp-content\/uploads\/2023\/07\/130723.jpg","contentUrl":"https:\/\/www.noubarris.net\/web40\/wp-content\/uploads\/2023\/07\/130723.jpg","width":768,"height":432},{"@type":"BreadcrumbList","@id":"https:\/\/www.noubarris.net\/web40\/10-anys-relligant-nou-barris-torre-llobeta-2\/#breadcrumb","itemListElement":[{"@type":"ListItem","position":1,"name":"Inici","item":"https:\/\/www.noubarris.net\/web40\/"},{"@type":"ListItem","position":2,"name":"10 anys Relligant Nou Barris: La via J\u00falia"}]},{"@type":"WebSite","@id":"https:\/\/www.noubarris.net\/web40\/#website","url":"https:\/\/www.noubarris.net\/web40\/","name":"NouBarris.Net","description":"Seguint la vida de Nou Barris des de 1985","publisher":{"@id":"https:\/\/www.noubarris.net\/web40\/#organization"},"potentialAction":[{"@type":"SearchAction","target":{"@type":"EntryPoint","urlTemplate":"https:\/\/www.noubarris.net\/web40\/?s={search_term_string}"},"query-input":{"@type":"PropertyValueSpecification","valueRequired":true,"valueName":"search_term_string"}}],"inLanguage":"ca"},{"@type":"Organization","@id":"https:\/\/www.noubarris.net\/web40\/#organization","name":"NouBarris.Net","url":"https:\/\/www.noubarris.net\/web40\/","logo":{"@type":"ImageObject","inLanguage":"ca","@id":"https:\/\/www.noubarris.net\/web40\/#\/schema\/logo\/image\/","url":"https:\/\/www.noubarris.net\/web40\/wp-content\/uploads\/2024\/11\/cropped-cropped-LOGO_9BTV-2024_Insta-1.jpg","contentUrl":"https:\/\/www.noubarris.net\/web40\/wp-content\/uploads\/2024\/11\/cropped-cropped-LOGO_9BTV-2024_Insta-1.jpg","width":512,"height":512,"caption":"NouBarris.Net"},"image":{"@id":"https:\/\/www.noubarris.net\/web40\/#\/schema\/logo\/image\/"},"sameAs":["https:\/\/www.facebook.com\/NouBarris.net\/?locale=es_ES","https:\/\/x.com\/9BTV"]},{"@type":"Person","@id":"https:\/\/www.noubarris.net\/web40\/#\/schema\/person\/1827f92aaa316c54abbf4dac0de76069","name":"Informatius","image":{"@type":"ImageObject","inLanguage":"ca","@id":"https:\/\/www.noubarris.net\/web40\/#\/schema\/person\/image\/","url":"https:\/\/secure.gravatar.com\/avatar\/87a3b47928835fc72c6ee5b0e1a7263ef0c2d05003a98189bc14926c5f11bcdb?s=96&d=mm&r=g","contentUrl":"https:\/\/secure.gravatar.com\/avatar\/87a3b47928835fc72c6ee5b0e1a7263ef0c2d05003a98189bc14926c5f11bcdb?s=96&d=mm&r=g","caption":"Informatius"},"url":"https:\/\/www.noubarris.net\/web40\/author\/tele\/"}]}},"_links":{"self":[{"href":"https:\/\/www.noubarris.net\/web40\/wp-json\/wp\/v2\/posts\/81450","targetHints":{"allow":["GET"]}}],"collection":[{"href":"https:\/\/www.noubarris.net\/web40\/wp-json\/wp\/v2\/posts"}],"about":[{"href":"https:\/\/www.noubarris.net\/web40\/wp-json\/wp\/v2\/types\/post"}],"author":[{"embeddable":true,"href":"https:\/\/www.noubarris.net\/web40\/wp-json\/wp\/v2\/users\/2"}],"replies":[{"embeddable":true,"href":"https:\/\/www.noubarris.net\/web40\/wp-json\/wp\/v2\/comments?post=81450"}],"version-history":[{"count":3,"href":"https:\/\/www.noubarris.net\/web40\/wp-json\/wp\/v2\/posts\/81450\/revisions"}],"predecessor-version":[{"id":81477,"href":"https:\/\/www.noubarris.net\/web40\/wp-json\/wp\/v2\/posts\/81450\/revisions\/81477"}],"wp:featuredmedia":[{"embeddable":true,"href":"https:\/\/www.noubarris.net\/web40\/wp-json\/wp\/v2\/media\/81339"}],"wp:attachment":[{"href":"https:\/\/www.noubarris.net\/web40\/wp-json\/wp\/v2\/media?parent=81450"}],"wp:term":[{"taxonomy":"category","embeddable":true,"href":"https:\/\/www.noubarris.net\/web40\/wp-json\/wp\/v2\/categories?post=81450"},{"taxonomy":"post_tag","embeddable":true,"href":"https:\/\/www.noubarris.net\/web40\/wp-json\/wp\/v2\/tags?post=81450"}],"curies":[{"name":"wp","href":"https:\/\/api.w.org\/{rel}","templated":true}]}}