{"id":81464,"date":"2023-08-25T00:00:51","date_gmt":"2023-08-24T22:00:51","guid":{"rendered":"http:\/\/www.noubarris.net\/web40\/?p=81464"},"modified":"2023-07-25T10:43:18","modified_gmt":"2023-07-25T08:43:18","slug":"10-anys-relligant-nou-barris-rec-comtal","status":"publish","type":"post","link":"https:\/\/www.noubarris.net\/web40\/10-anys-relligant-nou-barris-rec-comtal\/","title":{"rendered":"10 anys Relligant Nou Barris: Rec Comtal"},"content":{"rendered":"<p><strong>El museu virtual compta amb una cinquantena de punts d\u2019inter\u00e8s repartits per tot Nou Barris<\/strong><\/p>\n<p>&nbsp;<\/p>\n<p>Enguany\u00a0<a href=\"https:\/\/www.noubarris.net\/web40\/?p=63316\">es compleixen 10 anys des que es va inaugurar oficialment el Relligant Nou Barris<\/a>, un projecte que, a partir de codis QR, va construir un museu virtual de la hist\u00f2ria i el patrimoni del nostre districte. Aquests codis QR es poden llegir amb el m\u00f2bil o tauletes electr\u00f2niques i\u00a0<a href=\"https:\/\/www.noubarris.net\/relligantnb\/\">redireccionen a la p\u00e0gina web del projecte<\/a>. All\u00e0, es pot consultar la hist\u00f2ria de l\u2019element concret i veure un v\u00eddeo explicatiu. Masies, aq\u00fceductes, equipaments, places, lluites\u2026 de mica en mica des de Projectart-Nou Barris TV s\u2019ha anat engreixant aquesta base de dades, amb la col\u00b7laboraci\u00f3 sempre de l\u2019Arxiu Hist\u00f2ric de Roquetes-Nou Barris i el Grup d\u2019Hist\u00f2ria de Can Bast\u00e9.<\/p>\n<p>&nbsp;<\/p>\n<p>Aquests dies us recollim alguns dels fets i curiositats que trobareu al Relligant Nou Barris. Avui toca la hist\u00f2ria del\u00a0Rec Comtal.<\/p>\n<p>&nbsp;<\/p>\n<p>Durant m\u00e9s de 1.000 anys el rec Comtal ha estat la gran s\u00e8quia que ha abastit d\u2019aigua la ciutat de Barcelona. L\u2019origen el trobem a l\u2019edat mitjana, probablement al segle X, quan el comte Mir va decidir millorar els aq\u00fceductes romans que portaven aigua des de Collserola i des del Bes\u00f2s.<\/p>\n<p><iframe loading=\"lazy\" src=\"https:\/\/www.youtube.com\/embed\/YL_8jPe9bz8\" width=\"560\" height=\"315\" frameborder=\"0\" allowfullscreen=\"allowfullscreen\" data-mce-fragment=\"1\"><\/iframe><\/p>\n<p>Aix\u00ed va comen\u00e7ar la construcci\u00f3 del rec, una gran infraestructura hidr\u00e0ulica que aprofitava l\u2019antic aq\u00fceducte rom\u00e0 de Montcada. El rec era un canal obert, fet amb pedra de Montju\u00efc, per on baixava una gran quantitat d\u2019aigua que permetia regar els camps i millorar-ne aix\u00ed la productivitat.<\/p>\n<p><a href=\"http:\/\/www.noubarris.net\/relligantnb\/?attachment_id=774\" rel=\"attachment wp-att-774\"><img loading=\"lazy\" decoding=\"async\" class=\" wp-image-774 alignleft\" src=\"http:\/\/www.noubarris.net\/relligantnb\/wp-content\/uploads\/marc1_REC_DIBUIX-300x216.png\" sizes=\"auto, (max-width: 300px) 100vw, 300px\" srcset=\"https:\/\/www.noubarris.net\/relligantnb\/wp-content\/uploads\/marc1_REC_DIBUIX-300x216.png 300w, https:\/\/www.noubarris.net\/relligantnb\/wp-content\/uploads\/marc1_REC_DIBUIX-768x553.png 768w, https:\/\/www.noubarris.net\/relligantnb\/wp-content\/uploads\/marc1_REC_DIBUIX-150x108.png 150w, https:\/\/www.noubarris.net\/relligantnb\/wp-content\/uploads\/marc1_REC_DIBUIX.png 800w\" alt=\"Dibuix del Rec Comtal\" width=\"300\" height=\"216\" \/><\/a>La for\u00e7a amb qu\u00e8 circulava aquesta aigua va permetre que al llarg del recorregut cap a Barcelona es constru\u00efssin vint-i-un molins i una farga, tots moguts amb l\u2019energia hidr\u00e0ulica. Un d\u2019aquests molins es trobava a la Quadra de Vallbona, un extens terreny que s\u2019estenia per Torre Bar\u00f3 fins pr\u00e0cticament la Trinitat i que era propietat del noble Guillem d\u2019Argentona.\u00a0El rec entrava al pla de Barcelona pel barri de Vallbona, l\u2019\u00fanic lloc on se\u2019n conserva un tram descobert. Encara avui es pot resseguir el tra\u00e7at al costat de la via del ferrocarril i al peu del tur\u00f3 de la Bateria. A continuaci\u00f3, travessava els antics municipis de Sant Andreu i Sant Mart\u00ed i arribava a la ciutat, on, al barri de Sant Pere, era aprofitat pels oficis del ram t\u00e8xtil.<\/p>\n<p><a href=\"http:\/\/www.noubarris.net\/relligantnb\/?attachment_id=784\" rel=\"attachment wp-att-784\"><img loading=\"lazy\" decoding=\"async\" class=\" wp-image-784 alignright\" src=\"http:\/\/www.noubarris.net\/relligantnb\/wp-content\/uploads\/marc2_REC_1-300x216.png\" sizes=\"auto, (max-width: 300px) 100vw, 300px\" srcset=\"https:\/\/www.noubarris.net\/relligantnb\/wp-content\/uploads\/marc2_REC_1-300x216.png 300w, https:\/\/www.noubarris.net\/relligantnb\/wp-content\/uploads\/marc2_REC_1.png 800w\" alt=\"Rec Comtal al pas per Sant Andreu\" width=\"300\" height=\"216\" \/><\/a><\/p>\n<p>Amb la urbanitzaci\u00f3 de finals del segle XIX, la gran s\u00e8quia va anar perdent import\u00e0ncia, per\u00f2 tot i aix\u00f2 encara va seguir regant les terres fins ben entrat el segle XX. En l\u2019actualitat, la gent dels \u00faltims horts de la Ponderosa s\u00f3n els \u00fanics que encara aprofiten l\u2019aigua del rec abans que la s\u00e8quia desemboqui al Bes\u00f2s. Disposen encara d\u2019aquesta caseta de distribuci\u00f3 d\u2019aigua on es regula el cabdal que va a parar als camps. A banda d\u2019aix\u00f2, el rec gaireb\u00e9 no s\u2019utilitza com a s\u00e8quia, per\u00f2 aquest rac\u00f3 del barri de Vallbona s\u2019ha recuperat i s\u2019ha convertit en un espai enjardinat. L\u2019any 2015 es va remodelar i urbanitzar el cam\u00ed que uneix Vallbona amb Montcada i Reixac. Ara el cam\u00ed \u00e9s m\u00e9s ample i m\u00e9s segur perqu\u00e8 no l\u2019afecta el cabdal del rec i est\u00e0 il\u00b7luminat.<\/p>\n","protected":false},"excerpt":{"rendered":"<p>El museu virtual compta amb una cinquantena de punts d\u2019inter\u00e8s repartits per tot Nou Barris &nbsp; Enguany\u00a0es compleixen 10 anys<\/p>\n","protected":false},"author":2,"featured_media":81339,"comment_status":"closed","ping_status":"closed","sticky":false,"template":"","format":"standard","meta":{"colormag_page_layout":"default_layout","_monsterinsights_skip_tracking":false,"_monsterinsights_sitenote_active":false,"_monsterinsights_sitenote_note":"","_monsterinsights_sitenote_category":0,"footnotes":""},"categories":[129,1,140],"tags":[143,242],"class_list":["post-81464","post","type-post","status-publish","format-standard","has-post-thumbnail","hentry","category-cultura","category-nou-barris","category-vallbona","tag-rec-comtal","tag-relligant-nou-barris"],"yoast_head":"<!-- This site is optimized with the Yoast SEO plugin v25.3 - https:\/\/yoast.com\/wordpress\/plugins\/seo\/ -->\n<title>10 anys Relligant Nou Barris: Rec Comtal - NouBarris.Net<\/title>\n<meta name=\"robots\" content=\"index, follow, max-snippet:-1, max-image-preview:large, max-video-preview:-1\" \/>\n<link rel=\"canonical\" href=\"https:\/\/www.noubarris.net\/web40\/10-anys-relligant-nou-barris-rec-comtal\/\" \/>\n<meta property=\"og:locale\" content=\"ca_ES\" \/>\n<meta property=\"og:type\" content=\"article\" \/>\n<meta property=\"og:title\" content=\"10 anys Relligant Nou Barris: Rec Comtal - NouBarris.Net\" \/>\n<meta property=\"og:description\" content=\"El museu virtual compta amb una cinquantena de punts d\u2019inter\u00e8s repartits per tot Nou Barris &nbsp; Enguany\u00a0es compleixen 10 anys\" \/>\n<meta property=\"og:url\" content=\"https:\/\/www.noubarris.net\/web40\/10-anys-relligant-nou-barris-rec-comtal\/\" \/>\n<meta property=\"og:site_name\" content=\"NouBarris.Net\" \/>\n<meta property=\"article:publisher\" content=\"https:\/\/www.facebook.com\/NouBarris.net\/?locale=es_ES\" \/>\n<meta property=\"article:published_time\" content=\"2023-08-24T22:00:51+00:00\" \/>\n<meta property=\"og:image\" content=\"https:\/\/www.noubarris.net\/web40\/wp-content\/uploads\/2023\/07\/130723.jpg\" \/>\n\t<meta property=\"og:image:width\" content=\"768\" \/>\n\t<meta property=\"og:image:height\" content=\"432\" \/>\n\t<meta property=\"og:image:type\" content=\"image\/jpeg\" \/>\n<meta name=\"author\" content=\"Informatius\" \/>\n<meta name=\"twitter:card\" content=\"summary_large_image\" \/>\n<meta name=\"twitter:creator\" content=\"@9BTV\" \/>\n<meta name=\"twitter:site\" content=\"@9BTV\" \/>\n<meta name=\"twitter:label1\" content=\"Escrit per\" \/>\n\t<meta name=\"twitter:data1\" content=\"Informatius\" \/>\n\t<meta name=\"twitter:label2\" content=\"Temps estimat de lectura\" \/>\n\t<meta name=\"twitter:data2\" content=\"4 minuts\" \/>\n<script type=\"application\/ld+json\" class=\"yoast-schema-graph\">{\"@context\":\"https:\/\/schema.org\",\"@graph\":[{\"@type\":\"Article\",\"@id\":\"https:\/\/www.noubarris.net\/web40\/10-anys-relligant-nou-barris-rec-comtal\/#article\",\"isPartOf\":{\"@id\":\"https:\/\/www.noubarris.net\/web40\/10-anys-relligant-nou-barris-rec-comtal\/\"},\"author\":{\"name\":\"Informatius\",\"@id\":\"https:\/\/www.noubarris.net\/web40\/#\/schema\/person\/1827f92aaa316c54abbf4dac0de76069\"},\"headline\":\"10 anys Relligant Nou Barris: Rec Comtal\",\"datePublished\":\"2023-08-24T22:00:51+00:00\",\"mainEntityOfPage\":{\"@id\":\"https:\/\/www.noubarris.net\/web40\/10-anys-relligant-nou-barris-rec-comtal\/\"},\"wordCount\":577,\"publisher\":{\"@id\":\"https:\/\/www.noubarris.net\/web40\/#organization\"},\"image\":{\"@id\":\"https:\/\/www.noubarris.net\/web40\/10-anys-relligant-nou-barris-rec-comtal\/#primaryimage\"},\"thumbnailUrl\":\"https:\/\/www.noubarris.net\/web40\/wp-content\/uploads\/2023\/07\/130723.jpg\",\"keywords\":[\"Rec Comtal\",\"Relligant Nou Barris\"],\"articleSection\":[\"Cultura\",\"Nou Barris\",\"Vallbona\"],\"inLanguage\":\"ca\"},{\"@type\":\"WebPage\",\"@id\":\"https:\/\/www.noubarris.net\/web40\/10-anys-relligant-nou-barris-rec-comtal\/\",\"url\":\"https:\/\/www.noubarris.net\/web40\/10-anys-relligant-nou-barris-rec-comtal\/\",\"name\":\"10 anys Relligant Nou Barris: Rec Comtal - NouBarris.Net\",\"isPartOf\":{\"@id\":\"https:\/\/www.noubarris.net\/web40\/#website\"},\"primaryImageOfPage\":{\"@id\":\"https:\/\/www.noubarris.net\/web40\/10-anys-relligant-nou-barris-rec-comtal\/#primaryimage\"},\"image\":{\"@id\":\"https:\/\/www.noubarris.net\/web40\/10-anys-relligant-nou-barris-rec-comtal\/#primaryimage\"},\"thumbnailUrl\":\"https:\/\/www.noubarris.net\/web40\/wp-content\/uploads\/2023\/07\/130723.jpg\",\"datePublished\":\"2023-08-24T22:00:51+00:00\",\"breadcrumb\":{\"@id\":\"https:\/\/www.noubarris.net\/web40\/10-anys-relligant-nou-barris-rec-comtal\/#breadcrumb\"},\"inLanguage\":\"ca\",\"potentialAction\":[{\"@type\":\"ReadAction\",\"target\":[\"https:\/\/www.noubarris.net\/web40\/10-anys-relligant-nou-barris-rec-comtal\/\"]}]},{\"@type\":\"ImageObject\",\"inLanguage\":\"ca\",\"@id\":\"https:\/\/www.noubarris.net\/web40\/10-anys-relligant-nou-barris-rec-comtal\/#primaryimage\",\"url\":\"https:\/\/www.noubarris.net\/web40\/wp-content\/uploads\/2023\/07\/130723.jpg\",\"contentUrl\":\"https:\/\/www.noubarris.net\/web40\/wp-content\/uploads\/2023\/07\/130723.jpg\",\"width\":768,\"height\":432},{\"@type\":\"BreadcrumbList\",\"@id\":\"https:\/\/www.noubarris.net\/web40\/10-anys-relligant-nou-barris-rec-comtal\/#breadcrumb\",\"itemListElement\":[{\"@type\":\"ListItem\",\"position\":1,\"name\":\"Inici\",\"item\":\"https:\/\/www.noubarris.net\/web40\/\"},{\"@type\":\"ListItem\",\"position\":2,\"name\":\"10 anys Relligant Nou Barris: Rec Comtal\"}]},{\"@type\":\"WebSite\",\"@id\":\"https:\/\/www.noubarris.net\/web40\/#website\",\"url\":\"https:\/\/www.noubarris.net\/web40\/\",\"name\":\"NouBarris.Net\",\"description\":\"Seguint la vida de Nou Barris des de 1985\",\"publisher\":{\"@id\":\"https:\/\/www.noubarris.net\/web40\/#organization\"},\"potentialAction\":[{\"@type\":\"SearchAction\",\"target\":{\"@type\":\"EntryPoint\",\"urlTemplate\":\"https:\/\/www.noubarris.net\/web40\/?s={search_term_string}\"},\"query-input\":{\"@type\":\"PropertyValueSpecification\",\"valueRequired\":true,\"valueName\":\"search_term_string\"}}],\"inLanguage\":\"ca\"},{\"@type\":\"Organization\",\"@id\":\"https:\/\/www.noubarris.net\/web40\/#organization\",\"name\":\"NouBarris.Net\",\"url\":\"https:\/\/www.noubarris.net\/web40\/\",\"logo\":{\"@type\":\"ImageObject\",\"inLanguage\":\"ca\",\"@id\":\"https:\/\/www.noubarris.net\/web40\/#\/schema\/logo\/image\/\",\"url\":\"https:\/\/www.noubarris.net\/web40\/wp-content\/uploads\/2024\/11\/cropped-cropped-LOGO_9BTV-2024_Insta-1.jpg\",\"contentUrl\":\"https:\/\/www.noubarris.net\/web40\/wp-content\/uploads\/2024\/11\/cropped-cropped-LOGO_9BTV-2024_Insta-1.jpg\",\"width\":512,\"height\":512,\"caption\":\"NouBarris.Net\"},\"image\":{\"@id\":\"https:\/\/www.noubarris.net\/web40\/#\/schema\/logo\/image\/\"},\"sameAs\":[\"https:\/\/www.facebook.com\/NouBarris.net\/?locale=es_ES\",\"https:\/\/x.com\/9BTV\"]},{\"@type\":\"Person\",\"@id\":\"https:\/\/www.noubarris.net\/web40\/#\/schema\/person\/1827f92aaa316c54abbf4dac0de76069\",\"name\":\"Informatius\",\"image\":{\"@type\":\"ImageObject\",\"inLanguage\":\"ca\",\"@id\":\"https:\/\/www.noubarris.net\/web40\/#\/schema\/person\/image\/\",\"url\":\"https:\/\/secure.gravatar.com\/avatar\/87a3b47928835fc72c6ee5b0e1a7263ef0c2d05003a98189bc14926c5f11bcdb?s=96&d=mm&r=g\",\"contentUrl\":\"https:\/\/secure.gravatar.com\/avatar\/87a3b47928835fc72c6ee5b0e1a7263ef0c2d05003a98189bc14926c5f11bcdb?s=96&d=mm&r=g\",\"caption\":\"Informatius\"},\"url\":\"https:\/\/www.noubarris.net\/web40\/author\/tele\/\"}]}<\/script>\n<!-- \/ Yoast SEO plugin. -->","yoast_head_json":{"title":"10 anys Relligant Nou Barris: Rec Comtal - NouBarris.Net","robots":{"index":"index","follow":"follow","max-snippet":"max-snippet:-1","max-image-preview":"max-image-preview:large","max-video-preview":"max-video-preview:-1"},"canonical":"https:\/\/www.noubarris.net\/web40\/10-anys-relligant-nou-barris-rec-comtal\/","og_locale":"ca_ES","og_type":"article","og_title":"10 anys Relligant Nou Barris: Rec Comtal - NouBarris.Net","og_description":"El museu virtual compta amb una cinquantena de punts d\u2019inter\u00e8s repartits per tot Nou Barris &nbsp; Enguany\u00a0es compleixen 10 anys","og_url":"https:\/\/www.noubarris.net\/web40\/10-anys-relligant-nou-barris-rec-comtal\/","og_site_name":"NouBarris.Net","article_publisher":"https:\/\/www.facebook.com\/NouBarris.net\/?locale=es_ES","article_published_time":"2023-08-24T22:00:51+00:00","og_image":[{"width":768,"height":432,"url":"https:\/\/www.noubarris.net\/web40\/wp-content\/uploads\/2023\/07\/130723.jpg","type":"image\/jpeg"}],"author":"Informatius","twitter_card":"summary_large_image","twitter_creator":"@9BTV","twitter_site":"@9BTV","twitter_misc":{"Escrit per":"Informatius","Temps estimat de lectura":"4 minuts"},"schema":{"@context":"https:\/\/schema.org","@graph":[{"@type":"Article","@id":"https:\/\/www.noubarris.net\/web40\/10-anys-relligant-nou-barris-rec-comtal\/#article","isPartOf":{"@id":"https:\/\/www.noubarris.net\/web40\/10-anys-relligant-nou-barris-rec-comtal\/"},"author":{"name":"Informatius","@id":"https:\/\/www.noubarris.net\/web40\/#\/schema\/person\/1827f92aaa316c54abbf4dac0de76069"},"headline":"10 anys Relligant Nou Barris: Rec Comtal","datePublished":"2023-08-24T22:00:51+00:00","mainEntityOfPage":{"@id":"https:\/\/www.noubarris.net\/web40\/10-anys-relligant-nou-barris-rec-comtal\/"},"wordCount":577,"publisher":{"@id":"https:\/\/www.noubarris.net\/web40\/#organization"},"image":{"@id":"https:\/\/www.noubarris.net\/web40\/10-anys-relligant-nou-barris-rec-comtal\/#primaryimage"},"thumbnailUrl":"https:\/\/www.noubarris.net\/web40\/wp-content\/uploads\/2023\/07\/130723.jpg","keywords":["Rec Comtal","Relligant Nou Barris"],"articleSection":["Cultura","Nou Barris","Vallbona"],"inLanguage":"ca"},{"@type":"WebPage","@id":"https:\/\/www.noubarris.net\/web40\/10-anys-relligant-nou-barris-rec-comtal\/","url":"https:\/\/www.noubarris.net\/web40\/10-anys-relligant-nou-barris-rec-comtal\/","name":"10 anys Relligant Nou Barris: Rec Comtal - NouBarris.Net","isPartOf":{"@id":"https:\/\/www.noubarris.net\/web40\/#website"},"primaryImageOfPage":{"@id":"https:\/\/www.noubarris.net\/web40\/10-anys-relligant-nou-barris-rec-comtal\/#primaryimage"},"image":{"@id":"https:\/\/www.noubarris.net\/web40\/10-anys-relligant-nou-barris-rec-comtal\/#primaryimage"},"thumbnailUrl":"https:\/\/www.noubarris.net\/web40\/wp-content\/uploads\/2023\/07\/130723.jpg","datePublished":"2023-08-24T22:00:51+00:00","breadcrumb":{"@id":"https:\/\/www.noubarris.net\/web40\/10-anys-relligant-nou-barris-rec-comtal\/#breadcrumb"},"inLanguage":"ca","potentialAction":[{"@type":"ReadAction","target":["https:\/\/www.noubarris.net\/web40\/10-anys-relligant-nou-barris-rec-comtal\/"]}]},{"@type":"ImageObject","inLanguage":"ca","@id":"https:\/\/www.noubarris.net\/web40\/10-anys-relligant-nou-barris-rec-comtal\/#primaryimage","url":"https:\/\/www.noubarris.net\/web40\/wp-content\/uploads\/2023\/07\/130723.jpg","contentUrl":"https:\/\/www.noubarris.net\/web40\/wp-content\/uploads\/2023\/07\/130723.jpg","width":768,"height":432},{"@type":"BreadcrumbList","@id":"https:\/\/www.noubarris.net\/web40\/10-anys-relligant-nou-barris-rec-comtal\/#breadcrumb","itemListElement":[{"@type":"ListItem","position":1,"name":"Inici","item":"https:\/\/www.noubarris.net\/web40\/"},{"@type":"ListItem","position":2,"name":"10 anys Relligant Nou Barris: Rec Comtal"}]},{"@type":"WebSite","@id":"https:\/\/www.noubarris.net\/web40\/#website","url":"https:\/\/www.noubarris.net\/web40\/","name":"NouBarris.Net","description":"Seguint la vida de Nou Barris des de 1985","publisher":{"@id":"https:\/\/www.noubarris.net\/web40\/#organization"},"potentialAction":[{"@type":"SearchAction","target":{"@type":"EntryPoint","urlTemplate":"https:\/\/www.noubarris.net\/web40\/?s={search_term_string}"},"query-input":{"@type":"PropertyValueSpecification","valueRequired":true,"valueName":"search_term_string"}}],"inLanguage":"ca"},{"@type":"Organization","@id":"https:\/\/www.noubarris.net\/web40\/#organization","name":"NouBarris.Net","url":"https:\/\/www.noubarris.net\/web40\/","logo":{"@type":"ImageObject","inLanguage":"ca","@id":"https:\/\/www.noubarris.net\/web40\/#\/schema\/logo\/image\/","url":"https:\/\/www.noubarris.net\/web40\/wp-content\/uploads\/2024\/11\/cropped-cropped-LOGO_9BTV-2024_Insta-1.jpg","contentUrl":"https:\/\/www.noubarris.net\/web40\/wp-content\/uploads\/2024\/11\/cropped-cropped-LOGO_9BTV-2024_Insta-1.jpg","width":512,"height":512,"caption":"NouBarris.Net"},"image":{"@id":"https:\/\/www.noubarris.net\/web40\/#\/schema\/logo\/image\/"},"sameAs":["https:\/\/www.facebook.com\/NouBarris.net\/?locale=es_ES","https:\/\/x.com\/9BTV"]},{"@type":"Person","@id":"https:\/\/www.noubarris.net\/web40\/#\/schema\/person\/1827f92aaa316c54abbf4dac0de76069","name":"Informatius","image":{"@type":"ImageObject","inLanguage":"ca","@id":"https:\/\/www.noubarris.net\/web40\/#\/schema\/person\/image\/","url":"https:\/\/secure.gravatar.com\/avatar\/87a3b47928835fc72c6ee5b0e1a7263ef0c2d05003a98189bc14926c5f11bcdb?s=96&d=mm&r=g","contentUrl":"https:\/\/secure.gravatar.com\/avatar\/87a3b47928835fc72c6ee5b0e1a7263ef0c2d05003a98189bc14926c5f11bcdb?s=96&d=mm&r=g","caption":"Informatius"},"url":"https:\/\/www.noubarris.net\/web40\/author\/tele\/"}]}},"_links":{"self":[{"href":"https:\/\/www.noubarris.net\/web40\/wp-json\/wp\/v2\/posts\/81464","targetHints":{"allow":["GET"]}}],"collection":[{"href":"https:\/\/www.noubarris.net\/web40\/wp-json\/wp\/v2\/posts"}],"about":[{"href":"https:\/\/www.noubarris.net\/web40\/wp-json\/wp\/v2\/types\/post"}],"author":[{"embeddable":true,"href":"https:\/\/www.noubarris.net\/web40\/wp-json\/wp\/v2\/users\/2"}],"replies":[{"embeddable":true,"href":"https:\/\/www.noubarris.net\/web40\/wp-json\/wp\/v2\/comments?post=81464"}],"version-history":[{"count":1,"href":"https:\/\/www.noubarris.net\/web40\/wp-json\/wp\/v2\/posts\/81464\/revisions"}],"predecessor-version":[{"id":81465,"href":"https:\/\/www.noubarris.net\/web40\/wp-json\/wp\/v2\/posts\/81464\/revisions\/81465"}],"wp:featuredmedia":[{"embeddable":true,"href":"https:\/\/www.noubarris.net\/web40\/wp-json\/wp\/v2\/media\/81339"}],"wp:attachment":[{"href":"https:\/\/www.noubarris.net\/web40\/wp-json\/wp\/v2\/media?parent=81464"}],"wp:term":[{"taxonomy":"category","embeddable":true,"href":"https:\/\/www.noubarris.net\/web40\/wp-json\/wp\/v2\/categories?post=81464"},{"taxonomy":"post_tag","embeddable":true,"href":"https:\/\/www.noubarris.net\/web40\/wp-json\/wp\/v2\/tags?post=81464"}],"curies":[{"name":"wp","href":"https:\/\/api.w.org\/{rel}","templated":true}]}}