{"id":81472,"date":"2023-08-30T00:00:45","date_gmt":"2023-08-29T22:00:45","guid":{"rendered":"http:\/\/www.noubarris.net\/web40\/?p=81472"},"modified":"2023-07-25T13:49:07","modified_gmt":"2023-07-25T11:49:07","slug":"10-anys-relligant-nou-barris-cementiri-de-sant-andreu","status":"publish","type":"post","link":"https:\/\/www.noubarris.net\/web40\/10-anys-relligant-nou-barris-cementiri-de-sant-andreu\/","title":{"rendered":"10 anys Relligant Nou Barris: Cementiri de Sant Andreu"},"content":{"rendered":"<p><strong>El museu virtual compta amb una cinquantena de punts d\u2019inter\u00e8s repartits per tot Nou Barris<\/strong><\/p>\n<p>&nbsp;<\/p>\n<p>Enguany\u00a0<a href=\"https:\/\/www.noubarris.net\/web40\/?p=63316\">es compleixen 10 anys des que es va inaugurar oficialment el Relligant Nou Barris<\/a>, un projecte que, a partir de codis QR, va construir un museu virtual de la hist\u00f2ria i el patrimoni del nostre districte. Aquests codis QR es poden llegir amb el m\u00f2bil o tauletes electr\u00f2niques i\u00a0<a href=\"https:\/\/www.noubarris.net\/relligantnb\/\">redireccionen a la p\u00e0gina web del projecte<\/a>. All\u00e0, es pot consultar la hist\u00f2ria de l\u2019element concret i veure un v\u00eddeo explicatiu. Masies, aq\u00fceductes, equipaments, places, lluites\u2026 de mica en mica des de Projectart-Nou Barris TV s\u2019ha anat engreixant aquesta base de dades, amb la col\u00b7laboraci\u00f3 sempre de l\u2019Arxiu Hist\u00f2ric de Roquetes-Nou Barris i el Grup d\u2019Hist\u00f2ria de Can Bast\u00e9.<\/p>\n<p>&nbsp;<\/p>\n<p>Aquests dies us recollim alguns dels fets i curiositats que trobareu al Relligant Nou Barris. Avui toca la hist\u00f2ria del Cementiri de Sant Andreu.<\/p>\n<p>&nbsp;<\/p>\n<p>L\u2019origen del recinte es remunta a l\u2019edat mitjana, quan el cementiri parroquial de Sant Andreu de Palomar es va quedar petit. A partir de l\u2019any 1837, l\u2019Ajuntament de la vila va decidir enderrocar l\u2019esgl\u00e9sia per fer-ne una de nova, i va buscar un nou empla\u00e7ament per a la necr\u00f2polis, fora de l\u2019\u00e0mbit urb\u00e0 per\u00f2 proper i en un indret exempt de riuades. Inicialment es va proposar ubicar-lo on ara hi ha el barri de la Prosperitat, per\u00f2 finalment es va triar els terrenys de la masia de Can Cal\u00e7.<\/p>\n<p><iframe loading=\"lazy\" src=\"http:\/\/www.youtube.com\/embed\/TcAPYmxS6Og\" width=\"640\" height=\"360\" frameborder=\"0\" allowfullscreen=\"allowfullscreen\" data-mce-fragment=\"1\"><\/iframe><\/p>\n<p>Era un espai tranquil ben a prop del cam\u00ed de Sant Andreu a Horta (l\u2019actual carrer de Piferrer) i situat en una petita elevaci\u00f3 a resguard de la riera de Sant Andreu. L\u2019any 1839 es va inaugurar i beneir el nou cementiri. Aleshores es va fer popular la dita \u201cse n\u2019ha anat a Can Borr\u00e0s\u201d quan alg\u00fa moria.<\/p>\n<p><iframe loading=\"lazy\" src=\"https:\/\/www.youtube.com\/embed\/P9PJ5CNCePM\" width=\"640\" height=\"360\" frameborder=\"0\" allowfullscreen=\"allowfullscreen\" data-mce-fragment=\"1\"><\/iframe><\/p>\n<p><em>Si fas servir un tel\u00e8fon intel\u00b7ligent o tauleta, gaudir\u00e0s m\u00e9s de l\u2019experi\u00e8ncia obrint<br \/>\n<\/em><em>el v\u00eddeo en mode ulleres 360\u00ba a\u00a0<\/em><strong><em><a href=\"https:\/\/www.youtube.com\/embed\/P9PJ5CNCePM\">l\u2019App de YouTube<\/a>\u00a0.<\/em><\/strong><\/p>\n<p><a href=\"http:\/\/www.noubarris.net\/relligantnb\/?attachment_id=883\"><img loading=\"lazy\" decoding=\"async\" class=\" wp-image-883 alignright\" title=\"Entrada del cementiri de Sant Andreu\" src=\"http:\/\/www.noubarris.net\/relligantnb\/wp-content\/uploads\/marc2_CEMENTIRI_ENTRADA-300x216.png\" sizes=\"auto, (max-width: 300px) 100vw, 300px\" srcset=\"https:\/\/www.noubarris.net\/relligantnb\/wp-content\/uploads\/marc2_CEMENTIRI_ENTRADA-300x216.png 300w, https:\/\/www.noubarris.net\/relligantnb\/wp-content\/uploads\/marc2_CEMENTIRI_ENTRADA-768x553.png 768w, https:\/\/www.noubarris.net\/relligantnb\/wp-content\/uploads\/marc2_CEMENTIRI_ENTRADA-150x108.png 150w, https:\/\/www.noubarris.net\/relligantnb\/wp-content\/uploads\/marc2_CEMENTIRI_ENTRADA.png 800w\" alt=\"Entrada del cementiri de Sant Andreu\" width=\"300\" height=\"216\" \/><\/a><\/p>\n<p>&nbsp;<\/p>\n<p>Amb l\u2019agregaci\u00f3 de Sant Andreu a Barcelona l\u2019any 1897, el cementiri va passar a ser de propietat municipal. A mesura que la poblaci\u00f3 va augmentar, el recinte va ser ampliat i reformat, amb l\u2019adquisici\u00f3 de nous terrenys. La darrera ampliaci\u00f3 \u00e9s del 1919. La fa\u00e7ana actual del carrer dels Garrofers data del 1927, mentre que la capella es va construir cap al 1930. L\u2019interior del cementiri reflecteix aquestes reformes i \u00e9s per aix\u00f2 que es poden distingir dues zones: la de 1839 i la del segle XX.<\/p>\n<p><a href=\"http:\/\/www.noubarris.net\/relligantnb\/?attachment_id=884\"><img loading=\"lazy\" decoding=\"async\" class=\" wp-image-884 alignleft\" title=\"Soldat\" src=\"http:\/\/www.noubarris.net\/relligantnb\/wp-content\/uploads\/marc1_CEMENTIRI_SOLDAT-V-216x300.png\" sizes=\"auto, (max-width: 216px) 100vw, 216px\" srcset=\"https:\/\/www.noubarris.net\/relligantnb\/wp-content\/uploads\/marc1_CEMENTIRI_SOLDAT-V-216x300.png 216w, https:\/\/www.noubarris.net\/relligantnb\/wp-content\/uploads\/marc1_CEMENTIRI_SOLDAT-V.png 432w\" alt=\"Soldat\" width=\"216\" height=\"300\" \/><\/a><\/p>\n<p>&nbsp;<\/p>\n<p>A la placeta d\u2019entrada es troben els panteons de fam\u00edlies importants com els Bast\u00e9, els Fabra o els Guix. Una de les tombes m\u00e9s visitades \u00e9s la del capell\u00e0 Francesc Pla, conegut com el santet de Sant Andreu. Va ser un seminarista jove a qui el bisbe va prohibir dir missa perqu\u00e8 la seva mare practicava l\u2019espiritisme. Es diu que va morir de pena. Tamb\u00e9 \u00e9s molt popular la del poeta i dramaturg andreuenc Ignasi Iglesias, mort el 1928.<\/p>\n<p>Una de les peculiaritats del cementiri \u00e9s que cont\u00e9 un recinte hebreu amb tombes directament sota terra i amb vegetaci\u00f3, seguint la tradici\u00f3 jueva. A m\u00e9s, hi ha una zona reservada a enterraments de cristians protestants. Un altre espai singular del cementiri \u00e9s el Pante\u00f3 del Soldat, erigit el 1940, un espai monumental dedicat als soldats franquistes morts sense recursos. Despr\u00e9s d\u2019una s\u00e8rie d\u2019actes vand\u00e0lics, s\u2019hi van eliminar els s\u00edmbols feixistes el 2010. L\u2019any 2012 es va iniciar la remodelaci\u00f3 del mur que envolta el cementiri i se\u2019n va recuperar la pedra original.<\/p>\n<p>&nbsp;<\/p>\n","protected":false},"excerpt":{"rendered":"<p>El museu virtual compta amb una cinquantena de punts d\u2019inter\u00e8s repartits per tot Nou Barris &nbsp; Enguany\u00a0es compleixen 10 anys<\/p>\n","protected":false},"author":2,"featured_media":81339,"comment_status":"closed","ping_status":"closed","sticky":false,"template":"","format":"standard","meta":{"colormag_page_layout":"default_layout","_monsterinsights_skip_tracking":false,"_monsterinsights_sitenote_active":false,"_monsterinsights_sitenote_note":"","_monsterinsights_sitenote_category":0,"footnotes":""},"categories":[129,1,134],"tags":[228,44,242],"class_list":["post-81472","post","type-post","status-publish","format-standard","has-post-thumbnail","hentry","category-cultura","category-nou-barris","category-porta","tag-cementiri-de-sant-andreu","tag-porta","tag-relligant-nou-barris"],"yoast_head":"<!-- This site is optimized with the Yoast SEO plugin v25.3 - https:\/\/yoast.com\/wordpress\/plugins\/seo\/ -->\n<title>10 anys Relligant Nou Barris: Cementiri de Sant Andreu - NouBarris.Net<\/title>\n<meta name=\"robots\" content=\"index, follow, max-snippet:-1, max-image-preview:large, max-video-preview:-1\" \/>\n<link rel=\"canonical\" href=\"https:\/\/www.noubarris.net\/web40\/10-anys-relligant-nou-barris-cementiri-de-sant-andreu\/\" \/>\n<meta property=\"og:locale\" content=\"ca_ES\" \/>\n<meta property=\"og:type\" content=\"article\" \/>\n<meta property=\"og:title\" content=\"10 anys Relligant Nou Barris: Cementiri de Sant Andreu - NouBarris.Net\" \/>\n<meta property=\"og:description\" content=\"El museu virtual compta amb una cinquantena de punts d\u2019inter\u00e8s repartits per tot Nou Barris &nbsp; Enguany\u00a0es compleixen 10 anys\" \/>\n<meta property=\"og:url\" content=\"https:\/\/www.noubarris.net\/web40\/10-anys-relligant-nou-barris-cementiri-de-sant-andreu\/\" \/>\n<meta property=\"og:site_name\" content=\"NouBarris.Net\" \/>\n<meta property=\"article:publisher\" content=\"https:\/\/www.facebook.com\/NouBarris.net\/?locale=es_ES\" \/>\n<meta property=\"article:published_time\" content=\"2023-08-29T22:00:45+00:00\" \/>\n<meta property=\"og:image\" content=\"https:\/\/www.noubarris.net\/web40\/wp-content\/uploads\/2023\/07\/130723.jpg\" \/>\n\t<meta property=\"og:image:width\" content=\"768\" \/>\n\t<meta property=\"og:image:height\" content=\"432\" \/>\n\t<meta property=\"og:image:type\" content=\"image\/jpeg\" \/>\n<meta name=\"author\" content=\"Informatius\" \/>\n<meta name=\"twitter:card\" content=\"summary_large_image\" \/>\n<meta name=\"twitter:creator\" content=\"@9BTV\" \/>\n<meta name=\"twitter:site\" content=\"@9BTV\" \/>\n<meta name=\"twitter:label1\" content=\"Escrit per\" \/>\n\t<meta name=\"twitter:data1\" content=\"Informatius\" \/>\n\t<meta name=\"twitter:label2\" content=\"Temps estimat de lectura\" \/>\n\t<meta name=\"twitter:data2\" content=\"4 minuts\" \/>\n<script type=\"application\/ld+json\" class=\"yoast-schema-graph\">{\"@context\":\"https:\/\/schema.org\",\"@graph\":[{\"@type\":\"Article\",\"@id\":\"https:\/\/www.noubarris.net\/web40\/10-anys-relligant-nou-barris-cementiri-de-sant-andreu\/#article\",\"isPartOf\":{\"@id\":\"https:\/\/www.noubarris.net\/web40\/10-anys-relligant-nou-barris-cementiri-de-sant-andreu\/\"},\"author\":{\"name\":\"Informatius\",\"@id\":\"https:\/\/www.noubarris.net\/web40\/#\/schema\/person\/1827f92aaa316c54abbf4dac0de76069\"},\"headline\":\"10 anys Relligant Nou Barris: Cementiri de Sant Andreu\",\"datePublished\":\"2023-08-29T22:00:45+00:00\",\"mainEntityOfPage\":{\"@id\":\"https:\/\/www.noubarris.net\/web40\/10-anys-relligant-nou-barris-cementiri-de-sant-andreu\/\"},\"wordCount\":635,\"publisher\":{\"@id\":\"https:\/\/www.noubarris.net\/web40\/#organization\"},\"image\":{\"@id\":\"https:\/\/www.noubarris.net\/web40\/10-anys-relligant-nou-barris-cementiri-de-sant-andreu\/#primaryimage\"},\"thumbnailUrl\":\"https:\/\/www.noubarris.net\/web40\/wp-content\/uploads\/2023\/07\/130723.jpg\",\"keywords\":[\"Cementiri de Sant Andreu\",\"Porta\",\"Relligant Nou Barris\"],\"articleSection\":[\"Cultura\",\"Nou Barris\",\"Porta\"],\"inLanguage\":\"ca\"},{\"@type\":\"WebPage\",\"@id\":\"https:\/\/www.noubarris.net\/web40\/10-anys-relligant-nou-barris-cementiri-de-sant-andreu\/\",\"url\":\"https:\/\/www.noubarris.net\/web40\/10-anys-relligant-nou-barris-cementiri-de-sant-andreu\/\",\"name\":\"10 anys Relligant Nou Barris: Cementiri de Sant Andreu - NouBarris.Net\",\"isPartOf\":{\"@id\":\"https:\/\/www.noubarris.net\/web40\/#website\"},\"primaryImageOfPage\":{\"@id\":\"https:\/\/www.noubarris.net\/web40\/10-anys-relligant-nou-barris-cementiri-de-sant-andreu\/#primaryimage\"},\"image\":{\"@id\":\"https:\/\/www.noubarris.net\/web40\/10-anys-relligant-nou-barris-cementiri-de-sant-andreu\/#primaryimage\"},\"thumbnailUrl\":\"https:\/\/www.noubarris.net\/web40\/wp-content\/uploads\/2023\/07\/130723.jpg\",\"datePublished\":\"2023-08-29T22:00:45+00:00\",\"breadcrumb\":{\"@id\":\"https:\/\/www.noubarris.net\/web40\/10-anys-relligant-nou-barris-cementiri-de-sant-andreu\/#breadcrumb\"},\"inLanguage\":\"ca\",\"potentialAction\":[{\"@type\":\"ReadAction\",\"target\":[\"https:\/\/www.noubarris.net\/web40\/10-anys-relligant-nou-barris-cementiri-de-sant-andreu\/\"]}]},{\"@type\":\"ImageObject\",\"inLanguage\":\"ca\",\"@id\":\"https:\/\/www.noubarris.net\/web40\/10-anys-relligant-nou-barris-cementiri-de-sant-andreu\/#primaryimage\",\"url\":\"https:\/\/www.noubarris.net\/web40\/wp-content\/uploads\/2023\/07\/130723.jpg\",\"contentUrl\":\"https:\/\/www.noubarris.net\/web40\/wp-content\/uploads\/2023\/07\/130723.jpg\",\"width\":768,\"height\":432},{\"@type\":\"BreadcrumbList\",\"@id\":\"https:\/\/www.noubarris.net\/web40\/10-anys-relligant-nou-barris-cementiri-de-sant-andreu\/#breadcrumb\",\"itemListElement\":[{\"@type\":\"ListItem\",\"position\":1,\"name\":\"Inici\",\"item\":\"https:\/\/www.noubarris.net\/web40\/\"},{\"@type\":\"ListItem\",\"position\":2,\"name\":\"10 anys Relligant Nou Barris: Cementiri de Sant Andreu\"}]},{\"@type\":\"WebSite\",\"@id\":\"https:\/\/www.noubarris.net\/web40\/#website\",\"url\":\"https:\/\/www.noubarris.net\/web40\/\",\"name\":\"NouBarris.Net\",\"description\":\"Seguint la vida de Nou Barris des de 1985\",\"publisher\":{\"@id\":\"https:\/\/www.noubarris.net\/web40\/#organization\"},\"potentialAction\":[{\"@type\":\"SearchAction\",\"target\":{\"@type\":\"EntryPoint\",\"urlTemplate\":\"https:\/\/www.noubarris.net\/web40\/?s={search_term_string}\"},\"query-input\":{\"@type\":\"PropertyValueSpecification\",\"valueRequired\":true,\"valueName\":\"search_term_string\"}}],\"inLanguage\":\"ca\"},{\"@type\":\"Organization\",\"@id\":\"https:\/\/www.noubarris.net\/web40\/#organization\",\"name\":\"NouBarris.Net\",\"url\":\"https:\/\/www.noubarris.net\/web40\/\",\"logo\":{\"@type\":\"ImageObject\",\"inLanguage\":\"ca\",\"@id\":\"https:\/\/www.noubarris.net\/web40\/#\/schema\/logo\/image\/\",\"url\":\"https:\/\/www.noubarris.net\/web40\/wp-content\/uploads\/2024\/11\/cropped-cropped-LOGO_9BTV-2024_Insta-1.jpg\",\"contentUrl\":\"https:\/\/www.noubarris.net\/web40\/wp-content\/uploads\/2024\/11\/cropped-cropped-LOGO_9BTV-2024_Insta-1.jpg\",\"width\":512,\"height\":512,\"caption\":\"NouBarris.Net\"},\"image\":{\"@id\":\"https:\/\/www.noubarris.net\/web40\/#\/schema\/logo\/image\/\"},\"sameAs\":[\"https:\/\/www.facebook.com\/NouBarris.net\/?locale=es_ES\",\"https:\/\/x.com\/9BTV\"]},{\"@type\":\"Person\",\"@id\":\"https:\/\/www.noubarris.net\/web40\/#\/schema\/person\/1827f92aaa316c54abbf4dac0de76069\",\"name\":\"Informatius\",\"image\":{\"@type\":\"ImageObject\",\"inLanguage\":\"ca\",\"@id\":\"https:\/\/www.noubarris.net\/web40\/#\/schema\/person\/image\/\",\"url\":\"https:\/\/secure.gravatar.com\/avatar\/87a3b47928835fc72c6ee5b0e1a7263ef0c2d05003a98189bc14926c5f11bcdb?s=96&d=mm&r=g\",\"contentUrl\":\"https:\/\/secure.gravatar.com\/avatar\/87a3b47928835fc72c6ee5b0e1a7263ef0c2d05003a98189bc14926c5f11bcdb?s=96&d=mm&r=g\",\"caption\":\"Informatius\"},\"url\":\"https:\/\/www.noubarris.net\/web40\/author\/tele\/\"}]}<\/script>\n<!-- \/ Yoast SEO plugin. -->","yoast_head_json":{"title":"10 anys Relligant Nou Barris: Cementiri de Sant Andreu - NouBarris.Net","robots":{"index":"index","follow":"follow","max-snippet":"max-snippet:-1","max-image-preview":"max-image-preview:large","max-video-preview":"max-video-preview:-1"},"canonical":"https:\/\/www.noubarris.net\/web40\/10-anys-relligant-nou-barris-cementiri-de-sant-andreu\/","og_locale":"ca_ES","og_type":"article","og_title":"10 anys Relligant Nou Barris: Cementiri de Sant Andreu - NouBarris.Net","og_description":"El museu virtual compta amb una cinquantena de punts d\u2019inter\u00e8s repartits per tot Nou Barris &nbsp; Enguany\u00a0es compleixen 10 anys","og_url":"https:\/\/www.noubarris.net\/web40\/10-anys-relligant-nou-barris-cementiri-de-sant-andreu\/","og_site_name":"NouBarris.Net","article_publisher":"https:\/\/www.facebook.com\/NouBarris.net\/?locale=es_ES","article_published_time":"2023-08-29T22:00:45+00:00","og_image":[{"width":768,"height":432,"url":"https:\/\/www.noubarris.net\/web40\/wp-content\/uploads\/2023\/07\/130723.jpg","type":"image\/jpeg"}],"author":"Informatius","twitter_card":"summary_large_image","twitter_creator":"@9BTV","twitter_site":"@9BTV","twitter_misc":{"Escrit per":"Informatius","Temps estimat de lectura":"4 minuts"},"schema":{"@context":"https:\/\/schema.org","@graph":[{"@type":"Article","@id":"https:\/\/www.noubarris.net\/web40\/10-anys-relligant-nou-barris-cementiri-de-sant-andreu\/#article","isPartOf":{"@id":"https:\/\/www.noubarris.net\/web40\/10-anys-relligant-nou-barris-cementiri-de-sant-andreu\/"},"author":{"name":"Informatius","@id":"https:\/\/www.noubarris.net\/web40\/#\/schema\/person\/1827f92aaa316c54abbf4dac0de76069"},"headline":"10 anys Relligant Nou Barris: Cementiri de Sant Andreu","datePublished":"2023-08-29T22:00:45+00:00","mainEntityOfPage":{"@id":"https:\/\/www.noubarris.net\/web40\/10-anys-relligant-nou-barris-cementiri-de-sant-andreu\/"},"wordCount":635,"publisher":{"@id":"https:\/\/www.noubarris.net\/web40\/#organization"},"image":{"@id":"https:\/\/www.noubarris.net\/web40\/10-anys-relligant-nou-barris-cementiri-de-sant-andreu\/#primaryimage"},"thumbnailUrl":"https:\/\/www.noubarris.net\/web40\/wp-content\/uploads\/2023\/07\/130723.jpg","keywords":["Cementiri de Sant Andreu","Porta","Relligant Nou Barris"],"articleSection":["Cultura","Nou Barris","Porta"],"inLanguage":"ca"},{"@type":"WebPage","@id":"https:\/\/www.noubarris.net\/web40\/10-anys-relligant-nou-barris-cementiri-de-sant-andreu\/","url":"https:\/\/www.noubarris.net\/web40\/10-anys-relligant-nou-barris-cementiri-de-sant-andreu\/","name":"10 anys Relligant Nou Barris: Cementiri de Sant Andreu - NouBarris.Net","isPartOf":{"@id":"https:\/\/www.noubarris.net\/web40\/#website"},"primaryImageOfPage":{"@id":"https:\/\/www.noubarris.net\/web40\/10-anys-relligant-nou-barris-cementiri-de-sant-andreu\/#primaryimage"},"image":{"@id":"https:\/\/www.noubarris.net\/web40\/10-anys-relligant-nou-barris-cementiri-de-sant-andreu\/#primaryimage"},"thumbnailUrl":"https:\/\/www.noubarris.net\/web40\/wp-content\/uploads\/2023\/07\/130723.jpg","datePublished":"2023-08-29T22:00:45+00:00","breadcrumb":{"@id":"https:\/\/www.noubarris.net\/web40\/10-anys-relligant-nou-barris-cementiri-de-sant-andreu\/#breadcrumb"},"inLanguage":"ca","potentialAction":[{"@type":"ReadAction","target":["https:\/\/www.noubarris.net\/web40\/10-anys-relligant-nou-barris-cementiri-de-sant-andreu\/"]}]},{"@type":"ImageObject","inLanguage":"ca","@id":"https:\/\/www.noubarris.net\/web40\/10-anys-relligant-nou-barris-cementiri-de-sant-andreu\/#primaryimage","url":"https:\/\/www.noubarris.net\/web40\/wp-content\/uploads\/2023\/07\/130723.jpg","contentUrl":"https:\/\/www.noubarris.net\/web40\/wp-content\/uploads\/2023\/07\/130723.jpg","width":768,"height":432},{"@type":"BreadcrumbList","@id":"https:\/\/www.noubarris.net\/web40\/10-anys-relligant-nou-barris-cementiri-de-sant-andreu\/#breadcrumb","itemListElement":[{"@type":"ListItem","position":1,"name":"Inici","item":"https:\/\/www.noubarris.net\/web40\/"},{"@type":"ListItem","position":2,"name":"10 anys Relligant Nou Barris: Cementiri de Sant Andreu"}]},{"@type":"WebSite","@id":"https:\/\/www.noubarris.net\/web40\/#website","url":"https:\/\/www.noubarris.net\/web40\/","name":"NouBarris.Net","description":"Seguint la vida de Nou Barris des de 1985","publisher":{"@id":"https:\/\/www.noubarris.net\/web40\/#organization"},"potentialAction":[{"@type":"SearchAction","target":{"@type":"EntryPoint","urlTemplate":"https:\/\/www.noubarris.net\/web40\/?s={search_term_string}"},"query-input":{"@type":"PropertyValueSpecification","valueRequired":true,"valueName":"search_term_string"}}],"inLanguage":"ca"},{"@type":"Organization","@id":"https:\/\/www.noubarris.net\/web40\/#organization","name":"NouBarris.Net","url":"https:\/\/www.noubarris.net\/web40\/","logo":{"@type":"ImageObject","inLanguage":"ca","@id":"https:\/\/www.noubarris.net\/web40\/#\/schema\/logo\/image\/","url":"https:\/\/www.noubarris.net\/web40\/wp-content\/uploads\/2024\/11\/cropped-cropped-LOGO_9BTV-2024_Insta-1.jpg","contentUrl":"https:\/\/www.noubarris.net\/web40\/wp-content\/uploads\/2024\/11\/cropped-cropped-LOGO_9BTV-2024_Insta-1.jpg","width":512,"height":512,"caption":"NouBarris.Net"},"image":{"@id":"https:\/\/www.noubarris.net\/web40\/#\/schema\/logo\/image\/"},"sameAs":["https:\/\/www.facebook.com\/NouBarris.net\/?locale=es_ES","https:\/\/x.com\/9BTV"]},{"@type":"Person","@id":"https:\/\/www.noubarris.net\/web40\/#\/schema\/person\/1827f92aaa316c54abbf4dac0de76069","name":"Informatius","image":{"@type":"ImageObject","inLanguage":"ca","@id":"https:\/\/www.noubarris.net\/web40\/#\/schema\/person\/image\/","url":"https:\/\/secure.gravatar.com\/avatar\/87a3b47928835fc72c6ee5b0e1a7263ef0c2d05003a98189bc14926c5f11bcdb?s=96&d=mm&r=g","contentUrl":"https:\/\/secure.gravatar.com\/avatar\/87a3b47928835fc72c6ee5b0e1a7263ef0c2d05003a98189bc14926c5f11bcdb?s=96&d=mm&r=g","caption":"Informatius"},"url":"https:\/\/www.noubarris.net\/web40\/author\/tele\/"}]}},"_links":{"self":[{"href":"https:\/\/www.noubarris.net\/web40\/wp-json\/wp\/v2\/posts\/81472","targetHints":{"allow":["GET"]}}],"collection":[{"href":"https:\/\/www.noubarris.net\/web40\/wp-json\/wp\/v2\/posts"}],"about":[{"href":"https:\/\/www.noubarris.net\/web40\/wp-json\/wp\/v2\/types\/post"}],"author":[{"embeddable":true,"href":"https:\/\/www.noubarris.net\/web40\/wp-json\/wp\/v2\/users\/2"}],"replies":[{"embeddable":true,"href":"https:\/\/www.noubarris.net\/web40\/wp-json\/wp\/v2\/comments?post=81472"}],"version-history":[{"count":1,"href":"https:\/\/www.noubarris.net\/web40\/wp-json\/wp\/v2\/posts\/81472\/revisions"}],"predecessor-version":[{"id":81473,"href":"https:\/\/www.noubarris.net\/web40\/wp-json\/wp\/v2\/posts\/81472\/revisions\/81473"}],"wp:featuredmedia":[{"embeddable":true,"href":"https:\/\/www.noubarris.net\/web40\/wp-json\/wp\/v2\/media\/81339"}],"wp:attachment":[{"href":"https:\/\/www.noubarris.net\/web40\/wp-json\/wp\/v2\/media?parent=81472"}],"wp:term":[{"taxonomy":"category","embeddable":true,"href":"https:\/\/www.noubarris.net\/web40\/wp-json\/wp\/v2\/categories?post=81472"},{"taxonomy":"post_tag","embeddable":true,"href":"https:\/\/www.noubarris.net\/web40\/wp-json\/wp\/v2\/tags?post=81472"}],"curies":[{"name":"wp","href":"https:\/\/api.w.org\/{rel}","templated":true}]}}