{"id":81560,"date":"2023-09-12T00:00:44","date_gmt":"2023-09-11T22:00:44","guid":{"rendered":"http:\/\/www.noubarris.net\/web40\/?p=81560"},"modified":"2023-09-11T10:29:57","modified_gmt":"2023-09-11T08:29:57","slug":"obres-de-pavimentacio-i-talls-de-transit-a-lavinguda-dels-quinze","status":"publish","type":"post","link":"https:\/\/www.noubarris.net\/web40\/obres-de-pavimentacio-i-talls-de-transit-a-lavinguda-dels-quinze\/","title":{"rendered":"Obres de pavimentaci\u00f3 i talls de tr\u00e0nsit a l&#8217;avinguda dels Quinze"},"content":{"rendered":"<p><strong>De d&#8217;avui i fins al 19 de setembre hi haur\u00e0 treballs entre el passeig de Fabra i Puig i el carrer de Costa i Cuxart<\/strong><\/p>\n<p>Aquest dimarts 12 de setembre comencen els treballs de pavimentaci\u00f3 de la cal\u00e7ada de l\u2019avinguda dels Quinze, en el tram compr\u00e8s entre el passeig de Fabra i Puig i el carrer de Costa i Cuxart. \u00c9s a dir, en el tram que parteix de la pla\u00e7a del Virrei Amat i acaba just on comencen els jardins de Can Xiringoi. Est\u00e0 previst que les obres s&#8217;allarguin fins al 19 de setembre i comportin alteracions al tr\u00e0nsit.<\/p>\n<p>Aix\u00f2 ser\u00e0 sobretot\u00a0 entre el proper cap de setmana, el 16 i 17 de setembre, que entre les 8 i les 20h, el tram afectat passar\u00e0 a tenir un sol carril de circulaci\u00f3 per a vehicles, i un carril bici. Durant aquests dos dies, a m\u00e9s, la parada d\u2019autob\u00fas que hi ha a tocar del carrer de Costa i Cuxart es traslladar\u00e0 al tram previ. Els carrers de Joan Alcover i de Serrano quedaran en atzucac i nom\u00e9s hi podran accedir el ve\u00efnat i els serveis pel carrer del Bar\u00f3 d\u2019Esponell\u00e0.<\/p>\n","protected":false},"excerpt":{"rendered":"<p>De d&#8217;avui i fins al 19 de setembre hi haur\u00e0 treballs entre el passeig de Fabra i Puig i el<\/p>\n","protected":false},"author":2,"featured_media":81562,"comment_status":"closed","ping_status":"closed","sticky":false,"template":"","format":"standard","meta":{"colormag_page_layout":"default_layout","_monsterinsights_skip_tracking":false,"_monsterinsights_sitenote_active":false,"_monsterinsights_sitenote_note":"","_monsterinsights_sitenote_category":0,"footnotes":""},"categories":[302,142],"tags":[360],"class_list":["post-81560","post","type-post","status-publish","format-standard","has-post-thumbnail","hentry","category-urbanisme","category-vilapicina-i-la-torre-llobeta","tag-obres"],"yoast_head":"<!-- This site is optimized with the Yoast SEO plugin v25.3 - https:\/\/yoast.com\/wordpress\/plugins\/seo\/ -->\n<title>Obres de pavimentaci\u00f3 i talls de tr\u00e0nsit a l&#039;avinguda dels Quinze - NouBarris.Net<\/title>\n<meta name=\"robots\" content=\"index, follow, max-snippet:-1, max-image-preview:large, max-video-preview:-1\" \/>\n<link rel=\"canonical\" href=\"https:\/\/www.noubarris.net\/web40\/obres-de-pavimentacio-i-talls-de-transit-a-lavinguda-dels-quinze\/\" \/>\n<meta property=\"og:locale\" content=\"ca_ES\" \/>\n<meta property=\"og:type\" content=\"article\" \/>\n<meta property=\"og:title\" content=\"Obres de pavimentaci\u00f3 i talls de tr\u00e0nsit a l&#039;avinguda dels Quinze - NouBarris.Net\" \/>\n<meta property=\"og:description\" content=\"De d&#8217;avui i fins al 19 de setembre hi haur\u00e0 treballs entre el passeig de Fabra i Puig i el\" \/>\n<meta property=\"og:url\" content=\"https:\/\/www.noubarris.net\/web40\/obres-de-pavimentacio-i-talls-de-transit-a-lavinguda-dels-quinze\/\" \/>\n<meta property=\"og:site_name\" content=\"NouBarris.Net\" \/>\n<meta property=\"article:publisher\" content=\"https:\/\/www.facebook.com\/NouBarris.net\/?locale=es_ES\" \/>\n<meta property=\"article:published_time\" content=\"2023-09-11T22:00:44+00:00\" \/>\n<meta property=\"og:image\" content=\"https:\/\/www.noubarris.net\/web40\/wp-content\/uploads\/2023\/09\/120923_quinze-1.jpg\" \/>\n\t<meta property=\"og:image:width\" content=\"1280\" \/>\n\t<meta property=\"og:image:height\" content=\"720\" \/>\n\t<meta property=\"og:image:type\" content=\"image\/jpeg\" \/>\n<meta name=\"author\" content=\"Informatius\" \/>\n<meta name=\"twitter:card\" content=\"summary_large_image\" \/>\n<meta name=\"twitter:creator\" content=\"@9BTV\" \/>\n<meta name=\"twitter:site\" content=\"@9BTV\" \/>\n<meta name=\"twitter:label1\" content=\"Escrit per\" \/>\n\t<meta name=\"twitter:data1\" content=\"Informatius\" \/>\n\t<meta name=\"twitter:label2\" content=\"Temps estimat de lectura\" \/>\n\t<meta name=\"twitter:data2\" content=\"2 minuts\" \/>\n<script type=\"application\/ld+json\" class=\"yoast-schema-graph\">{\"@context\":\"https:\/\/schema.org\",\"@graph\":[{\"@type\":\"Article\",\"@id\":\"https:\/\/www.noubarris.net\/web40\/obres-de-pavimentacio-i-talls-de-transit-a-lavinguda-dels-quinze\/#article\",\"isPartOf\":{\"@id\":\"https:\/\/www.noubarris.net\/web40\/obres-de-pavimentacio-i-talls-de-transit-a-lavinguda-dels-quinze\/\"},\"author\":{\"name\":\"Informatius\",\"@id\":\"https:\/\/www.noubarris.net\/web40\/#\/schema\/person\/1827f92aaa316c54abbf4dac0de76069\"},\"headline\":\"Obres de pavimentaci\u00f3 i talls de tr\u00e0nsit a l&#8217;avinguda dels Quinze\",\"datePublished\":\"2023-09-11T22:00:44+00:00\",\"mainEntityOfPage\":{\"@id\":\"https:\/\/www.noubarris.net\/web40\/obres-de-pavimentacio-i-talls-de-transit-a-lavinguda-dels-quinze\/\"},\"wordCount\":211,\"publisher\":{\"@id\":\"https:\/\/www.noubarris.net\/web40\/#organization\"},\"image\":{\"@id\":\"https:\/\/www.noubarris.net\/web40\/obres-de-pavimentacio-i-talls-de-transit-a-lavinguda-dels-quinze\/#primaryimage\"},\"thumbnailUrl\":\"https:\/\/www.noubarris.net\/web40\/wp-content\/uploads\/2023\/09\/120923_quinze-1.jpg\",\"keywords\":[\"Obres\"],\"articleSection\":[\"Urbanisme\",\"Vilapicina i la Torre Llobeta\"],\"inLanguage\":\"ca\"},{\"@type\":\"WebPage\",\"@id\":\"https:\/\/www.noubarris.net\/web40\/obres-de-pavimentacio-i-talls-de-transit-a-lavinguda-dels-quinze\/\",\"url\":\"https:\/\/www.noubarris.net\/web40\/obres-de-pavimentacio-i-talls-de-transit-a-lavinguda-dels-quinze\/\",\"name\":\"Obres de pavimentaci\u00f3 i talls de tr\u00e0nsit a l'avinguda dels Quinze - NouBarris.Net\",\"isPartOf\":{\"@id\":\"https:\/\/www.noubarris.net\/web40\/#website\"},\"primaryImageOfPage\":{\"@id\":\"https:\/\/www.noubarris.net\/web40\/obres-de-pavimentacio-i-talls-de-transit-a-lavinguda-dels-quinze\/#primaryimage\"},\"image\":{\"@id\":\"https:\/\/www.noubarris.net\/web40\/obres-de-pavimentacio-i-talls-de-transit-a-lavinguda-dels-quinze\/#primaryimage\"},\"thumbnailUrl\":\"https:\/\/www.noubarris.net\/web40\/wp-content\/uploads\/2023\/09\/120923_quinze-1.jpg\",\"datePublished\":\"2023-09-11T22:00:44+00:00\",\"breadcrumb\":{\"@id\":\"https:\/\/www.noubarris.net\/web40\/obres-de-pavimentacio-i-talls-de-transit-a-lavinguda-dels-quinze\/#breadcrumb\"},\"inLanguage\":\"ca\",\"potentialAction\":[{\"@type\":\"ReadAction\",\"target\":[\"https:\/\/www.noubarris.net\/web40\/obres-de-pavimentacio-i-talls-de-transit-a-lavinguda-dels-quinze\/\"]}]},{\"@type\":\"ImageObject\",\"inLanguage\":\"ca\",\"@id\":\"https:\/\/www.noubarris.net\/web40\/obres-de-pavimentacio-i-talls-de-transit-a-lavinguda-dels-quinze\/#primaryimage\",\"url\":\"https:\/\/www.noubarris.net\/web40\/wp-content\/uploads\/2023\/09\/120923_quinze-1.jpg\",\"contentUrl\":\"https:\/\/www.noubarris.net\/web40\/wp-content\/uploads\/2023\/09\/120923_quinze-1.jpg\",\"width\":1280,\"height\":720},{\"@type\":\"BreadcrumbList\",\"@id\":\"https:\/\/www.noubarris.net\/web40\/obres-de-pavimentacio-i-talls-de-transit-a-lavinguda-dels-quinze\/#breadcrumb\",\"itemListElement\":[{\"@type\":\"ListItem\",\"position\":1,\"name\":\"Inici\",\"item\":\"https:\/\/www.noubarris.net\/web40\/\"},{\"@type\":\"ListItem\",\"position\":2,\"name\":\"Obres de pavimentaci\u00f3 i talls de tr\u00e0nsit a l&#8217;avinguda dels Quinze\"}]},{\"@type\":\"WebSite\",\"@id\":\"https:\/\/www.noubarris.net\/web40\/#website\",\"url\":\"https:\/\/www.noubarris.net\/web40\/\",\"name\":\"NouBarris.Net\",\"description\":\"Seguint la vida de Nou Barris des de 1985\",\"publisher\":{\"@id\":\"https:\/\/www.noubarris.net\/web40\/#organization\"},\"potentialAction\":[{\"@type\":\"SearchAction\",\"target\":{\"@type\":\"EntryPoint\",\"urlTemplate\":\"https:\/\/www.noubarris.net\/web40\/?s={search_term_string}\"},\"query-input\":{\"@type\":\"PropertyValueSpecification\",\"valueRequired\":true,\"valueName\":\"search_term_string\"}}],\"inLanguage\":\"ca\"},{\"@type\":\"Organization\",\"@id\":\"https:\/\/www.noubarris.net\/web40\/#organization\",\"name\":\"NouBarris.Net\",\"url\":\"https:\/\/www.noubarris.net\/web40\/\",\"logo\":{\"@type\":\"ImageObject\",\"inLanguage\":\"ca\",\"@id\":\"https:\/\/www.noubarris.net\/web40\/#\/schema\/logo\/image\/\",\"url\":\"https:\/\/www.noubarris.net\/web40\/wp-content\/uploads\/2024\/11\/cropped-cropped-LOGO_9BTV-2024_Insta-1.jpg\",\"contentUrl\":\"https:\/\/www.noubarris.net\/web40\/wp-content\/uploads\/2024\/11\/cropped-cropped-LOGO_9BTV-2024_Insta-1.jpg\",\"width\":512,\"height\":512,\"caption\":\"NouBarris.Net\"},\"image\":{\"@id\":\"https:\/\/www.noubarris.net\/web40\/#\/schema\/logo\/image\/\"},\"sameAs\":[\"https:\/\/www.facebook.com\/NouBarris.net\/?locale=es_ES\",\"https:\/\/x.com\/9BTV\"]},{\"@type\":\"Person\",\"@id\":\"https:\/\/www.noubarris.net\/web40\/#\/schema\/person\/1827f92aaa316c54abbf4dac0de76069\",\"name\":\"Informatius\",\"image\":{\"@type\":\"ImageObject\",\"inLanguage\":\"ca\",\"@id\":\"https:\/\/www.noubarris.net\/web40\/#\/schema\/person\/image\/\",\"url\":\"https:\/\/secure.gravatar.com\/avatar\/87a3b47928835fc72c6ee5b0e1a7263ef0c2d05003a98189bc14926c5f11bcdb?s=96&d=mm&r=g\",\"contentUrl\":\"https:\/\/secure.gravatar.com\/avatar\/87a3b47928835fc72c6ee5b0e1a7263ef0c2d05003a98189bc14926c5f11bcdb?s=96&d=mm&r=g\",\"caption\":\"Informatius\"},\"url\":\"https:\/\/www.noubarris.net\/web40\/author\/tele\/\"}]}<\/script>\n<!-- \/ Yoast SEO plugin. -->","yoast_head_json":{"title":"Obres de pavimentaci\u00f3 i talls de tr\u00e0nsit a l'avinguda dels Quinze - NouBarris.Net","robots":{"index":"index","follow":"follow","max-snippet":"max-snippet:-1","max-image-preview":"max-image-preview:large","max-video-preview":"max-video-preview:-1"},"canonical":"https:\/\/www.noubarris.net\/web40\/obres-de-pavimentacio-i-talls-de-transit-a-lavinguda-dels-quinze\/","og_locale":"ca_ES","og_type":"article","og_title":"Obres de pavimentaci\u00f3 i talls de tr\u00e0nsit a l'avinguda dels Quinze - NouBarris.Net","og_description":"De d&#8217;avui i fins al 19 de setembre hi haur\u00e0 treballs entre el passeig de Fabra i Puig i el","og_url":"https:\/\/www.noubarris.net\/web40\/obres-de-pavimentacio-i-talls-de-transit-a-lavinguda-dels-quinze\/","og_site_name":"NouBarris.Net","article_publisher":"https:\/\/www.facebook.com\/NouBarris.net\/?locale=es_ES","article_published_time":"2023-09-11T22:00:44+00:00","og_image":[{"width":1280,"height":720,"url":"https:\/\/www.noubarris.net\/web40\/wp-content\/uploads\/2023\/09\/120923_quinze-1.jpg","type":"image\/jpeg"}],"author":"Informatius","twitter_card":"summary_large_image","twitter_creator":"@9BTV","twitter_site":"@9BTV","twitter_misc":{"Escrit per":"Informatius","Temps estimat de lectura":"2 minuts"},"schema":{"@context":"https:\/\/schema.org","@graph":[{"@type":"Article","@id":"https:\/\/www.noubarris.net\/web40\/obres-de-pavimentacio-i-talls-de-transit-a-lavinguda-dels-quinze\/#article","isPartOf":{"@id":"https:\/\/www.noubarris.net\/web40\/obres-de-pavimentacio-i-talls-de-transit-a-lavinguda-dels-quinze\/"},"author":{"name":"Informatius","@id":"https:\/\/www.noubarris.net\/web40\/#\/schema\/person\/1827f92aaa316c54abbf4dac0de76069"},"headline":"Obres de pavimentaci\u00f3 i talls de tr\u00e0nsit a l&#8217;avinguda dels Quinze","datePublished":"2023-09-11T22:00:44+00:00","mainEntityOfPage":{"@id":"https:\/\/www.noubarris.net\/web40\/obres-de-pavimentacio-i-talls-de-transit-a-lavinguda-dels-quinze\/"},"wordCount":211,"publisher":{"@id":"https:\/\/www.noubarris.net\/web40\/#organization"},"image":{"@id":"https:\/\/www.noubarris.net\/web40\/obres-de-pavimentacio-i-talls-de-transit-a-lavinguda-dels-quinze\/#primaryimage"},"thumbnailUrl":"https:\/\/www.noubarris.net\/web40\/wp-content\/uploads\/2023\/09\/120923_quinze-1.jpg","keywords":["Obres"],"articleSection":["Urbanisme","Vilapicina i la Torre Llobeta"],"inLanguage":"ca"},{"@type":"WebPage","@id":"https:\/\/www.noubarris.net\/web40\/obres-de-pavimentacio-i-talls-de-transit-a-lavinguda-dels-quinze\/","url":"https:\/\/www.noubarris.net\/web40\/obres-de-pavimentacio-i-talls-de-transit-a-lavinguda-dels-quinze\/","name":"Obres de pavimentaci\u00f3 i talls de tr\u00e0nsit a l'avinguda dels Quinze - NouBarris.Net","isPartOf":{"@id":"https:\/\/www.noubarris.net\/web40\/#website"},"primaryImageOfPage":{"@id":"https:\/\/www.noubarris.net\/web40\/obres-de-pavimentacio-i-talls-de-transit-a-lavinguda-dels-quinze\/#primaryimage"},"image":{"@id":"https:\/\/www.noubarris.net\/web40\/obres-de-pavimentacio-i-talls-de-transit-a-lavinguda-dels-quinze\/#primaryimage"},"thumbnailUrl":"https:\/\/www.noubarris.net\/web40\/wp-content\/uploads\/2023\/09\/120923_quinze-1.jpg","datePublished":"2023-09-11T22:00:44+00:00","breadcrumb":{"@id":"https:\/\/www.noubarris.net\/web40\/obres-de-pavimentacio-i-talls-de-transit-a-lavinguda-dels-quinze\/#breadcrumb"},"inLanguage":"ca","potentialAction":[{"@type":"ReadAction","target":["https:\/\/www.noubarris.net\/web40\/obres-de-pavimentacio-i-talls-de-transit-a-lavinguda-dels-quinze\/"]}]},{"@type":"ImageObject","inLanguage":"ca","@id":"https:\/\/www.noubarris.net\/web40\/obres-de-pavimentacio-i-talls-de-transit-a-lavinguda-dels-quinze\/#primaryimage","url":"https:\/\/www.noubarris.net\/web40\/wp-content\/uploads\/2023\/09\/120923_quinze-1.jpg","contentUrl":"https:\/\/www.noubarris.net\/web40\/wp-content\/uploads\/2023\/09\/120923_quinze-1.jpg","width":1280,"height":720},{"@type":"BreadcrumbList","@id":"https:\/\/www.noubarris.net\/web40\/obres-de-pavimentacio-i-talls-de-transit-a-lavinguda-dels-quinze\/#breadcrumb","itemListElement":[{"@type":"ListItem","position":1,"name":"Inici","item":"https:\/\/www.noubarris.net\/web40\/"},{"@type":"ListItem","position":2,"name":"Obres de pavimentaci\u00f3 i talls de tr\u00e0nsit a l&#8217;avinguda dels Quinze"}]},{"@type":"WebSite","@id":"https:\/\/www.noubarris.net\/web40\/#website","url":"https:\/\/www.noubarris.net\/web40\/","name":"NouBarris.Net","description":"Seguint la vida de Nou Barris des de 1985","publisher":{"@id":"https:\/\/www.noubarris.net\/web40\/#organization"},"potentialAction":[{"@type":"SearchAction","target":{"@type":"EntryPoint","urlTemplate":"https:\/\/www.noubarris.net\/web40\/?s={search_term_string}"},"query-input":{"@type":"PropertyValueSpecification","valueRequired":true,"valueName":"search_term_string"}}],"inLanguage":"ca"},{"@type":"Organization","@id":"https:\/\/www.noubarris.net\/web40\/#organization","name":"NouBarris.Net","url":"https:\/\/www.noubarris.net\/web40\/","logo":{"@type":"ImageObject","inLanguage":"ca","@id":"https:\/\/www.noubarris.net\/web40\/#\/schema\/logo\/image\/","url":"https:\/\/www.noubarris.net\/web40\/wp-content\/uploads\/2024\/11\/cropped-cropped-LOGO_9BTV-2024_Insta-1.jpg","contentUrl":"https:\/\/www.noubarris.net\/web40\/wp-content\/uploads\/2024\/11\/cropped-cropped-LOGO_9BTV-2024_Insta-1.jpg","width":512,"height":512,"caption":"NouBarris.Net"},"image":{"@id":"https:\/\/www.noubarris.net\/web40\/#\/schema\/logo\/image\/"},"sameAs":["https:\/\/www.facebook.com\/NouBarris.net\/?locale=es_ES","https:\/\/x.com\/9BTV"]},{"@type":"Person","@id":"https:\/\/www.noubarris.net\/web40\/#\/schema\/person\/1827f92aaa316c54abbf4dac0de76069","name":"Informatius","image":{"@type":"ImageObject","inLanguage":"ca","@id":"https:\/\/www.noubarris.net\/web40\/#\/schema\/person\/image\/","url":"https:\/\/secure.gravatar.com\/avatar\/87a3b47928835fc72c6ee5b0e1a7263ef0c2d05003a98189bc14926c5f11bcdb?s=96&d=mm&r=g","contentUrl":"https:\/\/secure.gravatar.com\/avatar\/87a3b47928835fc72c6ee5b0e1a7263ef0c2d05003a98189bc14926c5f11bcdb?s=96&d=mm&r=g","caption":"Informatius"},"url":"https:\/\/www.noubarris.net\/web40\/author\/tele\/"}]}},"_links":{"self":[{"href":"https:\/\/www.noubarris.net\/web40\/wp-json\/wp\/v2\/posts\/81560","targetHints":{"allow":["GET"]}}],"collection":[{"href":"https:\/\/www.noubarris.net\/web40\/wp-json\/wp\/v2\/posts"}],"about":[{"href":"https:\/\/www.noubarris.net\/web40\/wp-json\/wp\/v2\/types\/post"}],"author":[{"embeddable":true,"href":"https:\/\/www.noubarris.net\/web40\/wp-json\/wp\/v2\/users\/2"}],"replies":[{"embeddable":true,"href":"https:\/\/www.noubarris.net\/web40\/wp-json\/wp\/v2\/comments?post=81560"}],"version-history":[{"count":2,"href":"https:\/\/www.noubarris.net\/web40\/wp-json\/wp\/v2\/posts\/81560\/revisions"}],"predecessor-version":[{"id":81564,"href":"https:\/\/www.noubarris.net\/web40\/wp-json\/wp\/v2\/posts\/81560\/revisions\/81564"}],"wp:featuredmedia":[{"embeddable":true,"href":"https:\/\/www.noubarris.net\/web40\/wp-json\/wp\/v2\/media\/81562"}],"wp:attachment":[{"href":"https:\/\/www.noubarris.net\/web40\/wp-json\/wp\/v2\/media?parent=81560"}],"wp:term":[{"taxonomy":"category","embeddable":true,"href":"https:\/\/www.noubarris.net\/web40\/wp-json\/wp\/v2\/categories?post=81560"},{"taxonomy":"post_tag","embeddable":true,"href":"https:\/\/www.noubarris.net\/web40\/wp-json\/wp\/v2\/tags?post=81560"}],"curies":[{"name":"wp","href":"https:\/\/api.w.org\/{rel}","templated":true}]}}