{"id":81565,"date":"2023-09-13T00:00:07","date_gmt":"2023-09-12T22:00:07","guid":{"rendered":"http:\/\/www.noubarris.net\/web40\/?p=81565"},"modified":"2023-09-11T11:10:10","modified_gmt":"2023-09-11T09:10:10","slug":"ple-extraordinari-per-constituir-el-consell-del-districte-de-nou-barris","status":"publish","type":"post","link":"https:\/\/www.noubarris.net\/web40\/ple-extraordinari-per-constituir-el-consell-del-districte-de-nou-barris\/","title":{"rendered":"Ple extraordinari per constituir el Consell del Districte de Nou Barris"},"content":{"rendered":"<p><strong>La sessi\u00f3 comen\u00e7a a les 18h i es podr\u00e0 seguir en directe via Youtube<\/strong><\/p>\n<p>Aquesta tarda est\u00e0 convocat, a les 18h, el primer plenari de Nou Barris del nou mandat i aix\u00f2 significa que ser\u00e0 una sessi\u00f3 extraordin\u00e0ria, en qu\u00e8 podrem con\u00e9ixer quins seran els consellers i conselleres de cada partit representat al consell plenari de Nou Barris i qui en ser\u00e0 la persona portaveu de cada grup.<\/p>\n<p>Tot en funci\u00f3 dels <a href=\"https:\/\/www.noubarris.net\/web40\/?p=81098\">resultats electorals del passat mes de maig<\/a>: el PSC va obtenir un 31% dels vots; Barcelona en Com\u00fa un 17%,\u00a0 el PP i ERC van empatar amb un 10% dels vots;\u00a0 Trias per BCN\u00a0 va arribar a un 9,7%; i Vox entra al consell plenari amb un 8,7%.\u00a0 La CUP, Valents i el PACMA, amb uns percentatges a Nou Barris de 2,8%, 2,5% i 1,5% respectivament, no han aconseguit representaci\u00f3.<\/p>\n<p>A m\u00e9s, al plenari extraordinari d&#8217;avui es far\u00e0 l\u2019elecci\u00f3 de la persona candidata a presidir el Consell Municipal del Districte de Nou Barris, c\u00e0rrec que durant el mandat passat va ostentar Gemma Sendra. Menys dubtes hi ha entorn de la regidoria, en qu\u00e8 <a href=\"https:\/\/www.noubarris.net\/web40\/?p=81531\">repeteix el socialista Xavier Marc\u00e9, despr\u00e9s de la dimissi\u00f3 per q\u00fcestions de salut de Rosa Alarc\u00f3n<\/a>.<\/p>\n<p>L\u2019acte es podr\u00e0 seguir a trav\u00e9s de la senyal municipal de Youtube:<\/p>\n<p><iframe loading=\"lazy\" title=\"Consell Plenari extraordinari de constituci\u00f3 del Consell de Districte de Nou Barris\" width=\"800\" height=\"450\" src=\"https:\/\/www.youtube.com\/embed\/x6LAQEb0MOI?feature=oembed\" frameborder=\"0\" allow=\"accelerometer; autoplay; clipboard-write; encrypted-media; gyroscope; picture-in-picture; web-share\" allowfullscreen><\/iframe><\/p>\n","protected":false},"excerpt":{"rendered":"<p>La sessi\u00f3 comen\u00e7a a les 18h i es podr\u00e0 seguir en directe via Youtube Aquesta tarda est\u00e0 convocat, a les<\/p>\n","protected":false},"author":2,"featured_media":81566,"comment_status":"closed","ping_status":"closed","sticky":false,"template":"","format":"standard","meta":{"colormag_page_layout":"default_layout","_monsterinsights_skip_tracking":false,"_monsterinsights_sitenote_active":false,"_monsterinsights_sitenote_note":"","_monsterinsights_sitenote_category":0,"footnotes":""},"categories":[447,133,1],"tags":[],"class_list":["post-81565","post","type-post","status-publish","format-standard","has-post-thumbnail","hentry","category-audiencia-publica-i-plenari","category-la-guineueta","category-nou-barris"],"yoast_head":"<!-- This site is optimized with the Yoast SEO plugin v25.3 - https:\/\/yoast.com\/wordpress\/plugins\/seo\/ -->\n<title>Ple extraordinari per constituir el Consell del Districte de Nou Barris - NouBarris.Net<\/title>\n<meta name=\"robots\" content=\"index, follow, max-snippet:-1, max-image-preview:large, max-video-preview:-1\" \/>\n<link rel=\"canonical\" href=\"https:\/\/www.noubarris.net\/web40\/ple-extraordinari-per-constituir-el-consell-del-districte-de-nou-barris\/\" \/>\n<meta property=\"og:locale\" content=\"ca_ES\" \/>\n<meta property=\"og:type\" content=\"article\" \/>\n<meta property=\"og:title\" content=\"Ple extraordinari per constituir el Consell del Districte de Nou Barris - NouBarris.Net\" \/>\n<meta property=\"og:description\" content=\"La sessi\u00f3 comen\u00e7a a les 18h i es podr\u00e0 seguir en directe via Youtube Aquesta tarda est\u00e0 convocat, a les\" \/>\n<meta property=\"og:url\" content=\"https:\/\/www.noubarris.net\/web40\/ple-extraordinari-per-constituir-el-consell-del-districte-de-nou-barris\/\" \/>\n<meta property=\"og:site_name\" content=\"NouBarris.Net\" \/>\n<meta property=\"article:publisher\" content=\"https:\/\/www.facebook.com\/NouBarris.net\/?locale=es_ES\" \/>\n<meta property=\"article:published_time\" content=\"2023-09-12T22:00:07+00:00\" \/>\n<meta property=\"og:image\" content=\"https:\/\/www.noubarris.net\/web40\/wp-content\/uploads\/2023\/09\/130923_ple_extraordinari_nou_barris.jpg\" \/>\n\t<meta property=\"og:image:width\" content=\"1280\" \/>\n\t<meta property=\"og:image:height\" content=\"720\" \/>\n\t<meta property=\"og:image:type\" content=\"image\/jpeg\" \/>\n<meta name=\"author\" content=\"Informatius\" \/>\n<meta name=\"twitter:card\" content=\"summary_large_image\" \/>\n<meta name=\"twitter:creator\" content=\"@9BTV\" \/>\n<meta name=\"twitter:site\" content=\"@9BTV\" \/>\n<meta name=\"twitter:label1\" content=\"Escrit per\" \/>\n\t<meta name=\"twitter:data1\" content=\"Informatius\" \/>\n\t<meta name=\"twitter:label2\" content=\"Temps estimat de lectura\" \/>\n\t<meta name=\"twitter:data2\" content=\"2 minuts\" \/>\n<script type=\"application\/ld+json\" class=\"yoast-schema-graph\">{\"@context\":\"https:\/\/schema.org\",\"@graph\":[{\"@type\":\"Article\",\"@id\":\"https:\/\/www.noubarris.net\/web40\/ple-extraordinari-per-constituir-el-consell-del-districte-de-nou-barris\/#article\",\"isPartOf\":{\"@id\":\"https:\/\/www.noubarris.net\/web40\/ple-extraordinari-per-constituir-el-consell-del-districte-de-nou-barris\/\"},\"author\":{\"name\":\"Informatius\",\"@id\":\"https:\/\/www.noubarris.net\/web40\/#\/schema\/person\/1827f92aaa316c54abbf4dac0de76069\"},\"headline\":\"Ple extraordinari per constituir el Consell del Districte de Nou Barris\",\"datePublished\":\"2023-09-12T22:00:07+00:00\",\"mainEntityOfPage\":{\"@id\":\"https:\/\/www.noubarris.net\/web40\/ple-extraordinari-per-constituir-el-consell-del-districte-de-nou-barris\/\"},\"wordCount\":237,\"publisher\":{\"@id\":\"https:\/\/www.noubarris.net\/web40\/#organization\"},\"image\":{\"@id\":\"https:\/\/www.noubarris.net\/web40\/ple-extraordinari-per-constituir-el-consell-del-districte-de-nou-barris\/#primaryimage\"},\"thumbnailUrl\":\"https:\/\/www.noubarris.net\/web40\/wp-content\/uploads\/2023\/09\/130923_ple_extraordinari_nou_barris.jpg\",\"articleSection\":[\"Audi\u00e8ncia p\u00fablica i Plenari\",\"La Guineueta\",\"Nou Barris\"],\"inLanguage\":\"ca\"},{\"@type\":\"WebPage\",\"@id\":\"https:\/\/www.noubarris.net\/web40\/ple-extraordinari-per-constituir-el-consell-del-districte-de-nou-barris\/\",\"url\":\"https:\/\/www.noubarris.net\/web40\/ple-extraordinari-per-constituir-el-consell-del-districte-de-nou-barris\/\",\"name\":\"Ple extraordinari per constituir el Consell del Districte de Nou Barris - NouBarris.Net\",\"isPartOf\":{\"@id\":\"https:\/\/www.noubarris.net\/web40\/#website\"},\"primaryImageOfPage\":{\"@id\":\"https:\/\/www.noubarris.net\/web40\/ple-extraordinari-per-constituir-el-consell-del-districte-de-nou-barris\/#primaryimage\"},\"image\":{\"@id\":\"https:\/\/www.noubarris.net\/web40\/ple-extraordinari-per-constituir-el-consell-del-districte-de-nou-barris\/#primaryimage\"},\"thumbnailUrl\":\"https:\/\/www.noubarris.net\/web40\/wp-content\/uploads\/2023\/09\/130923_ple_extraordinari_nou_barris.jpg\",\"datePublished\":\"2023-09-12T22:00:07+00:00\",\"breadcrumb\":{\"@id\":\"https:\/\/www.noubarris.net\/web40\/ple-extraordinari-per-constituir-el-consell-del-districte-de-nou-barris\/#breadcrumb\"},\"inLanguage\":\"ca\",\"potentialAction\":[{\"@type\":\"ReadAction\",\"target\":[\"https:\/\/www.noubarris.net\/web40\/ple-extraordinari-per-constituir-el-consell-del-districte-de-nou-barris\/\"]}]},{\"@type\":\"ImageObject\",\"inLanguage\":\"ca\",\"@id\":\"https:\/\/www.noubarris.net\/web40\/ple-extraordinari-per-constituir-el-consell-del-districte-de-nou-barris\/#primaryimage\",\"url\":\"https:\/\/www.noubarris.net\/web40\/wp-content\/uploads\/2023\/09\/130923_ple_extraordinari_nou_barris.jpg\",\"contentUrl\":\"https:\/\/www.noubarris.net\/web40\/wp-content\/uploads\/2023\/09\/130923_ple_extraordinari_nou_barris.jpg\",\"width\":1280,\"height\":720},{\"@type\":\"BreadcrumbList\",\"@id\":\"https:\/\/www.noubarris.net\/web40\/ple-extraordinari-per-constituir-el-consell-del-districte-de-nou-barris\/#breadcrumb\",\"itemListElement\":[{\"@type\":\"ListItem\",\"position\":1,\"name\":\"Inici\",\"item\":\"https:\/\/www.noubarris.net\/web40\/\"},{\"@type\":\"ListItem\",\"position\":2,\"name\":\"Ple extraordinari per constituir el Consell del Districte de Nou Barris\"}]},{\"@type\":\"WebSite\",\"@id\":\"https:\/\/www.noubarris.net\/web40\/#website\",\"url\":\"https:\/\/www.noubarris.net\/web40\/\",\"name\":\"NouBarris.Net\",\"description\":\"Seguint la vida de Nou Barris des de 1985\",\"publisher\":{\"@id\":\"https:\/\/www.noubarris.net\/web40\/#organization\"},\"potentialAction\":[{\"@type\":\"SearchAction\",\"target\":{\"@type\":\"EntryPoint\",\"urlTemplate\":\"https:\/\/www.noubarris.net\/web40\/?s={search_term_string}\"},\"query-input\":{\"@type\":\"PropertyValueSpecification\",\"valueRequired\":true,\"valueName\":\"search_term_string\"}}],\"inLanguage\":\"ca\"},{\"@type\":\"Organization\",\"@id\":\"https:\/\/www.noubarris.net\/web40\/#organization\",\"name\":\"NouBarris.Net\",\"url\":\"https:\/\/www.noubarris.net\/web40\/\",\"logo\":{\"@type\":\"ImageObject\",\"inLanguage\":\"ca\",\"@id\":\"https:\/\/www.noubarris.net\/web40\/#\/schema\/logo\/image\/\",\"url\":\"https:\/\/www.noubarris.net\/web40\/wp-content\/uploads\/2024\/11\/cropped-cropped-LOGO_9BTV-2024_Insta-1.jpg\",\"contentUrl\":\"https:\/\/www.noubarris.net\/web40\/wp-content\/uploads\/2024\/11\/cropped-cropped-LOGO_9BTV-2024_Insta-1.jpg\",\"width\":512,\"height\":512,\"caption\":\"NouBarris.Net\"},\"image\":{\"@id\":\"https:\/\/www.noubarris.net\/web40\/#\/schema\/logo\/image\/\"},\"sameAs\":[\"https:\/\/www.facebook.com\/NouBarris.net\/?locale=es_ES\",\"https:\/\/x.com\/9BTV\"]},{\"@type\":\"Person\",\"@id\":\"https:\/\/www.noubarris.net\/web40\/#\/schema\/person\/1827f92aaa316c54abbf4dac0de76069\",\"name\":\"Informatius\",\"image\":{\"@type\":\"ImageObject\",\"inLanguage\":\"ca\",\"@id\":\"https:\/\/www.noubarris.net\/web40\/#\/schema\/person\/image\/\",\"url\":\"https:\/\/secure.gravatar.com\/avatar\/87a3b47928835fc72c6ee5b0e1a7263ef0c2d05003a98189bc14926c5f11bcdb?s=96&d=mm&r=g\",\"contentUrl\":\"https:\/\/secure.gravatar.com\/avatar\/87a3b47928835fc72c6ee5b0e1a7263ef0c2d05003a98189bc14926c5f11bcdb?s=96&d=mm&r=g\",\"caption\":\"Informatius\"},\"url\":\"https:\/\/www.noubarris.net\/web40\/author\/tele\/\"}]}<\/script>\n<!-- \/ Yoast SEO plugin. -->","yoast_head_json":{"title":"Ple extraordinari per constituir el Consell del Districte de Nou Barris - NouBarris.Net","robots":{"index":"index","follow":"follow","max-snippet":"max-snippet:-1","max-image-preview":"max-image-preview:large","max-video-preview":"max-video-preview:-1"},"canonical":"https:\/\/www.noubarris.net\/web40\/ple-extraordinari-per-constituir-el-consell-del-districte-de-nou-barris\/","og_locale":"ca_ES","og_type":"article","og_title":"Ple extraordinari per constituir el Consell del Districte de Nou Barris - NouBarris.Net","og_description":"La sessi\u00f3 comen\u00e7a a les 18h i es podr\u00e0 seguir en directe via Youtube Aquesta tarda est\u00e0 convocat, a les","og_url":"https:\/\/www.noubarris.net\/web40\/ple-extraordinari-per-constituir-el-consell-del-districte-de-nou-barris\/","og_site_name":"NouBarris.Net","article_publisher":"https:\/\/www.facebook.com\/NouBarris.net\/?locale=es_ES","article_published_time":"2023-09-12T22:00:07+00:00","og_image":[{"width":1280,"height":720,"url":"https:\/\/www.noubarris.net\/web40\/wp-content\/uploads\/2023\/09\/130923_ple_extraordinari_nou_barris.jpg","type":"image\/jpeg"}],"author":"Informatius","twitter_card":"summary_large_image","twitter_creator":"@9BTV","twitter_site":"@9BTV","twitter_misc":{"Escrit per":"Informatius","Temps estimat de lectura":"2 minuts"},"schema":{"@context":"https:\/\/schema.org","@graph":[{"@type":"Article","@id":"https:\/\/www.noubarris.net\/web40\/ple-extraordinari-per-constituir-el-consell-del-districte-de-nou-barris\/#article","isPartOf":{"@id":"https:\/\/www.noubarris.net\/web40\/ple-extraordinari-per-constituir-el-consell-del-districte-de-nou-barris\/"},"author":{"name":"Informatius","@id":"https:\/\/www.noubarris.net\/web40\/#\/schema\/person\/1827f92aaa316c54abbf4dac0de76069"},"headline":"Ple extraordinari per constituir el Consell del Districte de Nou Barris","datePublished":"2023-09-12T22:00:07+00:00","mainEntityOfPage":{"@id":"https:\/\/www.noubarris.net\/web40\/ple-extraordinari-per-constituir-el-consell-del-districte-de-nou-barris\/"},"wordCount":237,"publisher":{"@id":"https:\/\/www.noubarris.net\/web40\/#organization"},"image":{"@id":"https:\/\/www.noubarris.net\/web40\/ple-extraordinari-per-constituir-el-consell-del-districte-de-nou-barris\/#primaryimage"},"thumbnailUrl":"https:\/\/www.noubarris.net\/web40\/wp-content\/uploads\/2023\/09\/130923_ple_extraordinari_nou_barris.jpg","articleSection":["Audi\u00e8ncia p\u00fablica i Plenari","La Guineueta","Nou Barris"],"inLanguage":"ca"},{"@type":"WebPage","@id":"https:\/\/www.noubarris.net\/web40\/ple-extraordinari-per-constituir-el-consell-del-districte-de-nou-barris\/","url":"https:\/\/www.noubarris.net\/web40\/ple-extraordinari-per-constituir-el-consell-del-districte-de-nou-barris\/","name":"Ple extraordinari per constituir el Consell del Districte de Nou Barris - NouBarris.Net","isPartOf":{"@id":"https:\/\/www.noubarris.net\/web40\/#website"},"primaryImageOfPage":{"@id":"https:\/\/www.noubarris.net\/web40\/ple-extraordinari-per-constituir-el-consell-del-districte-de-nou-barris\/#primaryimage"},"image":{"@id":"https:\/\/www.noubarris.net\/web40\/ple-extraordinari-per-constituir-el-consell-del-districte-de-nou-barris\/#primaryimage"},"thumbnailUrl":"https:\/\/www.noubarris.net\/web40\/wp-content\/uploads\/2023\/09\/130923_ple_extraordinari_nou_barris.jpg","datePublished":"2023-09-12T22:00:07+00:00","breadcrumb":{"@id":"https:\/\/www.noubarris.net\/web40\/ple-extraordinari-per-constituir-el-consell-del-districte-de-nou-barris\/#breadcrumb"},"inLanguage":"ca","potentialAction":[{"@type":"ReadAction","target":["https:\/\/www.noubarris.net\/web40\/ple-extraordinari-per-constituir-el-consell-del-districte-de-nou-barris\/"]}]},{"@type":"ImageObject","inLanguage":"ca","@id":"https:\/\/www.noubarris.net\/web40\/ple-extraordinari-per-constituir-el-consell-del-districte-de-nou-barris\/#primaryimage","url":"https:\/\/www.noubarris.net\/web40\/wp-content\/uploads\/2023\/09\/130923_ple_extraordinari_nou_barris.jpg","contentUrl":"https:\/\/www.noubarris.net\/web40\/wp-content\/uploads\/2023\/09\/130923_ple_extraordinari_nou_barris.jpg","width":1280,"height":720},{"@type":"BreadcrumbList","@id":"https:\/\/www.noubarris.net\/web40\/ple-extraordinari-per-constituir-el-consell-del-districte-de-nou-barris\/#breadcrumb","itemListElement":[{"@type":"ListItem","position":1,"name":"Inici","item":"https:\/\/www.noubarris.net\/web40\/"},{"@type":"ListItem","position":2,"name":"Ple extraordinari per constituir el Consell del Districte de Nou Barris"}]},{"@type":"WebSite","@id":"https:\/\/www.noubarris.net\/web40\/#website","url":"https:\/\/www.noubarris.net\/web40\/","name":"NouBarris.Net","description":"Seguint la vida de Nou Barris des de 1985","publisher":{"@id":"https:\/\/www.noubarris.net\/web40\/#organization"},"potentialAction":[{"@type":"SearchAction","target":{"@type":"EntryPoint","urlTemplate":"https:\/\/www.noubarris.net\/web40\/?s={search_term_string}"},"query-input":{"@type":"PropertyValueSpecification","valueRequired":true,"valueName":"search_term_string"}}],"inLanguage":"ca"},{"@type":"Organization","@id":"https:\/\/www.noubarris.net\/web40\/#organization","name":"NouBarris.Net","url":"https:\/\/www.noubarris.net\/web40\/","logo":{"@type":"ImageObject","inLanguage":"ca","@id":"https:\/\/www.noubarris.net\/web40\/#\/schema\/logo\/image\/","url":"https:\/\/www.noubarris.net\/web40\/wp-content\/uploads\/2024\/11\/cropped-cropped-LOGO_9BTV-2024_Insta-1.jpg","contentUrl":"https:\/\/www.noubarris.net\/web40\/wp-content\/uploads\/2024\/11\/cropped-cropped-LOGO_9BTV-2024_Insta-1.jpg","width":512,"height":512,"caption":"NouBarris.Net"},"image":{"@id":"https:\/\/www.noubarris.net\/web40\/#\/schema\/logo\/image\/"},"sameAs":["https:\/\/www.facebook.com\/NouBarris.net\/?locale=es_ES","https:\/\/x.com\/9BTV"]},{"@type":"Person","@id":"https:\/\/www.noubarris.net\/web40\/#\/schema\/person\/1827f92aaa316c54abbf4dac0de76069","name":"Informatius","image":{"@type":"ImageObject","inLanguage":"ca","@id":"https:\/\/www.noubarris.net\/web40\/#\/schema\/person\/image\/","url":"https:\/\/secure.gravatar.com\/avatar\/87a3b47928835fc72c6ee5b0e1a7263ef0c2d05003a98189bc14926c5f11bcdb?s=96&d=mm&r=g","contentUrl":"https:\/\/secure.gravatar.com\/avatar\/87a3b47928835fc72c6ee5b0e1a7263ef0c2d05003a98189bc14926c5f11bcdb?s=96&d=mm&r=g","caption":"Informatius"},"url":"https:\/\/www.noubarris.net\/web40\/author\/tele\/"}]}},"_links":{"self":[{"href":"https:\/\/www.noubarris.net\/web40\/wp-json\/wp\/v2\/posts\/81565","targetHints":{"allow":["GET"]}}],"collection":[{"href":"https:\/\/www.noubarris.net\/web40\/wp-json\/wp\/v2\/posts"}],"about":[{"href":"https:\/\/www.noubarris.net\/web40\/wp-json\/wp\/v2\/types\/post"}],"author":[{"embeddable":true,"href":"https:\/\/www.noubarris.net\/web40\/wp-json\/wp\/v2\/users\/2"}],"replies":[{"embeddable":true,"href":"https:\/\/www.noubarris.net\/web40\/wp-json\/wp\/v2\/comments?post=81565"}],"version-history":[{"count":3,"href":"https:\/\/www.noubarris.net\/web40\/wp-json\/wp\/v2\/posts\/81565\/revisions"}],"predecessor-version":[{"id":81569,"href":"https:\/\/www.noubarris.net\/web40\/wp-json\/wp\/v2\/posts\/81565\/revisions\/81569"}],"wp:featuredmedia":[{"embeddable":true,"href":"https:\/\/www.noubarris.net\/web40\/wp-json\/wp\/v2\/media\/81566"}],"wp:attachment":[{"href":"https:\/\/www.noubarris.net\/web40\/wp-json\/wp\/v2\/media?parent=81565"}],"wp:term":[{"taxonomy":"category","embeddable":true,"href":"https:\/\/www.noubarris.net\/web40\/wp-json\/wp\/v2\/categories?post=81565"},{"taxonomy":"post_tag","embeddable":true,"href":"https:\/\/www.noubarris.net\/web40\/wp-json\/wp\/v2\/tags?post=81565"}],"curies":[{"name":"wp","href":"https:\/\/api.w.org\/{rel}","templated":true}]}}