{"id":81620,"date":"2023-09-23T00:00:34","date_gmt":"2023-09-22T22:00:34","guid":{"rendered":"http:\/\/www.noubarris.net\/web40\/?p=81620"},"modified":"2023-09-22T08:37:07","modified_gmt":"2023-09-22T06:37:07","slug":"la-merce-a-nou-barris","status":"publish","type":"post","link":"https:\/\/www.noubarris.net\/web40\/la-merce-a-nou-barris\/","title":{"rendered":"La Merc\u00e8, a Nou Barris"},"content":{"rendered":"<p><strong>El districte torna a acollir concerts a la pla\u00e7a Major mentre el parc de l\u2019Aq\u00fceducte repeteix com a escenari amb el Merc\u00e8 Arts de carrer<\/strong><\/p>\n<p>El districte de Nou Barris ha esdevingut un escenari m\u00e9s de la gran festa major de Barcelona, la Merc\u00e8. Per comen\u00e7ar, amb el M\u00fasica Merc\u00e8\u201d, un festival que vol ser reflex de la diversitat i de la vitalitat cultural de Barcelona, i per acabar amb el Merc\u00e8 Arts de carrer, el cicle que vol posar en valor el bo i millor del panorama actual de les arts esc\u00e8niques de carrer.<\/p>\n<p>M\u00fasica Merc\u00e8 ens apropa les actuacions sempre reeixides de l\u2019OBC, l\u2019Orquestra i Cor del Liceu, la Banda Municipal de Barcelona, i VOZES, aquesta vegada acompanyats a l\u2019escenari per la saxofonista i cantant Eva Fern\u00e1ndez. En aquesta edici\u00f3 s\u2019hi sumaran dos artistes llatins: Luc\u00eda Pulido i Roly Berr\u00edo.<\/p>\n<p>Amb Julio Garc\u00eda Vico a la direcci\u00f3, l\u2019Orquestra Simf\u00f2nica de Barcelona i Nacional de Catalunya interpretar\u00e0 la\u00a0Simfonia n\u00famero 5 en mi menor, op. 64, de Txaikovski, un dels grans mestres simf\u00f2nics que en aquesta obra, composta en un moment de crisi art\u00edstica i vital, va voler representar l\u2019home que lluita contra el seu dest\u00ed. Un assumpte recurrent en la creaci\u00f3 art\u00edstica, i que en la de Txaikovski adquireix un to melanc\u00f2lic i personal.\u00a0L\u2019Obertura de Faust, op. 46\u00a0d\u2019Emilie Mayer, compositora rom\u00e0ntica alemanya, completar\u00e0 un vespre musical d\u2019alta volada. Aix\u00f2 ser\u00e0 el dissabte 23 de setembre a les 20.45 hores.<\/p>\n<p>Des del Jap\u00f3 ens arribaran dues mirades festives m\u00e9s: la que proposa el mestre Yokohama per descriure de forma sonora els festivals Matsuri, que trenquen el rigor i la normalitat de la vida japonesa, i la del mestre Yagisawa, un compositor encisat per la Sagrada Fam\u00edlia de Barcelona que ens mostra el ress\u00f2 i la magnific\u00e8ncia de les Campanes del temple expiatori de Gaud\u00ed.<\/p>\n<p>Dues sardanes,\u00a0Al capvespre, de l\u2019alcoi\u00e0 Vicent Costa, docent al Conservatori de Barcelona, i el\u00a0Sol Ixent\u00a0del mestre Eduard Tolr\u00e0, ens recorden que tota hora \u00e9s bona per fer festa junts, tant al capvespre com quan surt el sol.<\/p>\n<p>El 24 de setembre ser\u00e0 el torn de l\u2019Orquestra i Cor del Liceu, que tamb\u00e9 a les 20.45 hores, ens permetr\u00e0 gaudir de composicions de Giuseppe Verdi (Macbeth), Donizetti (Don Pasquale), Beethoven (Fidelio), Txaikovski (Eugene Onegin) i Mozart (Messias), en un programa excepcional que portar\u00e0 al districte dues de les formacions simf\u00f2niques i corals m\u00e9s importants de l\u2019Estat espanyol.<\/p>\n<p>L\u2019endem\u00e0 25, a les 19.30 hores, aterraran el projecte VOZES i la cantant i saxofonista de jazz Eva Fern\u00e1ndez, que s\u2019uniran per retre un tribut a un dels grans del g\u00e8nere, el saxofonista nord-americ\u00e0 Wayne Shorter, probablement el millor compositor de grups de jazz i un dels millors improvisadors del g\u00e8nere, que ens va deixar el passat mes de mar\u00e7.<\/p>\n<p>En paral\u00b7lel, el M\u00fasica Merc\u00e8 ens apropar\u00e0 tamb\u00e9 a la pla\u00e7a Major de Nou Barris la m\u00fasica de la colombiana Luc\u00eda Pulido Ensemble, que el proper 24 de setembre, a les 13 hores, entrella\u00e7ar\u00e0 hist\u00f2ries i sonoritats diverses a partir de la combinaci\u00f3 d\u2019una gran varietat de ritmes populars de Col\u00f2mbia i M\u00e8xic: la c\u00fambia, la trova yucateca, la petenera, el bambuc, les pirekues i les guabines, entre d\u2019altres. De fet, aquest \u00e9s un concert que transita entre el sentiment i la tradici\u00f3 de dos pobles i aborda manifestacions sonores populars i experimentals, per\u00f2 tamb\u00e9 composicions originals. G\u00e8neres tradicionals com el bullerengue de la costa atl\u00e0ntica, currulaos del Pac\u00edfic i joropos de les planures orientals (el paisatge de la seva inf\u00e0ncia) s\u00f3n els est\u00edmuls de Luc\u00eda Pulido a l\u2019hora d\u2019alliberar la seva creativitat musical. El registre vocal de l\u2019artista, sofisticat i alhora poder\u00f3s, es real\u00e7a en estils com els cants de vaqueria i de zafra o els alabaos, que li permeten explorar plenament la seva veu.<\/p>\n<p>L\u2019endem\u00e0 25, tamb\u00e9 a les 13 hores, qui agafar\u00e0 el micr\u00f2fon ser\u00e0 el cub\u00e0 Roly Berr\u00edo, un dels compositors m\u00e9s prol\u00edfics i aut\u00e8ntics del seu pa\u00eds, amb una imaginaci\u00f3 que, de vegades, sembla no con\u00e8ixer l\u00edmits. Qui el coneix b\u00e9 no dubta a qualificar-lo de trobador contemporani, revitalitzador i continuador genu\u00ed de la composici\u00f3 de tall amor\u00f3s. La seva obra \u00e9s un abeurador d\u2019arrels africanes i espanyoles, per\u00f2 juga igualment amb el rock ac\u00fastic o amb el blues, sense costures. Ho podem comprovar a\u00a0Moscas de fuego, el treball que presenta a \u201cM\u00fasica Merc\u00e8\u201d, un concert \u00fanic en qu\u00e8 s\u2019acompanyar\u00e0 grans noms de la m\u00fasica cubana de dins i fora del pa\u00eds. Al seu costat, Roly Berr\u00edo exhibir\u00e0 la seva incre\u00efble capacitat d\u2019improvisaci\u00f3, que l\u2019ha convertit en una icona entre els m\u00fasics de la seva generaci\u00f3.\u00a0Moscas de fuego\u00a0promet emoci\u00f3, tendresa i goig. Un viatge musical que ens portar\u00e0 per indrets insospitats.<\/p>\n<p>Les millors arts esc\u00e8niques de carrer, les que faran somriure els infants i les que meravellaran els adults, se citen entre altres escenaris al parc de l\u2019Aq\u00fceducte, en el marc del \u201cMerc\u00e8 Arts de carrer\u201d. Aqu\u00ed, el dissabte 23 a partir de les 17.30 hores, podrem gaudir de l\u2019espectacle de La Troba Kung-F\u00fa i Circ Cric per celebrar el 30\u00e8 aniversari de Pallassos sense Fronteres. I el diumenge 24, propostes des de les 11 del mat\u00ed i fins ben entrada la tarda per a tots els p\u00fablics, amb el circ com a gran protagonista amb espectacles diversos programats per Pallassos sense Fronteres, i tamb\u00e9 la m\u00fasica de M\u00e9s Tum\u00e0cat, el karaoke de De Mortimers i les cercaviles de M\u00e9s Tum\u00e0cat, que repetiran actuaci\u00f3, i de Pep Callau.<\/p>\n<p>En <a href=\"https:\/\/www.barcelona.cat\/lamerce\/ca\/programa\" target=\"_blank\" rel=\"noopener\">aquest enlla\u00e7<\/a> podeu consultar tota la programaci\u00f3 de la Merc\u00e8 a la ciutat.<\/p>\n","protected":false},"excerpt":{"rendered":"<p>El districte torna a acollir concerts a la pla\u00e7a Major mentre el parc de l\u2019Aq\u00fceducte repeteix com a escenari amb<\/p>\n","protected":false},"author":2,"featured_media":81621,"comment_status":"closed","ping_status":"closed","sticky":false,"template":"","format":"standard","meta":{"colormag_page_layout":"default_layout","_monsterinsights_skip_tracking":false,"_monsterinsights_sitenote_active":false,"_monsterinsights_sitenote_note":"","_monsterinsights_sitenote_category":0,"footnotes":""},"categories":[1,124],"tags":[64,478],"class_list":["post-81620","post","type-post","status-publish","format-standard","has-post-thumbnail","hentry","category-nou-barris","category-societat","tag-festes","tag-la-merce"],"yoast_head":"<!-- This site is optimized with the Yoast SEO plugin v25.3 - https:\/\/yoast.com\/wordpress\/plugins\/seo\/ -->\n<title>La Merc\u00e8, a Nou Barris - NouBarris.Net<\/title>\n<meta name=\"robots\" content=\"index, follow, max-snippet:-1, max-image-preview:large, max-video-preview:-1\" \/>\n<link rel=\"canonical\" href=\"https:\/\/www.noubarris.net\/web40\/la-merce-a-nou-barris\/\" \/>\n<meta property=\"og:locale\" content=\"ca_ES\" \/>\n<meta property=\"og:type\" content=\"article\" \/>\n<meta property=\"og:title\" content=\"La Merc\u00e8, a Nou Barris - NouBarris.Net\" \/>\n<meta property=\"og:description\" content=\"El districte torna a acollir concerts a la pla\u00e7a Major mentre el parc de l\u2019Aq\u00fceducte repeteix com a escenari amb\" \/>\n<meta property=\"og:url\" content=\"https:\/\/www.noubarris.net\/web40\/la-merce-a-nou-barris\/\" \/>\n<meta property=\"og:site_name\" content=\"NouBarris.Net\" \/>\n<meta property=\"article:publisher\" content=\"https:\/\/www.facebook.com\/NouBarris.net\/?locale=es_ES\" \/>\n<meta property=\"article:published_time\" content=\"2023-09-22T22:00:34+00:00\" \/>\n<meta property=\"og:image\" content=\"https:\/\/www.noubarris.net\/web40\/wp-content\/uploads\/2023\/09\/230923.jpg\" \/>\n\t<meta property=\"og:image:width\" content=\"768\" \/>\n\t<meta property=\"og:image:height\" content=\"432\" \/>\n\t<meta property=\"og:image:type\" content=\"image\/jpeg\" \/>\n<meta name=\"author\" content=\"Informatius\" \/>\n<meta name=\"twitter:card\" content=\"summary_large_image\" \/>\n<meta name=\"twitter:creator\" content=\"@9BTV\" \/>\n<meta name=\"twitter:site\" content=\"@9BTV\" \/>\n<meta name=\"twitter:label1\" content=\"Escrit per\" \/>\n\t<meta name=\"twitter:data1\" content=\"Informatius\" \/>\n\t<meta name=\"twitter:label2\" content=\"Temps estimat de lectura\" \/>\n\t<meta name=\"twitter:data2\" content=\"6 minuts\" \/>\n<script type=\"application\/ld+json\" class=\"yoast-schema-graph\">{\"@context\":\"https:\/\/schema.org\",\"@graph\":[{\"@type\":\"Article\",\"@id\":\"https:\/\/www.noubarris.net\/web40\/la-merce-a-nou-barris\/#article\",\"isPartOf\":{\"@id\":\"https:\/\/www.noubarris.net\/web40\/la-merce-a-nou-barris\/\"},\"author\":{\"name\":\"Informatius\",\"@id\":\"https:\/\/www.noubarris.net\/web40\/#\/schema\/person\/1827f92aaa316c54abbf4dac0de76069\"},\"headline\":\"La Merc\u00e8, a Nou Barris\",\"datePublished\":\"2023-09-22T22:00:34+00:00\",\"mainEntityOfPage\":{\"@id\":\"https:\/\/www.noubarris.net\/web40\/la-merce-a-nou-barris\/\"},\"wordCount\":1009,\"publisher\":{\"@id\":\"https:\/\/www.noubarris.net\/web40\/#organization\"},\"image\":{\"@id\":\"https:\/\/www.noubarris.net\/web40\/la-merce-a-nou-barris\/#primaryimage\"},\"thumbnailUrl\":\"https:\/\/www.noubarris.net\/web40\/wp-content\/uploads\/2023\/09\/230923.jpg\",\"keywords\":[\"Festes\",\"La Merc\u00e8\"],\"articleSection\":[\"Nou Barris\",\"Societat\"],\"inLanguage\":\"ca\"},{\"@type\":\"WebPage\",\"@id\":\"https:\/\/www.noubarris.net\/web40\/la-merce-a-nou-barris\/\",\"url\":\"https:\/\/www.noubarris.net\/web40\/la-merce-a-nou-barris\/\",\"name\":\"La Merc\u00e8, a Nou Barris - NouBarris.Net\",\"isPartOf\":{\"@id\":\"https:\/\/www.noubarris.net\/web40\/#website\"},\"primaryImageOfPage\":{\"@id\":\"https:\/\/www.noubarris.net\/web40\/la-merce-a-nou-barris\/#primaryimage\"},\"image\":{\"@id\":\"https:\/\/www.noubarris.net\/web40\/la-merce-a-nou-barris\/#primaryimage\"},\"thumbnailUrl\":\"https:\/\/www.noubarris.net\/web40\/wp-content\/uploads\/2023\/09\/230923.jpg\",\"datePublished\":\"2023-09-22T22:00:34+00:00\",\"breadcrumb\":{\"@id\":\"https:\/\/www.noubarris.net\/web40\/la-merce-a-nou-barris\/#breadcrumb\"},\"inLanguage\":\"ca\",\"potentialAction\":[{\"@type\":\"ReadAction\",\"target\":[\"https:\/\/www.noubarris.net\/web40\/la-merce-a-nou-barris\/\"]}]},{\"@type\":\"ImageObject\",\"inLanguage\":\"ca\",\"@id\":\"https:\/\/www.noubarris.net\/web40\/la-merce-a-nou-barris\/#primaryimage\",\"url\":\"https:\/\/www.noubarris.net\/web40\/wp-content\/uploads\/2023\/09\/230923.jpg\",\"contentUrl\":\"https:\/\/www.noubarris.net\/web40\/wp-content\/uploads\/2023\/09\/230923.jpg\",\"width\":768,\"height\":432},{\"@type\":\"BreadcrumbList\",\"@id\":\"https:\/\/www.noubarris.net\/web40\/la-merce-a-nou-barris\/#breadcrumb\",\"itemListElement\":[{\"@type\":\"ListItem\",\"position\":1,\"name\":\"Inici\",\"item\":\"https:\/\/www.noubarris.net\/web40\/\"},{\"@type\":\"ListItem\",\"position\":2,\"name\":\"La Merc\u00e8, a Nou Barris\"}]},{\"@type\":\"WebSite\",\"@id\":\"https:\/\/www.noubarris.net\/web40\/#website\",\"url\":\"https:\/\/www.noubarris.net\/web40\/\",\"name\":\"NouBarris.Net\",\"description\":\"Seguint la vida de Nou Barris des de 1985\",\"publisher\":{\"@id\":\"https:\/\/www.noubarris.net\/web40\/#organization\"},\"potentialAction\":[{\"@type\":\"SearchAction\",\"target\":{\"@type\":\"EntryPoint\",\"urlTemplate\":\"https:\/\/www.noubarris.net\/web40\/?s={search_term_string}\"},\"query-input\":{\"@type\":\"PropertyValueSpecification\",\"valueRequired\":true,\"valueName\":\"search_term_string\"}}],\"inLanguage\":\"ca\"},{\"@type\":\"Organization\",\"@id\":\"https:\/\/www.noubarris.net\/web40\/#organization\",\"name\":\"NouBarris.Net\",\"url\":\"https:\/\/www.noubarris.net\/web40\/\",\"logo\":{\"@type\":\"ImageObject\",\"inLanguage\":\"ca\",\"@id\":\"https:\/\/www.noubarris.net\/web40\/#\/schema\/logo\/image\/\",\"url\":\"https:\/\/www.noubarris.net\/web40\/wp-content\/uploads\/2024\/11\/cropped-cropped-LOGO_9BTV-2024_Insta-1.jpg\",\"contentUrl\":\"https:\/\/www.noubarris.net\/web40\/wp-content\/uploads\/2024\/11\/cropped-cropped-LOGO_9BTV-2024_Insta-1.jpg\",\"width\":512,\"height\":512,\"caption\":\"NouBarris.Net\"},\"image\":{\"@id\":\"https:\/\/www.noubarris.net\/web40\/#\/schema\/logo\/image\/\"},\"sameAs\":[\"https:\/\/www.facebook.com\/NouBarris.net\/?locale=es_ES\",\"https:\/\/x.com\/9BTV\"]},{\"@type\":\"Person\",\"@id\":\"https:\/\/www.noubarris.net\/web40\/#\/schema\/person\/1827f92aaa316c54abbf4dac0de76069\",\"name\":\"Informatius\",\"image\":{\"@type\":\"ImageObject\",\"inLanguage\":\"ca\",\"@id\":\"https:\/\/www.noubarris.net\/web40\/#\/schema\/person\/image\/\",\"url\":\"https:\/\/secure.gravatar.com\/avatar\/87a3b47928835fc72c6ee5b0e1a7263ef0c2d05003a98189bc14926c5f11bcdb?s=96&d=mm&r=g\",\"contentUrl\":\"https:\/\/secure.gravatar.com\/avatar\/87a3b47928835fc72c6ee5b0e1a7263ef0c2d05003a98189bc14926c5f11bcdb?s=96&d=mm&r=g\",\"caption\":\"Informatius\"},\"url\":\"https:\/\/www.noubarris.net\/web40\/author\/tele\/\"}]}<\/script>\n<!-- \/ Yoast SEO plugin. -->","yoast_head_json":{"title":"La Merc\u00e8, a Nou Barris - NouBarris.Net","robots":{"index":"index","follow":"follow","max-snippet":"max-snippet:-1","max-image-preview":"max-image-preview:large","max-video-preview":"max-video-preview:-1"},"canonical":"https:\/\/www.noubarris.net\/web40\/la-merce-a-nou-barris\/","og_locale":"ca_ES","og_type":"article","og_title":"La Merc\u00e8, a Nou Barris - NouBarris.Net","og_description":"El districte torna a acollir concerts a la pla\u00e7a Major mentre el parc de l\u2019Aq\u00fceducte repeteix com a escenari amb","og_url":"https:\/\/www.noubarris.net\/web40\/la-merce-a-nou-barris\/","og_site_name":"NouBarris.Net","article_publisher":"https:\/\/www.facebook.com\/NouBarris.net\/?locale=es_ES","article_published_time":"2023-09-22T22:00:34+00:00","og_image":[{"width":768,"height":432,"url":"https:\/\/www.noubarris.net\/web40\/wp-content\/uploads\/2023\/09\/230923.jpg","type":"image\/jpeg"}],"author":"Informatius","twitter_card":"summary_large_image","twitter_creator":"@9BTV","twitter_site":"@9BTV","twitter_misc":{"Escrit per":"Informatius","Temps estimat de lectura":"6 minuts"},"schema":{"@context":"https:\/\/schema.org","@graph":[{"@type":"Article","@id":"https:\/\/www.noubarris.net\/web40\/la-merce-a-nou-barris\/#article","isPartOf":{"@id":"https:\/\/www.noubarris.net\/web40\/la-merce-a-nou-barris\/"},"author":{"name":"Informatius","@id":"https:\/\/www.noubarris.net\/web40\/#\/schema\/person\/1827f92aaa316c54abbf4dac0de76069"},"headline":"La Merc\u00e8, a Nou Barris","datePublished":"2023-09-22T22:00:34+00:00","mainEntityOfPage":{"@id":"https:\/\/www.noubarris.net\/web40\/la-merce-a-nou-barris\/"},"wordCount":1009,"publisher":{"@id":"https:\/\/www.noubarris.net\/web40\/#organization"},"image":{"@id":"https:\/\/www.noubarris.net\/web40\/la-merce-a-nou-barris\/#primaryimage"},"thumbnailUrl":"https:\/\/www.noubarris.net\/web40\/wp-content\/uploads\/2023\/09\/230923.jpg","keywords":["Festes","La Merc\u00e8"],"articleSection":["Nou Barris","Societat"],"inLanguage":"ca"},{"@type":"WebPage","@id":"https:\/\/www.noubarris.net\/web40\/la-merce-a-nou-barris\/","url":"https:\/\/www.noubarris.net\/web40\/la-merce-a-nou-barris\/","name":"La Merc\u00e8, a Nou Barris - NouBarris.Net","isPartOf":{"@id":"https:\/\/www.noubarris.net\/web40\/#website"},"primaryImageOfPage":{"@id":"https:\/\/www.noubarris.net\/web40\/la-merce-a-nou-barris\/#primaryimage"},"image":{"@id":"https:\/\/www.noubarris.net\/web40\/la-merce-a-nou-barris\/#primaryimage"},"thumbnailUrl":"https:\/\/www.noubarris.net\/web40\/wp-content\/uploads\/2023\/09\/230923.jpg","datePublished":"2023-09-22T22:00:34+00:00","breadcrumb":{"@id":"https:\/\/www.noubarris.net\/web40\/la-merce-a-nou-barris\/#breadcrumb"},"inLanguage":"ca","potentialAction":[{"@type":"ReadAction","target":["https:\/\/www.noubarris.net\/web40\/la-merce-a-nou-barris\/"]}]},{"@type":"ImageObject","inLanguage":"ca","@id":"https:\/\/www.noubarris.net\/web40\/la-merce-a-nou-barris\/#primaryimage","url":"https:\/\/www.noubarris.net\/web40\/wp-content\/uploads\/2023\/09\/230923.jpg","contentUrl":"https:\/\/www.noubarris.net\/web40\/wp-content\/uploads\/2023\/09\/230923.jpg","width":768,"height":432},{"@type":"BreadcrumbList","@id":"https:\/\/www.noubarris.net\/web40\/la-merce-a-nou-barris\/#breadcrumb","itemListElement":[{"@type":"ListItem","position":1,"name":"Inici","item":"https:\/\/www.noubarris.net\/web40\/"},{"@type":"ListItem","position":2,"name":"La Merc\u00e8, a Nou Barris"}]},{"@type":"WebSite","@id":"https:\/\/www.noubarris.net\/web40\/#website","url":"https:\/\/www.noubarris.net\/web40\/","name":"NouBarris.Net","description":"Seguint la vida de Nou Barris des de 1985","publisher":{"@id":"https:\/\/www.noubarris.net\/web40\/#organization"},"potentialAction":[{"@type":"SearchAction","target":{"@type":"EntryPoint","urlTemplate":"https:\/\/www.noubarris.net\/web40\/?s={search_term_string}"},"query-input":{"@type":"PropertyValueSpecification","valueRequired":true,"valueName":"search_term_string"}}],"inLanguage":"ca"},{"@type":"Organization","@id":"https:\/\/www.noubarris.net\/web40\/#organization","name":"NouBarris.Net","url":"https:\/\/www.noubarris.net\/web40\/","logo":{"@type":"ImageObject","inLanguage":"ca","@id":"https:\/\/www.noubarris.net\/web40\/#\/schema\/logo\/image\/","url":"https:\/\/www.noubarris.net\/web40\/wp-content\/uploads\/2024\/11\/cropped-cropped-LOGO_9BTV-2024_Insta-1.jpg","contentUrl":"https:\/\/www.noubarris.net\/web40\/wp-content\/uploads\/2024\/11\/cropped-cropped-LOGO_9BTV-2024_Insta-1.jpg","width":512,"height":512,"caption":"NouBarris.Net"},"image":{"@id":"https:\/\/www.noubarris.net\/web40\/#\/schema\/logo\/image\/"},"sameAs":["https:\/\/www.facebook.com\/NouBarris.net\/?locale=es_ES","https:\/\/x.com\/9BTV"]},{"@type":"Person","@id":"https:\/\/www.noubarris.net\/web40\/#\/schema\/person\/1827f92aaa316c54abbf4dac0de76069","name":"Informatius","image":{"@type":"ImageObject","inLanguage":"ca","@id":"https:\/\/www.noubarris.net\/web40\/#\/schema\/person\/image\/","url":"https:\/\/secure.gravatar.com\/avatar\/87a3b47928835fc72c6ee5b0e1a7263ef0c2d05003a98189bc14926c5f11bcdb?s=96&d=mm&r=g","contentUrl":"https:\/\/secure.gravatar.com\/avatar\/87a3b47928835fc72c6ee5b0e1a7263ef0c2d05003a98189bc14926c5f11bcdb?s=96&d=mm&r=g","caption":"Informatius"},"url":"https:\/\/www.noubarris.net\/web40\/author\/tele\/"}]}},"_links":{"self":[{"href":"https:\/\/www.noubarris.net\/web40\/wp-json\/wp\/v2\/posts\/81620","targetHints":{"allow":["GET"]}}],"collection":[{"href":"https:\/\/www.noubarris.net\/web40\/wp-json\/wp\/v2\/posts"}],"about":[{"href":"https:\/\/www.noubarris.net\/web40\/wp-json\/wp\/v2\/types\/post"}],"author":[{"embeddable":true,"href":"https:\/\/www.noubarris.net\/web40\/wp-json\/wp\/v2\/users\/2"}],"replies":[{"embeddable":true,"href":"https:\/\/www.noubarris.net\/web40\/wp-json\/wp\/v2\/comments?post=81620"}],"version-history":[{"count":1,"href":"https:\/\/www.noubarris.net\/web40\/wp-json\/wp\/v2\/posts\/81620\/revisions"}],"predecessor-version":[{"id":81622,"href":"https:\/\/www.noubarris.net\/web40\/wp-json\/wp\/v2\/posts\/81620\/revisions\/81622"}],"wp:featuredmedia":[{"embeddable":true,"href":"https:\/\/www.noubarris.net\/web40\/wp-json\/wp\/v2\/media\/81621"}],"wp:attachment":[{"href":"https:\/\/www.noubarris.net\/web40\/wp-json\/wp\/v2\/media?parent=81620"}],"wp:term":[{"taxonomy":"category","embeddable":true,"href":"https:\/\/www.noubarris.net\/web40\/wp-json\/wp\/v2\/categories?post=81620"},{"taxonomy":"post_tag","embeddable":true,"href":"https:\/\/www.noubarris.net\/web40\/wp-json\/wp\/v2\/tags?post=81620"}],"curies":[{"name":"wp","href":"https:\/\/api.w.org\/{rel}","templated":true}]}}