{"id":81782,"date":"2023-10-17T00:00:56","date_gmt":"2023-10-16T22:00:56","guid":{"rendered":"http:\/\/www.noubarris.net\/web40\/?p=81782"},"modified":"2023-10-16T19:27:35","modified_gmt":"2023-10-16T17:27:35","slug":"comenca-el-cicle-de-converses-argumentabcn-sobre-la-salut-mental","status":"publish","type":"post","link":"https:\/\/www.noubarris.net\/web40\/comenca-el-cicle-de-converses-argumentabcn-sobre-la-salut-mental\/","title":{"rendered":"Comen\u00e7a el cicle de converses ArgumentaBCN sobre la salut mental"},"content":{"rendered":"<p><strong>El Centre C\u00edvic Torre Llobeta acull aquest octubre i novembre quatre xerrades sobre els malestars que generen patiment emocional<\/strong><\/p>\n<p>Aquest 17 d\u2019octubre comen\u00e7a la cinquena edici\u00f3 del cicle de converses ArgumentaBCN, de la Xarxa de Centres C\u00edvics de Barcelona. Fins al trenta de novembre, quatre centres debatran al voltant de la salut mental i altres malestars. Un d\u2019ells, el Centre C\u00edvic Torre Llobeta. Aqu\u00ed, hi trobareu els seg\u00fcents continguts:<\/p>\n<ul>\n<li><a href=\"https:\/\/ajuntament.barcelona.cat\/centrescivics\/ca\/activitat\/la-soledat-no-volguda-no-enten-dedats\" target=\"_blank\" rel=\"noopener\">La soledat no volguda no ent\u00e9n d\u2019edats<br \/>\n<\/a>19 d\u2019octubre, a les 18.30 h<\/li>\n<li><a href=\"https:\/\/ajuntament.barcelona.cat\/centrescivics\/ca\/activitat\/de-la-queixa-la-protesta-polititzar-els-malestars\" target=\"_blank\" rel=\"noopener\">De la queixa a la protesta: polititzar els malestars<br \/>\n<\/a>2 de novembre, 18.30 h<\/li>\n<li><a href=\"https:\/\/ajuntament.barcelona.cat\/centrescivics\/ca\/activitat\/sempre-ens-quedara-lhumor\" target=\"_blank\" rel=\"noopener\">Sempre ens quedar\u00e0 l\u2019humor.<br \/>\n<\/a>16 de novembre, a les 18.30 h<\/li>\n<li><a href=\"https:\/\/ajuntament.barcelona.cat\/centrescivics\/ca\/activitat\/contra-la-filosofia-de-lautoajuda-les-condicions-materials-de-la-felicitat\" target=\"_blank\" rel=\"noopener\">Contra la filosofia de l\u2019autoajuda: les condicions materials de la felicitat<br \/>\n<\/a>30 de novembre, a les 18.30 h<\/li>\n<\/ul>\n<p>Si a l\u2019edici\u00f3 de primavera es va explorar <a href=\"https:\/\/ajuntament.barcelona.cat\/centrescivics\/ca\/activitat\/largumentabcn-parlem-sobre-la-pau-i-els-conflictes\" target=\"_blank\" rel=\"noopener\">la construcci\u00f3 de la pau<\/a>\u00a0i en anteriors edicions vam tractar\u00a0<a href=\"https:\/\/ajuntament.barcelona.cat\/centrescivics\/ca\/activitat\/arriba-argumenta-bcn-2022-parlar-de-la-por-i-les-incerteses-del-segle-xxi\" target=\"_blank\" rel=\"noopener\">la por al segle XXI<\/a>\u00a0o b\u00e9\u00a0<a href=\"https:\/\/ajuntament.barcelona.cat\/centrescivics\/ca\/activitat\/largumentabcn-es-consolida-en-la-tercera-edicio\" target=\"_blank\" rel=\"noopener\">l\u2019experi\u00e8ncia quotidiana a les ciutats<\/a>, aquesta tardor es parla de la salut mental i tots aquells malestars personals i col\u00b7lectius que generen patiment emocional. M\u00e9s enll\u00e0 d\u2019una mirada m\u00e8dica, s&#8217;aporten altres punts de vista per ajudar a recon\u00e8ixer i entendre aquestes inquietuds, aix\u00ed com a trobar eines per donar-hi resposta.<\/p>\n<p>El programa d\u2019aquesta cinquena edici\u00f3 est\u00e0 format per\u00a0<a href=\"https:\/\/ajuntament.barcelona.cat\/centrescivics\/ca\/projecte\/argumenta-bcn-tardor-2023#projecte-calendari\" target=\"_blank\" rel=\"noopener\">setze sessions<\/a>. De les\u00a0<a href=\"https:\/\/ajuntament.barcelona.cat\/centrescivics\/ca\/projecte\/argumenta-bcn-tardor-2023#projecte-activitats\" target=\"_blank\" rel=\"noopener\">onze xerrades<\/a>\u00a0de l\u2019ArgumentaBCN de tardor, n\u2019hi ha\u00a0cinc de compartides\u00a0per dos centres. \u00c9s a dir, hi haur\u00e0 l\u2019oportunitat d\u2019assistir a la mateixa conversa i ponents en un parell d\u2019ocasions.<\/p>\n<p>A m\u00e9s del Centre C\u00edvic Torre Llobeta, hi participen el\u00a0CC Casa Golferichs\u00a0al Districte de l\u2019Eixample, el\u00a0CC El Sortidor\u00a0al Districte de Sants \u2013 Montju\u00efc i el\u00a0CC Navas\u00a0al Districte de Sant Andreu, a m\u00e9s dels periodistes\u00a0Jo\u00e3o Fran\u00e7a\u00a0i\u00a0Sandra Vicente, els quals tamb\u00e9 moderen les xerrades.<\/p>\n<p>Un dels objectius del cicle \u00e9s buscar la implicaci\u00f3 del p\u00fablic assistent\u00a0amb sessions\u00a0din\u00e0miques i participatives, aix\u00ed com la col\u00b7laboraci\u00f3 amb agents i entitats dels barris. Com en les anteriors edicions,\u00a0algunes converses es podran seguir en temps real\u00a0i tamb\u00e9 recuperar-les al cap d\u2019uns dies en l\u00ednia.<\/p>\n<p>Es\u00a0recomana reservar pla\u00e7a, des del web o presencialment en el centre corresponent, tot i que no \u00e9s indispensable. Una altra manera de participar en els debats \u00e9s a trav\u00e9s de les xarxes socials amb l\u2019etiqueta\u00a0<a href=\"https:\/\/twitter.com\/search?q=%23argumentabcn&amp;src=typed_query&amp;f=live\">#ArgumentaBCN<\/a>.<\/p>\n<p>Consulteu les onze\u00a0<a href=\"https:\/\/ajuntament.barcelona.cat\/centrescivics\/ca\/projecte\/argumenta-bcn-tardor-2023#projecte-activitats\" target=\"_blank\" rel=\"noopener\">xerrades<\/a>, el\u00a0<a href=\"https:\/\/ajuntament.barcelona.cat\/centrescivics\/ca\/projecte\/argumenta-bcn-tardor-2023#projecte-calendari\" target=\"_blank\" rel=\"noopener\">calendari<\/a>\u00a0o b\u00e9 descarregueu el\u00a0<a href=\"https:\/\/ajuntament.barcelona.cat\/centrescivics\/sites\/default\/files\/argumentabcn23t.pdf\" target=\"_blank\" rel=\"noopener\">programa en PDF<\/a>\u00a0amb totes les propostes detallades.<\/p>\n","protected":false},"excerpt":{"rendered":"<p>El Centre C\u00edvic Torre Llobeta acull aquest octubre i novembre quatre xerrades sobre els malestars que generen patiment emocional Aquest<\/p>\n","protected":false},"author":2,"featured_media":81783,"comment_status":"closed","ping_status":"closed","sticky":false,"template":"","format":"standard","meta":{"colormag_page_layout":"default_layout","_monsterinsights_skip_tracking":false,"_monsterinsights_sitenote_active":false,"_monsterinsights_sitenote_note":"","_monsterinsights_sitenote_category":0,"footnotes":""},"categories":[1,124,142],"tags":[525,319,273,43],"class_list":["post-81782","post","type-post","status-publish","format-standard","has-post-thumbnail","hentry","category-nou-barris","category-societat","category-vilapicina-i-la-torre-llobeta","tag-centre-civic-torre-llobeta","tag-nou-barris","tag-salut-mental","tag-vilapicina-y-la-torre-llobeta"],"yoast_head":"<!-- This site is optimized with the Yoast SEO plugin v25.3 - https:\/\/yoast.com\/wordpress\/plugins\/seo\/ -->\n<title>Comen\u00e7a el cicle de converses ArgumentaBCN sobre la salut mental - NouBarris.Net<\/title>\n<meta name=\"robots\" content=\"index, follow, max-snippet:-1, max-image-preview:large, max-video-preview:-1\" \/>\n<link rel=\"canonical\" href=\"https:\/\/www.noubarris.net\/web40\/comenca-el-cicle-de-converses-argumentabcn-sobre-la-salut-mental\/\" \/>\n<meta property=\"og:locale\" content=\"ca_ES\" \/>\n<meta property=\"og:type\" content=\"article\" \/>\n<meta property=\"og:title\" content=\"Comen\u00e7a el cicle de converses ArgumentaBCN sobre la salut mental - NouBarris.Net\" \/>\n<meta property=\"og:description\" content=\"El Centre C\u00edvic Torre Llobeta acull aquest octubre i novembre quatre xerrades sobre els malestars que generen patiment emocional Aquest\" \/>\n<meta property=\"og:url\" content=\"https:\/\/www.noubarris.net\/web40\/comenca-el-cicle-de-converses-argumentabcn-sobre-la-salut-mental\/\" \/>\n<meta property=\"og:site_name\" content=\"NouBarris.Net\" \/>\n<meta property=\"article:publisher\" content=\"https:\/\/www.facebook.com\/NouBarris.net\/?locale=es_ES\" \/>\n<meta property=\"article:published_time\" content=\"2023-10-16T22:00:56+00:00\" \/>\n<meta property=\"og:image\" content=\"https:\/\/www.noubarris.net\/web40\/wp-content\/uploads\/2023\/10\/161023.jpg\" \/>\n\t<meta property=\"og:image:width\" content=\"768\" \/>\n\t<meta property=\"og:image:height\" content=\"432\" \/>\n\t<meta property=\"og:image:type\" content=\"image\/jpeg\" \/>\n<meta name=\"author\" content=\"Informatius\" \/>\n<meta name=\"twitter:card\" content=\"summary_large_image\" \/>\n<meta name=\"twitter:creator\" content=\"@9BTV\" \/>\n<meta name=\"twitter:site\" content=\"@9BTV\" \/>\n<meta name=\"twitter:label1\" content=\"Escrit per\" \/>\n\t<meta name=\"twitter:data1\" content=\"Informatius\" \/>\n\t<meta name=\"twitter:label2\" content=\"Temps estimat de lectura\" \/>\n\t<meta name=\"twitter:data2\" content=\"3 minuts\" \/>\n<script type=\"application\/ld+json\" class=\"yoast-schema-graph\">{\"@context\":\"https:\/\/schema.org\",\"@graph\":[{\"@type\":\"Article\",\"@id\":\"https:\/\/www.noubarris.net\/web40\/comenca-el-cicle-de-converses-argumentabcn-sobre-la-salut-mental\/#article\",\"isPartOf\":{\"@id\":\"https:\/\/www.noubarris.net\/web40\/comenca-el-cicle-de-converses-argumentabcn-sobre-la-salut-mental\/\"},\"author\":{\"name\":\"Informatius\",\"@id\":\"https:\/\/www.noubarris.net\/web40\/#\/schema\/person\/1827f92aaa316c54abbf4dac0de76069\"},\"headline\":\"Comen\u00e7a el cicle de converses ArgumentaBCN sobre la salut mental\",\"datePublished\":\"2023-10-16T22:00:56+00:00\",\"mainEntityOfPage\":{\"@id\":\"https:\/\/www.noubarris.net\/web40\/comenca-el-cicle-de-converses-argumentabcn-sobre-la-salut-mental\/\"},\"wordCount\":442,\"publisher\":{\"@id\":\"https:\/\/www.noubarris.net\/web40\/#organization\"},\"image\":{\"@id\":\"https:\/\/www.noubarris.net\/web40\/comenca-el-cicle-de-converses-argumentabcn-sobre-la-salut-mental\/#primaryimage\"},\"thumbnailUrl\":\"https:\/\/www.noubarris.net\/web40\/wp-content\/uploads\/2023\/10\/161023.jpg\",\"keywords\":[\"centre c\u00edvic Torre Llobeta\",\"Nou Barris\",\"Salut mental\",\"Vilapicina i La Torre Llobeta\"],\"articleSection\":[\"Nou Barris\",\"Societat\",\"Vilapicina i la Torre Llobeta\"],\"inLanguage\":\"ca\"},{\"@type\":\"WebPage\",\"@id\":\"https:\/\/www.noubarris.net\/web40\/comenca-el-cicle-de-converses-argumentabcn-sobre-la-salut-mental\/\",\"url\":\"https:\/\/www.noubarris.net\/web40\/comenca-el-cicle-de-converses-argumentabcn-sobre-la-salut-mental\/\",\"name\":\"Comen\u00e7a el cicle de converses ArgumentaBCN sobre la salut mental - NouBarris.Net\",\"isPartOf\":{\"@id\":\"https:\/\/www.noubarris.net\/web40\/#website\"},\"primaryImageOfPage\":{\"@id\":\"https:\/\/www.noubarris.net\/web40\/comenca-el-cicle-de-converses-argumentabcn-sobre-la-salut-mental\/#primaryimage\"},\"image\":{\"@id\":\"https:\/\/www.noubarris.net\/web40\/comenca-el-cicle-de-converses-argumentabcn-sobre-la-salut-mental\/#primaryimage\"},\"thumbnailUrl\":\"https:\/\/www.noubarris.net\/web40\/wp-content\/uploads\/2023\/10\/161023.jpg\",\"datePublished\":\"2023-10-16T22:00:56+00:00\",\"breadcrumb\":{\"@id\":\"https:\/\/www.noubarris.net\/web40\/comenca-el-cicle-de-converses-argumentabcn-sobre-la-salut-mental\/#breadcrumb\"},\"inLanguage\":\"ca\",\"potentialAction\":[{\"@type\":\"ReadAction\",\"target\":[\"https:\/\/www.noubarris.net\/web40\/comenca-el-cicle-de-converses-argumentabcn-sobre-la-salut-mental\/\"]}]},{\"@type\":\"ImageObject\",\"inLanguage\":\"ca\",\"@id\":\"https:\/\/www.noubarris.net\/web40\/comenca-el-cicle-de-converses-argumentabcn-sobre-la-salut-mental\/#primaryimage\",\"url\":\"https:\/\/www.noubarris.net\/web40\/wp-content\/uploads\/2023\/10\/161023.jpg\",\"contentUrl\":\"https:\/\/www.noubarris.net\/web40\/wp-content\/uploads\/2023\/10\/161023.jpg\",\"width\":768,\"height\":432},{\"@type\":\"BreadcrumbList\",\"@id\":\"https:\/\/www.noubarris.net\/web40\/comenca-el-cicle-de-converses-argumentabcn-sobre-la-salut-mental\/#breadcrumb\",\"itemListElement\":[{\"@type\":\"ListItem\",\"position\":1,\"name\":\"Inici\",\"item\":\"https:\/\/www.noubarris.net\/web40\/\"},{\"@type\":\"ListItem\",\"position\":2,\"name\":\"Comen\u00e7a el cicle de converses ArgumentaBCN sobre la salut mental\"}]},{\"@type\":\"WebSite\",\"@id\":\"https:\/\/www.noubarris.net\/web40\/#website\",\"url\":\"https:\/\/www.noubarris.net\/web40\/\",\"name\":\"NouBarris.Net\",\"description\":\"Seguint la vida de Nou Barris des de 1985\",\"publisher\":{\"@id\":\"https:\/\/www.noubarris.net\/web40\/#organization\"},\"potentialAction\":[{\"@type\":\"SearchAction\",\"target\":{\"@type\":\"EntryPoint\",\"urlTemplate\":\"https:\/\/www.noubarris.net\/web40\/?s={search_term_string}\"},\"query-input\":{\"@type\":\"PropertyValueSpecification\",\"valueRequired\":true,\"valueName\":\"search_term_string\"}}],\"inLanguage\":\"ca\"},{\"@type\":\"Organization\",\"@id\":\"https:\/\/www.noubarris.net\/web40\/#organization\",\"name\":\"NouBarris.Net\",\"url\":\"https:\/\/www.noubarris.net\/web40\/\",\"logo\":{\"@type\":\"ImageObject\",\"inLanguage\":\"ca\",\"@id\":\"https:\/\/www.noubarris.net\/web40\/#\/schema\/logo\/image\/\",\"url\":\"https:\/\/www.noubarris.net\/web40\/wp-content\/uploads\/2024\/11\/cropped-cropped-LOGO_9BTV-2024_Insta-1.jpg\",\"contentUrl\":\"https:\/\/www.noubarris.net\/web40\/wp-content\/uploads\/2024\/11\/cropped-cropped-LOGO_9BTV-2024_Insta-1.jpg\",\"width\":512,\"height\":512,\"caption\":\"NouBarris.Net\"},\"image\":{\"@id\":\"https:\/\/www.noubarris.net\/web40\/#\/schema\/logo\/image\/\"},\"sameAs\":[\"https:\/\/www.facebook.com\/NouBarris.net\/?locale=es_ES\",\"https:\/\/x.com\/9BTV\"]},{\"@type\":\"Person\",\"@id\":\"https:\/\/www.noubarris.net\/web40\/#\/schema\/person\/1827f92aaa316c54abbf4dac0de76069\",\"name\":\"Informatius\",\"image\":{\"@type\":\"ImageObject\",\"inLanguage\":\"ca\",\"@id\":\"https:\/\/www.noubarris.net\/web40\/#\/schema\/person\/image\/\",\"url\":\"https:\/\/secure.gravatar.com\/avatar\/87a3b47928835fc72c6ee5b0e1a7263ef0c2d05003a98189bc14926c5f11bcdb?s=96&d=mm&r=g\",\"contentUrl\":\"https:\/\/secure.gravatar.com\/avatar\/87a3b47928835fc72c6ee5b0e1a7263ef0c2d05003a98189bc14926c5f11bcdb?s=96&d=mm&r=g\",\"caption\":\"Informatius\"},\"url\":\"https:\/\/www.noubarris.net\/web40\/author\/tele\/\"}]}<\/script>\n<!-- \/ Yoast SEO plugin. -->","yoast_head_json":{"title":"Comen\u00e7a el cicle de converses ArgumentaBCN sobre la salut mental - NouBarris.Net","robots":{"index":"index","follow":"follow","max-snippet":"max-snippet:-1","max-image-preview":"max-image-preview:large","max-video-preview":"max-video-preview:-1"},"canonical":"https:\/\/www.noubarris.net\/web40\/comenca-el-cicle-de-converses-argumentabcn-sobre-la-salut-mental\/","og_locale":"ca_ES","og_type":"article","og_title":"Comen\u00e7a el cicle de converses ArgumentaBCN sobre la salut mental - NouBarris.Net","og_description":"El Centre C\u00edvic Torre Llobeta acull aquest octubre i novembre quatre xerrades sobre els malestars que generen patiment emocional Aquest","og_url":"https:\/\/www.noubarris.net\/web40\/comenca-el-cicle-de-converses-argumentabcn-sobre-la-salut-mental\/","og_site_name":"NouBarris.Net","article_publisher":"https:\/\/www.facebook.com\/NouBarris.net\/?locale=es_ES","article_published_time":"2023-10-16T22:00:56+00:00","og_image":[{"width":768,"height":432,"url":"https:\/\/www.noubarris.net\/web40\/wp-content\/uploads\/2023\/10\/161023.jpg","type":"image\/jpeg"}],"author":"Informatius","twitter_card":"summary_large_image","twitter_creator":"@9BTV","twitter_site":"@9BTV","twitter_misc":{"Escrit per":"Informatius","Temps estimat de lectura":"3 minuts"},"schema":{"@context":"https:\/\/schema.org","@graph":[{"@type":"Article","@id":"https:\/\/www.noubarris.net\/web40\/comenca-el-cicle-de-converses-argumentabcn-sobre-la-salut-mental\/#article","isPartOf":{"@id":"https:\/\/www.noubarris.net\/web40\/comenca-el-cicle-de-converses-argumentabcn-sobre-la-salut-mental\/"},"author":{"name":"Informatius","@id":"https:\/\/www.noubarris.net\/web40\/#\/schema\/person\/1827f92aaa316c54abbf4dac0de76069"},"headline":"Comen\u00e7a el cicle de converses ArgumentaBCN sobre la salut mental","datePublished":"2023-10-16T22:00:56+00:00","mainEntityOfPage":{"@id":"https:\/\/www.noubarris.net\/web40\/comenca-el-cicle-de-converses-argumentabcn-sobre-la-salut-mental\/"},"wordCount":442,"publisher":{"@id":"https:\/\/www.noubarris.net\/web40\/#organization"},"image":{"@id":"https:\/\/www.noubarris.net\/web40\/comenca-el-cicle-de-converses-argumentabcn-sobre-la-salut-mental\/#primaryimage"},"thumbnailUrl":"https:\/\/www.noubarris.net\/web40\/wp-content\/uploads\/2023\/10\/161023.jpg","keywords":["centre c\u00edvic Torre Llobeta","Nou Barris","Salut mental","Vilapicina i La Torre Llobeta"],"articleSection":["Nou Barris","Societat","Vilapicina i la Torre Llobeta"],"inLanguage":"ca"},{"@type":"WebPage","@id":"https:\/\/www.noubarris.net\/web40\/comenca-el-cicle-de-converses-argumentabcn-sobre-la-salut-mental\/","url":"https:\/\/www.noubarris.net\/web40\/comenca-el-cicle-de-converses-argumentabcn-sobre-la-salut-mental\/","name":"Comen\u00e7a el cicle de converses ArgumentaBCN sobre la salut mental - NouBarris.Net","isPartOf":{"@id":"https:\/\/www.noubarris.net\/web40\/#website"},"primaryImageOfPage":{"@id":"https:\/\/www.noubarris.net\/web40\/comenca-el-cicle-de-converses-argumentabcn-sobre-la-salut-mental\/#primaryimage"},"image":{"@id":"https:\/\/www.noubarris.net\/web40\/comenca-el-cicle-de-converses-argumentabcn-sobre-la-salut-mental\/#primaryimage"},"thumbnailUrl":"https:\/\/www.noubarris.net\/web40\/wp-content\/uploads\/2023\/10\/161023.jpg","datePublished":"2023-10-16T22:00:56+00:00","breadcrumb":{"@id":"https:\/\/www.noubarris.net\/web40\/comenca-el-cicle-de-converses-argumentabcn-sobre-la-salut-mental\/#breadcrumb"},"inLanguage":"ca","potentialAction":[{"@type":"ReadAction","target":["https:\/\/www.noubarris.net\/web40\/comenca-el-cicle-de-converses-argumentabcn-sobre-la-salut-mental\/"]}]},{"@type":"ImageObject","inLanguage":"ca","@id":"https:\/\/www.noubarris.net\/web40\/comenca-el-cicle-de-converses-argumentabcn-sobre-la-salut-mental\/#primaryimage","url":"https:\/\/www.noubarris.net\/web40\/wp-content\/uploads\/2023\/10\/161023.jpg","contentUrl":"https:\/\/www.noubarris.net\/web40\/wp-content\/uploads\/2023\/10\/161023.jpg","width":768,"height":432},{"@type":"BreadcrumbList","@id":"https:\/\/www.noubarris.net\/web40\/comenca-el-cicle-de-converses-argumentabcn-sobre-la-salut-mental\/#breadcrumb","itemListElement":[{"@type":"ListItem","position":1,"name":"Inici","item":"https:\/\/www.noubarris.net\/web40\/"},{"@type":"ListItem","position":2,"name":"Comen\u00e7a el cicle de converses ArgumentaBCN sobre la salut mental"}]},{"@type":"WebSite","@id":"https:\/\/www.noubarris.net\/web40\/#website","url":"https:\/\/www.noubarris.net\/web40\/","name":"NouBarris.Net","description":"Seguint la vida de Nou Barris des de 1985","publisher":{"@id":"https:\/\/www.noubarris.net\/web40\/#organization"},"potentialAction":[{"@type":"SearchAction","target":{"@type":"EntryPoint","urlTemplate":"https:\/\/www.noubarris.net\/web40\/?s={search_term_string}"},"query-input":{"@type":"PropertyValueSpecification","valueRequired":true,"valueName":"search_term_string"}}],"inLanguage":"ca"},{"@type":"Organization","@id":"https:\/\/www.noubarris.net\/web40\/#organization","name":"NouBarris.Net","url":"https:\/\/www.noubarris.net\/web40\/","logo":{"@type":"ImageObject","inLanguage":"ca","@id":"https:\/\/www.noubarris.net\/web40\/#\/schema\/logo\/image\/","url":"https:\/\/www.noubarris.net\/web40\/wp-content\/uploads\/2024\/11\/cropped-cropped-LOGO_9BTV-2024_Insta-1.jpg","contentUrl":"https:\/\/www.noubarris.net\/web40\/wp-content\/uploads\/2024\/11\/cropped-cropped-LOGO_9BTV-2024_Insta-1.jpg","width":512,"height":512,"caption":"NouBarris.Net"},"image":{"@id":"https:\/\/www.noubarris.net\/web40\/#\/schema\/logo\/image\/"},"sameAs":["https:\/\/www.facebook.com\/NouBarris.net\/?locale=es_ES","https:\/\/x.com\/9BTV"]},{"@type":"Person","@id":"https:\/\/www.noubarris.net\/web40\/#\/schema\/person\/1827f92aaa316c54abbf4dac0de76069","name":"Informatius","image":{"@type":"ImageObject","inLanguage":"ca","@id":"https:\/\/www.noubarris.net\/web40\/#\/schema\/person\/image\/","url":"https:\/\/secure.gravatar.com\/avatar\/87a3b47928835fc72c6ee5b0e1a7263ef0c2d05003a98189bc14926c5f11bcdb?s=96&d=mm&r=g","contentUrl":"https:\/\/secure.gravatar.com\/avatar\/87a3b47928835fc72c6ee5b0e1a7263ef0c2d05003a98189bc14926c5f11bcdb?s=96&d=mm&r=g","caption":"Informatius"},"url":"https:\/\/www.noubarris.net\/web40\/author\/tele\/"}]}},"_links":{"self":[{"href":"https:\/\/www.noubarris.net\/web40\/wp-json\/wp\/v2\/posts\/81782","targetHints":{"allow":["GET"]}}],"collection":[{"href":"https:\/\/www.noubarris.net\/web40\/wp-json\/wp\/v2\/posts"}],"about":[{"href":"https:\/\/www.noubarris.net\/web40\/wp-json\/wp\/v2\/types\/post"}],"author":[{"embeddable":true,"href":"https:\/\/www.noubarris.net\/web40\/wp-json\/wp\/v2\/users\/2"}],"replies":[{"embeddable":true,"href":"https:\/\/www.noubarris.net\/web40\/wp-json\/wp\/v2\/comments?post=81782"}],"version-history":[{"count":2,"href":"https:\/\/www.noubarris.net\/web40\/wp-json\/wp\/v2\/posts\/81782\/revisions"}],"predecessor-version":[{"id":81785,"href":"https:\/\/www.noubarris.net\/web40\/wp-json\/wp\/v2\/posts\/81782\/revisions\/81785"}],"wp:featuredmedia":[{"embeddable":true,"href":"https:\/\/www.noubarris.net\/web40\/wp-json\/wp\/v2\/media\/81783"}],"wp:attachment":[{"href":"https:\/\/www.noubarris.net\/web40\/wp-json\/wp\/v2\/media?parent=81782"}],"wp:term":[{"taxonomy":"category","embeddable":true,"href":"https:\/\/www.noubarris.net\/web40\/wp-json\/wp\/v2\/categories?post=81782"},{"taxonomy":"post_tag","embeddable":true,"href":"https:\/\/www.noubarris.net\/web40\/wp-json\/wp\/v2\/tags?post=81782"}],"curies":[{"name":"wp","href":"https:\/\/api.w.org\/{rel}","templated":true}]}}