{"id":81954,"date":"2023-11-17T00:00:47","date_gmt":"2023-11-16T22:00:47","guid":{"rendered":"http:\/\/www.noubarris.net\/web40\/?p=81954"},"modified":"2023-11-16T17:41:17","modified_gmt":"2023-11-16T15:41:17","slug":"barcelona-aprova-la-cessio-dun-solar-a-la-trinitat-nova-per-fer-hi-59-habitatges-de-lloguer","status":"publish","type":"post","link":"https:\/\/www.noubarris.net\/web40\/barcelona-aprova-la-cessio-dun-solar-a-la-trinitat-nova-per-fer-hi-59-habitatges-de-lloguer\/","title":{"rendered":"Barcelona aprova la cessi\u00f3 d\u2019un solar a la Trinitat Nova per fer-hi 59 habitatges de lloguer"},"content":{"rendered":"<p><strong>Les fundacions Grup Qualitat i Factoria de Somnis construiran i gestionaran el bloc d\u2019habitatge p\u00fablic del carrer de Palam\u00f3s 55-63<\/strong><\/p>\n<p>Al carrer de Palam\u00f3s, 55-63 s\u2019hi construir\u00e0 un edifici de 59 habitatges de lloguer assequible. La construcci\u00f3 anir\u00e0 a c\u00e0rrec de la UTE formada per les fundacions Grup Qualitat i Factoria de Somnis, que s\u00f3n les enitats que van guanyar el proc\u00e9s convocat al principi de 2021.<\/p>\n<p>Aquesta cessi\u00f3 s\u2019emmarca en el conveni signat amb entitats sense \u00e0nim de lucre per ampliar el parc p\u00fablic signat a finals de 2020, i a tota la ciutat inclou ja 16 futures promocions de 600 pisos: 402 de lloguer i 198 de cooperatius. Ser\u00e0 cada fundaci\u00f3 i cooperativa la que dur\u00e0 a terme les obres de construcci\u00f3 dels edificis, aix\u00ed com l\u2019elaboraci\u00f3 del projecte arquitect\u00f2nic i la sol\u00b7licitud de les llic\u00e8ncies corresponents. La cessi\u00f3 del dret de superf\u00edcie ser\u00e0 de 99 anys, un termini durant el qual l\u2019Ajuntament mantindr\u00e0 la titularitat p\u00fablica del s\u00f2l i en qu\u00e8 les entitats seran les titulars responsables de la gesti\u00f3 dels habitatges.<\/p>\n<p>Els pisos de lloguer\u00a0de la promoci\u00f3 del carrer Palam\u00f3s 55-63 s\u2019adjudicaran a les persones inscrites al\u00a0<a href=\"https:\/\/www.habitatge.barcelona\/ca\/acces-a-habitatge\/registre-sollicitants\" target=\"_blank\" rel=\"noopener\">Registre de Sol\u00b7licitants d\u2019Habitatges de Protecci\u00f3 Oficial de Barcelona<\/a>.<\/p>\n","protected":false},"excerpt":{"rendered":"<p>Les fundacions Grup Qualitat i Factoria de Somnis construiran i gestionaran el bloc d\u2019habitatge p\u00fablic del carrer de Palam\u00f3s 55-63<\/p>\n","protected":false},"author":2,"featured_media":81955,"comment_status":"closed","ping_status":"closed","sticky":false,"template":"","format":"standard","meta":{"colormag_page_layout":"default_layout","_monsterinsights_skip_tracking":false,"_monsterinsights_sitenote_active":false,"_monsterinsights_sitenote_note":"","_monsterinsights_sitenote_category":0,"footnotes":""},"categories":[138,1,302],"tags":[94],"class_list":["post-81954","post","type-post","status-publish","format-standard","has-post-thumbnail","hentry","category-la-trinitat-nova","category-nou-barris","category-urbanisme","tag-habitatge"],"yoast_head":"<!-- This site is optimized with the Yoast SEO plugin v25.3 - https:\/\/yoast.com\/wordpress\/plugins\/seo\/ -->\n<title>Barcelona aprova la cessi\u00f3 d\u2019un solar a la Trinitat Nova per fer-hi 59 habitatges de lloguer - NouBarris.Net<\/title>\n<meta name=\"description\" content=\"Al carrer de Palam\u00f3s, 55-63 s\u2019hi construir\u00e0 un edifici de 59 habitatges de lloguer assequible.\" \/>\n<meta name=\"robots\" content=\"index, follow, max-snippet:-1, max-image-preview:large, max-video-preview:-1\" \/>\n<link rel=\"canonical\" href=\"https:\/\/www.noubarris.net\/web40\/barcelona-aprova-la-cessio-dun-solar-a-la-trinitat-nova-per-fer-hi-59-habitatges-de-lloguer\/\" \/>\n<meta property=\"og:locale\" content=\"ca_ES\" \/>\n<meta property=\"og:type\" content=\"article\" \/>\n<meta property=\"og:title\" content=\"Barcelona aprova la cessi\u00f3 d\u2019un solar a la Trinitat Nova per fer-hi 59 habitatges de lloguer - NouBarris.Net\" \/>\n<meta property=\"og:description\" content=\"Al carrer de Palam\u00f3s, 55-63 s\u2019hi construir\u00e0 un edifici de 59 habitatges de lloguer assequible.\" \/>\n<meta property=\"og:url\" content=\"https:\/\/www.noubarris.net\/web40\/barcelona-aprova-la-cessio-dun-solar-a-la-trinitat-nova-per-fer-hi-59-habitatges-de-lloguer\/\" \/>\n<meta property=\"og:site_name\" content=\"NouBarris.Net\" \/>\n<meta property=\"article:publisher\" content=\"https:\/\/www.facebook.com\/NouBarris.net\/?locale=es_ES\" \/>\n<meta property=\"article:published_time\" content=\"2023-11-16T22:00:47+00:00\" \/>\n<meta property=\"og:image\" content=\"https:\/\/www.noubarris.net\/web40\/wp-content\/uploads\/2023\/11\/171123.jpg\" \/>\n\t<meta property=\"og:image:width\" content=\"768\" \/>\n\t<meta property=\"og:image:height\" content=\"432\" \/>\n\t<meta property=\"og:image:type\" content=\"image\/jpeg\" \/>\n<meta name=\"author\" content=\"Informatius\" \/>\n<meta name=\"twitter:card\" content=\"summary_large_image\" \/>\n<meta name=\"twitter:creator\" content=\"@9BTV\" \/>\n<meta name=\"twitter:site\" content=\"@9BTV\" \/>\n<meta name=\"twitter:label1\" content=\"Escrit per\" \/>\n\t<meta name=\"twitter:data1\" content=\"Informatius\" \/>\n\t<meta name=\"twitter:label2\" content=\"Temps estimat de lectura\" \/>\n\t<meta name=\"twitter:data2\" content=\"2 minuts\" \/>\n<script type=\"application\/ld+json\" class=\"yoast-schema-graph\">{\"@context\":\"https:\/\/schema.org\",\"@graph\":[{\"@type\":\"Article\",\"@id\":\"https:\/\/www.noubarris.net\/web40\/barcelona-aprova-la-cessio-dun-solar-a-la-trinitat-nova-per-fer-hi-59-habitatges-de-lloguer\/#article\",\"isPartOf\":{\"@id\":\"https:\/\/www.noubarris.net\/web40\/barcelona-aprova-la-cessio-dun-solar-a-la-trinitat-nova-per-fer-hi-59-habitatges-de-lloguer\/\"},\"author\":{\"name\":\"Informatius\",\"@id\":\"https:\/\/www.noubarris.net\/web40\/#\/schema\/person\/1827f92aaa316c54abbf4dac0de76069\"},\"headline\":\"Barcelona aprova la cessi\u00f3 d\u2019un solar a la Trinitat Nova per fer-hi 59 habitatges de lloguer\",\"datePublished\":\"2023-11-16T22:00:47+00:00\",\"mainEntityOfPage\":{\"@id\":\"https:\/\/www.noubarris.net\/web40\/barcelona-aprova-la-cessio-dun-solar-a-la-trinitat-nova-per-fer-hi-59-habitatges-de-lloguer\/\"},\"wordCount\":231,\"publisher\":{\"@id\":\"https:\/\/www.noubarris.net\/web40\/#organization\"},\"image\":{\"@id\":\"https:\/\/www.noubarris.net\/web40\/barcelona-aprova-la-cessio-dun-solar-a-la-trinitat-nova-per-fer-hi-59-habitatges-de-lloguer\/#primaryimage\"},\"thumbnailUrl\":\"https:\/\/www.noubarris.net\/web40\/wp-content\/uploads\/2023\/11\/171123.jpg\",\"keywords\":[\"Habitatge\"],\"articleSection\":[\"La Trinitat Nova\",\"Nou Barris\",\"Urbanisme\"],\"inLanguage\":\"ca\"},{\"@type\":\"WebPage\",\"@id\":\"https:\/\/www.noubarris.net\/web40\/barcelona-aprova-la-cessio-dun-solar-a-la-trinitat-nova-per-fer-hi-59-habitatges-de-lloguer\/\",\"url\":\"https:\/\/www.noubarris.net\/web40\/barcelona-aprova-la-cessio-dun-solar-a-la-trinitat-nova-per-fer-hi-59-habitatges-de-lloguer\/\",\"name\":\"Barcelona aprova la cessi\u00f3 d\u2019un solar a la Trinitat Nova per fer-hi 59 habitatges de lloguer - NouBarris.Net\",\"isPartOf\":{\"@id\":\"https:\/\/www.noubarris.net\/web40\/#website\"},\"primaryImageOfPage\":{\"@id\":\"https:\/\/www.noubarris.net\/web40\/barcelona-aprova-la-cessio-dun-solar-a-la-trinitat-nova-per-fer-hi-59-habitatges-de-lloguer\/#primaryimage\"},\"image\":{\"@id\":\"https:\/\/www.noubarris.net\/web40\/barcelona-aprova-la-cessio-dun-solar-a-la-trinitat-nova-per-fer-hi-59-habitatges-de-lloguer\/#primaryimage\"},\"thumbnailUrl\":\"https:\/\/www.noubarris.net\/web40\/wp-content\/uploads\/2023\/11\/171123.jpg\",\"datePublished\":\"2023-11-16T22:00:47+00:00\",\"description\":\"Al carrer de Palam\u00f3s, 55-63 s\u2019hi construir\u00e0 un edifici de 59 habitatges de lloguer assequible.\",\"breadcrumb\":{\"@id\":\"https:\/\/www.noubarris.net\/web40\/barcelona-aprova-la-cessio-dun-solar-a-la-trinitat-nova-per-fer-hi-59-habitatges-de-lloguer\/#breadcrumb\"},\"inLanguage\":\"ca\",\"potentialAction\":[{\"@type\":\"ReadAction\",\"target\":[\"https:\/\/www.noubarris.net\/web40\/barcelona-aprova-la-cessio-dun-solar-a-la-trinitat-nova-per-fer-hi-59-habitatges-de-lloguer\/\"]}]},{\"@type\":\"ImageObject\",\"inLanguage\":\"ca\",\"@id\":\"https:\/\/www.noubarris.net\/web40\/barcelona-aprova-la-cessio-dun-solar-a-la-trinitat-nova-per-fer-hi-59-habitatges-de-lloguer\/#primaryimage\",\"url\":\"https:\/\/www.noubarris.net\/web40\/wp-content\/uploads\/2023\/11\/171123.jpg\",\"contentUrl\":\"https:\/\/www.noubarris.net\/web40\/wp-content\/uploads\/2023\/11\/171123.jpg\",\"width\":768,\"height\":432},{\"@type\":\"BreadcrumbList\",\"@id\":\"https:\/\/www.noubarris.net\/web40\/barcelona-aprova-la-cessio-dun-solar-a-la-trinitat-nova-per-fer-hi-59-habitatges-de-lloguer\/#breadcrumb\",\"itemListElement\":[{\"@type\":\"ListItem\",\"position\":1,\"name\":\"Inici\",\"item\":\"https:\/\/www.noubarris.net\/web40\/\"},{\"@type\":\"ListItem\",\"position\":2,\"name\":\"Barcelona aprova la cessi\u00f3 d\u2019un solar a la Trinitat Nova per fer-hi 59 habitatges de lloguer\"}]},{\"@type\":\"WebSite\",\"@id\":\"https:\/\/www.noubarris.net\/web40\/#website\",\"url\":\"https:\/\/www.noubarris.net\/web40\/\",\"name\":\"NouBarris.Net\",\"description\":\"Seguint la vida de Nou Barris des de 1985\",\"publisher\":{\"@id\":\"https:\/\/www.noubarris.net\/web40\/#organization\"},\"potentialAction\":[{\"@type\":\"SearchAction\",\"target\":{\"@type\":\"EntryPoint\",\"urlTemplate\":\"https:\/\/www.noubarris.net\/web40\/?s={search_term_string}\"},\"query-input\":{\"@type\":\"PropertyValueSpecification\",\"valueRequired\":true,\"valueName\":\"search_term_string\"}}],\"inLanguage\":\"ca\"},{\"@type\":\"Organization\",\"@id\":\"https:\/\/www.noubarris.net\/web40\/#organization\",\"name\":\"NouBarris.Net\",\"url\":\"https:\/\/www.noubarris.net\/web40\/\",\"logo\":{\"@type\":\"ImageObject\",\"inLanguage\":\"ca\",\"@id\":\"https:\/\/www.noubarris.net\/web40\/#\/schema\/logo\/image\/\",\"url\":\"https:\/\/www.noubarris.net\/web40\/wp-content\/uploads\/2024\/11\/cropped-cropped-LOGO_9BTV-2024_Insta-1.jpg\",\"contentUrl\":\"https:\/\/www.noubarris.net\/web40\/wp-content\/uploads\/2024\/11\/cropped-cropped-LOGO_9BTV-2024_Insta-1.jpg\",\"width\":512,\"height\":512,\"caption\":\"NouBarris.Net\"},\"image\":{\"@id\":\"https:\/\/www.noubarris.net\/web40\/#\/schema\/logo\/image\/\"},\"sameAs\":[\"https:\/\/www.facebook.com\/NouBarris.net\/?locale=es_ES\",\"https:\/\/x.com\/9BTV\"]},{\"@type\":\"Person\",\"@id\":\"https:\/\/www.noubarris.net\/web40\/#\/schema\/person\/1827f92aaa316c54abbf4dac0de76069\",\"name\":\"Informatius\",\"image\":{\"@type\":\"ImageObject\",\"inLanguage\":\"ca\",\"@id\":\"https:\/\/www.noubarris.net\/web40\/#\/schema\/person\/image\/\",\"url\":\"https:\/\/secure.gravatar.com\/avatar\/87a3b47928835fc72c6ee5b0e1a7263ef0c2d05003a98189bc14926c5f11bcdb?s=96&d=mm&r=g\",\"contentUrl\":\"https:\/\/secure.gravatar.com\/avatar\/87a3b47928835fc72c6ee5b0e1a7263ef0c2d05003a98189bc14926c5f11bcdb?s=96&d=mm&r=g\",\"caption\":\"Informatius\"},\"url\":\"https:\/\/www.noubarris.net\/web40\/author\/tele\/\"}]}<\/script>\n<!-- \/ Yoast SEO plugin. -->","yoast_head_json":{"title":"Barcelona aprova la cessi\u00f3 d\u2019un solar a la Trinitat Nova per fer-hi 59 habitatges de lloguer - NouBarris.Net","description":"Al carrer de Palam\u00f3s, 55-63 s\u2019hi construir\u00e0 un edifici de 59 habitatges de lloguer assequible.","robots":{"index":"index","follow":"follow","max-snippet":"max-snippet:-1","max-image-preview":"max-image-preview:large","max-video-preview":"max-video-preview:-1"},"canonical":"https:\/\/www.noubarris.net\/web40\/barcelona-aprova-la-cessio-dun-solar-a-la-trinitat-nova-per-fer-hi-59-habitatges-de-lloguer\/","og_locale":"ca_ES","og_type":"article","og_title":"Barcelona aprova la cessi\u00f3 d\u2019un solar a la Trinitat Nova per fer-hi 59 habitatges de lloguer - NouBarris.Net","og_description":"Al carrer de Palam\u00f3s, 55-63 s\u2019hi construir\u00e0 un edifici de 59 habitatges de lloguer assequible.","og_url":"https:\/\/www.noubarris.net\/web40\/barcelona-aprova-la-cessio-dun-solar-a-la-trinitat-nova-per-fer-hi-59-habitatges-de-lloguer\/","og_site_name":"NouBarris.Net","article_publisher":"https:\/\/www.facebook.com\/NouBarris.net\/?locale=es_ES","article_published_time":"2023-11-16T22:00:47+00:00","og_image":[{"width":768,"height":432,"url":"https:\/\/www.noubarris.net\/web40\/wp-content\/uploads\/2023\/11\/171123.jpg","type":"image\/jpeg"}],"author":"Informatius","twitter_card":"summary_large_image","twitter_creator":"@9BTV","twitter_site":"@9BTV","twitter_misc":{"Escrit per":"Informatius","Temps estimat de lectura":"2 minuts"},"schema":{"@context":"https:\/\/schema.org","@graph":[{"@type":"Article","@id":"https:\/\/www.noubarris.net\/web40\/barcelona-aprova-la-cessio-dun-solar-a-la-trinitat-nova-per-fer-hi-59-habitatges-de-lloguer\/#article","isPartOf":{"@id":"https:\/\/www.noubarris.net\/web40\/barcelona-aprova-la-cessio-dun-solar-a-la-trinitat-nova-per-fer-hi-59-habitatges-de-lloguer\/"},"author":{"name":"Informatius","@id":"https:\/\/www.noubarris.net\/web40\/#\/schema\/person\/1827f92aaa316c54abbf4dac0de76069"},"headline":"Barcelona aprova la cessi\u00f3 d\u2019un solar a la Trinitat Nova per fer-hi 59 habitatges de lloguer","datePublished":"2023-11-16T22:00:47+00:00","mainEntityOfPage":{"@id":"https:\/\/www.noubarris.net\/web40\/barcelona-aprova-la-cessio-dun-solar-a-la-trinitat-nova-per-fer-hi-59-habitatges-de-lloguer\/"},"wordCount":231,"publisher":{"@id":"https:\/\/www.noubarris.net\/web40\/#organization"},"image":{"@id":"https:\/\/www.noubarris.net\/web40\/barcelona-aprova-la-cessio-dun-solar-a-la-trinitat-nova-per-fer-hi-59-habitatges-de-lloguer\/#primaryimage"},"thumbnailUrl":"https:\/\/www.noubarris.net\/web40\/wp-content\/uploads\/2023\/11\/171123.jpg","keywords":["Habitatge"],"articleSection":["La Trinitat Nova","Nou Barris","Urbanisme"],"inLanguage":"ca"},{"@type":"WebPage","@id":"https:\/\/www.noubarris.net\/web40\/barcelona-aprova-la-cessio-dun-solar-a-la-trinitat-nova-per-fer-hi-59-habitatges-de-lloguer\/","url":"https:\/\/www.noubarris.net\/web40\/barcelona-aprova-la-cessio-dun-solar-a-la-trinitat-nova-per-fer-hi-59-habitatges-de-lloguer\/","name":"Barcelona aprova la cessi\u00f3 d\u2019un solar a la Trinitat Nova per fer-hi 59 habitatges de lloguer - NouBarris.Net","isPartOf":{"@id":"https:\/\/www.noubarris.net\/web40\/#website"},"primaryImageOfPage":{"@id":"https:\/\/www.noubarris.net\/web40\/barcelona-aprova-la-cessio-dun-solar-a-la-trinitat-nova-per-fer-hi-59-habitatges-de-lloguer\/#primaryimage"},"image":{"@id":"https:\/\/www.noubarris.net\/web40\/barcelona-aprova-la-cessio-dun-solar-a-la-trinitat-nova-per-fer-hi-59-habitatges-de-lloguer\/#primaryimage"},"thumbnailUrl":"https:\/\/www.noubarris.net\/web40\/wp-content\/uploads\/2023\/11\/171123.jpg","datePublished":"2023-11-16T22:00:47+00:00","description":"Al carrer de Palam\u00f3s, 55-63 s\u2019hi construir\u00e0 un edifici de 59 habitatges de lloguer assequible.","breadcrumb":{"@id":"https:\/\/www.noubarris.net\/web40\/barcelona-aprova-la-cessio-dun-solar-a-la-trinitat-nova-per-fer-hi-59-habitatges-de-lloguer\/#breadcrumb"},"inLanguage":"ca","potentialAction":[{"@type":"ReadAction","target":["https:\/\/www.noubarris.net\/web40\/barcelona-aprova-la-cessio-dun-solar-a-la-trinitat-nova-per-fer-hi-59-habitatges-de-lloguer\/"]}]},{"@type":"ImageObject","inLanguage":"ca","@id":"https:\/\/www.noubarris.net\/web40\/barcelona-aprova-la-cessio-dun-solar-a-la-trinitat-nova-per-fer-hi-59-habitatges-de-lloguer\/#primaryimage","url":"https:\/\/www.noubarris.net\/web40\/wp-content\/uploads\/2023\/11\/171123.jpg","contentUrl":"https:\/\/www.noubarris.net\/web40\/wp-content\/uploads\/2023\/11\/171123.jpg","width":768,"height":432},{"@type":"BreadcrumbList","@id":"https:\/\/www.noubarris.net\/web40\/barcelona-aprova-la-cessio-dun-solar-a-la-trinitat-nova-per-fer-hi-59-habitatges-de-lloguer\/#breadcrumb","itemListElement":[{"@type":"ListItem","position":1,"name":"Inici","item":"https:\/\/www.noubarris.net\/web40\/"},{"@type":"ListItem","position":2,"name":"Barcelona aprova la cessi\u00f3 d\u2019un solar a la Trinitat Nova per fer-hi 59 habitatges de lloguer"}]},{"@type":"WebSite","@id":"https:\/\/www.noubarris.net\/web40\/#website","url":"https:\/\/www.noubarris.net\/web40\/","name":"NouBarris.Net","description":"Seguint la vida de Nou Barris des de 1985","publisher":{"@id":"https:\/\/www.noubarris.net\/web40\/#organization"},"potentialAction":[{"@type":"SearchAction","target":{"@type":"EntryPoint","urlTemplate":"https:\/\/www.noubarris.net\/web40\/?s={search_term_string}"},"query-input":{"@type":"PropertyValueSpecification","valueRequired":true,"valueName":"search_term_string"}}],"inLanguage":"ca"},{"@type":"Organization","@id":"https:\/\/www.noubarris.net\/web40\/#organization","name":"NouBarris.Net","url":"https:\/\/www.noubarris.net\/web40\/","logo":{"@type":"ImageObject","inLanguage":"ca","@id":"https:\/\/www.noubarris.net\/web40\/#\/schema\/logo\/image\/","url":"https:\/\/www.noubarris.net\/web40\/wp-content\/uploads\/2024\/11\/cropped-cropped-LOGO_9BTV-2024_Insta-1.jpg","contentUrl":"https:\/\/www.noubarris.net\/web40\/wp-content\/uploads\/2024\/11\/cropped-cropped-LOGO_9BTV-2024_Insta-1.jpg","width":512,"height":512,"caption":"NouBarris.Net"},"image":{"@id":"https:\/\/www.noubarris.net\/web40\/#\/schema\/logo\/image\/"},"sameAs":["https:\/\/www.facebook.com\/NouBarris.net\/?locale=es_ES","https:\/\/x.com\/9BTV"]},{"@type":"Person","@id":"https:\/\/www.noubarris.net\/web40\/#\/schema\/person\/1827f92aaa316c54abbf4dac0de76069","name":"Informatius","image":{"@type":"ImageObject","inLanguage":"ca","@id":"https:\/\/www.noubarris.net\/web40\/#\/schema\/person\/image\/","url":"https:\/\/secure.gravatar.com\/avatar\/87a3b47928835fc72c6ee5b0e1a7263ef0c2d05003a98189bc14926c5f11bcdb?s=96&d=mm&r=g","contentUrl":"https:\/\/secure.gravatar.com\/avatar\/87a3b47928835fc72c6ee5b0e1a7263ef0c2d05003a98189bc14926c5f11bcdb?s=96&d=mm&r=g","caption":"Informatius"},"url":"https:\/\/www.noubarris.net\/web40\/author\/tele\/"}]}},"_links":{"self":[{"href":"https:\/\/www.noubarris.net\/web40\/wp-json\/wp\/v2\/posts\/81954","targetHints":{"allow":["GET"]}}],"collection":[{"href":"https:\/\/www.noubarris.net\/web40\/wp-json\/wp\/v2\/posts"}],"about":[{"href":"https:\/\/www.noubarris.net\/web40\/wp-json\/wp\/v2\/types\/post"}],"author":[{"embeddable":true,"href":"https:\/\/www.noubarris.net\/web40\/wp-json\/wp\/v2\/users\/2"}],"replies":[{"embeddable":true,"href":"https:\/\/www.noubarris.net\/web40\/wp-json\/wp\/v2\/comments?post=81954"}],"version-history":[{"count":2,"href":"https:\/\/www.noubarris.net\/web40\/wp-json\/wp\/v2\/posts\/81954\/revisions"}],"predecessor-version":[{"id":81957,"href":"https:\/\/www.noubarris.net\/web40\/wp-json\/wp\/v2\/posts\/81954\/revisions\/81957"}],"wp:featuredmedia":[{"embeddable":true,"href":"https:\/\/www.noubarris.net\/web40\/wp-json\/wp\/v2\/media\/81955"}],"wp:attachment":[{"href":"https:\/\/www.noubarris.net\/web40\/wp-json\/wp\/v2\/media?parent=81954"}],"wp:term":[{"taxonomy":"category","embeddable":true,"href":"https:\/\/www.noubarris.net\/web40\/wp-json\/wp\/v2\/categories?post=81954"},{"taxonomy":"post_tag","embeddable":true,"href":"https:\/\/www.noubarris.net\/web40\/wp-json\/wp\/v2\/tags?post=81954"}],"curies":[{"name":"wp","href":"https:\/\/api.w.org\/{rel}","templated":true}]}}