{"id":81998,"date":"2023-11-25T00:00:30","date_gmt":"2023-11-24T22:00:30","guid":{"rendered":"http:\/\/www.noubarris.net\/web40\/?p=81998"},"modified":"2023-11-24T18:14:33","modified_gmt":"2023-11-24T16:14:33","slug":"aquest-25n-combat-les-violencies-masclistes-pregunta-parla-escolta","status":"publish","type":"post","link":"https:\/\/www.noubarris.net\/web40\/aquest-25n-combat-les-violencies-masclistes-pregunta-parla-escolta\/","title":{"rendered":"Aquest 25N combat les viol\u00e8ncies masclistes: \u201cPregunta, parla, escolta\u201d"},"content":{"rendered":"<p><strong>L\u2019habitual acte central conviu amb altres propostes que volen conscienciar la societat per eliminar aquesta xacra<\/strong><\/p>\n<p>Amb motiu del 25 de novembre, Dia Internacional per a l\u2019Eliminaci\u00f3 de la Viol\u00e8ncia contra les Dones, Nou Barris refor\u00e7a el comprom\u00eds en la lluita contra les viol\u00e8ncies masclistes. I ho fa amb la campanya \u201cPregunta, parla, escolta\u201d, que posa el focus en la necessitat d\u2019encoratjar les dones perqu\u00e8 posin paraules al patiment i l\u2019angoixa, i aix\u00ed poder-les donar suport i empatitzar-hi.<\/p>\n<p>Des del Districte i les entitats, com \u00e9s habitual, han preparat un conjunt d\u2019esdeveniments per conscienciar sobre aquesta xacra social. D\u2019entre totes elles en destaca l\u2019acte central, que es va fer el divendres 24 de novembre a la B\u00f2bila de Porta.<\/p>\n<p>En\u00a0<a href=\"https:\/\/media-edg.barcelona.cat\/wp-content\/uploads\/2023\/11\/10151155\/programa-25N_NB_5.pdf\" target=\"_blank\" rel=\"noopener\">aquest programa<\/a> ho trobareu tota la informaci\u00f3.<\/p>\n","protected":false},"excerpt":{"rendered":"<p>L\u2019habitual acte central conviu amb altres propostes que volen conscienciar la societat per eliminar aquesta xacra Amb motiu del 25<\/p>\n","protected":false},"author":2,"featured_media":81999,"comment_status":"closed","ping_status":"closed","sticky":false,"template":"","format":"standard","meta":{"colormag_page_layout":"default_layout","_monsterinsights_skip_tracking":false,"_monsterinsights_sitenote_active":false,"_monsterinsights_sitenote_note":"","_monsterinsights_sitenote_category":0,"footnotes":""},"categories":[1,124],"tags":[347,319],"class_list":["post-81998","post","type-post","status-publish","format-standard","has-post-thumbnail","hentry","category-nou-barris","category-societat","tag-dones","tag-nou-barris"],"yoast_head":"<!-- This site is optimized with the Yoast SEO plugin v25.3 - https:\/\/yoast.com\/wordpress\/plugins\/seo\/ -->\n<title>Aquest 25N combat les viol\u00e8ncies masclistes: \u201cPregunta, parla, escolta\u201d - NouBarris.Net<\/title>\n<meta name=\"description\" content=\"Aquest 25N el districte de Nou Barris refor\u00e7a el comprom\u00eds en la lluita contra les viol\u00e8ncies masclistes.\" \/>\n<meta name=\"robots\" content=\"index, follow, max-snippet:-1, max-image-preview:large, max-video-preview:-1\" \/>\n<link rel=\"canonical\" href=\"https:\/\/www.noubarris.net\/web40\/aquest-25n-combat-les-violencies-masclistes-pregunta-parla-escolta\/\" \/>\n<meta property=\"og:locale\" content=\"ca_ES\" \/>\n<meta property=\"og:type\" content=\"article\" \/>\n<meta property=\"og:title\" content=\"Aquest 25N combat les viol\u00e8ncies masclistes: \u201cPregunta, parla, escolta\u201d - NouBarris.Net\" \/>\n<meta property=\"og:description\" content=\"Aquest 25N el districte de Nou Barris refor\u00e7a el comprom\u00eds en la lluita contra les viol\u00e8ncies masclistes.\" \/>\n<meta property=\"og:url\" content=\"https:\/\/www.noubarris.net\/web40\/aquest-25n-combat-les-violencies-masclistes-pregunta-parla-escolta\/\" \/>\n<meta property=\"og:site_name\" content=\"NouBarris.Net\" \/>\n<meta property=\"article:publisher\" content=\"https:\/\/www.facebook.com\/NouBarris.net\/?locale=es_ES\" \/>\n<meta property=\"article:published_time\" content=\"2023-11-24T22:00:30+00:00\" \/>\n<meta property=\"og:image\" content=\"https:\/\/www.noubarris.net\/web40\/wp-content\/uploads\/2023\/11\/251123.jpg\" \/>\n\t<meta property=\"og:image:width\" content=\"768\" \/>\n\t<meta property=\"og:image:height\" content=\"432\" \/>\n\t<meta property=\"og:image:type\" content=\"image\/jpeg\" \/>\n<meta name=\"author\" content=\"Informatius\" \/>\n<meta name=\"twitter:card\" content=\"summary_large_image\" \/>\n<meta name=\"twitter:creator\" content=\"@9BTV\" \/>\n<meta name=\"twitter:site\" content=\"@9BTV\" \/>\n<meta name=\"twitter:label1\" content=\"Escrit per\" \/>\n\t<meta name=\"twitter:data1\" content=\"Informatius\" \/>\n\t<meta name=\"twitter:label2\" content=\"Temps estimat de lectura\" \/>\n\t<meta name=\"twitter:data2\" content=\"1 minut\" \/>\n<script type=\"application\/ld+json\" class=\"yoast-schema-graph\">{\"@context\":\"https:\/\/schema.org\",\"@graph\":[{\"@type\":\"Article\",\"@id\":\"https:\/\/www.noubarris.net\/web40\/aquest-25n-combat-les-violencies-masclistes-pregunta-parla-escolta\/#article\",\"isPartOf\":{\"@id\":\"https:\/\/www.noubarris.net\/web40\/aquest-25n-combat-les-violencies-masclistes-pregunta-parla-escolta\/\"},\"author\":{\"name\":\"Informatius\",\"@id\":\"https:\/\/www.noubarris.net\/web40\/#\/schema\/person\/1827f92aaa316c54abbf4dac0de76069\"},\"headline\":\"Aquest 25N combat les viol\u00e8ncies masclistes: \u201cPregunta, parla, escolta\u201d\",\"datePublished\":\"2023-11-24T22:00:30+00:00\",\"mainEntityOfPage\":{\"@id\":\"https:\/\/www.noubarris.net\/web40\/aquest-25n-combat-les-violencies-masclistes-pregunta-parla-escolta\/\"},\"wordCount\":147,\"publisher\":{\"@id\":\"https:\/\/www.noubarris.net\/web40\/#organization\"},\"image\":{\"@id\":\"https:\/\/www.noubarris.net\/web40\/aquest-25n-combat-les-violencies-masclistes-pregunta-parla-escolta\/#primaryimage\"},\"thumbnailUrl\":\"https:\/\/www.noubarris.net\/web40\/wp-content\/uploads\/2023\/11\/251123.jpg\",\"keywords\":[\"Dones\",\"Nou Barris\"],\"articleSection\":[\"Nou Barris\",\"Societat\"],\"inLanguage\":\"ca\"},{\"@type\":\"WebPage\",\"@id\":\"https:\/\/www.noubarris.net\/web40\/aquest-25n-combat-les-violencies-masclistes-pregunta-parla-escolta\/\",\"url\":\"https:\/\/www.noubarris.net\/web40\/aquest-25n-combat-les-violencies-masclistes-pregunta-parla-escolta\/\",\"name\":\"Aquest 25N combat les viol\u00e8ncies masclistes: \u201cPregunta, parla, escolta\u201d - NouBarris.Net\",\"isPartOf\":{\"@id\":\"https:\/\/www.noubarris.net\/web40\/#website\"},\"primaryImageOfPage\":{\"@id\":\"https:\/\/www.noubarris.net\/web40\/aquest-25n-combat-les-violencies-masclistes-pregunta-parla-escolta\/#primaryimage\"},\"image\":{\"@id\":\"https:\/\/www.noubarris.net\/web40\/aquest-25n-combat-les-violencies-masclistes-pregunta-parla-escolta\/#primaryimage\"},\"thumbnailUrl\":\"https:\/\/www.noubarris.net\/web40\/wp-content\/uploads\/2023\/11\/251123.jpg\",\"datePublished\":\"2023-11-24T22:00:30+00:00\",\"description\":\"Aquest 25N el districte de Nou Barris refor\u00e7a el comprom\u00eds en la lluita contra les viol\u00e8ncies masclistes.\",\"breadcrumb\":{\"@id\":\"https:\/\/www.noubarris.net\/web40\/aquest-25n-combat-les-violencies-masclistes-pregunta-parla-escolta\/#breadcrumb\"},\"inLanguage\":\"ca\",\"potentialAction\":[{\"@type\":\"ReadAction\",\"target\":[\"https:\/\/www.noubarris.net\/web40\/aquest-25n-combat-les-violencies-masclistes-pregunta-parla-escolta\/\"]}]},{\"@type\":\"ImageObject\",\"inLanguage\":\"ca\",\"@id\":\"https:\/\/www.noubarris.net\/web40\/aquest-25n-combat-les-violencies-masclistes-pregunta-parla-escolta\/#primaryimage\",\"url\":\"https:\/\/www.noubarris.net\/web40\/wp-content\/uploads\/2023\/11\/251123.jpg\",\"contentUrl\":\"https:\/\/www.noubarris.net\/web40\/wp-content\/uploads\/2023\/11\/251123.jpg\",\"width\":768,\"height\":432},{\"@type\":\"BreadcrumbList\",\"@id\":\"https:\/\/www.noubarris.net\/web40\/aquest-25n-combat-les-violencies-masclistes-pregunta-parla-escolta\/#breadcrumb\",\"itemListElement\":[{\"@type\":\"ListItem\",\"position\":1,\"name\":\"Inici\",\"item\":\"https:\/\/www.noubarris.net\/web40\/\"},{\"@type\":\"ListItem\",\"position\":2,\"name\":\"Aquest 25N combat les viol\u00e8ncies masclistes: \u201cPregunta, parla, escolta\u201d\"}]},{\"@type\":\"WebSite\",\"@id\":\"https:\/\/www.noubarris.net\/web40\/#website\",\"url\":\"https:\/\/www.noubarris.net\/web40\/\",\"name\":\"NouBarris.Net\",\"description\":\"Seguint la vida de Nou Barris des de 1985\",\"publisher\":{\"@id\":\"https:\/\/www.noubarris.net\/web40\/#organization\"},\"potentialAction\":[{\"@type\":\"SearchAction\",\"target\":{\"@type\":\"EntryPoint\",\"urlTemplate\":\"https:\/\/www.noubarris.net\/web40\/?s={search_term_string}\"},\"query-input\":{\"@type\":\"PropertyValueSpecification\",\"valueRequired\":true,\"valueName\":\"search_term_string\"}}],\"inLanguage\":\"ca\"},{\"@type\":\"Organization\",\"@id\":\"https:\/\/www.noubarris.net\/web40\/#organization\",\"name\":\"NouBarris.Net\",\"url\":\"https:\/\/www.noubarris.net\/web40\/\",\"logo\":{\"@type\":\"ImageObject\",\"inLanguage\":\"ca\",\"@id\":\"https:\/\/www.noubarris.net\/web40\/#\/schema\/logo\/image\/\",\"url\":\"https:\/\/www.noubarris.net\/web40\/wp-content\/uploads\/2024\/11\/cropped-cropped-LOGO_9BTV-2024_Insta-1.jpg\",\"contentUrl\":\"https:\/\/www.noubarris.net\/web40\/wp-content\/uploads\/2024\/11\/cropped-cropped-LOGO_9BTV-2024_Insta-1.jpg\",\"width\":512,\"height\":512,\"caption\":\"NouBarris.Net\"},\"image\":{\"@id\":\"https:\/\/www.noubarris.net\/web40\/#\/schema\/logo\/image\/\"},\"sameAs\":[\"https:\/\/www.facebook.com\/NouBarris.net\/?locale=es_ES\",\"https:\/\/x.com\/9BTV\"]},{\"@type\":\"Person\",\"@id\":\"https:\/\/www.noubarris.net\/web40\/#\/schema\/person\/1827f92aaa316c54abbf4dac0de76069\",\"name\":\"Informatius\",\"image\":{\"@type\":\"ImageObject\",\"inLanguage\":\"ca\",\"@id\":\"https:\/\/www.noubarris.net\/web40\/#\/schema\/person\/image\/\",\"url\":\"https:\/\/secure.gravatar.com\/avatar\/87a3b47928835fc72c6ee5b0e1a7263ef0c2d05003a98189bc14926c5f11bcdb?s=96&d=mm&r=g\",\"contentUrl\":\"https:\/\/secure.gravatar.com\/avatar\/87a3b47928835fc72c6ee5b0e1a7263ef0c2d05003a98189bc14926c5f11bcdb?s=96&d=mm&r=g\",\"caption\":\"Informatius\"},\"url\":\"https:\/\/www.noubarris.net\/web40\/author\/tele\/\"}]}<\/script>\n<!-- \/ Yoast SEO plugin. -->","yoast_head_json":{"title":"Aquest 25N combat les viol\u00e8ncies masclistes: \u201cPregunta, parla, escolta\u201d - NouBarris.Net","description":"Aquest 25N el districte de Nou Barris refor\u00e7a el comprom\u00eds en la lluita contra les viol\u00e8ncies masclistes.","robots":{"index":"index","follow":"follow","max-snippet":"max-snippet:-1","max-image-preview":"max-image-preview:large","max-video-preview":"max-video-preview:-1"},"canonical":"https:\/\/www.noubarris.net\/web40\/aquest-25n-combat-les-violencies-masclistes-pregunta-parla-escolta\/","og_locale":"ca_ES","og_type":"article","og_title":"Aquest 25N combat les viol\u00e8ncies masclistes: \u201cPregunta, parla, escolta\u201d - NouBarris.Net","og_description":"Aquest 25N el districte de Nou Barris refor\u00e7a el comprom\u00eds en la lluita contra les viol\u00e8ncies masclistes.","og_url":"https:\/\/www.noubarris.net\/web40\/aquest-25n-combat-les-violencies-masclistes-pregunta-parla-escolta\/","og_site_name":"NouBarris.Net","article_publisher":"https:\/\/www.facebook.com\/NouBarris.net\/?locale=es_ES","article_published_time":"2023-11-24T22:00:30+00:00","og_image":[{"width":768,"height":432,"url":"https:\/\/www.noubarris.net\/web40\/wp-content\/uploads\/2023\/11\/251123.jpg","type":"image\/jpeg"}],"author":"Informatius","twitter_card":"summary_large_image","twitter_creator":"@9BTV","twitter_site":"@9BTV","twitter_misc":{"Escrit per":"Informatius","Temps estimat de lectura":"1 minut"},"schema":{"@context":"https:\/\/schema.org","@graph":[{"@type":"Article","@id":"https:\/\/www.noubarris.net\/web40\/aquest-25n-combat-les-violencies-masclistes-pregunta-parla-escolta\/#article","isPartOf":{"@id":"https:\/\/www.noubarris.net\/web40\/aquest-25n-combat-les-violencies-masclistes-pregunta-parla-escolta\/"},"author":{"name":"Informatius","@id":"https:\/\/www.noubarris.net\/web40\/#\/schema\/person\/1827f92aaa316c54abbf4dac0de76069"},"headline":"Aquest 25N combat les viol\u00e8ncies masclistes: \u201cPregunta, parla, escolta\u201d","datePublished":"2023-11-24T22:00:30+00:00","mainEntityOfPage":{"@id":"https:\/\/www.noubarris.net\/web40\/aquest-25n-combat-les-violencies-masclistes-pregunta-parla-escolta\/"},"wordCount":147,"publisher":{"@id":"https:\/\/www.noubarris.net\/web40\/#organization"},"image":{"@id":"https:\/\/www.noubarris.net\/web40\/aquest-25n-combat-les-violencies-masclistes-pregunta-parla-escolta\/#primaryimage"},"thumbnailUrl":"https:\/\/www.noubarris.net\/web40\/wp-content\/uploads\/2023\/11\/251123.jpg","keywords":["Dones","Nou Barris"],"articleSection":["Nou Barris","Societat"],"inLanguage":"ca"},{"@type":"WebPage","@id":"https:\/\/www.noubarris.net\/web40\/aquest-25n-combat-les-violencies-masclistes-pregunta-parla-escolta\/","url":"https:\/\/www.noubarris.net\/web40\/aquest-25n-combat-les-violencies-masclistes-pregunta-parla-escolta\/","name":"Aquest 25N combat les viol\u00e8ncies masclistes: \u201cPregunta, parla, escolta\u201d - NouBarris.Net","isPartOf":{"@id":"https:\/\/www.noubarris.net\/web40\/#website"},"primaryImageOfPage":{"@id":"https:\/\/www.noubarris.net\/web40\/aquest-25n-combat-les-violencies-masclistes-pregunta-parla-escolta\/#primaryimage"},"image":{"@id":"https:\/\/www.noubarris.net\/web40\/aquest-25n-combat-les-violencies-masclistes-pregunta-parla-escolta\/#primaryimage"},"thumbnailUrl":"https:\/\/www.noubarris.net\/web40\/wp-content\/uploads\/2023\/11\/251123.jpg","datePublished":"2023-11-24T22:00:30+00:00","description":"Aquest 25N el districte de Nou Barris refor\u00e7a el comprom\u00eds en la lluita contra les viol\u00e8ncies masclistes.","breadcrumb":{"@id":"https:\/\/www.noubarris.net\/web40\/aquest-25n-combat-les-violencies-masclistes-pregunta-parla-escolta\/#breadcrumb"},"inLanguage":"ca","potentialAction":[{"@type":"ReadAction","target":["https:\/\/www.noubarris.net\/web40\/aquest-25n-combat-les-violencies-masclistes-pregunta-parla-escolta\/"]}]},{"@type":"ImageObject","inLanguage":"ca","@id":"https:\/\/www.noubarris.net\/web40\/aquest-25n-combat-les-violencies-masclistes-pregunta-parla-escolta\/#primaryimage","url":"https:\/\/www.noubarris.net\/web40\/wp-content\/uploads\/2023\/11\/251123.jpg","contentUrl":"https:\/\/www.noubarris.net\/web40\/wp-content\/uploads\/2023\/11\/251123.jpg","width":768,"height":432},{"@type":"BreadcrumbList","@id":"https:\/\/www.noubarris.net\/web40\/aquest-25n-combat-les-violencies-masclistes-pregunta-parla-escolta\/#breadcrumb","itemListElement":[{"@type":"ListItem","position":1,"name":"Inici","item":"https:\/\/www.noubarris.net\/web40\/"},{"@type":"ListItem","position":2,"name":"Aquest 25N combat les viol\u00e8ncies masclistes: \u201cPregunta, parla, escolta\u201d"}]},{"@type":"WebSite","@id":"https:\/\/www.noubarris.net\/web40\/#website","url":"https:\/\/www.noubarris.net\/web40\/","name":"NouBarris.Net","description":"Seguint la vida de Nou Barris des de 1985","publisher":{"@id":"https:\/\/www.noubarris.net\/web40\/#organization"},"potentialAction":[{"@type":"SearchAction","target":{"@type":"EntryPoint","urlTemplate":"https:\/\/www.noubarris.net\/web40\/?s={search_term_string}"},"query-input":{"@type":"PropertyValueSpecification","valueRequired":true,"valueName":"search_term_string"}}],"inLanguage":"ca"},{"@type":"Organization","@id":"https:\/\/www.noubarris.net\/web40\/#organization","name":"NouBarris.Net","url":"https:\/\/www.noubarris.net\/web40\/","logo":{"@type":"ImageObject","inLanguage":"ca","@id":"https:\/\/www.noubarris.net\/web40\/#\/schema\/logo\/image\/","url":"https:\/\/www.noubarris.net\/web40\/wp-content\/uploads\/2024\/11\/cropped-cropped-LOGO_9BTV-2024_Insta-1.jpg","contentUrl":"https:\/\/www.noubarris.net\/web40\/wp-content\/uploads\/2024\/11\/cropped-cropped-LOGO_9BTV-2024_Insta-1.jpg","width":512,"height":512,"caption":"NouBarris.Net"},"image":{"@id":"https:\/\/www.noubarris.net\/web40\/#\/schema\/logo\/image\/"},"sameAs":["https:\/\/www.facebook.com\/NouBarris.net\/?locale=es_ES","https:\/\/x.com\/9BTV"]},{"@type":"Person","@id":"https:\/\/www.noubarris.net\/web40\/#\/schema\/person\/1827f92aaa316c54abbf4dac0de76069","name":"Informatius","image":{"@type":"ImageObject","inLanguage":"ca","@id":"https:\/\/www.noubarris.net\/web40\/#\/schema\/person\/image\/","url":"https:\/\/secure.gravatar.com\/avatar\/87a3b47928835fc72c6ee5b0e1a7263ef0c2d05003a98189bc14926c5f11bcdb?s=96&d=mm&r=g","contentUrl":"https:\/\/secure.gravatar.com\/avatar\/87a3b47928835fc72c6ee5b0e1a7263ef0c2d05003a98189bc14926c5f11bcdb?s=96&d=mm&r=g","caption":"Informatius"},"url":"https:\/\/www.noubarris.net\/web40\/author\/tele\/"}]}},"_links":{"self":[{"href":"https:\/\/www.noubarris.net\/web40\/wp-json\/wp\/v2\/posts\/81998","targetHints":{"allow":["GET"]}}],"collection":[{"href":"https:\/\/www.noubarris.net\/web40\/wp-json\/wp\/v2\/posts"}],"about":[{"href":"https:\/\/www.noubarris.net\/web40\/wp-json\/wp\/v2\/types\/post"}],"author":[{"embeddable":true,"href":"https:\/\/www.noubarris.net\/web40\/wp-json\/wp\/v2\/users\/2"}],"replies":[{"embeddable":true,"href":"https:\/\/www.noubarris.net\/web40\/wp-json\/wp\/v2\/comments?post=81998"}],"version-history":[{"count":3,"href":"https:\/\/www.noubarris.net\/web40\/wp-json\/wp\/v2\/posts\/81998\/revisions"}],"predecessor-version":[{"id":82002,"href":"https:\/\/www.noubarris.net\/web40\/wp-json\/wp\/v2\/posts\/81998\/revisions\/82002"}],"wp:featuredmedia":[{"embeddable":true,"href":"https:\/\/www.noubarris.net\/web40\/wp-json\/wp\/v2\/media\/81999"}],"wp:attachment":[{"href":"https:\/\/www.noubarris.net\/web40\/wp-json\/wp\/v2\/media?parent=81998"}],"wp:term":[{"taxonomy":"category","embeddable":true,"href":"https:\/\/www.noubarris.net\/web40\/wp-json\/wp\/v2\/categories?post=81998"},{"taxonomy":"post_tag","embeddable":true,"href":"https:\/\/www.noubarris.net\/web40\/wp-json\/wp\/v2\/tags?post=81998"}],"curies":[{"name":"wp","href":"https:\/\/api.w.org\/{rel}","templated":true}]}}