{"id":82003,"date":"2023-11-26T00:00:54","date_gmt":"2023-11-25T22:00:54","guid":{"rendered":"http:\/\/www.noubarris.net\/web40\/?p=82003"},"modified":"2023-11-24T18:22:40","modified_gmt":"2023-11-24T16:22:40","slug":"barcelona-desplega-les-zones-dus-compartit-per-a-gossos","status":"publish","type":"post","link":"https:\/\/www.noubarris.net\/web40\/barcelona-desplega-les-zones-dus-compartit-per-a-gossos\/","title":{"rendered":"Barcelona desplega les zones d\u2019\u00fas compartit per a gossos"},"content":{"rendered":"<p><strong>A Nou Barris hi haur\u00e0 13 espais en qu\u00e8 podran anar deslligats en determinades franges hor\u00e0ries<\/strong><\/p>\n<p>L&#8217;Ajuntament de Barcelona inicia el desplegament de les noves zones en qu\u00e8 els gossos poden anar deslligats en determinades hores del dia, mantenint la conviv\u00e8ncia amb la resta d\u2019usuaris i usu\u00e0ries dels espais. A tota la ciutat hi haur\u00e0 109 zones. D\u2019aquestes, 13 es troben al districte de Nou Barris:<\/p>\n<ul>\n<li>Jardins de Can Xiringoi<\/li>\n<li>Avinguda Rio de Janeiro<\/li>\n<li>Parc del Tur\u00f3 de la Peira<\/li>\n<li>Parc Central de Nou Barris<\/li>\n<li>Parc de la Guineueta<\/li>\n<li>Parc de Josep Maria Serra i Mart\u00ed<\/li>\n<li>Parc del Pla de Fornells<\/li>\n<li>Pla\u00e7a de Francesc Layret<\/li>\n<li>Pla\u00e7a Verda de la Prosperitat<\/li>\n<li>Carrer de Tamariu amb carrer de Palam\u00f3s<\/li>\n<li>Torrent de la Font d\u2019en Magu\u00e9s<\/li>\n<li>Carrer de Vallcivera<\/li>\n<li>Pla\u00e7a del Primer de Maig<\/li>\n<\/ul>\n<p>Consulteu-ne\u00a0<a href=\"https:\/\/media-edg.barcelona.cat\/wp-content\/uploads\/2023\/11\/24095626\/Gossos-deslligats_DISTRICTES_08.pdf\" target=\"_blank\" rel=\"noopener\">aqu\u00ed<\/a>\u00a0els horaris.<\/p>\n<p>El decret que ho estableix entrar\u00e0 en vigor el 18 de desembre. Seran, doncs, aquestes zones, les \u00faniques en qu\u00e8 els gossos podran anar sense lligar, en compliment de l\u2019Ordenan\u00e7a de Protecci\u00f3, Tinen\u00e7a i Venda d\u2019Animals (OPTVA). A la resta d\u2019espais de la ciutat han d\u2019anar sempre lligats. Els gossos potencialment perillosos han d\u2019anar sempre lligats i amb morri\u00f3.<\/p>\n<p>Aquestes zones s\u00f3n compartides, \u00e9s a dir no s\u00f3n exclusives per als gossos sin\u00f3 que hi han de conviure amb la resta d\u2019usuaris i usu\u00e0ries. I precisament per assegurar un bon funcionament dels espais, des del mes de juny un equip de persones informadores s\u2019hi ha desplegat per donar a con\u00e8ixer la normativa entre les persones responsables d\u2019animals.<\/p>\n<p>Les \u00faltimes setmanes s\u2019ha iniciat la senyalitzaci\u00f3 dels nous espais que s\u2019acabar\u00e0 entre desembre i gener. Tota la informaci\u00f3 dels nous espais per a gossos deslligats es pot consultar al web\u00a0<a href=\"https:\/\/ajuntament.barcelona.cat\/benestaranimal\/ca\/espais-gossos-deslligats-en-franges-horaries\" target=\"_blank\" rel=\"noopener\">barcelona.cat\/gossos-espai-public<\/a>.<\/p>\n","protected":false},"excerpt":{"rendered":"<p>A Nou Barris hi haur\u00e0 13 espais en qu\u00e8 podran anar deslligats en determinades franges hor\u00e0ries L&#8217;Ajuntament de Barcelona inicia<\/p>\n","protected":false},"author":2,"featured_media":82004,"comment_status":"closed","ping_status":"closed","sticky":false,"template":"","format":"standard","meta":{"colormag_page_layout":"default_layout","_monsterinsights_skip_tracking":false,"_monsterinsights_sitenote_active":false,"_monsterinsights_sitenote_note":"","_monsterinsights_sitenote_category":0,"footnotes":""},"categories":[1,124],"tags":[486,319],"class_list":["post-82003","post","type-post","status-publish","format-standard","has-post-thumbnail","hentry","category-nou-barris","category-societat","tag-gossos","tag-nou-barris"],"yoast_head":"<!-- This site is optimized with the Yoast SEO plugin v25.3 - https:\/\/yoast.com\/wordpress\/plugins\/seo\/ -->\n<title>Barcelona desplega les zones d\u2019\u00fas compartit per a gossos - NouBarris.Net<\/title>\n<meta name=\"description\" content=\"A Nou Barris hi haur\u00e0 13 espais en qu\u00e8 els gossos podran anar deslligats en determinades franges hor\u00e0ries.\" \/>\n<meta name=\"robots\" content=\"index, follow, max-snippet:-1, max-image-preview:large, max-video-preview:-1\" \/>\n<link rel=\"canonical\" href=\"https:\/\/www.noubarris.net\/web40\/barcelona-desplega-les-zones-dus-compartit-per-a-gossos\/\" \/>\n<meta property=\"og:locale\" content=\"ca_ES\" \/>\n<meta property=\"og:type\" content=\"article\" \/>\n<meta property=\"og:title\" content=\"Barcelona desplega les zones d\u2019\u00fas compartit per a gossos - NouBarris.Net\" \/>\n<meta property=\"og:description\" content=\"A Nou Barris hi haur\u00e0 13 espais en qu\u00e8 els gossos podran anar deslligats en determinades franges hor\u00e0ries.\" \/>\n<meta property=\"og:url\" content=\"https:\/\/www.noubarris.net\/web40\/barcelona-desplega-les-zones-dus-compartit-per-a-gossos\/\" \/>\n<meta property=\"og:site_name\" content=\"NouBarris.Net\" \/>\n<meta property=\"article:publisher\" content=\"https:\/\/www.facebook.com\/NouBarris.net\/?locale=es_ES\" \/>\n<meta property=\"article:published_time\" content=\"2023-11-25T22:00:54+00:00\" \/>\n<meta property=\"og:image\" content=\"https:\/\/www.noubarris.net\/web40\/wp-content\/uploads\/2023\/11\/261123.jpg\" \/>\n\t<meta property=\"og:image:width\" content=\"768\" \/>\n\t<meta property=\"og:image:height\" content=\"432\" \/>\n\t<meta property=\"og:image:type\" content=\"image\/jpeg\" \/>\n<meta name=\"author\" content=\"Informatius\" \/>\n<meta name=\"twitter:card\" content=\"summary_large_image\" \/>\n<meta name=\"twitter:creator\" content=\"@9BTV\" \/>\n<meta name=\"twitter:site\" content=\"@9BTV\" \/>\n<meta name=\"twitter:label1\" content=\"Escrit per\" \/>\n\t<meta name=\"twitter:data1\" content=\"Informatius\" \/>\n\t<meta name=\"twitter:label2\" content=\"Temps estimat de lectura\" \/>\n\t<meta name=\"twitter:data2\" content=\"2 minuts\" \/>\n<script type=\"application\/ld+json\" class=\"yoast-schema-graph\">{\"@context\":\"https:\/\/schema.org\",\"@graph\":[{\"@type\":\"Article\",\"@id\":\"https:\/\/www.noubarris.net\/web40\/barcelona-desplega-les-zones-dus-compartit-per-a-gossos\/#article\",\"isPartOf\":{\"@id\":\"https:\/\/www.noubarris.net\/web40\/barcelona-desplega-les-zones-dus-compartit-per-a-gossos\/\"},\"author\":{\"name\":\"Informatius\",\"@id\":\"https:\/\/www.noubarris.net\/web40\/#\/schema\/person\/1827f92aaa316c54abbf4dac0de76069\"},\"headline\":\"Barcelona desplega les zones d\u2019\u00fas compartit per a gossos\",\"datePublished\":\"2023-11-25T22:00:54+00:00\",\"mainEntityOfPage\":{\"@id\":\"https:\/\/www.noubarris.net\/web40\/barcelona-desplega-les-zones-dus-compartit-per-a-gossos\/\"},\"wordCount\":320,\"publisher\":{\"@id\":\"https:\/\/www.noubarris.net\/web40\/#organization\"},\"image\":{\"@id\":\"https:\/\/www.noubarris.net\/web40\/barcelona-desplega-les-zones-dus-compartit-per-a-gossos\/#primaryimage\"},\"thumbnailUrl\":\"https:\/\/www.noubarris.net\/web40\/wp-content\/uploads\/2023\/11\/261123.jpg\",\"keywords\":[\"gossos\",\"Nou Barris\"],\"articleSection\":[\"Nou Barris\",\"Societat\"],\"inLanguage\":\"ca\"},{\"@type\":\"WebPage\",\"@id\":\"https:\/\/www.noubarris.net\/web40\/barcelona-desplega-les-zones-dus-compartit-per-a-gossos\/\",\"url\":\"https:\/\/www.noubarris.net\/web40\/barcelona-desplega-les-zones-dus-compartit-per-a-gossos\/\",\"name\":\"Barcelona desplega les zones d\u2019\u00fas compartit per a gossos - NouBarris.Net\",\"isPartOf\":{\"@id\":\"https:\/\/www.noubarris.net\/web40\/#website\"},\"primaryImageOfPage\":{\"@id\":\"https:\/\/www.noubarris.net\/web40\/barcelona-desplega-les-zones-dus-compartit-per-a-gossos\/#primaryimage\"},\"image\":{\"@id\":\"https:\/\/www.noubarris.net\/web40\/barcelona-desplega-les-zones-dus-compartit-per-a-gossos\/#primaryimage\"},\"thumbnailUrl\":\"https:\/\/www.noubarris.net\/web40\/wp-content\/uploads\/2023\/11\/261123.jpg\",\"datePublished\":\"2023-11-25T22:00:54+00:00\",\"description\":\"A Nou Barris hi haur\u00e0 13 espais en qu\u00e8 els gossos podran anar deslligats en determinades franges hor\u00e0ries.\",\"breadcrumb\":{\"@id\":\"https:\/\/www.noubarris.net\/web40\/barcelona-desplega-les-zones-dus-compartit-per-a-gossos\/#breadcrumb\"},\"inLanguage\":\"ca\",\"potentialAction\":[{\"@type\":\"ReadAction\",\"target\":[\"https:\/\/www.noubarris.net\/web40\/barcelona-desplega-les-zones-dus-compartit-per-a-gossos\/\"]}]},{\"@type\":\"ImageObject\",\"inLanguage\":\"ca\",\"@id\":\"https:\/\/www.noubarris.net\/web40\/barcelona-desplega-les-zones-dus-compartit-per-a-gossos\/#primaryimage\",\"url\":\"https:\/\/www.noubarris.net\/web40\/wp-content\/uploads\/2023\/11\/261123.jpg\",\"contentUrl\":\"https:\/\/www.noubarris.net\/web40\/wp-content\/uploads\/2023\/11\/261123.jpg\",\"width\":768,\"height\":432},{\"@type\":\"BreadcrumbList\",\"@id\":\"https:\/\/www.noubarris.net\/web40\/barcelona-desplega-les-zones-dus-compartit-per-a-gossos\/#breadcrumb\",\"itemListElement\":[{\"@type\":\"ListItem\",\"position\":1,\"name\":\"Inici\",\"item\":\"https:\/\/www.noubarris.net\/web40\/\"},{\"@type\":\"ListItem\",\"position\":2,\"name\":\"Barcelona desplega les zones d\u2019\u00fas compartit per a gossos\"}]},{\"@type\":\"WebSite\",\"@id\":\"https:\/\/www.noubarris.net\/web40\/#website\",\"url\":\"https:\/\/www.noubarris.net\/web40\/\",\"name\":\"NouBarris.Net\",\"description\":\"Seguint la vida de Nou Barris des de 1985\",\"publisher\":{\"@id\":\"https:\/\/www.noubarris.net\/web40\/#organization\"},\"potentialAction\":[{\"@type\":\"SearchAction\",\"target\":{\"@type\":\"EntryPoint\",\"urlTemplate\":\"https:\/\/www.noubarris.net\/web40\/?s={search_term_string}\"},\"query-input\":{\"@type\":\"PropertyValueSpecification\",\"valueRequired\":true,\"valueName\":\"search_term_string\"}}],\"inLanguage\":\"ca\"},{\"@type\":\"Organization\",\"@id\":\"https:\/\/www.noubarris.net\/web40\/#organization\",\"name\":\"NouBarris.Net\",\"url\":\"https:\/\/www.noubarris.net\/web40\/\",\"logo\":{\"@type\":\"ImageObject\",\"inLanguage\":\"ca\",\"@id\":\"https:\/\/www.noubarris.net\/web40\/#\/schema\/logo\/image\/\",\"url\":\"https:\/\/www.noubarris.net\/web40\/wp-content\/uploads\/2024\/11\/cropped-cropped-LOGO_9BTV-2024_Insta-1.jpg\",\"contentUrl\":\"https:\/\/www.noubarris.net\/web40\/wp-content\/uploads\/2024\/11\/cropped-cropped-LOGO_9BTV-2024_Insta-1.jpg\",\"width\":512,\"height\":512,\"caption\":\"NouBarris.Net\"},\"image\":{\"@id\":\"https:\/\/www.noubarris.net\/web40\/#\/schema\/logo\/image\/\"},\"sameAs\":[\"https:\/\/www.facebook.com\/NouBarris.net\/?locale=es_ES\",\"https:\/\/x.com\/9BTV\"]},{\"@type\":\"Person\",\"@id\":\"https:\/\/www.noubarris.net\/web40\/#\/schema\/person\/1827f92aaa316c54abbf4dac0de76069\",\"name\":\"Informatius\",\"image\":{\"@type\":\"ImageObject\",\"inLanguage\":\"ca\",\"@id\":\"https:\/\/www.noubarris.net\/web40\/#\/schema\/person\/image\/\",\"url\":\"https:\/\/secure.gravatar.com\/avatar\/87a3b47928835fc72c6ee5b0e1a7263ef0c2d05003a98189bc14926c5f11bcdb?s=96&d=mm&r=g\",\"contentUrl\":\"https:\/\/secure.gravatar.com\/avatar\/87a3b47928835fc72c6ee5b0e1a7263ef0c2d05003a98189bc14926c5f11bcdb?s=96&d=mm&r=g\",\"caption\":\"Informatius\"},\"url\":\"https:\/\/www.noubarris.net\/web40\/author\/tele\/\"}]}<\/script>\n<!-- \/ Yoast SEO plugin. -->","yoast_head_json":{"title":"Barcelona desplega les zones d\u2019\u00fas compartit per a gossos - NouBarris.Net","description":"A Nou Barris hi haur\u00e0 13 espais en qu\u00e8 els gossos podran anar deslligats en determinades franges hor\u00e0ries.","robots":{"index":"index","follow":"follow","max-snippet":"max-snippet:-1","max-image-preview":"max-image-preview:large","max-video-preview":"max-video-preview:-1"},"canonical":"https:\/\/www.noubarris.net\/web40\/barcelona-desplega-les-zones-dus-compartit-per-a-gossos\/","og_locale":"ca_ES","og_type":"article","og_title":"Barcelona desplega les zones d\u2019\u00fas compartit per a gossos - NouBarris.Net","og_description":"A Nou Barris hi haur\u00e0 13 espais en qu\u00e8 els gossos podran anar deslligats en determinades franges hor\u00e0ries.","og_url":"https:\/\/www.noubarris.net\/web40\/barcelona-desplega-les-zones-dus-compartit-per-a-gossos\/","og_site_name":"NouBarris.Net","article_publisher":"https:\/\/www.facebook.com\/NouBarris.net\/?locale=es_ES","article_published_time":"2023-11-25T22:00:54+00:00","og_image":[{"width":768,"height":432,"url":"https:\/\/www.noubarris.net\/web40\/wp-content\/uploads\/2023\/11\/261123.jpg","type":"image\/jpeg"}],"author":"Informatius","twitter_card":"summary_large_image","twitter_creator":"@9BTV","twitter_site":"@9BTV","twitter_misc":{"Escrit per":"Informatius","Temps estimat de lectura":"2 minuts"},"schema":{"@context":"https:\/\/schema.org","@graph":[{"@type":"Article","@id":"https:\/\/www.noubarris.net\/web40\/barcelona-desplega-les-zones-dus-compartit-per-a-gossos\/#article","isPartOf":{"@id":"https:\/\/www.noubarris.net\/web40\/barcelona-desplega-les-zones-dus-compartit-per-a-gossos\/"},"author":{"name":"Informatius","@id":"https:\/\/www.noubarris.net\/web40\/#\/schema\/person\/1827f92aaa316c54abbf4dac0de76069"},"headline":"Barcelona desplega les zones d\u2019\u00fas compartit per a gossos","datePublished":"2023-11-25T22:00:54+00:00","mainEntityOfPage":{"@id":"https:\/\/www.noubarris.net\/web40\/barcelona-desplega-les-zones-dus-compartit-per-a-gossos\/"},"wordCount":320,"publisher":{"@id":"https:\/\/www.noubarris.net\/web40\/#organization"},"image":{"@id":"https:\/\/www.noubarris.net\/web40\/barcelona-desplega-les-zones-dus-compartit-per-a-gossos\/#primaryimage"},"thumbnailUrl":"https:\/\/www.noubarris.net\/web40\/wp-content\/uploads\/2023\/11\/261123.jpg","keywords":["gossos","Nou Barris"],"articleSection":["Nou Barris","Societat"],"inLanguage":"ca"},{"@type":"WebPage","@id":"https:\/\/www.noubarris.net\/web40\/barcelona-desplega-les-zones-dus-compartit-per-a-gossos\/","url":"https:\/\/www.noubarris.net\/web40\/barcelona-desplega-les-zones-dus-compartit-per-a-gossos\/","name":"Barcelona desplega les zones d\u2019\u00fas compartit per a gossos - NouBarris.Net","isPartOf":{"@id":"https:\/\/www.noubarris.net\/web40\/#website"},"primaryImageOfPage":{"@id":"https:\/\/www.noubarris.net\/web40\/barcelona-desplega-les-zones-dus-compartit-per-a-gossos\/#primaryimage"},"image":{"@id":"https:\/\/www.noubarris.net\/web40\/barcelona-desplega-les-zones-dus-compartit-per-a-gossos\/#primaryimage"},"thumbnailUrl":"https:\/\/www.noubarris.net\/web40\/wp-content\/uploads\/2023\/11\/261123.jpg","datePublished":"2023-11-25T22:00:54+00:00","description":"A Nou Barris hi haur\u00e0 13 espais en qu\u00e8 els gossos podran anar deslligats en determinades franges hor\u00e0ries.","breadcrumb":{"@id":"https:\/\/www.noubarris.net\/web40\/barcelona-desplega-les-zones-dus-compartit-per-a-gossos\/#breadcrumb"},"inLanguage":"ca","potentialAction":[{"@type":"ReadAction","target":["https:\/\/www.noubarris.net\/web40\/barcelona-desplega-les-zones-dus-compartit-per-a-gossos\/"]}]},{"@type":"ImageObject","inLanguage":"ca","@id":"https:\/\/www.noubarris.net\/web40\/barcelona-desplega-les-zones-dus-compartit-per-a-gossos\/#primaryimage","url":"https:\/\/www.noubarris.net\/web40\/wp-content\/uploads\/2023\/11\/261123.jpg","contentUrl":"https:\/\/www.noubarris.net\/web40\/wp-content\/uploads\/2023\/11\/261123.jpg","width":768,"height":432},{"@type":"BreadcrumbList","@id":"https:\/\/www.noubarris.net\/web40\/barcelona-desplega-les-zones-dus-compartit-per-a-gossos\/#breadcrumb","itemListElement":[{"@type":"ListItem","position":1,"name":"Inici","item":"https:\/\/www.noubarris.net\/web40\/"},{"@type":"ListItem","position":2,"name":"Barcelona desplega les zones d\u2019\u00fas compartit per a gossos"}]},{"@type":"WebSite","@id":"https:\/\/www.noubarris.net\/web40\/#website","url":"https:\/\/www.noubarris.net\/web40\/","name":"NouBarris.Net","description":"Seguint la vida de Nou Barris des de 1985","publisher":{"@id":"https:\/\/www.noubarris.net\/web40\/#organization"},"potentialAction":[{"@type":"SearchAction","target":{"@type":"EntryPoint","urlTemplate":"https:\/\/www.noubarris.net\/web40\/?s={search_term_string}"},"query-input":{"@type":"PropertyValueSpecification","valueRequired":true,"valueName":"search_term_string"}}],"inLanguage":"ca"},{"@type":"Organization","@id":"https:\/\/www.noubarris.net\/web40\/#organization","name":"NouBarris.Net","url":"https:\/\/www.noubarris.net\/web40\/","logo":{"@type":"ImageObject","inLanguage":"ca","@id":"https:\/\/www.noubarris.net\/web40\/#\/schema\/logo\/image\/","url":"https:\/\/www.noubarris.net\/web40\/wp-content\/uploads\/2024\/11\/cropped-cropped-LOGO_9BTV-2024_Insta-1.jpg","contentUrl":"https:\/\/www.noubarris.net\/web40\/wp-content\/uploads\/2024\/11\/cropped-cropped-LOGO_9BTV-2024_Insta-1.jpg","width":512,"height":512,"caption":"NouBarris.Net"},"image":{"@id":"https:\/\/www.noubarris.net\/web40\/#\/schema\/logo\/image\/"},"sameAs":["https:\/\/www.facebook.com\/NouBarris.net\/?locale=es_ES","https:\/\/x.com\/9BTV"]},{"@type":"Person","@id":"https:\/\/www.noubarris.net\/web40\/#\/schema\/person\/1827f92aaa316c54abbf4dac0de76069","name":"Informatius","image":{"@type":"ImageObject","inLanguage":"ca","@id":"https:\/\/www.noubarris.net\/web40\/#\/schema\/person\/image\/","url":"https:\/\/secure.gravatar.com\/avatar\/87a3b47928835fc72c6ee5b0e1a7263ef0c2d05003a98189bc14926c5f11bcdb?s=96&d=mm&r=g","contentUrl":"https:\/\/secure.gravatar.com\/avatar\/87a3b47928835fc72c6ee5b0e1a7263ef0c2d05003a98189bc14926c5f11bcdb?s=96&d=mm&r=g","caption":"Informatius"},"url":"https:\/\/www.noubarris.net\/web40\/author\/tele\/"}]}},"_links":{"self":[{"href":"https:\/\/www.noubarris.net\/web40\/wp-json\/wp\/v2\/posts\/82003","targetHints":{"allow":["GET"]}}],"collection":[{"href":"https:\/\/www.noubarris.net\/web40\/wp-json\/wp\/v2\/posts"}],"about":[{"href":"https:\/\/www.noubarris.net\/web40\/wp-json\/wp\/v2\/types\/post"}],"author":[{"embeddable":true,"href":"https:\/\/www.noubarris.net\/web40\/wp-json\/wp\/v2\/users\/2"}],"replies":[{"embeddable":true,"href":"https:\/\/www.noubarris.net\/web40\/wp-json\/wp\/v2\/comments?post=82003"}],"version-history":[{"count":2,"href":"https:\/\/www.noubarris.net\/web40\/wp-json\/wp\/v2\/posts\/82003\/revisions"}],"predecessor-version":[{"id":82006,"href":"https:\/\/www.noubarris.net\/web40\/wp-json\/wp\/v2\/posts\/82003\/revisions\/82006"}],"wp:featuredmedia":[{"embeddable":true,"href":"https:\/\/www.noubarris.net\/web40\/wp-json\/wp\/v2\/media\/82004"}],"wp:attachment":[{"href":"https:\/\/www.noubarris.net\/web40\/wp-json\/wp\/v2\/media?parent=82003"}],"wp:term":[{"taxonomy":"category","embeddable":true,"href":"https:\/\/www.noubarris.net\/web40\/wp-json\/wp\/v2\/categories?post=82003"},{"taxonomy":"post_tag","embeddable":true,"href":"https:\/\/www.noubarris.net\/web40\/wp-json\/wp\/v2\/tags?post=82003"}],"curies":[{"name":"wp","href":"https:\/\/api.w.org\/{rel}","templated":true}]}}