{"id":82103,"date":"2023-12-14T22:18:10","date_gmt":"2023-12-14T20:18:10","guid":{"rendered":"http:\/\/www.noubarris.net\/web40\/?p=82103"},"modified":"2023-12-14T22:18:10","modified_gmt":"2023-12-14T20:18:10","slug":"consell-barri-trinitat-nova","status":"publish","type":"post","link":"https:\/\/www.noubarris.net\/web40\/consell-barri-trinitat-nova\/","title":{"rendered":"Consell de barri de la Trinitat Nova"},"content":{"rendered":"<p><strong>La sessi\u00f3 ser\u00e0 presencial, a partir de les 18h al Casal de Barri de la Trinitat Nova- SomLaPera, sense reserva pr\u00e8via<\/strong><\/p>\n<p>El Consell de Barri de la Trinitat Nova \u00e9s l\u2019\u00f2rgan de participaci\u00f3 pol\u00edtica de la ciutadania en les q\u00fcestions que afecten al barri. Aquest dijous, 14 de desembre, se celebra la primera sessi\u00f3 del mandat al barri. Aquesta ser\u00e0 presencial al Casal de Barri de la Trinitat Nova- SomLaPera, i no cal reserva pr\u00e8via.<\/p>\n<p>La sessi\u00f3 ser\u00e0 presencial, i per venir no ser\u00e0 necess\u00e0ria reserva pr\u00e8via.<\/p>\n<p>Ordre del dia:<\/p>\n<p>1. Inici del proc\u00e9s de renovaci\u00f3 de la comissi\u00f3 de seguiment i la vicepresid\u00e8ncia del Consell<\/p>\n<p>2. Benjam\u00ed, estat actual i usos previstos<\/p>\n<p>3. Triangle d\u2019Aiguablava i poliesportiu<\/p>\n<p>4. Cobriment de la Ronda de Dalt<\/p>\n<p>5. Torn obert de paraules<\/p>\n","protected":false},"excerpt":{"rendered":"<p>La sessi\u00f3 ser\u00e0 presencial, a partir de les 18h al Casal de Barri de la Trinitat Nova- SomLaPera, sense reserva<\/p>\n","protected":false},"author":2,"featured_media":82105,"comment_status":"closed","ping_status":"closed","sticky":false,"template":"","format":"standard","meta":{"colormag_page_layout":"default_layout","_monsterinsights_skip_tracking":false,"_monsterinsights_sitenote_active":false,"_monsterinsights_sitenote_note":"","_monsterinsights_sitenote_category":0,"footnotes":""},"categories":[138,1,484],"tags":[331,52,327],"class_list":["post-82103","post","type-post","status-publish","format-standard","has-post-thumbnail","hentry","category-la-trinitat-nova","category-nou-barris","category-participacio","tag-consell-de-barri","tag-la-trinitat-nova","tag-participacio"],"yoast_head":"<!-- This site is optimized with the Yoast SEO plugin v25.3 - https:\/\/yoast.com\/wordpress\/plugins\/seo\/ -->\n<title>Consell de barri de la Trinitat Nova - NouBarris.Net<\/title>\n<meta name=\"description\" content=\"Aquest dijous se celebra la primera sessi\u00f3 del mandat al barri. Ser\u00e0 presencial al Casal de Barri de la Trinitat Nova- SomLaPera.\" \/>\n<meta name=\"robots\" content=\"index, follow, max-snippet:-1, max-image-preview:large, max-video-preview:-1\" \/>\n<link rel=\"canonical\" href=\"https:\/\/www.noubarris.net\/web40\/consell-barri-trinitat-nova\/\" \/>\n<meta property=\"og:locale\" content=\"ca_ES\" \/>\n<meta property=\"og:type\" content=\"article\" \/>\n<meta property=\"og:title\" content=\"Consell de barri de la Trinitat Nova - NouBarris.Net\" \/>\n<meta property=\"og:description\" content=\"Aquest dijous se celebra la primera sessi\u00f3 del mandat al barri. Ser\u00e0 presencial al Casal de Barri de la Trinitat Nova- SomLaPera.\" \/>\n<meta property=\"og:url\" content=\"https:\/\/www.noubarris.net\/web40\/consell-barri-trinitat-nova\/\" \/>\n<meta property=\"og:site_name\" content=\"NouBarris.Net\" \/>\n<meta property=\"article:publisher\" content=\"https:\/\/www.facebook.com\/NouBarris.net\/?locale=es_ES\" \/>\n<meta property=\"article:published_time\" content=\"2023-12-14T20:18:10+00:00\" \/>\n<meta property=\"og:image\" content=\"https:\/\/www.noubarris.net\/web40\/wp-content\/uploads\/2023\/12\/141223.jpg\" \/>\n\t<meta property=\"og:image:width\" content=\"768\" \/>\n\t<meta property=\"og:image:height\" content=\"432\" \/>\n\t<meta property=\"og:image:type\" content=\"image\/jpeg\" \/>\n<meta name=\"author\" content=\"Informatius\" \/>\n<meta name=\"twitter:card\" content=\"summary_large_image\" \/>\n<meta name=\"twitter:creator\" content=\"@9BTV\" \/>\n<meta name=\"twitter:site\" content=\"@9BTV\" \/>\n<meta name=\"twitter:label1\" content=\"Escrit per\" \/>\n\t<meta name=\"twitter:data1\" content=\"Informatius\" \/>\n\t<meta name=\"twitter:label2\" content=\"Temps estimat de lectura\" \/>\n\t<meta name=\"twitter:data2\" content=\"1 minut\" \/>\n<script type=\"application\/ld+json\" class=\"yoast-schema-graph\">{\"@context\":\"https:\/\/schema.org\",\"@graph\":[{\"@type\":\"Article\",\"@id\":\"https:\/\/www.noubarris.net\/web40\/consell-barri-trinitat-nova\/#article\",\"isPartOf\":{\"@id\":\"https:\/\/www.noubarris.net\/web40\/consell-barri-trinitat-nova\/\"},\"author\":{\"name\":\"Informatius\",\"@id\":\"https:\/\/www.noubarris.net\/web40\/#\/schema\/person\/1827f92aaa316c54abbf4dac0de76069\"},\"headline\":\"Consell de barri de la Trinitat Nova\",\"datePublished\":\"2023-12-14T20:18:10+00:00\",\"mainEntityOfPage\":{\"@id\":\"https:\/\/www.noubarris.net\/web40\/consell-barri-trinitat-nova\/\"},\"wordCount\":141,\"publisher\":{\"@id\":\"https:\/\/www.noubarris.net\/web40\/#organization\"},\"image\":{\"@id\":\"https:\/\/www.noubarris.net\/web40\/consell-barri-trinitat-nova\/#primaryimage\"},\"thumbnailUrl\":\"https:\/\/www.noubarris.net\/web40\/wp-content\/uploads\/2023\/12\/141223.jpg\",\"keywords\":[\"Consell de barri\",\"La Trinitat Nova\",\"Participaci\u00f3\"],\"articleSection\":[\"La Trinitat Nova\",\"Nou Barris\",\"Participaci\u00f3\"],\"inLanguage\":\"ca\"},{\"@type\":\"WebPage\",\"@id\":\"https:\/\/www.noubarris.net\/web40\/consell-barri-trinitat-nova\/\",\"url\":\"https:\/\/www.noubarris.net\/web40\/consell-barri-trinitat-nova\/\",\"name\":\"Consell de barri de la Trinitat Nova - NouBarris.Net\",\"isPartOf\":{\"@id\":\"https:\/\/www.noubarris.net\/web40\/#website\"},\"primaryImageOfPage\":{\"@id\":\"https:\/\/www.noubarris.net\/web40\/consell-barri-trinitat-nova\/#primaryimage\"},\"image\":{\"@id\":\"https:\/\/www.noubarris.net\/web40\/consell-barri-trinitat-nova\/#primaryimage\"},\"thumbnailUrl\":\"https:\/\/www.noubarris.net\/web40\/wp-content\/uploads\/2023\/12\/141223.jpg\",\"datePublished\":\"2023-12-14T20:18:10+00:00\",\"description\":\"Aquest dijous se celebra la primera sessi\u00f3 del mandat al barri. Ser\u00e0 presencial al Casal de Barri de la Trinitat Nova- SomLaPera.\",\"breadcrumb\":{\"@id\":\"https:\/\/www.noubarris.net\/web40\/consell-barri-trinitat-nova\/#breadcrumb\"},\"inLanguage\":\"ca\",\"potentialAction\":[{\"@type\":\"ReadAction\",\"target\":[\"https:\/\/www.noubarris.net\/web40\/consell-barri-trinitat-nova\/\"]}]},{\"@type\":\"ImageObject\",\"inLanguage\":\"ca\",\"@id\":\"https:\/\/www.noubarris.net\/web40\/consell-barri-trinitat-nova\/#primaryimage\",\"url\":\"https:\/\/www.noubarris.net\/web40\/wp-content\/uploads\/2023\/12\/141223.jpg\",\"contentUrl\":\"https:\/\/www.noubarris.net\/web40\/wp-content\/uploads\/2023\/12\/141223.jpg\",\"width\":768,\"height\":432},{\"@type\":\"BreadcrumbList\",\"@id\":\"https:\/\/www.noubarris.net\/web40\/consell-barri-trinitat-nova\/#breadcrumb\",\"itemListElement\":[{\"@type\":\"ListItem\",\"position\":1,\"name\":\"Inici\",\"item\":\"https:\/\/www.noubarris.net\/web40\/\"},{\"@type\":\"ListItem\",\"position\":2,\"name\":\"Consell de barri de la Trinitat Nova\"}]},{\"@type\":\"WebSite\",\"@id\":\"https:\/\/www.noubarris.net\/web40\/#website\",\"url\":\"https:\/\/www.noubarris.net\/web40\/\",\"name\":\"NouBarris.Net\",\"description\":\"Seguint la vida de Nou Barris des de 1985\",\"publisher\":{\"@id\":\"https:\/\/www.noubarris.net\/web40\/#organization\"},\"potentialAction\":[{\"@type\":\"SearchAction\",\"target\":{\"@type\":\"EntryPoint\",\"urlTemplate\":\"https:\/\/www.noubarris.net\/web40\/?s={search_term_string}\"},\"query-input\":{\"@type\":\"PropertyValueSpecification\",\"valueRequired\":true,\"valueName\":\"search_term_string\"}}],\"inLanguage\":\"ca\"},{\"@type\":\"Organization\",\"@id\":\"https:\/\/www.noubarris.net\/web40\/#organization\",\"name\":\"NouBarris.Net\",\"url\":\"https:\/\/www.noubarris.net\/web40\/\",\"logo\":{\"@type\":\"ImageObject\",\"inLanguage\":\"ca\",\"@id\":\"https:\/\/www.noubarris.net\/web40\/#\/schema\/logo\/image\/\",\"url\":\"https:\/\/www.noubarris.net\/web40\/wp-content\/uploads\/2024\/11\/cropped-cropped-LOGO_9BTV-2024_Insta-1.jpg\",\"contentUrl\":\"https:\/\/www.noubarris.net\/web40\/wp-content\/uploads\/2024\/11\/cropped-cropped-LOGO_9BTV-2024_Insta-1.jpg\",\"width\":512,\"height\":512,\"caption\":\"NouBarris.Net\"},\"image\":{\"@id\":\"https:\/\/www.noubarris.net\/web40\/#\/schema\/logo\/image\/\"},\"sameAs\":[\"https:\/\/www.facebook.com\/NouBarris.net\/?locale=es_ES\",\"https:\/\/x.com\/9BTV\"]},{\"@type\":\"Person\",\"@id\":\"https:\/\/www.noubarris.net\/web40\/#\/schema\/person\/1827f92aaa316c54abbf4dac0de76069\",\"name\":\"Informatius\",\"image\":{\"@type\":\"ImageObject\",\"inLanguage\":\"ca\",\"@id\":\"https:\/\/www.noubarris.net\/web40\/#\/schema\/person\/image\/\",\"url\":\"https:\/\/secure.gravatar.com\/avatar\/87a3b47928835fc72c6ee5b0e1a7263ef0c2d05003a98189bc14926c5f11bcdb?s=96&d=mm&r=g\",\"contentUrl\":\"https:\/\/secure.gravatar.com\/avatar\/87a3b47928835fc72c6ee5b0e1a7263ef0c2d05003a98189bc14926c5f11bcdb?s=96&d=mm&r=g\",\"caption\":\"Informatius\"},\"url\":\"https:\/\/www.noubarris.net\/web40\/author\/tele\/\"}]}<\/script>\n<!-- \/ Yoast SEO plugin. -->","yoast_head_json":{"title":"Consell de barri de la Trinitat Nova - NouBarris.Net","description":"Aquest dijous se celebra la primera sessi\u00f3 del mandat al barri. Ser\u00e0 presencial al Casal de Barri de la Trinitat Nova- SomLaPera.","robots":{"index":"index","follow":"follow","max-snippet":"max-snippet:-1","max-image-preview":"max-image-preview:large","max-video-preview":"max-video-preview:-1"},"canonical":"https:\/\/www.noubarris.net\/web40\/consell-barri-trinitat-nova\/","og_locale":"ca_ES","og_type":"article","og_title":"Consell de barri de la Trinitat Nova - NouBarris.Net","og_description":"Aquest dijous se celebra la primera sessi\u00f3 del mandat al barri. Ser\u00e0 presencial al Casal de Barri de la Trinitat Nova- SomLaPera.","og_url":"https:\/\/www.noubarris.net\/web40\/consell-barri-trinitat-nova\/","og_site_name":"NouBarris.Net","article_publisher":"https:\/\/www.facebook.com\/NouBarris.net\/?locale=es_ES","article_published_time":"2023-12-14T20:18:10+00:00","og_image":[{"width":768,"height":432,"url":"https:\/\/www.noubarris.net\/web40\/wp-content\/uploads\/2023\/12\/141223.jpg","type":"image\/jpeg"}],"author":"Informatius","twitter_card":"summary_large_image","twitter_creator":"@9BTV","twitter_site":"@9BTV","twitter_misc":{"Escrit per":"Informatius","Temps estimat de lectura":"1 minut"},"schema":{"@context":"https:\/\/schema.org","@graph":[{"@type":"Article","@id":"https:\/\/www.noubarris.net\/web40\/consell-barri-trinitat-nova\/#article","isPartOf":{"@id":"https:\/\/www.noubarris.net\/web40\/consell-barri-trinitat-nova\/"},"author":{"name":"Informatius","@id":"https:\/\/www.noubarris.net\/web40\/#\/schema\/person\/1827f92aaa316c54abbf4dac0de76069"},"headline":"Consell de barri de la Trinitat Nova","datePublished":"2023-12-14T20:18:10+00:00","mainEntityOfPage":{"@id":"https:\/\/www.noubarris.net\/web40\/consell-barri-trinitat-nova\/"},"wordCount":141,"publisher":{"@id":"https:\/\/www.noubarris.net\/web40\/#organization"},"image":{"@id":"https:\/\/www.noubarris.net\/web40\/consell-barri-trinitat-nova\/#primaryimage"},"thumbnailUrl":"https:\/\/www.noubarris.net\/web40\/wp-content\/uploads\/2023\/12\/141223.jpg","keywords":["Consell de barri","La Trinitat Nova","Participaci\u00f3"],"articleSection":["La Trinitat Nova","Nou Barris","Participaci\u00f3"],"inLanguage":"ca"},{"@type":"WebPage","@id":"https:\/\/www.noubarris.net\/web40\/consell-barri-trinitat-nova\/","url":"https:\/\/www.noubarris.net\/web40\/consell-barri-trinitat-nova\/","name":"Consell de barri de la Trinitat Nova - NouBarris.Net","isPartOf":{"@id":"https:\/\/www.noubarris.net\/web40\/#website"},"primaryImageOfPage":{"@id":"https:\/\/www.noubarris.net\/web40\/consell-barri-trinitat-nova\/#primaryimage"},"image":{"@id":"https:\/\/www.noubarris.net\/web40\/consell-barri-trinitat-nova\/#primaryimage"},"thumbnailUrl":"https:\/\/www.noubarris.net\/web40\/wp-content\/uploads\/2023\/12\/141223.jpg","datePublished":"2023-12-14T20:18:10+00:00","description":"Aquest dijous se celebra la primera sessi\u00f3 del mandat al barri. Ser\u00e0 presencial al Casal de Barri de la Trinitat Nova- SomLaPera.","breadcrumb":{"@id":"https:\/\/www.noubarris.net\/web40\/consell-barri-trinitat-nova\/#breadcrumb"},"inLanguage":"ca","potentialAction":[{"@type":"ReadAction","target":["https:\/\/www.noubarris.net\/web40\/consell-barri-trinitat-nova\/"]}]},{"@type":"ImageObject","inLanguage":"ca","@id":"https:\/\/www.noubarris.net\/web40\/consell-barri-trinitat-nova\/#primaryimage","url":"https:\/\/www.noubarris.net\/web40\/wp-content\/uploads\/2023\/12\/141223.jpg","contentUrl":"https:\/\/www.noubarris.net\/web40\/wp-content\/uploads\/2023\/12\/141223.jpg","width":768,"height":432},{"@type":"BreadcrumbList","@id":"https:\/\/www.noubarris.net\/web40\/consell-barri-trinitat-nova\/#breadcrumb","itemListElement":[{"@type":"ListItem","position":1,"name":"Inici","item":"https:\/\/www.noubarris.net\/web40\/"},{"@type":"ListItem","position":2,"name":"Consell de barri de la Trinitat Nova"}]},{"@type":"WebSite","@id":"https:\/\/www.noubarris.net\/web40\/#website","url":"https:\/\/www.noubarris.net\/web40\/","name":"NouBarris.Net","description":"Seguint la vida de Nou Barris des de 1985","publisher":{"@id":"https:\/\/www.noubarris.net\/web40\/#organization"},"potentialAction":[{"@type":"SearchAction","target":{"@type":"EntryPoint","urlTemplate":"https:\/\/www.noubarris.net\/web40\/?s={search_term_string}"},"query-input":{"@type":"PropertyValueSpecification","valueRequired":true,"valueName":"search_term_string"}}],"inLanguage":"ca"},{"@type":"Organization","@id":"https:\/\/www.noubarris.net\/web40\/#organization","name":"NouBarris.Net","url":"https:\/\/www.noubarris.net\/web40\/","logo":{"@type":"ImageObject","inLanguage":"ca","@id":"https:\/\/www.noubarris.net\/web40\/#\/schema\/logo\/image\/","url":"https:\/\/www.noubarris.net\/web40\/wp-content\/uploads\/2024\/11\/cropped-cropped-LOGO_9BTV-2024_Insta-1.jpg","contentUrl":"https:\/\/www.noubarris.net\/web40\/wp-content\/uploads\/2024\/11\/cropped-cropped-LOGO_9BTV-2024_Insta-1.jpg","width":512,"height":512,"caption":"NouBarris.Net"},"image":{"@id":"https:\/\/www.noubarris.net\/web40\/#\/schema\/logo\/image\/"},"sameAs":["https:\/\/www.facebook.com\/NouBarris.net\/?locale=es_ES","https:\/\/x.com\/9BTV"]},{"@type":"Person","@id":"https:\/\/www.noubarris.net\/web40\/#\/schema\/person\/1827f92aaa316c54abbf4dac0de76069","name":"Informatius","image":{"@type":"ImageObject","inLanguage":"ca","@id":"https:\/\/www.noubarris.net\/web40\/#\/schema\/person\/image\/","url":"https:\/\/secure.gravatar.com\/avatar\/87a3b47928835fc72c6ee5b0e1a7263ef0c2d05003a98189bc14926c5f11bcdb?s=96&d=mm&r=g","contentUrl":"https:\/\/secure.gravatar.com\/avatar\/87a3b47928835fc72c6ee5b0e1a7263ef0c2d05003a98189bc14926c5f11bcdb?s=96&d=mm&r=g","caption":"Informatius"},"url":"https:\/\/www.noubarris.net\/web40\/author\/tele\/"}]}},"_links":{"self":[{"href":"https:\/\/www.noubarris.net\/web40\/wp-json\/wp\/v2\/posts\/82103","targetHints":{"allow":["GET"]}}],"collection":[{"href":"https:\/\/www.noubarris.net\/web40\/wp-json\/wp\/v2\/posts"}],"about":[{"href":"https:\/\/www.noubarris.net\/web40\/wp-json\/wp\/v2\/types\/post"}],"author":[{"embeddable":true,"href":"https:\/\/www.noubarris.net\/web40\/wp-json\/wp\/v2\/users\/2"}],"replies":[{"embeddable":true,"href":"https:\/\/www.noubarris.net\/web40\/wp-json\/wp\/v2\/comments?post=82103"}],"version-history":[{"count":1,"href":"https:\/\/www.noubarris.net\/web40\/wp-json\/wp\/v2\/posts\/82103\/revisions"}],"predecessor-version":[{"id":82106,"href":"https:\/\/www.noubarris.net\/web40\/wp-json\/wp\/v2\/posts\/82103\/revisions\/82106"}],"wp:featuredmedia":[{"embeddable":true,"href":"https:\/\/www.noubarris.net\/web40\/wp-json\/wp\/v2\/media\/82105"}],"wp:attachment":[{"href":"https:\/\/www.noubarris.net\/web40\/wp-json\/wp\/v2\/media?parent=82103"}],"wp:term":[{"taxonomy":"category","embeddable":true,"href":"https:\/\/www.noubarris.net\/web40\/wp-json\/wp\/v2\/categories?post=82103"},{"taxonomy":"post_tag","embeddable":true,"href":"https:\/\/www.noubarris.net\/web40\/wp-json\/wp\/v2\/tags?post=82103"}],"curies":[{"name":"wp","href":"https:\/\/api.w.org\/{rel}","templated":true}]}}