{"id":82113,"date":"2023-12-16T00:00:35","date_gmt":"2023-12-15T22:00:35","guid":{"rendered":"http:\/\/www.noubarris.net\/web40\/?p=82113"},"modified":"2023-12-15T19:21:20","modified_gmt":"2023-12-15T17:21:20","slug":"torre-llobeta","status":"publish","type":"post","link":"https:\/\/www.noubarris.net\/web40\/torre-llobeta\/","title":{"rendered":"Recta final de la celebraci\u00f3 dels 40 anys del Centre C\u00edvic Torre Llobeta"},"content":{"rendered":"<p><strong>La festa d\u2019aniversari aquest 16 de desembre i una exposici\u00f3 que recull quatre d\u00e8cades d\u2019hist\u00f2ria tanquen els actes per commemorar l\u2019efem\u00e8ride<\/strong><\/p>\n<p>Aquest 2023 el Centre C\u00edvic Torre Llobeta fa 40 anys. Per celebrar-ho, l\u2019equipament ha anat programant diferents esdeveniments. Ara, ja en la recta final, encara en queden dos. D\u2019una banda, la gran festa d\u2019aniversari que tindr\u00e0 lloc aquest\u00a0dissabte 16 de desembre, a les 19 hores; i de l\u2019altra, l\u2019exposici\u00f3 que es pot visitar fins al 29 de desembre al mateix centre c\u00edvic, i que reuneix records en forma d\u2019imatges d\u2019aquestes primeres quatre d\u00e8cades.<\/p>\n<p>El Centre C\u00edvic Torre Llobeta va n\u00e9ixer el 18 de desembre de 1983. Inaugurat pel llavors alcalde Pasqual Maragall, i despr\u00e9s d\u2019anys de reivindicacions ve\u00efnals, comen\u00e7ava aix\u00ed el cam\u00ed d\u2019un equipament que al llarg de tot aquest temps ha esdevingut referent cultural del barri. Efectivament, de llavors en\u00e7\u00e0 l\u2019objectiu fonamental del Centre C\u00edvic Torre Llobeta ha estat acostar i promoure la cultura a trav\u00e9s d\u2019exposicions, xerrades, arts esc\u00e8niques, m\u00fasica i tallers de diferents disciplines. \u00c9s, a m\u00e9s, referent en la literatura i la creaci\u00f3 liter\u00e0ria. En dona fe el seu concurs literari, que \u00e9s a punt de convocar la 36\u00aa edici\u00f3.<\/p>\n<p>El Centre C\u00edvic Torre Llobeta s\u2019ubica en un palauet d\u2019estiu de finals del segle XV, propietat d\u2019una fam\u00edlia de mercaders originaris de Solsona encap\u00e7alats per Joan Llobera, que tamb\u00e9 formava part del Consell de Cent. La fam\u00edlia volia tenir una casa senyorial i s\u2019hi instal\u00b7lava al llarg de tot l\u2019estiu. Posteriorment va convertir-se en masia, amb una extensi\u00f3 de gaireb\u00e9 onze hect\u00e0rees de cultius, especialment vinyes. Tamb\u00e9 va viure una \u00e8poca en qu\u00e8 s\u2019hi va instal\u00b7lar una petita ind\u00fastria de maons i teules, a causa de la terra argilosa de qu\u00e8 estava rodejada.<\/p>\n<p>L\u2019immoble va superar guerres \u2013 diu la llegenda que Napole\u00f3 hi va arribar a dormir \u2013, i ja en ple segle XIX es va convertir en zona d\u2019estada temporal en el cam\u00ed que unia Horta amb Barcelona. A finals d\u2019aquest mateix segle, la casa va passar a mans de Josep Maria Comas d\u2019Argemir i va viure anys d\u2019esplendor, ja que la fam\u00edlia rebia pol\u00edtics i membres de l\u2019alta burgesia i tamb\u00e9 artistes, com el poeta Joan Maragall.<\/p>\n<p>No va ser fins al 1964 que la casa va passar a formar part del patrimoni hist\u00f2rico-art\u00edstic de la ciutat, fet que va ser clau per mantenir-la dempeus. El 1975, l\u2019associaci\u00f3 de ve\u00efns va presentar el primer projecte perqu\u00e8 l\u2019immoble esdevingu\u00e9s un espai de refer\u00e8ncia cultural. La rehabilitaci\u00f3 de la casa vindria posteriorment fins a esdevenir, el 1983, l\u2019actual centre c\u00edvic.<\/p>\n<p>&nbsp;<\/p>\n","protected":false},"excerpt":{"rendered":"<p>La festa d\u2019aniversari aquest 16 de desembre i una exposici\u00f3 que recull quatre d\u00e8cades d\u2019hist\u00f2ria tanquen els actes per commemorar<\/p>\n","protected":false},"author":2,"featured_media":82114,"comment_status":"closed","ping_status":"closed","sticky":false,"template":"","format":"standard","meta":{"colormag_page_layout":"default_layout","_monsterinsights_skip_tracking":false,"_monsterinsights_sitenote_active":false,"_monsterinsights_sitenote_note":"","_monsterinsights_sitenote_category":0,"footnotes":""},"categories":[129,1,142],"tags":[525,121,43],"class_list":["post-82113","post","type-post","status-publish","format-standard","has-post-thumbnail","hentry","category-cultura","category-nou-barris","category-vilapicina-i-la-torre-llobeta","tag-centre-civic-torre-llobeta","tag-equipaments","tag-vilapicina-y-la-torre-llobeta"],"yoast_head":"<!-- This site is optimized with the Yoast SEO plugin v25.3 - https:\/\/yoast.com\/wordpress\/plugins\/seo\/ -->\n<title>Recta final de la celebraci\u00f3 dels 40 anys del Centre C\u00edvic Torre Llobeta - NouBarris.Net<\/title>\n<meta name=\"description\" content=\"Aquest 2023 el Centre C\u00edvic Torre Llobeta fa 40 anys. Per celebrar-ho, l\u2019equipament ha anat programant diferents esdeveniments.\" \/>\n<meta name=\"robots\" content=\"index, follow, max-snippet:-1, max-image-preview:large, max-video-preview:-1\" \/>\n<link rel=\"canonical\" href=\"https:\/\/www.noubarris.net\/web40\/torre-llobeta\/\" \/>\n<meta property=\"og:locale\" content=\"ca_ES\" \/>\n<meta property=\"og:type\" content=\"article\" \/>\n<meta property=\"og:title\" content=\"Recta final de la celebraci\u00f3 dels 40 anys del Centre C\u00edvic Torre Llobeta - NouBarris.Net\" \/>\n<meta property=\"og:description\" content=\"Aquest 2023 el Centre C\u00edvic Torre Llobeta fa 40 anys. Per celebrar-ho, l\u2019equipament ha anat programant diferents esdeveniments.\" \/>\n<meta property=\"og:url\" content=\"https:\/\/www.noubarris.net\/web40\/torre-llobeta\/\" \/>\n<meta property=\"og:site_name\" content=\"NouBarris.Net\" \/>\n<meta property=\"article:publisher\" content=\"https:\/\/www.facebook.com\/NouBarris.net\/?locale=es_ES\" \/>\n<meta property=\"article:published_time\" content=\"2023-12-15T22:00:35+00:00\" \/>\n<meta property=\"og:image\" content=\"https:\/\/www.noubarris.net\/web40\/wp-content\/uploads\/2023\/12\/161223.jpg\" \/>\n\t<meta property=\"og:image:width\" content=\"768\" \/>\n\t<meta property=\"og:image:height\" content=\"432\" \/>\n\t<meta property=\"og:image:type\" content=\"image\/jpeg\" \/>\n<meta name=\"author\" content=\"Informatius\" \/>\n<meta name=\"twitter:card\" content=\"summary_large_image\" \/>\n<meta name=\"twitter:creator\" content=\"@9BTV\" \/>\n<meta name=\"twitter:site\" content=\"@9BTV\" \/>\n<meta name=\"twitter:label1\" content=\"Escrit per\" \/>\n\t<meta name=\"twitter:data1\" content=\"Informatius\" \/>\n\t<meta name=\"twitter:label2\" content=\"Temps estimat de lectura\" \/>\n\t<meta name=\"twitter:data2\" content=\"3 minuts\" \/>\n<script type=\"application\/ld+json\" class=\"yoast-schema-graph\">{\"@context\":\"https:\/\/schema.org\",\"@graph\":[{\"@type\":\"Article\",\"@id\":\"https:\/\/www.noubarris.net\/web40\/torre-llobeta\/#article\",\"isPartOf\":{\"@id\":\"https:\/\/www.noubarris.net\/web40\/torre-llobeta\/\"},\"author\":{\"name\":\"Informatius\",\"@id\":\"https:\/\/www.noubarris.net\/web40\/#\/schema\/person\/1827f92aaa316c54abbf4dac0de76069\"},\"headline\":\"Recta final de la celebraci\u00f3 dels 40 anys del Centre C\u00edvic Torre Llobeta\",\"datePublished\":\"2023-12-15T22:00:35+00:00\",\"mainEntityOfPage\":{\"@id\":\"https:\/\/www.noubarris.net\/web40\/torre-llobeta\/\"},\"wordCount\":489,\"publisher\":{\"@id\":\"https:\/\/www.noubarris.net\/web40\/#organization\"},\"image\":{\"@id\":\"https:\/\/www.noubarris.net\/web40\/torre-llobeta\/#primaryimage\"},\"thumbnailUrl\":\"https:\/\/www.noubarris.net\/web40\/wp-content\/uploads\/2023\/12\/161223.jpg\",\"keywords\":[\"centre c\u00edvic Torre Llobeta\",\"Equipaments\",\"Vilapicina i La Torre Llobeta\"],\"articleSection\":[\"Cultura\",\"Nou Barris\",\"Vilapicina i la Torre Llobeta\"],\"inLanguage\":\"ca\"},{\"@type\":\"WebPage\",\"@id\":\"https:\/\/www.noubarris.net\/web40\/torre-llobeta\/\",\"url\":\"https:\/\/www.noubarris.net\/web40\/torre-llobeta\/\",\"name\":\"Recta final de la celebraci\u00f3 dels 40 anys del Centre C\u00edvic Torre Llobeta - NouBarris.Net\",\"isPartOf\":{\"@id\":\"https:\/\/www.noubarris.net\/web40\/#website\"},\"primaryImageOfPage\":{\"@id\":\"https:\/\/www.noubarris.net\/web40\/torre-llobeta\/#primaryimage\"},\"image\":{\"@id\":\"https:\/\/www.noubarris.net\/web40\/torre-llobeta\/#primaryimage\"},\"thumbnailUrl\":\"https:\/\/www.noubarris.net\/web40\/wp-content\/uploads\/2023\/12\/161223.jpg\",\"datePublished\":\"2023-12-15T22:00:35+00:00\",\"description\":\"Aquest 2023 el Centre C\u00edvic Torre Llobeta fa 40 anys. Per celebrar-ho, l\u2019equipament ha anat programant diferents esdeveniments.\",\"breadcrumb\":{\"@id\":\"https:\/\/www.noubarris.net\/web40\/torre-llobeta\/#breadcrumb\"},\"inLanguage\":\"ca\",\"potentialAction\":[{\"@type\":\"ReadAction\",\"target\":[\"https:\/\/www.noubarris.net\/web40\/torre-llobeta\/\"]}]},{\"@type\":\"ImageObject\",\"inLanguage\":\"ca\",\"@id\":\"https:\/\/www.noubarris.net\/web40\/torre-llobeta\/#primaryimage\",\"url\":\"https:\/\/www.noubarris.net\/web40\/wp-content\/uploads\/2023\/12\/161223.jpg\",\"contentUrl\":\"https:\/\/www.noubarris.net\/web40\/wp-content\/uploads\/2023\/12\/161223.jpg\",\"width\":768,\"height\":432},{\"@type\":\"BreadcrumbList\",\"@id\":\"https:\/\/www.noubarris.net\/web40\/torre-llobeta\/#breadcrumb\",\"itemListElement\":[{\"@type\":\"ListItem\",\"position\":1,\"name\":\"Inici\",\"item\":\"https:\/\/www.noubarris.net\/web40\/\"},{\"@type\":\"ListItem\",\"position\":2,\"name\":\"Recta final de la celebraci\u00f3 dels 40 anys del Centre C\u00edvic Torre Llobeta\"}]},{\"@type\":\"WebSite\",\"@id\":\"https:\/\/www.noubarris.net\/web40\/#website\",\"url\":\"https:\/\/www.noubarris.net\/web40\/\",\"name\":\"NouBarris.Net\",\"description\":\"Seguint la vida de Nou Barris des de 1985\",\"publisher\":{\"@id\":\"https:\/\/www.noubarris.net\/web40\/#organization\"},\"potentialAction\":[{\"@type\":\"SearchAction\",\"target\":{\"@type\":\"EntryPoint\",\"urlTemplate\":\"https:\/\/www.noubarris.net\/web40\/?s={search_term_string}\"},\"query-input\":{\"@type\":\"PropertyValueSpecification\",\"valueRequired\":true,\"valueName\":\"search_term_string\"}}],\"inLanguage\":\"ca\"},{\"@type\":\"Organization\",\"@id\":\"https:\/\/www.noubarris.net\/web40\/#organization\",\"name\":\"NouBarris.Net\",\"url\":\"https:\/\/www.noubarris.net\/web40\/\",\"logo\":{\"@type\":\"ImageObject\",\"inLanguage\":\"ca\",\"@id\":\"https:\/\/www.noubarris.net\/web40\/#\/schema\/logo\/image\/\",\"url\":\"https:\/\/www.noubarris.net\/web40\/wp-content\/uploads\/2024\/11\/cropped-cropped-LOGO_9BTV-2024_Insta-1.jpg\",\"contentUrl\":\"https:\/\/www.noubarris.net\/web40\/wp-content\/uploads\/2024\/11\/cropped-cropped-LOGO_9BTV-2024_Insta-1.jpg\",\"width\":512,\"height\":512,\"caption\":\"NouBarris.Net\"},\"image\":{\"@id\":\"https:\/\/www.noubarris.net\/web40\/#\/schema\/logo\/image\/\"},\"sameAs\":[\"https:\/\/www.facebook.com\/NouBarris.net\/?locale=es_ES\",\"https:\/\/x.com\/9BTV\"]},{\"@type\":\"Person\",\"@id\":\"https:\/\/www.noubarris.net\/web40\/#\/schema\/person\/1827f92aaa316c54abbf4dac0de76069\",\"name\":\"Informatius\",\"image\":{\"@type\":\"ImageObject\",\"inLanguage\":\"ca\",\"@id\":\"https:\/\/www.noubarris.net\/web40\/#\/schema\/person\/image\/\",\"url\":\"https:\/\/secure.gravatar.com\/avatar\/87a3b47928835fc72c6ee5b0e1a7263ef0c2d05003a98189bc14926c5f11bcdb?s=96&d=mm&r=g\",\"contentUrl\":\"https:\/\/secure.gravatar.com\/avatar\/87a3b47928835fc72c6ee5b0e1a7263ef0c2d05003a98189bc14926c5f11bcdb?s=96&d=mm&r=g\",\"caption\":\"Informatius\"},\"url\":\"https:\/\/www.noubarris.net\/web40\/author\/tele\/\"}]}<\/script>\n<!-- \/ Yoast SEO plugin. -->","yoast_head_json":{"title":"Recta final de la celebraci\u00f3 dels 40 anys del Centre C\u00edvic Torre Llobeta - NouBarris.Net","description":"Aquest 2023 el Centre C\u00edvic Torre Llobeta fa 40 anys. Per celebrar-ho, l\u2019equipament ha anat programant diferents esdeveniments.","robots":{"index":"index","follow":"follow","max-snippet":"max-snippet:-1","max-image-preview":"max-image-preview:large","max-video-preview":"max-video-preview:-1"},"canonical":"https:\/\/www.noubarris.net\/web40\/torre-llobeta\/","og_locale":"ca_ES","og_type":"article","og_title":"Recta final de la celebraci\u00f3 dels 40 anys del Centre C\u00edvic Torre Llobeta - NouBarris.Net","og_description":"Aquest 2023 el Centre C\u00edvic Torre Llobeta fa 40 anys. Per celebrar-ho, l\u2019equipament ha anat programant diferents esdeveniments.","og_url":"https:\/\/www.noubarris.net\/web40\/torre-llobeta\/","og_site_name":"NouBarris.Net","article_publisher":"https:\/\/www.facebook.com\/NouBarris.net\/?locale=es_ES","article_published_time":"2023-12-15T22:00:35+00:00","og_image":[{"width":768,"height":432,"url":"https:\/\/www.noubarris.net\/web40\/wp-content\/uploads\/2023\/12\/161223.jpg","type":"image\/jpeg"}],"author":"Informatius","twitter_card":"summary_large_image","twitter_creator":"@9BTV","twitter_site":"@9BTV","twitter_misc":{"Escrit per":"Informatius","Temps estimat de lectura":"3 minuts"},"schema":{"@context":"https:\/\/schema.org","@graph":[{"@type":"Article","@id":"https:\/\/www.noubarris.net\/web40\/torre-llobeta\/#article","isPartOf":{"@id":"https:\/\/www.noubarris.net\/web40\/torre-llobeta\/"},"author":{"name":"Informatius","@id":"https:\/\/www.noubarris.net\/web40\/#\/schema\/person\/1827f92aaa316c54abbf4dac0de76069"},"headline":"Recta final de la celebraci\u00f3 dels 40 anys del Centre C\u00edvic Torre Llobeta","datePublished":"2023-12-15T22:00:35+00:00","mainEntityOfPage":{"@id":"https:\/\/www.noubarris.net\/web40\/torre-llobeta\/"},"wordCount":489,"publisher":{"@id":"https:\/\/www.noubarris.net\/web40\/#organization"},"image":{"@id":"https:\/\/www.noubarris.net\/web40\/torre-llobeta\/#primaryimage"},"thumbnailUrl":"https:\/\/www.noubarris.net\/web40\/wp-content\/uploads\/2023\/12\/161223.jpg","keywords":["centre c\u00edvic Torre Llobeta","Equipaments","Vilapicina i La Torre Llobeta"],"articleSection":["Cultura","Nou Barris","Vilapicina i la Torre Llobeta"],"inLanguage":"ca"},{"@type":"WebPage","@id":"https:\/\/www.noubarris.net\/web40\/torre-llobeta\/","url":"https:\/\/www.noubarris.net\/web40\/torre-llobeta\/","name":"Recta final de la celebraci\u00f3 dels 40 anys del Centre C\u00edvic Torre Llobeta - NouBarris.Net","isPartOf":{"@id":"https:\/\/www.noubarris.net\/web40\/#website"},"primaryImageOfPage":{"@id":"https:\/\/www.noubarris.net\/web40\/torre-llobeta\/#primaryimage"},"image":{"@id":"https:\/\/www.noubarris.net\/web40\/torre-llobeta\/#primaryimage"},"thumbnailUrl":"https:\/\/www.noubarris.net\/web40\/wp-content\/uploads\/2023\/12\/161223.jpg","datePublished":"2023-12-15T22:00:35+00:00","description":"Aquest 2023 el Centre C\u00edvic Torre Llobeta fa 40 anys. Per celebrar-ho, l\u2019equipament ha anat programant diferents esdeveniments.","breadcrumb":{"@id":"https:\/\/www.noubarris.net\/web40\/torre-llobeta\/#breadcrumb"},"inLanguage":"ca","potentialAction":[{"@type":"ReadAction","target":["https:\/\/www.noubarris.net\/web40\/torre-llobeta\/"]}]},{"@type":"ImageObject","inLanguage":"ca","@id":"https:\/\/www.noubarris.net\/web40\/torre-llobeta\/#primaryimage","url":"https:\/\/www.noubarris.net\/web40\/wp-content\/uploads\/2023\/12\/161223.jpg","contentUrl":"https:\/\/www.noubarris.net\/web40\/wp-content\/uploads\/2023\/12\/161223.jpg","width":768,"height":432},{"@type":"BreadcrumbList","@id":"https:\/\/www.noubarris.net\/web40\/torre-llobeta\/#breadcrumb","itemListElement":[{"@type":"ListItem","position":1,"name":"Inici","item":"https:\/\/www.noubarris.net\/web40\/"},{"@type":"ListItem","position":2,"name":"Recta final de la celebraci\u00f3 dels 40 anys del Centre C\u00edvic Torre Llobeta"}]},{"@type":"WebSite","@id":"https:\/\/www.noubarris.net\/web40\/#website","url":"https:\/\/www.noubarris.net\/web40\/","name":"NouBarris.Net","description":"Seguint la vida de Nou Barris des de 1985","publisher":{"@id":"https:\/\/www.noubarris.net\/web40\/#organization"},"potentialAction":[{"@type":"SearchAction","target":{"@type":"EntryPoint","urlTemplate":"https:\/\/www.noubarris.net\/web40\/?s={search_term_string}"},"query-input":{"@type":"PropertyValueSpecification","valueRequired":true,"valueName":"search_term_string"}}],"inLanguage":"ca"},{"@type":"Organization","@id":"https:\/\/www.noubarris.net\/web40\/#organization","name":"NouBarris.Net","url":"https:\/\/www.noubarris.net\/web40\/","logo":{"@type":"ImageObject","inLanguage":"ca","@id":"https:\/\/www.noubarris.net\/web40\/#\/schema\/logo\/image\/","url":"https:\/\/www.noubarris.net\/web40\/wp-content\/uploads\/2024\/11\/cropped-cropped-LOGO_9BTV-2024_Insta-1.jpg","contentUrl":"https:\/\/www.noubarris.net\/web40\/wp-content\/uploads\/2024\/11\/cropped-cropped-LOGO_9BTV-2024_Insta-1.jpg","width":512,"height":512,"caption":"NouBarris.Net"},"image":{"@id":"https:\/\/www.noubarris.net\/web40\/#\/schema\/logo\/image\/"},"sameAs":["https:\/\/www.facebook.com\/NouBarris.net\/?locale=es_ES","https:\/\/x.com\/9BTV"]},{"@type":"Person","@id":"https:\/\/www.noubarris.net\/web40\/#\/schema\/person\/1827f92aaa316c54abbf4dac0de76069","name":"Informatius","image":{"@type":"ImageObject","inLanguage":"ca","@id":"https:\/\/www.noubarris.net\/web40\/#\/schema\/person\/image\/","url":"https:\/\/secure.gravatar.com\/avatar\/87a3b47928835fc72c6ee5b0e1a7263ef0c2d05003a98189bc14926c5f11bcdb?s=96&d=mm&r=g","contentUrl":"https:\/\/secure.gravatar.com\/avatar\/87a3b47928835fc72c6ee5b0e1a7263ef0c2d05003a98189bc14926c5f11bcdb?s=96&d=mm&r=g","caption":"Informatius"},"url":"https:\/\/www.noubarris.net\/web40\/author\/tele\/"}]}},"_links":{"self":[{"href":"https:\/\/www.noubarris.net\/web40\/wp-json\/wp\/v2\/posts\/82113","targetHints":{"allow":["GET"]}}],"collection":[{"href":"https:\/\/www.noubarris.net\/web40\/wp-json\/wp\/v2\/posts"}],"about":[{"href":"https:\/\/www.noubarris.net\/web40\/wp-json\/wp\/v2\/types\/post"}],"author":[{"embeddable":true,"href":"https:\/\/www.noubarris.net\/web40\/wp-json\/wp\/v2\/users\/2"}],"replies":[{"embeddable":true,"href":"https:\/\/www.noubarris.net\/web40\/wp-json\/wp\/v2\/comments?post=82113"}],"version-history":[{"count":1,"href":"https:\/\/www.noubarris.net\/web40\/wp-json\/wp\/v2\/posts\/82113\/revisions"}],"predecessor-version":[{"id":82115,"href":"https:\/\/www.noubarris.net\/web40\/wp-json\/wp\/v2\/posts\/82113\/revisions\/82115"}],"wp:featuredmedia":[{"embeddable":true,"href":"https:\/\/www.noubarris.net\/web40\/wp-json\/wp\/v2\/media\/82114"}],"wp:attachment":[{"href":"https:\/\/www.noubarris.net\/web40\/wp-json\/wp\/v2\/media?parent=82113"}],"wp:term":[{"taxonomy":"category","embeddable":true,"href":"https:\/\/www.noubarris.net\/web40\/wp-json\/wp\/v2\/categories?post=82113"},{"taxonomy":"post_tag","embeddable":true,"href":"https:\/\/www.noubarris.net\/web40\/wp-json\/wp\/v2\/tags?post=82113"}],"curies":[{"name":"wp","href":"https:\/\/api.w.org\/{rel}","templated":true}]}}