{"id":82270,"date":"2024-01-22T00:00:36","date_gmt":"2024-01-21T22:00:36","guid":{"rendered":"http:\/\/www.noubarris.net\/web40\/?p=82270"},"modified":"2024-01-21T21:01:20","modified_gmt":"2024-01-21T19:01:20","slug":"els-propis-engeguen-els-motors-del-centenari-amb-el-concurs-per-trobar-del-logotip-de-la-commemoracio","status":"publish","type":"post","link":"https:\/\/www.noubarris.net\/web40\/els-propis-engeguen-els-motors-del-centenari-amb-el-concurs-per-trobar-del-logotip-de-la-commemoracio\/","title":{"rendered":"Els Propis engeguen els motors del centenari amb el concurs per trobar del logotip de la commemoraci\u00f3"},"content":{"rendered":"\n<p><strong>El Centre Cultural Els Propis culminar\u00e0 els actes dels 100 anys d\u2019hist\u00f2ria l&#8217;octubre de 2025 amb l&#8217;anhel d&#8217;haver estrenat la nova seu abans<\/strong><\/p>\n\n\n\n<p>No es compleixen 100 anys cada dia. El Centre Cultural Els Propis els far\u00e0 el 1925 i ja s&#8217;ha posat en marxa per celebrar-ho com cal des de la tardor de 2024. Ja han constitu\u00eft una comissi\u00f3 espec\u00edfica per a tal fi i la primera acci\u00f3 \u00e9s petita per\u00f2 important: cercar la imatge que acompanyar\u00e0 l&#8217;entitat durant les celebracions d&#8217;aquest segle de vida. Per trobar-la han convocat un concurs de cartells amb un premi de 300 euros (menys impostos) per a la proposta guanyadora.<\/p>\n\n\n\n<p>Podeu consultar<a href=\"https:\/\/media-edg.barcelona.cat\/wp-content\/uploads\/2024\/01\/18131919\/Bases-Concurs-del-Cartell-del-centenari.pdf\"><strong> les bases en aquest enlla\u00e7,<\/strong><\/a> per\u00f2 us podem avan\u00e7ar que els cartells han d&#8217;incloure el lema &#8220;Centre Cultural Els Propis, 100 anys amb tu. 1925-2025&#8221; i el logotip de l\u2019entitat a la part inferior. A m\u00e9s, les propostes, en quatricolor, han de fer refer\u00e8ncia a la cultura, la festa, l&#8217;espai p\u00fablic, la m\u00fasica, la celebraci\u00f3 en comunitat, les activitatsctransversals i el districte de Nou Barris entre altres. Teniu temps per presentar-vos per correu electr\u00f2nic fins al dimarts 30 d\u2019abril de 2024, a les 14h.<\/p>\n\n\n\n<figure class=\"wp-block-embed is-type-rich is-provider-twitter wp-block-embed-twitter\"><div class=\"wp-block-embed__wrapper\">\n<blockquote class=\"twitter-tweet\" data-width=\"550\" data-dnt=\"true\"><p lang=\"ca\" dir=\"ltr\">La Comissi\u00f3 del Centenari es posa en marxa per a poder fer una gran commemoraci\u00f3 a Nou Barris!!! 1925-2025. <a href=\"https:\/\/twitter.com\/hashtag\/centenari?src=hash&amp;ref_src=twsrc%5Etfw\">#centenari<\/a> <a href=\"https:\/\/twitter.com\/hashtag\/propis?src=hash&amp;ref_src=twsrc%5Etfw\">#propis<\/a> <a href=\"https:\/\/twitter.com\/hashtag\/noubarris?src=hash&amp;ref_src=twsrc%5Etfw\">#noubarris<\/a> <a href=\"https:\/\/t.co\/eR1WHz2ddN\">pic.twitter.com\/eR1WHz2ddN<\/a><\/p>&mdash; Centre Cultural Els Propis (@elspropis) <a href=\"https:\/\/twitter.com\/elspropis\/status\/1730098592671559788?ref_src=twsrc%5Etfw\">November 30, 2023<\/a><\/blockquote><script async src=\"https:\/\/platform.twitter.com\/widgets.js\" charset=\"utf-8\"><\/script>\n<\/div><\/figure>\n\n\n\n<p><strong>Des de 1925 a Verdum<\/strong><\/p>\n\n\n\n<p>L&#8217;entitat es va fundar l&#8217;any 1925 en un Verdum ben diferent al que coneixem avui dia, amb poques cases i moltes vinyes, com una associaci\u00f3 de propietaris que, entre altres coses, va dinamitzar la vida cultural de la zona: van organitzar la priemra cavalcada de reis de Nou Barris, acull grups tan hist\u00f2rics com l&#8217;Agtupaci\u00f3 Sardanista de les Roquetes, la Banda Simf\u00f2nica de Roquetes-Nou Barris, el grup de cant coral,&#8230; A m\u00e9s, tamb\u00e9 realitzen presentacions de llibres, tallers, exposicions, concerts i la jornada Aplecat, el major aplec de cultura popular catalana a Nou Barris.<\/p>\n\n\n\n<p>Tot plegat fora de la seva seu, al final de la via J\u00falia, que fa <strong><a href=\"https:\/\/www.noubarris.net\/web40\/?p=76895\">un parell d&#8217;anys van haver de buidar per l&#8217;inici d&#8217;unes obres<\/a><\/strong> que, per raons econ\u00f2miques, s&#8217;han aturat fa m\u00e9s d&#8217;un any. La guerra d&#8217;Ucra\u00efna, la inflaci\u00f3 i problemes sobrevinguts han obligat l&#8217;entitat a aturar un projecte ambici\u00f3s i dispersar l&#8217;activitat en altres equipaments dels voltants o al&#8217;espai p\u00fablic. Tanamteix, els Propis confien en poder trobar recursos i reanudar l&#8217;obra, de manera que la inauguraci\u00f3 del <a href=\"https:\/\/www.noubarris.net\/web40\/?p=74992\"><strong>nou edifici, m\u00e9s gran, ic\u00f2nic i modern<\/strong><\/a>, pugui celebrar-se enel marc del centenari.<\/p>\n","protected":false},"excerpt":{"rendered":"<p>El Centre Cultural Els Propis culminar\u00e0 els actes dels 100 anys d\u2019hist\u00f2ria l&#8217;octubre de 2025 amb l&#8217;anhel d&#8217;haver estrenat la<\/p>\n","protected":false},"author":2,"featured_media":82271,"comment_status":"closed","ping_status":"closed","sticky":false,"template":"","format":"standard","meta":{"colormag_page_layout":"default_layout","_monsterinsights_skip_tracking":false,"_monsterinsights_sitenote_active":false,"_monsterinsights_sitenote_note":"","_monsterinsights_sitenote_category":0,"footnotes":""},"categories":[129],"tags":[636],"class_list":["post-82270","post","type-post","status-publish","format-standard","has-post-thumbnail","hentry","category-cultura","tag-els-propis"],"yoast_head":"<!-- This site is optimized with the Yoast SEO plugin v25.3 - https:\/\/yoast.com\/wordpress\/plugins\/seo\/ -->\n<title>Els Propis engeguen els motors del centenari amb el concurs per trobar del logotip de la commemoraci\u00f3 - NouBarris.Net<\/title>\n<meta name=\"description\" content=\"El center Cultural Els propis conovoquen un concurs er trobar la imatge de commemoraci\u00f3 del seu centenari\" \/>\n<meta name=\"robots\" content=\"index, follow, max-snippet:-1, max-image-preview:large, max-video-preview:-1\" \/>\n<link rel=\"canonical\" href=\"https:\/\/www.noubarris.net\/web40\/els-propis-engeguen-els-motors-del-centenari-amb-el-concurs-per-trobar-del-logotip-de-la-commemoracio\/\" \/>\n<meta property=\"og:locale\" content=\"ca_ES\" \/>\n<meta property=\"og:type\" content=\"article\" \/>\n<meta property=\"og:title\" content=\"Els Propis engeguen els motors del centenari amb el concurs per trobar del logotip de la commemoraci\u00f3 - NouBarris.Net\" \/>\n<meta property=\"og:description\" content=\"El center Cultural Els propis conovoquen un concurs er trobar la imatge de commemoraci\u00f3 del seu centenari\" \/>\n<meta property=\"og:url\" content=\"https:\/\/www.noubarris.net\/web40\/els-propis-engeguen-els-motors-del-centenari-amb-el-concurs-per-trobar-del-logotip-de-la-commemoracio\/\" \/>\n<meta property=\"og:site_name\" content=\"NouBarris.Net\" \/>\n<meta property=\"article:publisher\" content=\"https:\/\/www.facebook.com\/NouBarris.net\/?locale=es_ES\" \/>\n<meta property=\"article:published_time\" content=\"2024-01-21T22:00:36+00:00\" \/>\n<meta property=\"og:image\" content=\"https:\/\/www.noubarris.net\/web40\/wp-content\/uploads\/2024\/01\/220124.jpg\" \/>\n\t<meta property=\"og:image:width\" content=\"768\" \/>\n\t<meta property=\"og:image:height\" content=\"432\" \/>\n\t<meta property=\"og:image:type\" content=\"image\/jpeg\" \/>\n<meta name=\"author\" content=\"Informatius\" \/>\n<meta name=\"twitter:card\" content=\"summary_large_image\" \/>\n<meta name=\"twitter:creator\" content=\"@9BTV\" \/>\n<meta name=\"twitter:site\" content=\"@9BTV\" \/>\n<meta name=\"twitter:label1\" content=\"Escrit per\" \/>\n\t<meta name=\"twitter:data1\" content=\"Informatius\" \/>\n\t<meta name=\"twitter:label2\" content=\"Temps estimat de lectura\" \/>\n\t<meta name=\"twitter:data2\" content=\"3 minuts\" \/>\n<script type=\"application\/ld+json\" class=\"yoast-schema-graph\">{\"@context\":\"https:\/\/schema.org\",\"@graph\":[{\"@type\":\"Article\",\"@id\":\"https:\/\/www.noubarris.net\/web40\/els-propis-engeguen-els-motors-del-centenari-amb-el-concurs-per-trobar-del-logotip-de-la-commemoracio\/#article\",\"isPartOf\":{\"@id\":\"https:\/\/www.noubarris.net\/web40\/els-propis-engeguen-els-motors-del-centenari-amb-el-concurs-per-trobar-del-logotip-de-la-commemoracio\/\"},\"author\":{\"name\":\"Informatius\",\"@id\":\"https:\/\/www.noubarris.net\/web40\/#\/schema\/person\/1827f92aaa316c54abbf4dac0de76069\"},\"headline\":\"Els Propis engeguen els motors del centenari amb el concurs per trobar del logotip de la commemoraci\u00f3\",\"datePublished\":\"2024-01-21T22:00:36+00:00\",\"mainEntityOfPage\":{\"@id\":\"https:\/\/www.noubarris.net\/web40\/els-propis-engeguen-els-motors-del-centenari-amb-el-concurs-per-trobar-del-logotip-de-la-commemoracio\/\"},\"wordCount\":440,\"publisher\":{\"@id\":\"https:\/\/www.noubarris.net\/web40\/#organization\"},\"image\":{\"@id\":\"https:\/\/www.noubarris.net\/web40\/els-propis-engeguen-els-motors-del-centenari-amb-el-concurs-per-trobar-del-logotip-de-la-commemoracio\/#primaryimage\"},\"thumbnailUrl\":\"https:\/\/www.noubarris.net\/web40\/wp-content\/uploads\/2024\/01\/220124.jpg\",\"keywords\":[\"Els Propis\"],\"articleSection\":[\"Cultura\"],\"inLanguage\":\"ca\"},{\"@type\":\"WebPage\",\"@id\":\"https:\/\/www.noubarris.net\/web40\/els-propis-engeguen-els-motors-del-centenari-amb-el-concurs-per-trobar-del-logotip-de-la-commemoracio\/\",\"url\":\"https:\/\/www.noubarris.net\/web40\/els-propis-engeguen-els-motors-del-centenari-amb-el-concurs-per-trobar-del-logotip-de-la-commemoracio\/\",\"name\":\"Els Propis engeguen els motors del centenari amb el concurs per trobar del logotip de la commemoraci\u00f3 - NouBarris.Net\",\"isPartOf\":{\"@id\":\"https:\/\/www.noubarris.net\/web40\/#website\"},\"primaryImageOfPage\":{\"@id\":\"https:\/\/www.noubarris.net\/web40\/els-propis-engeguen-els-motors-del-centenari-amb-el-concurs-per-trobar-del-logotip-de-la-commemoracio\/#primaryimage\"},\"image\":{\"@id\":\"https:\/\/www.noubarris.net\/web40\/els-propis-engeguen-els-motors-del-centenari-amb-el-concurs-per-trobar-del-logotip-de-la-commemoracio\/#primaryimage\"},\"thumbnailUrl\":\"https:\/\/www.noubarris.net\/web40\/wp-content\/uploads\/2024\/01\/220124.jpg\",\"datePublished\":\"2024-01-21T22:00:36+00:00\",\"description\":\"El center Cultural Els propis conovoquen un concurs er trobar la imatge de commemoraci\u00f3 del seu centenari\",\"breadcrumb\":{\"@id\":\"https:\/\/www.noubarris.net\/web40\/els-propis-engeguen-els-motors-del-centenari-amb-el-concurs-per-trobar-del-logotip-de-la-commemoracio\/#breadcrumb\"},\"inLanguage\":\"ca\",\"potentialAction\":[{\"@type\":\"ReadAction\",\"target\":[\"https:\/\/www.noubarris.net\/web40\/els-propis-engeguen-els-motors-del-centenari-amb-el-concurs-per-trobar-del-logotip-de-la-commemoracio\/\"]}]},{\"@type\":\"ImageObject\",\"inLanguage\":\"ca\",\"@id\":\"https:\/\/www.noubarris.net\/web40\/els-propis-engeguen-els-motors-del-centenari-amb-el-concurs-per-trobar-del-logotip-de-la-commemoracio\/#primaryimage\",\"url\":\"https:\/\/www.noubarris.net\/web40\/wp-content\/uploads\/2024\/01\/220124.jpg\",\"contentUrl\":\"https:\/\/www.noubarris.net\/web40\/wp-content\/uploads\/2024\/01\/220124.jpg\",\"width\":768,\"height\":432},{\"@type\":\"BreadcrumbList\",\"@id\":\"https:\/\/www.noubarris.net\/web40\/els-propis-engeguen-els-motors-del-centenari-amb-el-concurs-per-trobar-del-logotip-de-la-commemoracio\/#breadcrumb\",\"itemListElement\":[{\"@type\":\"ListItem\",\"position\":1,\"name\":\"Inici\",\"item\":\"https:\/\/www.noubarris.net\/web40\/\"},{\"@type\":\"ListItem\",\"position\":2,\"name\":\"Els Propis engeguen els motors del centenari amb el concurs per trobar del logotip de la commemoraci\u00f3\"}]},{\"@type\":\"WebSite\",\"@id\":\"https:\/\/www.noubarris.net\/web40\/#website\",\"url\":\"https:\/\/www.noubarris.net\/web40\/\",\"name\":\"NouBarris.Net\",\"description\":\"Seguint la vida de Nou Barris des de 1985\",\"publisher\":{\"@id\":\"https:\/\/www.noubarris.net\/web40\/#organization\"},\"potentialAction\":[{\"@type\":\"SearchAction\",\"target\":{\"@type\":\"EntryPoint\",\"urlTemplate\":\"https:\/\/www.noubarris.net\/web40\/?s={search_term_string}\"},\"query-input\":{\"@type\":\"PropertyValueSpecification\",\"valueRequired\":true,\"valueName\":\"search_term_string\"}}],\"inLanguage\":\"ca\"},{\"@type\":\"Organization\",\"@id\":\"https:\/\/www.noubarris.net\/web40\/#organization\",\"name\":\"NouBarris.Net\",\"url\":\"https:\/\/www.noubarris.net\/web40\/\",\"logo\":{\"@type\":\"ImageObject\",\"inLanguage\":\"ca\",\"@id\":\"https:\/\/www.noubarris.net\/web40\/#\/schema\/logo\/image\/\",\"url\":\"https:\/\/www.noubarris.net\/web40\/wp-content\/uploads\/2024\/11\/cropped-cropped-LOGO_9BTV-2024_Insta-1.jpg\",\"contentUrl\":\"https:\/\/www.noubarris.net\/web40\/wp-content\/uploads\/2024\/11\/cropped-cropped-LOGO_9BTV-2024_Insta-1.jpg\",\"width\":512,\"height\":512,\"caption\":\"NouBarris.Net\"},\"image\":{\"@id\":\"https:\/\/www.noubarris.net\/web40\/#\/schema\/logo\/image\/\"},\"sameAs\":[\"https:\/\/www.facebook.com\/NouBarris.net\/?locale=es_ES\",\"https:\/\/x.com\/9BTV\"]},{\"@type\":\"Person\",\"@id\":\"https:\/\/www.noubarris.net\/web40\/#\/schema\/person\/1827f92aaa316c54abbf4dac0de76069\",\"name\":\"Informatius\",\"image\":{\"@type\":\"ImageObject\",\"inLanguage\":\"ca\",\"@id\":\"https:\/\/www.noubarris.net\/web40\/#\/schema\/person\/image\/\",\"url\":\"https:\/\/secure.gravatar.com\/avatar\/87a3b47928835fc72c6ee5b0e1a7263ef0c2d05003a98189bc14926c5f11bcdb?s=96&d=mm&r=g\",\"contentUrl\":\"https:\/\/secure.gravatar.com\/avatar\/87a3b47928835fc72c6ee5b0e1a7263ef0c2d05003a98189bc14926c5f11bcdb?s=96&d=mm&r=g\",\"caption\":\"Informatius\"},\"url\":\"https:\/\/www.noubarris.net\/web40\/author\/tele\/\"}]}<\/script>\n<!-- \/ Yoast SEO plugin. -->","yoast_head_json":{"title":"Els Propis engeguen els motors del centenari amb el concurs per trobar del logotip de la commemoraci\u00f3 - NouBarris.Net","description":"El center Cultural Els propis conovoquen un concurs er trobar la imatge de commemoraci\u00f3 del seu centenari","robots":{"index":"index","follow":"follow","max-snippet":"max-snippet:-1","max-image-preview":"max-image-preview:large","max-video-preview":"max-video-preview:-1"},"canonical":"https:\/\/www.noubarris.net\/web40\/els-propis-engeguen-els-motors-del-centenari-amb-el-concurs-per-trobar-del-logotip-de-la-commemoracio\/","og_locale":"ca_ES","og_type":"article","og_title":"Els Propis engeguen els motors del centenari amb el concurs per trobar del logotip de la commemoraci\u00f3 - NouBarris.Net","og_description":"El center Cultural Els propis conovoquen un concurs er trobar la imatge de commemoraci\u00f3 del seu centenari","og_url":"https:\/\/www.noubarris.net\/web40\/els-propis-engeguen-els-motors-del-centenari-amb-el-concurs-per-trobar-del-logotip-de-la-commemoracio\/","og_site_name":"NouBarris.Net","article_publisher":"https:\/\/www.facebook.com\/NouBarris.net\/?locale=es_ES","article_published_time":"2024-01-21T22:00:36+00:00","og_image":[{"width":768,"height":432,"url":"https:\/\/www.noubarris.net\/web40\/wp-content\/uploads\/2024\/01\/220124.jpg","type":"image\/jpeg"}],"author":"Informatius","twitter_card":"summary_large_image","twitter_creator":"@9BTV","twitter_site":"@9BTV","twitter_misc":{"Escrit per":"Informatius","Temps estimat de lectura":"3 minuts"},"schema":{"@context":"https:\/\/schema.org","@graph":[{"@type":"Article","@id":"https:\/\/www.noubarris.net\/web40\/els-propis-engeguen-els-motors-del-centenari-amb-el-concurs-per-trobar-del-logotip-de-la-commemoracio\/#article","isPartOf":{"@id":"https:\/\/www.noubarris.net\/web40\/els-propis-engeguen-els-motors-del-centenari-amb-el-concurs-per-trobar-del-logotip-de-la-commemoracio\/"},"author":{"name":"Informatius","@id":"https:\/\/www.noubarris.net\/web40\/#\/schema\/person\/1827f92aaa316c54abbf4dac0de76069"},"headline":"Els Propis engeguen els motors del centenari amb el concurs per trobar del logotip de la commemoraci\u00f3","datePublished":"2024-01-21T22:00:36+00:00","mainEntityOfPage":{"@id":"https:\/\/www.noubarris.net\/web40\/els-propis-engeguen-els-motors-del-centenari-amb-el-concurs-per-trobar-del-logotip-de-la-commemoracio\/"},"wordCount":440,"publisher":{"@id":"https:\/\/www.noubarris.net\/web40\/#organization"},"image":{"@id":"https:\/\/www.noubarris.net\/web40\/els-propis-engeguen-els-motors-del-centenari-amb-el-concurs-per-trobar-del-logotip-de-la-commemoracio\/#primaryimage"},"thumbnailUrl":"https:\/\/www.noubarris.net\/web40\/wp-content\/uploads\/2024\/01\/220124.jpg","keywords":["Els Propis"],"articleSection":["Cultura"],"inLanguage":"ca"},{"@type":"WebPage","@id":"https:\/\/www.noubarris.net\/web40\/els-propis-engeguen-els-motors-del-centenari-amb-el-concurs-per-trobar-del-logotip-de-la-commemoracio\/","url":"https:\/\/www.noubarris.net\/web40\/els-propis-engeguen-els-motors-del-centenari-amb-el-concurs-per-trobar-del-logotip-de-la-commemoracio\/","name":"Els Propis engeguen els motors del centenari amb el concurs per trobar del logotip de la commemoraci\u00f3 - NouBarris.Net","isPartOf":{"@id":"https:\/\/www.noubarris.net\/web40\/#website"},"primaryImageOfPage":{"@id":"https:\/\/www.noubarris.net\/web40\/els-propis-engeguen-els-motors-del-centenari-amb-el-concurs-per-trobar-del-logotip-de-la-commemoracio\/#primaryimage"},"image":{"@id":"https:\/\/www.noubarris.net\/web40\/els-propis-engeguen-els-motors-del-centenari-amb-el-concurs-per-trobar-del-logotip-de-la-commemoracio\/#primaryimage"},"thumbnailUrl":"https:\/\/www.noubarris.net\/web40\/wp-content\/uploads\/2024\/01\/220124.jpg","datePublished":"2024-01-21T22:00:36+00:00","description":"El center Cultural Els propis conovoquen un concurs er trobar la imatge de commemoraci\u00f3 del seu centenari","breadcrumb":{"@id":"https:\/\/www.noubarris.net\/web40\/els-propis-engeguen-els-motors-del-centenari-amb-el-concurs-per-trobar-del-logotip-de-la-commemoracio\/#breadcrumb"},"inLanguage":"ca","potentialAction":[{"@type":"ReadAction","target":["https:\/\/www.noubarris.net\/web40\/els-propis-engeguen-els-motors-del-centenari-amb-el-concurs-per-trobar-del-logotip-de-la-commemoracio\/"]}]},{"@type":"ImageObject","inLanguage":"ca","@id":"https:\/\/www.noubarris.net\/web40\/els-propis-engeguen-els-motors-del-centenari-amb-el-concurs-per-trobar-del-logotip-de-la-commemoracio\/#primaryimage","url":"https:\/\/www.noubarris.net\/web40\/wp-content\/uploads\/2024\/01\/220124.jpg","contentUrl":"https:\/\/www.noubarris.net\/web40\/wp-content\/uploads\/2024\/01\/220124.jpg","width":768,"height":432},{"@type":"BreadcrumbList","@id":"https:\/\/www.noubarris.net\/web40\/els-propis-engeguen-els-motors-del-centenari-amb-el-concurs-per-trobar-del-logotip-de-la-commemoracio\/#breadcrumb","itemListElement":[{"@type":"ListItem","position":1,"name":"Inici","item":"https:\/\/www.noubarris.net\/web40\/"},{"@type":"ListItem","position":2,"name":"Els Propis engeguen els motors del centenari amb el concurs per trobar del logotip de la commemoraci\u00f3"}]},{"@type":"WebSite","@id":"https:\/\/www.noubarris.net\/web40\/#website","url":"https:\/\/www.noubarris.net\/web40\/","name":"NouBarris.Net","description":"Seguint la vida de Nou Barris des de 1985","publisher":{"@id":"https:\/\/www.noubarris.net\/web40\/#organization"},"potentialAction":[{"@type":"SearchAction","target":{"@type":"EntryPoint","urlTemplate":"https:\/\/www.noubarris.net\/web40\/?s={search_term_string}"},"query-input":{"@type":"PropertyValueSpecification","valueRequired":true,"valueName":"search_term_string"}}],"inLanguage":"ca"},{"@type":"Organization","@id":"https:\/\/www.noubarris.net\/web40\/#organization","name":"NouBarris.Net","url":"https:\/\/www.noubarris.net\/web40\/","logo":{"@type":"ImageObject","inLanguage":"ca","@id":"https:\/\/www.noubarris.net\/web40\/#\/schema\/logo\/image\/","url":"https:\/\/www.noubarris.net\/web40\/wp-content\/uploads\/2024\/11\/cropped-cropped-LOGO_9BTV-2024_Insta-1.jpg","contentUrl":"https:\/\/www.noubarris.net\/web40\/wp-content\/uploads\/2024\/11\/cropped-cropped-LOGO_9BTV-2024_Insta-1.jpg","width":512,"height":512,"caption":"NouBarris.Net"},"image":{"@id":"https:\/\/www.noubarris.net\/web40\/#\/schema\/logo\/image\/"},"sameAs":["https:\/\/www.facebook.com\/NouBarris.net\/?locale=es_ES","https:\/\/x.com\/9BTV"]},{"@type":"Person","@id":"https:\/\/www.noubarris.net\/web40\/#\/schema\/person\/1827f92aaa316c54abbf4dac0de76069","name":"Informatius","image":{"@type":"ImageObject","inLanguage":"ca","@id":"https:\/\/www.noubarris.net\/web40\/#\/schema\/person\/image\/","url":"https:\/\/secure.gravatar.com\/avatar\/87a3b47928835fc72c6ee5b0e1a7263ef0c2d05003a98189bc14926c5f11bcdb?s=96&d=mm&r=g","contentUrl":"https:\/\/secure.gravatar.com\/avatar\/87a3b47928835fc72c6ee5b0e1a7263ef0c2d05003a98189bc14926c5f11bcdb?s=96&d=mm&r=g","caption":"Informatius"},"url":"https:\/\/www.noubarris.net\/web40\/author\/tele\/"}]}},"_links":{"self":[{"href":"https:\/\/www.noubarris.net\/web40\/wp-json\/wp\/v2\/posts\/82270","targetHints":{"allow":["GET"]}}],"collection":[{"href":"https:\/\/www.noubarris.net\/web40\/wp-json\/wp\/v2\/posts"}],"about":[{"href":"https:\/\/www.noubarris.net\/web40\/wp-json\/wp\/v2\/types\/post"}],"author":[{"embeddable":true,"href":"https:\/\/www.noubarris.net\/web40\/wp-json\/wp\/v2\/users\/2"}],"replies":[{"embeddable":true,"href":"https:\/\/www.noubarris.net\/web40\/wp-json\/wp\/v2\/comments?post=82270"}],"version-history":[{"count":2,"href":"https:\/\/www.noubarris.net\/web40\/wp-json\/wp\/v2\/posts\/82270\/revisions"}],"predecessor-version":[{"id":82273,"href":"https:\/\/www.noubarris.net\/web40\/wp-json\/wp\/v2\/posts\/82270\/revisions\/82273"}],"wp:featuredmedia":[{"embeddable":true,"href":"https:\/\/www.noubarris.net\/web40\/wp-json\/wp\/v2\/media\/82271"}],"wp:attachment":[{"href":"https:\/\/www.noubarris.net\/web40\/wp-json\/wp\/v2\/media?parent=82270"}],"wp:term":[{"taxonomy":"category","embeddable":true,"href":"https:\/\/www.noubarris.net\/web40\/wp-json\/wp\/v2\/categories?post=82270"},{"taxonomy":"post_tag","embeddable":true,"href":"https:\/\/www.noubarris.net\/web40\/wp-json\/wp\/v2\/tags?post=82270"}],"curies":[{"name":"wp","href":"https:\/\/api.w.org\/{rel}","templated":true}]}}