{"id":82274,"date":"2024-01-23T00:00:43","date_gmt":"2024-01-22T22:00:43","guid":{"rendered":"http:\/\/www.noubarris.net\/web40\/?p=82274"},"modified":"2024-01-22T21:24:29","modified_gmt":"2024-01-22T19:24:29","slug":"can-baste-exposa-lart-que-cura-fotografies-i-poemes-contra-el-malestar-psicologic","status":"publish","type":"post","link":"https:\/\/www.noubarris.net\/web40\/can-baste-exposa-lart-que-cura-fotografies-i-poemes-contra-el-malestar-psicologic\/","title":{"rendered":"Can Bast\u00e9 exposa &#8220;L&#8217;Art que cura&#8221;: fotografies i poemes contra el malestar psicol\u00f2gic"},"content":{"rendered":"<p><strong>\u00a0La mostra fusiona els projectes literaris i art\u00edstic de l&#8217;Associaci\u00f3 Sociocultural Matissos<\/strong><\/p>\n<p>L&#8217;<a href=\"https:\/\/www.matissos.org\/\" target=\"_blank\" rel=\"noopener\">Associaci\u00f3 Sociocultural Matissos<\/a> defensa l&#8217;art com la millor eina per a la integraci\u00f3, la recuperaci\u00f3 i la rehabilitaci\u00f3 de\u00a0persones usu\u00e0ries dels serveis de Salut Mental, \u00e9s a dir, que pateixen o han patit un malestar psicol\u00f2gic greu al llarg de la seva vida. Des de fa anys, a Matissos s&#8217;hi desenvolupen tallers de poesia, fotografia, art, m\u00fasica i teatre. Amb seu entre Can Peguera i el Tur\u00f3 de la Peira, aquests dies podeu trobar al centre c\u00edvic Can Bast\u00e9 la fusi\u00f3 de dos d&#8217;aquests tallers: el de fotografia i el de poesia.<\/p>\n<p>A \u201cL\u2019Art que cura\u201d les fotografies posen imatges als poemes, i tot plegat creen atmosferes \u00faniques amb un esclat de colors, lletres i dibuixos. Al darrere, hi ha la voluntat dels membres de Matissos de convidar a la reflexi\u00f3 i visibilitzar el desconeixement o, pitjor encara, invisibilitzaci\u00f3, de la salut mental en una societat que defineixen com a individualista. Pre trencar aquesta barrera i sobretot, per trencar els estigmes que encara queden sobre les malalties de salut mental, els creadors opten per mostrar les seves emocions, patiments i m\u00f3n interior. I tot aix\u00f2, a m\u00e9s, al mateix temps que cercaven la bellesa, l&#8217;art.<\/p>\n<p>Podeu visitar l&#8217;exposici\u00f3 a la Sala Golfes de Can Bast\u00e9 fins al proper 2 de mar\u00e7.<\/p>\n","protected":false},"excerpt":{"rendered":"<p>\u00a0La mostra fusiona els projectes literaris i art\u00edstic de l&#8217;Associaci\u00f3 Sociocultural Matissos L&#8217;Associaci\u00f3 Sociocultural Matissos defensa l&#8217;art com la millor<\/p>\n","protected":false},"author":2,"featured_media":82275,"comment_status":"closed","ping_status":"closed","sticky":false,"template":"","format":"standard","meta":{"colormag_page_layout":"default_layout","_monsterinsights_skip_tracking":false,"_monsterinsights_sitenote_active":false,"_monsterinsights_sitenote_note":"","_monsterinsights_sitenote_category":0,"footnotes":""},"categories":[129,139],"tags":[266,273],"class_list":["post-82274","post","type-post","status-publish","format-standard","has-post-thumbnail","hentry","category-cultura","category-el-turo-de-la-peira","tag-fotografia","tag-salut-mental"],"yoast_head":"<!-- This site is optimized with the Yoast SEO plugin v25.3 - https:\/\/yoast.com\/wordpress\/plugins\/seo\/ -->\n<title>Can Bast\u00e9 exposa &quot;L&#039;Art que cura&quot;: fotografies i poemes contra el malestar psicol\u00f2gic - NouBarris.Net<\/title>\n<meta name=\"robots\" content=\"index, follow, max-snippet:-1, max-image-preview:large, max-video-preview:-1\" \/>\n<link rel=\"canonical\" href=\"https:\/\/www.noubarris.net\/web40\/can-baste-exposa-lart-que-cura-fotografies-i-poemes-contra-el-malestar-psicologic\/\" \/>\n<meta property=\"og:locale\" content=\"ca_ES\" \/>\n<meta property=\"og:type\" content=\"article\" \/>\n<meta property=\"og:title\" content=\"Can Bast\u00e9 exposa &quot;L&#039;Art que cura&quot;: fotografies i poemes contra el malestar psicol\u00f2gic - NouBarris.Net\" \/>\n<meta property=\"og:description\" content=\"\u00a0La mostra fusiona els projectes literaris i art\u00edstic de l&#8217;Associaci\u00f3 Sociocultural Matissos L&#8217;Associaci\u00f3 Sociocultural Matissos defensa l&#8217;art com la millor\" \/>\n<meta property=\"og:url\" content=\"https:\/\/www.noubarris.net\/web40\/can-baste-exposa-lart-que-cura-fotografies-i-poemes-contra-el-malestar-psicologic\/\" \/>\n<meta property=\"og:site_name\" content=\"NouBarris.Net\" \/>\n<meta property=\"article:publisher\" content=\"https:\/\/www.facebook.com\/NouBarris.net\/?locale=es_ES\" \/>\n<meta property=\"article:published_time\" content=\"2024-01-22T22:00:43+00:00\" \/>\n<meta property=\"og:image\" content=\"https:\/\/www.noubarris.net\/web40\/wp-content\/uploads\/2024\/01\/230124.jpg\" \/>\n\t<meta property=\"og:image:width\" content=\"768\" \/>\n\t<meta property=\"og:image:height\" content=\"432\" \/>\n\t<meta property=\"og:image:type\" content=\"image\/jpeg\" \/>\n<meta name=\"author\" content=\"Informatius\" \/>\n<meta name=\"twitter:card\" content=\"summary_large_image\" \/>\n<meta name=\"twitter:creator\" content=\"@9BTV\" \/>\n<meta name=\"twitter:site\" content=\"@9BTV\" \/>\n<meta name=\"twitter:label1\" content=\"Escrit per\" \/>\n\t<meta name=\"twitter:data1\" content=\"Informatius\" \/>\n\t<meta name=\"twitter:label2\" content=\"Temps estimat de lectura\" \/>\n\t<meta name=\"twitter:data2\" content=\"2 minuts\" \/>\n<script type=\"application\/ld+json\" class=\"yoast-schema-graph\">{\"@context\":\"https:\/\/schema.org\",\"@graph\":[{\"@type\":\"Article\",\"@id\":\"https:\/\/www.noubarris.net\/web40\/can-baste-exposa-lart-que-cura-fotografies-i-poemes-contra-el-malestar-psicologic\/#article\",\"isPartOf\":{\"@id\":\"https:\/\/www.noubarris.net\/web40\/can-baste-exposa-lart-que-cura-fotografies-i-poemes-contra-el-malestar-psicologic\/\"},\"author\":{\"name\":\"Informatius\",\"@id\":\"https:\/\/www.noubarris.net\/web40\/#\/schema\/person\/1827f92aaa316c54abbf4dac0de76069\"},\"headline\":\"Can Bast\u00e9 exposa &#8220;L&#8217;Art que cura&#8221;: fotografies i poemes contra el malestar psicol\u00f2gic\",\"datePublished\":\"2024-01-22T22:00:43+00:00\",\"mainEntityOfPage\":{\"@id\":\"https:\/\/www.noubarris.net\/web40\/can-baste-exposa-lart-que-cura-fotografies-i-poemes-contra-el-malestar-psicologic\/\"},\"wordCount\":253,\"publisher\":{\"@id\":\"https:\/\/www.noubarris.net\/web40\/#organization\"},\"image\":{\"@id\":\"https:\/\/www.noubarris.net\/web40\/can-baste-exposa-lart-que-cura-fotografies-i-poemes-contra-el-malestar-psicologic\/#primaryimage\"},\"thumbnailUrl\":\"https:\/\/www.noubarris.net\/web40\/wp-content\/uploads\/2024\/01\/230124.jpg\",\"keywords\":[\"Fotografia\",\"Salut mental\"],\"articleSection\":[\"Cultura\",\"El Tur\u00f3 de la Peira\"],\"inLanguage\":\"ca\"},{\"@type\":\"WebPage\",\"@id\":\"https:\/\/www.noubarris.net\/web40\/can-baste-exposa-lart-que-cura-fotografies-i-poemes-contra-el-malestar-psicologic\/\",\"url\":\"https:\/\/www.noubarris.net\/web40\/can-baste-exposa-lart-que-cura-fotografies-i-poemes-contra-el-malestar-psicologic\/\",\"name\":\"Can Bast\u00e9 exposa \\\"L'Art que cura\\\": fotografies i poemes contra el malestar psicol\u00f2gic - NouBarris.Net\",\"isPartOf\":{\"@id\":\"https:\/\/www.noubarris.net\/web40\/#website\"},\"primaryImageOfPage\":{\"@id\":\"https:\/\/www.noubarris.net\/web40\/can-baste-exposa-lart-que-cura-fotografies-i-poemes-contra-el-malestar-psicologic\/#primaryimage\"},\"image\":{\"@id\":\"https:\/\/www.noubarris.net\/web40\/can-baste-exposa-lart-que-cura-fotografies-i-poemes-contra-el-malestar-psicologic\/#primaryimage\"},\"thumbnailUrl\":\"https:\/\/www.noubarris.net\/web40\/wp-content\/uploads\/2024\/01\/230124.jpg\",\"datePublished\":\"2024-01-22T22:00:43+00:00\",\"breadcrumb\":{\"@id\":\"https:\/\/www.noubarris.net\/web40\/can-baste-exposa-lart-que-cura-fotografies-i-poemes-contra-el-malestar-psicologic\/#breadcrumb\"},\"inLanguage\":\"ca\",\"potentialAction\":[{\"@type\":\"ReadAction\",\"target\":[\"https:\/\/www.noubarris.net\/web40\/can-baste-exposa-lart-que-cura-fotografies-i-poemes-contra-el-malestar-psicologic\/\"]}]},{\"@type\":\"ImageObject\",\"inLanguage\":\"ca\",\"@id\":\"https:\/\/www.noubarris.net\/web40\/can-baste-exposa-lart-que-cura-fotografies-i-poemes-contra-el-malestar-psicologic\/#primaryimage\",\"url\":\"https:\/\/www.noubarris.net\/web40\/wp-content\/uploads\/2024\/01\/230124.jpg\",\"contentUrl\":\"https:\/\/www.noubarris.net\/web40\/wp-content\/uploads\/2024\/01\/230124.jpg\",\"width\":768,\"height\":432},{\"@type\":\"BreadcrumbList\",\"@id\":\"https:\/\/www.noubarris.net\/web40\/can-baste-exposa-lart-que-cura-fotografies-i-poemes-contra-el-malestar-psicologic\/#breadcrumb\",\"itemListElement\":[{\"@type\":\"ListItem\",\"position\":1,\"name\":\"Inici\",\"item\":\"https:\/\/www.noubarris.net\/web40\/\"},{\"@type\":\"ListItem\",\"position\":2,\"name\":\"Can Bast\u00e9 exposa &#8220;L&#8217;Art que cura&#8221;: fotografies i poemes contra el malestar psicol\u00f2gic\"}]},{\"@type\":\"WebSite\",\"@id\":\"https:\/\/www.noubarris.net\/web40\/#website\",\"url\":\"https:\/\/www.noubarris.net\/web40\/\",\"name\":\"NouBarris.Net\",\"description\":\"Seguint la vida de Nou Barris des de 1985\",\"publisher\":{\"@id\":\"https:\/\/www.noubarris.net\/web40\/#organization\"},\"potentialAction\":[{\"@type\":\"SearchAction\",\"target\":{\"@type\":\"EntryPoint\",\"urlTemplate\":\"https:\/\/www.noubarris.net\/web40\/?s={search_term_string}\"},\"query-input\":{\"@type\":\"PropertyValueSpecification\",\"valueRequired\":true,\"valueName\":\"search_term_string\"}}],\"inLanguage\":\"ca\"},{\"@type\":\"Organization\",\"@id\":\"https:\/\/www.noubarris.net\/web40\/#organization\",\"name\":\"NouBarris.Net\",\"url\":\"https:\/\/www.noubarris.net\/web40\/\",\"logo\":{\"@type\":\"ImageObject\",\"inLanguage\":\"ca\",\"@id\":\"https:\/\/www.noubarris.net\/web40\/#\/schema\/logo\/image\/\",\"url\":\"https:\/\/www.noubarris.net\/web40\/wp-content\/uploads\/2024\/11\/cropped-cropped-LOGO_9BTV-2024_Insta-1.jpg\",\"contentUrl\":\"https:\/\/www.noubarris.net\/web40\/wp-content\/uploads\/2024\/11\/cropped-cropped-LOGO_9BTV-2024_Insta-1.jpg\",\"width\":512,\"height\":512,\"caption\":\"NouBarris.Net\"},\"image\":{\"@id\":\"https:\/\/www.noubarris.net\/web40\/#\/schema\/logo\/image\/\"},\"sameAs\":[\"https:\/\/www.facebook.com\/NouBarris.net\/?locale=es_ES\",\"https:\/\/x.com\/9BTV\"]},{\"@type\":\"Person\",\"@id\":\"https:\/\/www.noubarris.net\/web40\/#\/schema\/person\/1827f92aaa316c54abbf4dac0de76069\",\"name\":\"Informatius\",\"image\":{\"@type\":\"ImageObject\",\"inLanguage\":\"ca\",\"@id\":\"https:\/\/www.noubarris.net\/web40\/#\/schema\/person\/image\/\",\"url\":\"https:\/\/secure.gravatar.com\/avatar\/87a3b47928835fc72c6ee5b0e1a7263ef0c2d05003a98189bc14926c5f11bcdb?s=96&d=mm&r=g\",\"contentUrl\":\"https:\/\/secure.gravatar.com\/avatar\/87a3b47928835fc72c6ee5b0e1a7263ef0c2d05003a98189bc14926c5f11bcdb?s=96&d=mm&r=g\",\"caption\":\"Informatius\"},\"url\":\"https:\/\/www.noubarris.net\/web40\/author\/tele\/\"}]}<\/script>\n<!-- \/ Yoast SEO plugin. -->","yoast_head_json":{"title":"Can Bast\u00e9 exposa \"L'Art que cura\": fotografies i poemes contra el malestar psicol\u00f2gic - NouBarris.Net","robots":{"index":"index","follow":"follow","max-snippet":"max-snippet:-1","max-image-preview":"max-image-preview:large","max-video-preview":"max-video-preview:-1"},"canonical":"https:\/\/www.noubarris.net\/web40\/can-baste-exposa-lart-que-cura-fotografies-i-poemes-contra-el-malestar-psicologic\/","og_locale":"ca_ES","og_type":"article","og_title":"Can Bast\u00e9 exposa \"L'Art que cura\": fotografies i poemes contra el malestar psicol\u00f2gic - NouBarris.Net","og_description":"\u00a0La mostra fusiona els projectes literaris i art\u00edstic de l&#8217;Associaci\u00f3 Sociocultural Matissos L&#8217;Associaci\u00f3 Sociocultural Matissos defensa l&#8217;art com la millor","og_url":"https:\/\/www.noubarris.net\/web40\/can-baste-exposa-lart-que-cura-fotografies-i-poemes-contra-el-malestar-psicologic\/","og_site_name":"NouBarris.Net","article_publisher":"https:\/\/www.facebook.com\/NouBarris.net\/?locale=es_ES","article_published_time":"2024-01-22T22:00:43+00:00","og_image":[{"width":768,"height":432,"url":"https:\/\/www.noubarris.net\/web40\/wp-content\/uploads\/2024\/01\/230124.jpg","type":"image\/jpeg"}],"author":"Informatius","twitter_card":"summary_large_image","twitter_creator":"@9BTV","twitter_site":"@9BTV","twitter_misc":{"Escrit per":"Informatius","Temps estimat de lectura":"2 minuts"},"schema":{"@context":"https:\/\/schema.org","@graph":[{"@type":"Article","@id":"https:\/\/www.noubarris.net\/web40\/can-baste-exposa-lart-que-cura-fotografies-i-poemes-contra-el-malestar-psicologic\/#article","isPartOf":{"@id":"https:\/\/www.noubarris.net\/web40\/can-baste-exposa-lart-que-cura-fotografies-i-poemes-contra-el-malestar-psicologic\/"},"author":{"name":"Informatius","@id":"https:\/\/www.noubarris.net\/web40\/#\/schema\/person\/1827f92aaa316c54abbf4dac0de76069"},"headline":"Can Bast\u00e9 exposa &#8220;L&#8217;Art que cura&#8221;: fotografies i poemes contra el malestar psicol\u00f2gic","datePublished":"2024-01-22T22:00:43+00:00","mainEntityOfPage":{"@id":"https:\/\/www.noubarris.net\/web40\/can-baste-exposa-lart-que-cura-fotografies-i-poemes-contra-el-malestar-psicologic\/"},"wordCount":253,"publisher":{"@id":"https:\/\/www.noubarris.net\/web40\/#organization"},"image":{"@id":"https:\/\/www.noubarris.net\/web40\/can-baste-exposa-lart-que-cura-fotografies-i-poemes-contra-el-malestar-psicologic\/#primaryimage"},"thumbnailUrl":"https:\/\/www.noubarris.net\/web40\/wp-content\/uploads\/2024\/01\/230124.jpg","keywords":["Fotografia","Salut mental"],"articleSection":["Cultura","El Tur\u00f3 de la Peira"],"inLanguage":"ca"},{"@type":"WebPage","@id":"https:\/\/www.noubarris.net\/web40\/can-baste-exposa-lart-que-cura-fotografies-i-poemes-contra-el-malestar-psicologic\/","url":"https:\/\/www.noubarris.net\/web40\/can-baste-exposa-lart-que-cura-fotografies-i-poemes-contra-el-malestar-psicologic\/","name":"Can Bast\u00e9 exposa \"L'Art que cura\": fotografies i poemes contra el malestar psicol\u00f2gic - NouBarris.Net","isPartOf":{"@id":"https:\/\/www.noubarris.net\/web40\/#website"},"primaryImageOfPage":{"@id":"https:\/\/www.noubarris.net\/web40\/can-baste-exposa-lart-que-cura-fotografies-i-poemes-contra-el-malestar-psicologic\/#primaryimage"},"image":{"@id":"https:\/\/www.noubarris.net\/web40\/can-baste-exposa-lart-que-cura-fotografies-i-poemes-contra-el-malestar-psicologic\/#primaryimage"},"thumbnailUrl":"https:\/\/www.noubarris.net\/web40\/wp-content\/uploads\/2024\/01\/230124.jpg","datePublished":"2024-01-22T22:00:43+00:00","breadcrumb":{"@id":"https:\/\/www.noubarris.net\/web40\/can-baste-exposa-lart-que-cura-fotografies-i-poemes-contra-el-malestar-psicologic\/#breadcrumb"},"inLanguage":"ca","potentialAction":[{"@type":"ReadAction","target":["https:\/\/www.noubarris.net\/web40\/can-baste-exposa-lart-que-cura-fotografies-i-poemes-contra-el-malestar-psicologic\/"]}]},{"@type":"ImageObject","inLanguage":"ca","@id":"https:\/\/www.noubarris.net\/web40\/can-baste-exposa-lart-que-cura-fotografies-i-poemes-contra-el-malestar-psicologic\/#primaryimage","url":"https:\/\/www.noubarris.net\/web40\/wp-content\/uploads\/2024\/01\/230124.jpg","contentUrl":"https:\/\/www.noubarris.net\/web40\/wp-content\/uploads\/2024\/01\/230124.jpg","width":768,"height":432},{"@type":"BreadcrumbList","@id":"https:\/\/www.noubarris.net\/web40\/can-baste-exposa-lart-que-cura-fotografies-i-poemes-contra-el-malestar-psicologic\/#breadcrumb","itemListElement":[{"@type":"ListItem","position":1,"name":"Inici","item":"https:\/\/www.noubarris.net\/web40\/"},{"@type":"ListItem","position":2,"name":"Can Bast\u00e9 exposa &#8220;L&#8217;Art que cura&#8221;: fotografies i poemes contra el malestar psicol\u00f2gic"}]},{"@type":"WebSite","@id":"https:\/\/www.noubarris.net\/web40\/#website","url":"https:\/\/www.noubarris.net\/web40\/","name":"NouBarris.Net","description":"Seguint la vida de Nou Barris des de 1985","publisher":{"@id":"https:\/\/www.noubarris.net\/web40\/#organization"},"potentialAction":[{"@type":"SearchAction","target":{"@type":"EntryPoint","urlTemplate":"https:\/\/www.noubarris.net\/web40\/?s={search_term_string}"},"query-input":{"@type":"PropertyValueSpecification","valueRequired":true,"valueName":"search_term_string"}}],"inLanguage":"ca"},{"@type":"Organization","@id":"https:\/\/www.noubarris.net\/web40\/#organization","name":"NouBarris.Net","url":"https:\/\/www.noubarris.net\/web40\/","logo":{"@type":"ImageObject","inLanguage":"ca","@id":"https:\/\/www.noubarris.net\/web40\/#\/schema\/logo\/image\/","url":"https:\/\/www.noubarris.net\/web40\/wp-content\/uploads\/2024\/11\/cropped-cropped-LOGO_9BTV-2024_Insta-1.jpg","contentUrl":"https:\/\/www.noubarris.net\/web40\/wp-content\/uploads\/2024\/11\/cropped-cropped-LOGO_9BTV-2024_Insta-1.jpg","width":512,"height":512,"caption":"NouBarris.Net"},"image":{"@id":"https:\/\/www.noubarris.net\/web40\/#\/schema\/logo\/image\/"},"sameAs":["https:\/\/www.facebook.com\/NouBarris.net\/?locale=es_ES","https:\/\/x.com\/9BTV"]},{"@type":"Person","@id":"https:\/\/www.noubarris.net\/web40\/#\/schema\/person\/1827f92aaa316c54abbf4dac0de76069","name":"Informatius","image":{"@type":"ImageObject","inLanguage":"ca","@id":"https:\/\/www.noubarris.net\/web40\/#\/schema\/person\/image\/","url":"https:\/\/secure.gravatar.com\/avatar\/87a3b47928835fc72c6ee5b0e1a7263ef0c2d05003a98189bc14926c5f11bcdb?s=96&d=mm&r=g","contentUrl":"https:\/\/secure.gravatar.com\/avatar\/87a3b47928835fc72c6ee5b0e1a7263ef0c2d05003a98189bc14926c5f11bcdb?s=96&d=mm&r=g","caption":"Informatius"},"url":"https:\/\/www.noubarris.net\/web40\/author\/tele\/"}]}},"_links":{"self":[{"href":"https:\/\/www.noubarris.net\/web40\/wp-json\/wp\/v2\/posts\/82274","targetHints":{"allow":["GET"]}}],"collection":[{"href":"https:\/\/www.noubarris.net\/web40\/wp-json\/wp\/v2\/posts"}],"about":[{"href":"https:\/\/www.noubarris.net\/web40\/wp-json\/wp\/v2\/types\/post"}],"author":[{"embeddable":true,"href":"https:\/\/www.noubarris.net\/web40\/wp-json\/wp\/v2\/users\/2"}],"replies":[{"embeddable":true,"href":"https:\/\/www.noubarris.net\/web40\/wp-json\/wp\/v2\/comments?post=82274"}],"version-history":[{"count":1,"href":"https:\/\/www.noubarris.net\/web40\/wp-json\/wp\/v2\/posts\/82274\/revisions"}],"predecessor-version":[{"id":82276,"href":"https:\/\/www.noubarris.net\/web40\/wp-json\/wp\/v2\/posts\/82274\/revisions\/82276"}],"wp:featuredmedia":[{"embeddable":true,"href":"https:\/\/www.noubarris.net\/web40\/wp-json\/wp\/v2\/media\/82275"}],"wp:attachment":[{"href":"https:\/\/www.noubarris.net\/web40\/wp-json\/wp\/v2\/media?parent=82274"}],"wp:term":[{"taxonomy":"category","embeddable":true,"href":"https:\/\/www.noubarris.net\/web40\/wp-json\/wp\/v2\/categories?post=82274"},{"taxonomy":"post_tag","embeddable":true,"href":"https:\/\/www.noubarris.net\/web40\/wp-json\/wp\/v2\/tags?post=82274"}],"curies":[{"name":"wp","href":"https:\/\/api.w.org\/{rel}","templated":true}]}}