{"id":82277,"date":"2024-01-25T00:00:55","date_gmt":"2024-01-24T22:00:55","guid":{"rendered":"http:\/\/www.noubarris.net\/web40\/?p=82277"},"modified":"2024-01-23T21:30:00","modified_gmt":"2024-01-23T19:30:00","slug":"nou-atac-vandalic-contra-el-faristol-commemoratiu-del-moviment-veinal-9-barris","status":"publish","type":"post","link":"https:\/\/www.noubarris.net\/web40\/nou-atac-vandalic-contra-el-faristol-commemoratiu-del-moviment-veinal-9-barris\/","title":{"rendered":"Nou atac vand\u00e0lic contra el faristol commemoratiu del moviment ve\u00efnal 9 Barris"},"content":{"rendered":"<p><strong>La placa, situada al costat del metro de Torre Bar\u00f3, presenta pintades i ratlladures<\/strong><\/p>\n<p>Novament ha estat vandalitzat el faristol que recorda la fundaci\u00f3 i lluita de l&#8217;uni\u00f3 ve\u00efnal dels 9 Barris contra un pla urban\u00edstic de l&#8217;alcalde Porcioles. Una uni\u00f3 que va acabar donant nom al districte: 9 Barris, quan <a href=\"https:\/\/www.noubarris.net\/web40\/?p=82261\"><strong>es va crear el districte, ara just fa 40 anys<\/strong><\/a>. Aquest cop el vinil que recobreix el faristol ha estat ratllat amb algun objecte afilat i, per si no fos poc, tamb\u00e9 ha estat grafitejat. Amb tot aix\u00f2, ara es fa dif\u00edcil poder llegir el text i veure les fotos que il\u00b7lustren la hist\u00f2ria d&#8217;aquest primer moviment ve\u00efnal dels nostres barris.<\/p>\n<p>Aquest faristol es va inaugurar el 2019 a l&#8217;avinguda de l&#8217;Escolapi C\u00e0ncer, just a tocar de la sortida del metro de Torre Bar\u00f3. Un lloc que no \u00e9s casual, sin\u00f3 que va ser on es va fundar aquesta uni\u00f3 ve\u00efnal. En els gaireb\u00e9 cinc anys que fa que hi \u00e9s, el faristol ha patit, amb aquest, tres atacs inc\u00edvics. <a href=\"https:\/\/www.noubarris.net\/web40\/?p=80165\"><strong>El darrer va ser al desembre de 2022<\/strong> <\/a>i, fins ara, l&#8217;Ajuntament ha renovat el vinil davant la queixa i demanda de l&#8217;Arxiu Hist\u00f2ric de Roquetes -Nou Barris.<\/p>\n<p>&nbsp;<\/p>\n","protected":false},"excerpt":{"rendered":"<p>La placa, situada al costat del metro de Torre Bar\u00f3, presenta pintades i ratlladures Novament ha estat vandalitzat el faristol<\/p>\n","protected":false},"author":2,"featured_media":82278,"comment_status":"closed","ping_status":"closed","sticky":false,"template":"","format":"standard","meta":{"colormag_page_layout":"default_layout","_monsterinsights_skip_tracking":false,"_monsterinsights_sitenote_active":false,"_monsterinsights_sitenote_note":"","_monsterinsights_sitenote_category":0,"footnotes":""},"categories":[137],"tags":[392,379],"class_list":["post-82277","post","type-post","status-publish","format-standard","has-post-thumbnail","hentry","category-torre-baro","tag-incivisme","tag-memoria-historica"],"yoast_head":"<!-- This site is optimized with the Yoast SEO plugin v25.3 - https:\/\/yoast.com\/wordpress\/plugins\/seo\/ -->\n<title>Nou atac vand\u00e0lic contra el faristol commemoratiu del moviment ve\u00efnal 9 Barris - NouBarris.Net<\/title>\n<meta name=\"robots\" content=\"index, follow, max-snippet:-1, max-image-preview:large, max-video-preview:-1\" \/>\n<link rel=\"canonical\" href=\"https:\/\/www.noubarris.net\/web40\/nou-atac-vandalic-contra-el-faristol-commemoratiu-del-moviment-veinal-9-barris\/\" \/>\n<meta property=\"og:locale\" content=\"ca_ES\" \/>\n<meta property=\"og:type\" content=\"article\" \/>\n<meta property=\"og:title\" content=\"Nou atac vand\u00e0lic contra el faristol commemoratiu del moviment ve\u00efnal 9 Barris - NouBarris.Net\" \/>\n<meta property=\"og:description\" content=\"La placa, situada al costat del metro de Torre Bar\u00f3, presenta pintades i ratlladures Novament ha estat vandalitzat el faristol\" \/>\n<meta property=\"og:url\" content=\"https:\/\/www.noubarris.net\/web40\/nou-atac-vandalic-contra-el-faristol-commemoratiu-del-moviment-veinal-9-barris\/\" \/>\n<meta property=\"og:site_name\" content=\"NouBarris.Net\" \/>\n<meta property=\"article:publisher\" content=\"https:\/\/www.facebook.com\/NouBarris.net\/?locale=es_ES\" \/>\n<meta property=\"article:published_time\" content=\"2024-01-24T22:00:55+00:00\" \/>\n<meta property=\"og:image\" content=\"https:\/\/www.noubarris.net\/web40\/wp-content\/uploads\/2024\/01\/240124.jpg\" \/>\n\t<meta property=\"og:image:width\" content=\"768\" \/>\n\t<meta property=\"og:image:height\" content=\"432\" \/>\n\t<meta property=\"og:image:type\" content=\"image\/jpeg\" \/>\n<meta name=\"author\" content=\"Informatius\" \/>\n<meta name=\"twitter:card\" content=\"summary_large_image\" \/>\n<meta name=\"twitter:creator\" content=\"@9BTV\" \/>\n<meta name=\"twitter:site\" content=\"@9BTV\" \/>\n<meta name=\"twitter:label1\" content=\"Escrit per\" \/>\n\t<meta name=\"twitter:data1\" content=\"Informatius\" \/>\n\t<meta name=\"twitter:label2\" content=\"Temps estimat de lectura\" \/>\n\t<meta name=\"twitter:data2\" content=\"2 minuts\" \/>\n<script type=\"application\/ld+json\" class=\"yoast-schema-graph\">{\"@context\":\"https:\/\/schema.org\",\"@graph\":[{\"@type\":\"Article\",\"@id\":\"https:\/\/www.noubarris.net\/web40\/nou-atac-vandalic-contra-el-faristol-commemoratiu-del-moviment-veinal-9-barris\/#article\",\"isPartOf\":{\"@id\":\"https:\/\/www.noubarris.net\/web40\/nou-atac-vandalic-contra-el-faristol-commemoratiu-del-moviment-veinal-9-barris\/\"},\"author\":{\"name\":\"Informatius\",\"@id\":\"https:\/\/www.noubarris.net\/web40\/#\/schema\/person\/1827f92aaa316c54abbf4dac0de76069\"},\"headline\":\"Nou atac vand\u00e0lic contra el faristol commemoratiu del moviment ve\u00efnal 9 Barris\",\"datePublished\":\"2024-01-24T22:00:55+00:00\",\"mainEntityOfPage\":{\"@id\":\"https:\/\/www.noubarris.net\/web40\/nou-atac-vandalic-contra-el-faristol-commemoratiu-del-moviment-veinal-9-barris\/\"},\"wordCount\":225,\"publisher\":{\"@id\":\"https:\/\/www.noubarris.net\/web40\/#organization\"},\"image\":{\"@id\":\"https:\/\/www.noubarris.net\/web40\/nou-atac-vandalic-contra-el-faristol-commemoratiu-del-moviment-veinal-9-barris\/#primaryimage\"},\"thumbnailUrl\":\"https:\/\/www.noubarris.net\/web40\/wp-content\/uploads\/2024\/01\/240124.jpg\",\"keywords\":[\"Incivisme\",\"Mem\u00f2ria hist\u00f2rica\"],\"articleSection\":[\"Torre Bar\u00f3\"],\"inLanguage\":\"ca\"},{\"@type\":\"WebPage\",\"@id\":\"https:\/\/www.noubarris.net\/web40\/nou-atac-vandalic-contra-el-faristol-commemoratiu-del-moviment-veinal-9-barris\/\",\"url\":\"https:\/\/www.noubarris.net\/web40\/nou-atac-vandalic-contra-el-faristol-commemoratiu-del-moviment-veinal-9-barris\/\",\"name\":\"Nou atac vand\u00e0lic contra el faristol commemoratiu del moviment ve\u00efnal 9 Barris - NouBarris.Net\",\"isPartOf\":{\"@id\":\"https:\/\/www.noubarris.net\/web40\/#website\"},\"primaryImageOfPage\":{\"@id\":\"https:\/\/www.noubarris.net\/web40\/nou-atac-vandalic-contra-el-faristol-commemoratiu-del-moviment-veinal-9-barris\/#primaryimage\"},\"image\":{\"@id\":\"https:\/\/www.noubarris.net\/web40\/nou-atac-vandalic-contra-el-faristol-commemoratiu-del-moviment-veinal-9-barris\/#primaryimage\"},\"thumbnailUrl\":\"https:\/\/www.noubarris.net\/web40\/wp-content\/uploads\/2024\/01\/240124.jpg\",\"datePublished\":\"2024-01-24T22:00:55+00:00\",\"breadcrumb\":{\"@id\":\"https:\/\/www.noubarris.net\/web40\/nou-atac-vandalic-contra-el-faristol-commemoratiu-del-moviment-veinal-9-barris\/#breadcrumb\"},\"inLanguage\":\"ca\",\"potentialAction\":[{\"@type\":\"ReadAction\",\"target\":[\"https:\/\/www.noubarris.net\/web40\/nou-atac-vandalic-contra-el-faristol-commemoratiu-del-moviment-veinal-9-barris\/\"]}]},{\"@type\":\"ImageObject\",\"inLanguage\":\"ca\",\"@id\":\"https:\/\/www.noubarris.net\/web40\/nou-atac-vandalic-contra-el-faristol-commemoratiu-del-moviment-veinal-9-barris\/#primaryimage\",\"url\":\"https:\/\/www.noubarris.net\/web40\/wp-content\/uploads\/2024\/01\/240124.jpg\",\"contentUrl\":\"https:\/\/www.noubarris.net\/web40\/wp-content\/uploads\/2024\/01\/240124.jpg\",\"width\":768,\"height\":432},{\"@type\":\"BreadcrumbList\",\"@id\":\"https:\/\/www.noubarris.net\/web40\/nou-atac-vandalic-contra-el-faristol-commemoratiu-del-moviment-veinal-9-barris\/#breadcrumb\",\"itemListElement\":[{\"@type\":\"ListItem\",\"position\":1,\"name\":\"Inici\",\"item\":\"https:\/\/www.noubarris.net\/web40\/\"},{\"@type\":\"ListItem\",\"position\":2,\"name\":\"Nou atac vand\u00e0lic contra el faristol commemoratiu del moviment ve\u00efnal 9 Barris\"}]},{\"@type\":\"WebSite\",\"@id\":\"https:\/\/www.noubarris.net\/web40\/#website\",\"url\":\"https:\/\/www.noubarris.net\/web40\/\",\"name\":\"NouBarris.Net\",\"description\":\"Seguint la vida de Nou Barris des de 1985\",\"publisher\":{\"@id\":\"https:\/\/www.noubarris.net\/web40\/#organization\"},\"potentialAction\":[{\"@type\":\"SearchAction\",\"target\":{\"@type\":\"EntryPoint\",\"urlTemplate\":\"https:\/\/www.noubarris.net\/web40\/?s={search_term_string}\"},\"query-input\":{\"@type\":\"PropertyValueSpecification\",\"valueRequired\":true,\"valueName\":\"search_term_string\"}}],\"inLanguage\":\"ca\"},{\"@type\":\"Organization\",\"@id\":\"https:\/\/www.noubarris.net\/web40\/#organization\",\"name\":\"NouBarris.Net\",\"url\":\"https:\/\/www.noubarris.net\/web40\/\",\"logo\":{\"@type\":\"ImageObject\",\"inLanguage\":\"ca\",\"@id\":\"https:\/\/www.noubarris.net\/web40\/#\/schema\/logo\/image\/\",\"url\":\"https:\/\/www.noubarris.net\/web40\/wp-content\/uploads\/2024\/11\/cropped-cropped-LOGO_9BTV-2024_Insta-1.jpg\",\"contentUrl\":\"https:\/\/www.noubarris.net\/web40\/wp-content\/uploads\/2024\/11\/cropped-cropped-LOGO_9BTV-2024_Insta-1.jpg\",\"width\":512,\"height\":512,\"caption\":\"NouBarris.Net\"},\"image\":{\"@id\":\"https:\/\/www.noubarris.net\/web40\/#\/schema\/logo\/image\/\"},\"sameAs\":[\"https:\/\/www.facebook.com\/NouBarris.net\/?locale=es_ES\",\"https:\/\/x.com\/9BTV\"]},{\"@type\":\"Person\",\"@id\":\"https:\/\/www.noubarris.net\/web40\/#\/schema\/person\/1827f92aaa316c54abbf4dac0de76069\",\"name\":\"Informatius\",\"image\":{\"@type\":\"ImageObject\",\"inLanguage\":\"ca\",\"@id\":\"https:\/\/www.noubarris.net\/web40\/#\/schema\/person\/image\/\",\"url\":\"https:\/\/secure.gravatar.com\/avatar\/87a3b47928835fc72c6ee5b0e1a7263ef0c2d05003a98189bc14926c5f11bcdb?s=96&d=mm&r=g\",\"contentUrl\":\"https:\/\/secure.gravatar.com\/avatar\/87a3b47928835fc72c6ee5b0e1a7263ef0c2d05003a98189bc14926c5f11bcdb?s=96&d=mm&r=g\",\"caption\":\"Informatius\"},\"url\":\"https:\/\/www.noubarris.net\/web40\/author\/tele\/\"}]}<\/script>\n<!-- \/ Yoast SEO plugin. -->","yoast_head_json":{"title":"Nou atac vand\u00e0lic contra el faristol commemoratiu del moviment ve\u00efnal 9 Barris - NouBarris.Net","robots":{"index":"index","follow":"follow","max-snippet":"max-snippet:-1","max-image-preview":"max-image-preview:large","max-video-preview":"max-video-preview:-1"},"canonical":"https:\/\/www.noubarris.net\/web40\/nou-atac-vandalic-contra-el-faristol-commemoratiu-del-moviment-veinal-9-barris\/","og_locale":"ca_ES","og_type":"article","og_title":"Nou atac vand\u00e0lic contra el faristol commemoratiu del moviment ve\u00efnal 9 Barris - NouBarris.Net","og_description":"La placa, situada al costat del metro de Torre Bar\u00f3, presenta pintades i ratlladures Novament ha estat vandalitzat el faristol","og_url":"https:\/\/www.noubarris.net\/web40\/nou-atac-vandalic-contra-el-faristol-commemoratiu-del-moviment-veinal-9-barris\/","og_site_name":"NouBarris.Net","article_publisher":"https:\/\/www.facebook.com\/NouBarris.net\/?locale=es_ES","article_published_time":"2024-01-24T22:00:55+00:00","og_image":[{"width":768,"height":432,"url":"https:\/\/www.noubarris.net\/web40\/wp-content\/uploads\/2024\/01\/240124.jpg","type":"image\/jpeg"}],"author":"Informatius","twitter_card":"summary_large_image","twitter_creator":"@9BTV","twitter_site":"@9BTV","twitter_misc":{"Escrit per":"Informatius","Temps estimat de lectura":"2 minuts"},"schema":{"@context":"https:\/\/schema.org","@graph":[{"@type":"Article","@id":"https:\/\/www.noubarris.net\/web40\/nou-atac-vandalic-contra-el-faristol-commemoratiu-del-moviment-veinal-9-barris\/#article","isPartOf":{"@id":"https:\/\/www.noubarris.net\/web40\/nou-atac-vandalic-contra-el-faristol-commemoratiu-del-moviment-veinal-9-barris\/"},"author":{"name":"Informatius","@id":"https:\/\/www.noubarris.net\/web40\/#\/schema\/person\/1827f92aaa316c54abbf4dac0de76069"},"headline":"Nou atac vand\u00e0lic contra el faristol commemoratiu del moviment ve\u00efnal 9 Barris","datePublished":"2024-01-24T22:00:55+00:00","mainEntityOfPage":{"@id":"https:\/\/www.noubarris.net\/web40\/nou-atac-vandalic-contra-el-faristol-commemoratiu-del-moviment-veinal-9-barris\/"},"wordCount":225,"publisher":{"@id":"https:\/\/www.noubarris.net\/web40\/#organization"},"image":{"@id":"https:\/\/www.noubarris.net\/web40\/nou-atac-vandalic-contra-el-faristol-commemoratiu-del-moviment-veinal-9-barris\/#primaryimage"},"thumbnailUrl":"https:\/\/www.noubarris.net\/web40\/wp-content\/uploads\/2024\/01\/240124.jpg","keywords":["Incivisme","Mem\u00f2ria hist\u00f2rica"],"articleSection":["Torre Bar\u00f3"],"inLanguage":"ca"},{"@type":"WebPage","@id":"https:\/\/www.noubarris.net\/web40\/nou-atac-vandalic-contra-el-faristol-commemoratiu-del-moviment-veinal-9-barris\/","url":"https:\/\/www.noubarris.net\/web40\/nou-atac-vandalic-contra-el-faristol-commemoratiu-del-moviment-veinal-9-barris\/","name":"Nou atac vand\u00e0lic contra el faristol commemoratiu del moviment ve\u00efnal 9 Barris - NouBarris.Net","isPartOf":{"@id":"https:\/\/www.noubarris.net\/web40\/#website"},"primaryImageOfPage":{"@id":"https:\/\/www.noubarris.net\/web40\/nou-atac-vandalic-contra-el-faristol-commemoratiu-del-moviment-veinal-9-barris\/#primaryimage"},"image":{"@id":"https:\/\/www.noubarris.net\/web40\/nou-atac-vandalic-contra-el-faristol-commemoratiu-del-moviment-veinal-9-barris\/#primaryimage"},"thumbnailUrl":"https:\/\/www.noubarris.net\/web40\/wp-content\/uploads\/2024\/01\/240124.jpg","datePublished":"2024-01-24T22:00:55+00:00","breadcrumb":{"@id":"https:\/\/www.noubarris.net\/web40\/nou-atac-vandalic-contra-el-faristol-commemoratiu-del-moviment-veinal-9-barris\/#breadcrumb"},"inLanguage":"ca","potentialAction":[{"@type":"ReadAction","target":["https:\/\/www.noubarris.net\/web40\/nou-atac-vandalic-contra-el-faristol-commemoratiu-del-moviment-veinal-9-barris\/"]}]},{"@type":"ImageObject","inLanguage":"ca","@id":"https:\/\/www.noubarris.net\/web40\/nou-atac-vandalic-contra-el-faristol-commemoratiu-del-moviment-veinal-9-barris\/#primaryimage","url":"https:\/\/www.noubarris.net\/web40\/wp-content\/uploads\/2024\/01\/240124.jpg","contentUrl":"https:\/\/www.noubarris.net\/web40\/wp-content\/uploads\/2024\/01\/240124.jpg","width":768,"height":432},{"@type":"BreadcrumbList","@id":"https:\/\/www.noubarris.net\/web40\/nou-atac-vandalic-contra-el-faristol-commemoratiu-del-moviment-veinal-9-barris\/#breadcrumb","itemListElement":[{"@type":"ListItem","position":1,"name":"Inici","item":"https:\/\/www.noubarris.net\/web40\/"},{"@type":"ListItem","position":2,"name":"Nou atac vand\u00e0lic contra el faristol commemoratiu del moviment ve\u00efnal 9 Barris"}]},{"@type":"WebSite","@id":"https:\/\/www.noubarris.net\/web40\/#website","url":"https:\/\/www.noubarris.net\/web40\/","name":"NouBarris.Net","description":"Seguint la vida de Nou Barris des de 1985","publisher":{"@id":"https:\/\/www.noubarris.net\/web40\/#organization"},"potentialAction":[{"@type":"SearchAction","target":{"@type":"EntryPoint","urlTemplate":"https:\/\/www.noubarris.net\/web40\/?s={search_term_string}"},"query-input":{"@type":"PropertyValueSpecification","valueRequired":true,"valueName":"search_term_string"}}],"inLanguage":"ca"},{"@type":"Organization","@id":"https:\/\/www.noubarris.net\/web40\/#organization","name":"NouBarris.Net","url":"https:\/\/www.noubarris.net\/web40\/","logo":{"@type":"ImageObject","inLanguage":"ca","@id":"https:\/\/www.noubarris.net\/web40\/#\/schema\/logo\/image\/","url":"https:\/\/www.noubarris.net\/web40\/wp-content\/uploads\/2024\/11\/cropped-cropped-LOGO_9BTV-2024_Insta-1.jpg","contentUrl":"https:\/\/www.noubarris.net\/web40\/wp-content\/uploads\/2024\/11\/cropped-cropped-LOGO_9BTV-2024_Insta-1.jpg","width":512,"height":512,"caption":"NouBarris.Net"},"image":{"@id":"https:\/\/www.noubarris.net\/web40\/#\/schema\/logo\/image\/"},"sameAs":["https:\/\/www.facebook.com\/NouBarris.net\/?locale=es_ES","https:\/\/x.com\/9BTV"]},{"@type":"Person","@id":"https:\/\/www.noubarris.net\/web40\/#\/schema\/person\/1827f92aaa316c54abbf4dac0de76069","name":"Informatius","image":{"@type":"ImageObject","inLanguage":"ca","@id":"https:\/\/www.noubarris.net\/web40\/#\/schema\/person\/image\/","url":"https:\/\/secure.gravatar.com\/avatar\/87a3b47928835fc72c6ee5b0e1a7263ef0c2d05003a98189bc14926c5f11bcdb?s=96&d=mm&r=g","contentUrl":"https:\/\/secure.gravatar.com\/avatar\/87a3b47928835fc72c6ee5b0e1a7263ef0c2d05003a98189bc14926c5f11bcdb?s=96&d=mm&r=g","caption":"Informatius"},"url":"https:\/\/www.noubarris.net\/web40\/author\/tele\/"}]}},"_links":{"self":[{"href":"https:\/\/www.noubarris.net\/web40\/wp-json\/wp\/v2\/posts\/82277","targetHints":{"allow":["GET"]}}],"collection":[{"href":"https:\/\/www.noubarris.net\/web40\/wp-json\/wp\/v2\/posts"}],"about":[{"href":"https:\/\/www.noubarris.net\/web40\/wp-json\/wp\/v2\/types\/post"}],"author":[{"embeddable":true,"href":"https:\/\/www.noubarris.net\/web40\/wp-json\/wp\/v2\/users\/2"}],"replies":[{"embeddable":true,"href":"https:\/\/www.noubarris.net\/web40\/wp-json\/wp\/v2\/comments?post=82277"}],"version-history":[{"count":1,"href":"https:\/\/www.noubarris.net\/web40\/wp-json\/wp\/v2\/posts\/82277\/revisions"}],"predecessor-version":[{"id":82279,"href":"https:\/\/www.noubarris.net\/web40\/wp-json\/wp\/v2\/posts\/82277\/revisions\/82279"}],"wp:featuredmedia":[{"embeddable":true,"href":"https:\/\/www.noubarris.net\/web40\/wp-json\/wp\/v2\/media\/82278"}],"wp:attachment":[{"href":"https:\/\/www.noubarris.net\/web40\/wp-json\/wp\/v2\/media?parent=82277"}],"wp:term":[{"taxonomy":"category","embeddable":true,"href":"https:\/\/www.noubarris.net\/web40\/wp-json\/wp\/v2\/categories?post=82277"},{"taxonomy":"post_tag","embeddable":true,"href":"https:\/\/www.noubarris.net\/web40\/wp-json\/wp\/v2\/tags?post=82277"}],"curies":[{"name":"wp","href":"https:\/\/api.w.org\/{rel}","templated":true}]}}