{"id":82280,"date":"2024-01-24T00:00:27","date_gmt":"2024-01-23T22:00:27","guid":{"rendered":"http:\/\/www.noubarris.net\/web40\/?p=82280"},"modified":"2024-01-23T21:42:02","modified_gmt":"2024-01-23T19:42:02","slug":"la-comunitat-xinesa-de-nou-barris-celebra-el-nou-any-del-drac","status":"publish","type":"post","link":"https:\/\/www.noubarris.net\/web40\/la-comunitat-xinesa-de-nou-barris-celebra-el-nou-any-del-drac\/","title":{"rendered":"La comunitat xinesa de Nou Barris celebra el nou any del Drac"},"content":{"rendered":"<p><strong>S&#8217;avancen a la celebraci\u00f3 oficial del 10 de febrer amb danses, el ball del drac i la col\u00b7locaci\u00f3 de fanalets al balc\u00f3 de la Seu del Districte<\/strong><\/p>\n<p>Queden prop de dues setmanes perqu\u00e8 el calendari xin\u00e8s enceti l&#8217;any nou, que aquest 2024 correspon al Drac. Per\u00f2 la comunitat xinesa de casa nostra s&#8217;ha avan\u00e7at a les celebracions amb un acte ahir al mat\u00ed a la pla\u00e7a Major de Nou Barris. La ra\u00f3, \u00e9s que n&#8217;hi ha qui aprofitar\u00e0 per marxar a la Xina per viure all\u00e0 la festa, per\u00f2 no han volgut renunciar a fer alguna petita celebraci\u00f3 tamb\u00e9 al districte on viuen.<\/p>\n<p>Primer de tot, i com ja \u00e9s tradicional des de fa alguns anys, els membres de l&#8217;associaci\u00f3 multicultural Amanecer, ajudats per l&#8217;eix comercial de Nou Barris Centre Comer\u00e7, van penjar fanalets vermells del balc\u00f3 de la Seu del Districte. Un cop engal\u00b7lanat, van encetar el ball del drac. Un llarg drac groc va anar fent zig-zag al ritme de la m\u00fasica per la pla\u00e7a i entre les columnes de la seu. La mostra de tradici\u00f3 i folklore xin\u00e8s va continuar amb algunes danses.\u00a0Tot plegat va agafar per sorpresa els ve\u00efns i ve\u00efnes que passejaven per la pla\u00e7a Major o s&#8217;adre\u00e7aven a Districte.<\/p>\n<p>Va ser un acte pr\u00e0cticament simb\u00f2lic, per no deixar passar la festa. Aquest any no hi ha previst celebrar la cercavila i la resta d&#8217;actes que altres anys han tingut lloc a la via J\u00falia i la seva Marquesina. Tanmateix, la intenci\u00f3 \u00e9s recuperar la tradici\u00f3 a partir de l&#8217;any vinent. Pel que fa a la resta de Barcelona, s\u00ed que hi ha agendada una festa oficial el proper 3 de febrer a l&#8217;Arc de Triomf.<\/p>\n","protected":false},"excerpt":{"rendered":"<p>S&#8217;avancen a la celebraci\u00f3 oficial del 10 de febrer amb danses, el ball del drac i la col\u00b7locaci\u00f3 de fanalets<\/p>\n","protected":false},"author":2,"featured_media":82281,"comment_status":"closed","ping_status":"closed","sticky":false,"template":"","format":"standard","meta":{"colormag_page_layout":"default_layout","_monsterinsights_skip_tracking":false,"_monsterinsights_sitenote_active":false,"_monsterinsights_sitenote_note":"","_monsterinsights_sitenote_category":0,"footnotes":""},"categories":[129,133],"tags":[489],"class_list":["post-82280","post","type-post","status-publish","format-standard","has-post-thumbnail","hentry","category-cultura","category-la-guineueta","tag-tradicions"],"yoast_head":"<!-- This site is optimized with the Yoast SEO plugin v25.3 - https:\/\/yoast.com\/wordpress\/plugins\/seo\/ -->\n<title>La comunitat xinesa de Nou Barris celebra el nou any del Drac - NouBarris.Net<\/title>\n<meta name=\"robots\" content=\"index, follow, max-snippet:-1, max-image-preview:large, max-video-preview:-1\" \/>\n<link rel=\"canonical\" href=\"https:\/\/www.noubarris.net\/web40\/la-comunitat-xinesa-de-nou-barris-celebra-el-nou-any-del-drac\/\" \/>\n<meta property=\"og:locale\" content=\"ca_ES\" \/>\n<meta property=\"og:type\" content=\"article\" \/>\n<meta property=\"og:title\" content=\"La comunitat xinesa de Nou Barris celebra el nou any del Drac - NouBarris.Net\" \/>\n<meta property=\"og:description\" content=\"S&#8217;avancen a la celebraci\u00f3 oficial del 10 de febrer amb danses, el ball del drac i la col\u00b7locaci\u00f3 de fanalets\" \/>\n<meta property=\"og:url\" content=\"https:\/\/www.noubarris.net\/web40\/la-comunitat-xinesa-de-nou-barris-celebra-el-nou-any-del-drac\/\" \/>\n<meta property=\"og:site_name\" content=\"NouBarris.Net\" \/>\n<meta property=\"article:publisher\" content=\"https:\/\/www.facebook.com\/NouBarris.net\/?locale=es_ES\" \/>\n<meta property=\"article:published_time\" content=\"2024-01-23T22:00:27+00:00\" \/>\n<meta property=\"og:image\" content=\"https:\/\/www.noubarris.net\/web40\/wp-content\/uploads\/2024\/01\/240124anyxines.jpg\" \/>\n\t<meta property=\"og:image:width\" content=\"768\" \/>\n\t<meta property=\"og:image:height\" content=\"432\" \/>\n\t<meta property=\"og:image:type\" content=\"image\/jpeg\" \/>\n<meta name=\"author\" content=\"Informatius\" \/>\n<meta name=\"twitter:card\" content=\"summary_large_image\" \/>\n<meta name=\"twitter:creator\" content=\"@9BTV\" \/>\n<meta name=\"twitter:site\" content=\"@9BTV\" \/>\n<meta name=\"twitter:label1\" content=\"Escrit per\" \/>\n\t<meta name=\"twitter:data1\" content=\"Informatius\" \/>\n\t<meta name=\"twitter:label2\" content=\"Temps estimat de lectura\" \/>\n\t<meta name=\"twitter:data2\" content=\"2 minuts\" \/>\n<script type=\"application\/ld+json\" class=\"yoast-schema-graph\">{\"@context\":\"https:\/\/schema.org\",\"@graph\":[{\"@type\":\"Article\",\"@id\":\"https:\/\/www.noubarris.net\/web40\/la-comunitat-xinesa-de-nou-barris-celebra-el-nou-any-del-drac\/#article\",\"isPartOf\":{\"@id\":\"https:\/\/www.noubarris.net\/web40\/la-comunitat-xinesa-de-nou-barris-celebra-el-nou-any-del-drac\/\"},\"author\":{\"name\":\"Informatius\",\"@id\":\"https:\/\/www.noubarris.net\/web40\/#\/schema\/person\/1827f92aaa316c54abbf4dac0de76069\"},\"headline\":\"La comunitat xinesa de Nou Barris celebra el nou any del Drac\",\"datePublished\":\"2024-01-23T22:00:27+00:00\",\"mainEntityOfPage\":{\"@id\":\"https:\/\/www.noubarris.net\/web40\/la-comunitat-xinesa-de-nou-barris-celebra-el-nou-any-del-drac\/\"},\"wordCount\":316,\"publisher\":{\"@id\":\"https:\/\/www.noubarris.net\/web40\/#organization\"},\"image\":{\"@id\":\"https:\/\/www.noubarris.net\/web40\/la-comunitat-xinesa-de-nou-barris-celebra-el-nou-any-del-drac\/#primaryimage\"},\"thumbnailUrl\":\"https:\/\/www.noubarris.net\/web40\/wp-content\/uploads\/2024\/01\/240124anyxines.jpg\",\"keywords\":[\"Tradicions\"],\"articleSection\":[\"Cultura\",\"La Guineueta\"],\"inLanguage\":\"ca\"},{\"@type\":\"WebPage\",\"@id\":\"https:\/\/www.noubarris.net\/web40\/la-comunitat-xinesa-de-nou-barris-celebra-el-nou-any-del-drac\/\",\"url\":\"https:\/\/www.noubarris.net\/web40\/la-comunitat-xinesa-de-nou-barris-celebra-el-nou-any-del-drac\/\",\"name\":\"La comunitat xinesa de Nou Barris celebra el nou any del Drac - NouBarris.Net\",\"isPartOf\":{\"@id\":\"https:\/\/www.noubarris.net\/web40\/#website\"},\"primaryImageOfPage\":{\"@id\":\"https:\/\/www.noubarris.net\/web40\/la-comunitat-xinesa-de-nou-barris-celebra-el-nou-any-del-drac\/#primaryimage\"},\"image\":{\"@id\":\"https:\/\/www.noubarris.net\/web40\/la-comunitat-xinesa-de-nou-barris-celebra-el-nou-any-del-drac\/#primaryimage\"},\"thumbnailUrl\":\"https:\/\/www.noubarris.net\/web40\/wp-content\/uploads\/2024\/01\/240124anyxines.jpg\",\"datePublished\":\"2024-01-23T22:00:27+00:00\",\"breadcrumb\":{\"@id\":\"https:\/\/www.noubarris.net\/web40\/la-comunitat-xinesa-de-nou-barris-celebra-el-nou-any-del-drac\/#breadcrumb\"},\"inLanguage\":\"ca\",\"potentialAction\":[{\"@type\":\"ReadAction\",\"target\":[\"https:\/\/www.noubarris.net\/web40\/la-comunitat-xinesa-de-nou-barris-celebra-el-nou-any-del-drac\/\"]}]},{\"@type\":\"ImageObject\",\"inLanguage\":\"ca\",\"@id\":\"https:\/\/www.noubarris.net\/web40\/la-comunitat-xinesa-de-nou-barris-celebra-el-nou-any-del-drac\/#primaryimage\",\"url\":\"https:\/\/www.noubarris.net\/web40\/wp-content\/uploads\/2024\/01\/240124anyxines.jpg\",\"contentUrl\":\"https:\/\/www.noubarris.net\/web40\/wp-content\/uploads\/2024\/01\/240124anyxines.jpg\",\"width\":768,\"height\":432},{\"@type\":\"BreadcrumbList\",\"@id\":\"https:\/\/www.noubarris.net\/web40\/la-comunitat-xinesa-de-nou-barris-celebra-el-nou-any-del-drac\/#breadcrumb\",\"itemListElement\":[{\"@type\":\"ListItem\",\"position\":1,\"name\":\"Inici\",\"item\":\"https:\/\/www.noubarris.net\/web40\/\"},{\"@type\":\"ListItem\",\"position\":2,\"name\":\"La comunitat xinesa de Nou Barris celebra el nou any del Drac\"}]},{\"@type\":\"WebSite\",\"@id\":\"https:\/\/www.noubarris.net\/web40\/#website\",\"url\":\"https:\/\/www.noubarris.net\/web40\/\",\"name\":\"NouBarris.Net\",\"description\":\"Seguint la vida de Nou Barris des de 1985\",\"publisher\":{\"@id\":\"https:\/\/www.noubarris.net\/web40\/#organization\"},\"potentialAction\":[{\"@type\":\"SearchAction\",\"target\":{\"@type\":\"EntryPoint\",\"urlTemplate\":\"https:\/\/www.noubarris.net\/web40\/?s={search_term_string}\"},\"query-input\":{\"@type\":\"PropertyValueSpecification\",\"valueRequired\":true,\"valueName\":\"search_term_string\"}}],\"inLanguage\":\"ca\"},{\"@type\":\"Organization\",\"@id\":\"https:\/\/www.noubarris.net\/web40\/#organization\",\"name\":\"NouBarris.Net\",\"url\":\"https:\/\/www.noubarris.net\/web40\/\",\"logo\":{\"@type\":\"ImageObject\",\"inLanguage\":\"ca\",\"@id\":\"https:\/\/www.noubarris.net\/web40\/#\/schema\/logo\/image\/\",\"url\":\"https:\/\/www.noubarris.net\/web40\/wp-content\/uploads\/2024\/11\/cropped-cropped-LOGO_9BTV-2024_Insta-1.jpg\",\"contentUrl\":\"https:\/\/www.noubarris.net\/web40\/wp-content\/uploads\/2024\/11\/cropped-cropped-LOGO_9BTV-2024_Insta-1.jpg\",\"width\":512,\"height\":512,\"caption\":\"NouBarris.Net\"},\"image\":{\"@id\":\"https:\/\/www.noubarris.net\/web40\/#\/schema\/logo\/image\/\"},\"sameAs\":[\"https:\/\/www.facebook.com\/NouBarris.net\/?locale=es_ES\",\"https:\/\/x.com\/9BTV\"]},{\"@type\":\"Person\",\"@id\":\"https:\/\/www.noubarris.net\/web40\/#\/schema\/person\/1827f92aaa316c54abbf4dac0de76069\",\"name\":\"Informatius\",\"image\":{\"@type\":\"ImageObject\",\"inLanguage\":\"ca\",\"@id\":\"https:\/\/www.noubarris.net\/web40\/#\/schema\/person\/image\/\",\"url\":\"https:\/\/secure.gravatar.com\/avatar\/87a3b47928835fc72c6ee5b0e1a7263ef0c2d05003a98189bc14926c5f11bcdb?s=96&d=mm&r=g\",\"contentUrl\":\"https:\/\/secure.gravatar.com\/avatar\/87a3b47928835fc72c6ee5b0e1a7263ef0c2d05003a98189bc14926c5f11bcdb?s=96&d=mm&r=g\",\"caption\":\"Informatius\"},\"url\":\"https:\/\/www.noubarris.net\/web40\/author\/tele\/\"}]}<\/script>\n<!-- \/ Yoast SEO plugin. -->","yoast_head_json":{"title":"La comunitat xinesa de Nou Barris celebra el nou any del Drac - NouBarris.Net","robots":{"index":"index","follow":"follow","max-snippet":"max-snippet:-1","max-image-preview":"max-image-preview:large","max-video-preview":"max-video-preview:-1"},"canonical":"https:\/\/www.noubarris.net\/web40\/la-comunitat-xinesa-de-nou-barris-celebra-el-nou-any-del-drac\/","og_locale":"ca_ES","og_type":"article","og_title":"La comunitat xinesa de Nou Barris celebra el nou any del Drac - NouBarris.Net","og_description":"S&#8217;avancen a la celebraci\u00f3 oficial del 10 de febrer amb danses, el ball del drac i la col\u00b7locaci\u00f3 de fanalets","og_url":"https:\/\/www.noubarris.net\/web40\/la-comunitat-xinesa-de-nou-barris-celebra-el-nou-any-del-drac\/","og_site_name":"NouBarris.Net","article_publisher":"https:\/\/www.facebook.com\/NouBarris.net\/?locale=es_ES","article_published_time":"2024-01-23T22:00:27+00:00","og_image":[{"width":768,"height":432,"url":"https:\/\/www.noubarris.net\/web40\/wp-content\/uploads\/2024\/01\/240124anyxines.jpg","type":"image\/jpeg"}],"author":"Informatius","twitter_card":"summary_large_image","twitter_creator":"@9BTV","twitter_site":"@9BTV","twitter_misc":{"Escrit per":"Informatius","Temps estimat de lectura":"2 minuts"},"schema":{"@context":"https:\/\/schema.org","@graph":[{"@type":"Article","@id":"https:\/\/www.noubarris.net\/web40\/la-comunitat-xinesa-de-nou-barris-celebra-el-nou-any-del-drac\/#article","isPartOf":{"@id":"https:\/\/www.noubarris.net\/web40\/la-comunitat-xinesa-de-nou-barris-celebra-el-nou-any-del-drac\/"},"author":{"name":"Informatius","@id":"https:\/\/www.noubarris.net\/web40\/#\/schema\/person\/1827f92aaa316c54abbf4dac0de76069"},"headline":"La comunitat xinesa de Nou Barris celebra el nou any del Drac","datePublished":"2024-01-23T22:00:27+00:00","mainEntityOfPage":{"@id":"https:\/\/www.noubarris.net\/web40\/la-comunitat-xinesa-de-nou-barris-celebra-el-nou-any-del-drac\/"},"wordCount":316,"publisher":{"@id":"https:\/\/www.noubarris.net\/web40\/#organization"},"image":{"@id":"https:\/\/www.noubarris.net\/web40\/la-comunitat-xinesa-de-nou-barris-celebra-el-nou-any-del-drac\/#primaryimage"},"thumbnailUrl":"https:\/\/www.noubarris.net\/web40\/wp-content\/uploads\/2024\/01\/240124anyxines.jpg","keywords":["Tradicions"],"articleSection":["Cultura","La Guineueta"],"inLanguage":"ca"},{"@type":"WebPage","@id":"https:\/\/www.noubarris.net\/web40\/la-comunitat-xinesa-de-nou-barris-celebra-el-nou-any-del-drac\/","url":"https:\/\/www.noubarris.net\/web40\/la-comunitat-xinesa-de-nou-barris-celebra-el-nou-any-del-drac\/","name":"La comunitat xinesa de Nou Barris celebra el nou any del Drac - NouBarris.Net","isPartOf":{"@id":"https:\/\/www.noubarris.net\/web40\/#website"},"primaryImageOfPage":{"@id":"https:\/\/www.noubarris.net\/web40\/la-comunitat-xinesa-de-nou-barris-celebra-el-nou-any-del-drac\/#primaryimage"},"image":{"@id":"https:\/\/www.noubarris.net\/web40\/la-comunitat-xinesa-de-nou-barris-celebra-el-nou-any-del-drac\/#primaryimage"},"thumbnailUrl":"https:\/\/www.noubarris.net\/web40\/wp-content\/uploads\/2024\/01\/240124anyxines.jpg","datePublished":"2024-01-23T22:00:27+00:00","breadcrumb":{"@id":"https:\/\/www.noubarris.net\/web40\/la-comunitat-xinesa-de-nou-barris-celebra-el-nou-any-del-drac\/#breadcrumb"},"inLanguage":"ca","potentialAction":[{"@type":"ReadAction","target":["https:\/\/www.noubarris.net\/web40\/la-comunitat-xinesa-de-nou-barris-celebra-el-nou-any-del-drac\/"]}]},{"@type":"ImageObject","inLanguage":"ca","@id":"https:\/\/www.noubarris.net\/web40\/la-comunitat-xinesa-de-nou-barris-celebra-el-nou-any-del-drac\/#primaryimage","url":"https:\/\/www.noubarris.net\/web40\/wp-content\/uploads\/2024\/01\/240124anyxines.jpg","contentUrl":"https:\/\/www.noubarris.net\/web40\/wp-content\/uploads\/2024\/01\/240124anyxines.jpg","width":768,"height":432},{"@type":"BreadcrumbList","@id":"https:\/\/www.noubarris.net\/web40\/la-comunitat-xinesa-de-nou-barris-celebra-el-nou-any-del-drac\/#breadcrumb","itemListElement":[{"@type":"ListItem","position":1,"name":"Inici","item":"https:\/\/www.noubarris.net\/web40\/"},{"@type":"ListItem","position":2,"name":"La comunitat xinesa de Nou Barris celebra el nou any del Drac"}]},{"@type":"WebSite","@id":"https:\/\/www.noubarris.net\/web40\/#website","url":"https:\/\/www.noubarris.net\/web40\/","name":"NouBarris.Net","description":"Seguint la vida de Nou Barris des de 1985","publisher":{"@id":"https:\/\/www.noubarris.net\/web40\/#organization"},"potentialAction":[{"@type":"SearchAction","target":{"@type":"EntryPoint","urlTemplate":"https:\/\/www.noubarris.net\/web40\/?s={search_term_string}"},"query-input":{"@type":"PropertyValueSpecification","valueRequired":true,"valueName":"search_term_string"}}],"inLanguage":"ca"},{"@type":"Organization","@id":"https:\/\/www.noubarris.net\/web40\/#organization","name":"NouBarris.Net","url":"https:\/\/www.noubarris.net\/web40\/","logo":{"@type":"ImageObject","inLanguage":"ca","@id":"https:\/\/www.noubarris.net\/web40\/#\/schema\/logo\/image\/","url":"https:\/\/www.noubarris.net\/web40\/wp-content\/uploads\/2024\/11\/cropped-cropped-LOGO_9BTV-2024_Insta-1.jpg","contentUrl":"https:\/\/www.noubarris.net\/web40\/wp-content\/uploads\/2024\/11\/cropped-cropped-LOGO_9BTV-2024_Insta-1.jpg","width":512,"height":512,"caption":"NouBarris.Net"},"image":{"@id":"https:\/\/www.noubarris.net\/web40\/#\/schema\/logo\/image\/"},"sameAs":["https:\/\/www.facebook.com\/NouBarris.net\/?locale=es_ES","https:\/\/x.com\/9BTV"]},{"@type":"Person","@id":"https:\/\/www.noubarris.net\/web40\/#\/schema\/person\/1827f92aaa316c54abbf4dac0de76069","name":"Informatius","image":{"@type":"ImageObject","inLanguage":"ca","@id":"https:\/\/www.noubarris.net\/web40\/#\/schema\/person\/image\/","url":"https:\/\/secure.gravatar.com\/avatar\/87a3b47928835fc72c6ee5b0e1a7263ef0c2d05003a98189bc14926c5f11bcdb?s=96&d=mm&r=g","contentUrl":"https:\/\/secure.gravatar.com\/avatar\/87a3b47928835fc72c6ee5b0e1a7263ef0c2d05003a98189bc14926c5f11bcdb?s=96&d=mm&r=g","caption":"Informatius"},"url":"https:\/\/www.noubarris.net\/web40\/author\/tele\/"}]}},"_links":{"self":[{"href":"https:\/\/www.noubarris.net\/web40\/wp-json\/wp\/v2\/posts\/82280","targetHints":{"allow":["GET"]}}],"collection":[{"href":"https:\/\/www.noubarris.net\/web40\/wp-json\/wp\/v2\/posts"}],"about":[{"href":"https:\/\/www.noubarris.net\/web40\/wp-json\/wp\/v2\/types\/post"}],"author":[{"embeddable":true,"href":"https:\/\/www.noubarris.net\/web40\/wp-json\/wp\/v2\/users\/2"}],"replies":[{"embeddable":true,"href":"https:\/\/www.noubarris.net\/web40\/wp-json\/wp\/v2\/comments?post=82280"}],"version-history":[{"count":1,"href":"https:\/\/www.noubarris.net\/web40\/wp-json\/wp\/v2\/posts\/82280\/revisions"}],"predecessor-version":[{"id":82282,"href":"https:\/\/www.noubarris.net\/web40\/wp-json\/wp\/v2\/posts\/82280\/revisions\/82282"}],"wp:featuredmedia":[{"embeddable":true,"href":"https:\/\/www.noubarris.net\/web40\/wp-json\/wp\/v2\/media\/82281"}],"wp:attachment":[{"href":"https:\/\/www.noubarris.net\/web40\/wp-json\/wp\/v2\/media?parent=82280"}],"wp:term":[{"taxonomy":"category","embeddable":true,"href":"https:\/\/www.noubarris.net\/web40\/wp-json\/wp\/v2\/categories?post=82280"},{"taxonomy":"post_tag","embeddable":true,"href":"https:\/\/www.noubarris.net\/web40\/wp-json\/wp\/v2\/tags?post=82280"}],"curies":[{"name":"wp","href":"https:\/\/api.w.org\/{rel}","templated":true}]}}