{"id":82283,"date":"2024-01-26T00:00:18","date_gmt":"2024-01-25T22:00:18","guid":{"rendered":"http:\/\/www.noubarris.net\/web40\/?p=82283"},"modified":"2024-01-24T21:22:00","modified_gmt":"2024-01-24T19:22:00","slug":"presentacio-del-llibre-sobre-la-vida-la-lluita-i-la-solidaritat-dels-noubarriencs-maruja-ruiz-i-nando","status":"publish","type":"post","link":"https:\/\/www.noubarris.net\/web40\/presentacio-del-llibre-sobre-la-vida-la-lluita-i-la-solidaritat-dels-noubarriencs-maruja-ruiz-i-nando\/","title":{"rendered":"Presentaci\u00f3 del llibre sobre la vida, la lluita i la solidaritat dels noubarriencs Maruja Ruiz i Nando"},"content":{"rendered":"<p><strong>La Fundaci\u00f3 Cipriano Garc\u00eda organitza l&#8217;acte a les 18h al Casal de Barri de la Prosperitat amb la pres\u00e8ncia de l&#8217;autora, N\u00faria S\u00e1nchez<\/strong><\/p>\n<p>A &#8216;Cuando vengan los nuestros. Nando y Maruja, una historia de solidaridades&#8217; Nuria S\u00e1nchez Masip relata la hist\u00f2ria d&#8217;una de les l\u00edders hist\u00f2riques de la Prosperitat, Maruja Ruiz, i del seu marit. Tota una traject\u00f2ria des de la infantesa al poble, a Andalusia, marcada per la repressi\u00f3 a la fam\u00edlia per part del franquisme, fins a la seva arribada a Barcelona, la implicaci\u00f3 pol\u00edtica al PSUC, a les lluites ve\u00efnals del barri, com la dels sem\u00e0fors, o sindicals, com la tancada a l&#8217;esgl\u00e9sia de Sant Andreu del Palomar per protestar contra l&#8217;acomiadament de 1.800 treballadors de la Motor Ib\u00e9rica, entre ells, el seu marit, Nando. S\u00f3n alguns dels molts cap\u00edtols, lluites i solidaritat de dues vides que volen servir com a mostra del que van viure molts altres obrers en els anys del franquisme. Pinzellades d&#8217;unes vides molt intenses, ja que Maruja ha estat i \u00e9s present tamb\u00e9 al comit\u00e8 d&#8217;agermanament amb El Cerro (Cuba), al Casal de Gent Gran de la Prosperitat&#8230;<\/p>\n<p>Aquesta tarda a les 18h Nuria S\u00e1nchez, com a autora, presentar\u00e0 el llibre al Casal de Barri de la Prosperitat. Ho far\u00e0 acompanyada d&#8217;Eduard Navarro, secretari general del PSUC, i Marc Andreu, director de la Fundaci\u00f3 Cipriano Garc\u00eda, que ha<a href=\"https:\/\/www.ccoo.cat\/wp-content\/uploads\/2020\/04\/cuando-vengan-los-nuestros.pdf\" target=\"_blank\" rel=\"noopener\"> donat suport a la publicaci\u00f3,<\/a> dins la col\u00b7lecci\u00f3 Materials d&#8217;arxiu.<\/p>\n","protected":false},"excerpt":{"rendered":"<p>La Fundaci\u00f3 Cipriano Garc\u00eda organitza l&#8217;acte a les 18h al Casal de Barri de la Prosperitat amb la pres\u00e8ncia de<\/p>\n","protected":false},"author":2,"featured_media":82284,"comment_status":"closed","ping_status":"closed","sticky":false,"template":"","format":"standard","meta":{"colormag_page_layout":"default_layout","_monsterinsights_skip_tracking":false,"_monsterinsights_sitenote_active":false,"_monsterinsights_sitenote_note":"","_monsterinsights_sitenote_category":0,"footnotes":""},"categories":[129,135],"tags":[],"class_list":["post-82283","post","type-post","status-publish","format-standard","has-post-thumbnail","hentry","category-cultura","category-la-prosperitat"],"yoast_head":"<!-- This site is optimized with the Yoast SEO plugin v25.3 - https:\/\/yoast.com\/wordpress\/plugins\/seo\/ -->\n<title>Presentaci\u00f3 del llibre sobre la vida, la lluita i la solidaritat dels noubarriencs Maruja Ruiz i Nando - NouBarris.Net<\/title>\n<meta name=\"robots\" content=\"index, follow, max-snippet:-1, max-image-preview:large, max-video-preview:-1\" \/>\n<link rel=\"canonical\" href=\"https:\/\/www.noubarris.net\/web40\/presentacio-del-llibre-sobre-la-vida-la-lluita-i-la-solidaritat-dels-noubarriencs-maruja-ruiz-i-nando\/\" \/>\n<meta property=\"og:locale\" content=\"ca_ES\" \/>\n<meta property=\"og:type\" content=\"article\" \/>\n<meta property=\"og:title\" content=\"Presentaci\u00f3 del llibre sobre la vida, la lluita i la solidaritat dels noubarriencs Maruja Ruiz i Nando - NouBarris.Net\" \/>\n<meta property=\"og:description\" content=\"La Fundaci\u00f3 Cipriano Garc\u00eda organitza l&#8217;acte a les 18h al Casal de Barri de la Prosperitat amb la pres\u00e8ncia de\" \/>\n<meta property=\"og:url\" content=\"https:\/\/www.noubarris.net\/web40\/presentacio-del-llibre-sobre-la-vida-la-lluita-i-la-solidaritat-dels-noubarriencs-maruja-ruiz-i-nando\/\" \/>\n<meta property=\"og:site_name\" content=\"NouBarris.Net\" \/>\n<meta property=\"article:publisher\" content=\"https:\/\/www.facebook.com\/NouBarris.net\/?locale=es_ES\" \/>\n<meta property=\"article:published_time\" content=\"2024-01-25T22:00:18+00:00\" \/>\n<meta property=\"og:image\" content=\"https:\/\/www.noubarris.net\/web40\/wp-content\/uploads\/2024\/01\/260124.jpg\" \/>\n\t<meta property=\"og:image:width\" content=\"768\" \/>\n\t<meta property=\"og:image:height\" content=\"432\" \/>\n\t<meta property=\"og:image:type\" content=\"image\/jpeg\" \/>\n<meta name=\"author\" content=\"Informatius\" \/>\n<meta name=\"twitter:card\" content=\"summary_large_image\" \/>\n<meta name=\"twitter:creator\" content=\"@9BTV\" \/>\n<meta name=\"twitter:site\" content=\"@9BTV\" \/>\n<meta name=\"twitter:label1\" content=\"Escrit per\" \/>\n\t<meta name=\"twitter:data1\" content=\"Informatius\" \/>\n\t<meta name=\"twitter:label2\" content=\"Temps estimat de lectura\" \/>\n\t<meta name=\"twitter:data2\" content=\"2 minuts\" \/>\n<script type=\"application\/ld+json\" class=\"yoast-schema-graph\">{\"@context\":\"https:\/\/schema.org\",\"@graph\":[{\"@type\":\"Article\",\"@id\":\"https:\/\/www.noubarris.net\/web40\/presentacio-del-llibre-sobre-la-vida-la-lluita-i-la-solidaritat-dels-noubarriencs-maruja-ruiz-i-nando\/#article\",\"isPartOf\":{\"@id\":\"https:\/\/www.noubarris.net\/web40\/presentacio-del-llibre-sobre-la-vida-la-lluita-i-la-solidaritat-dels-noubarriencs-maruja-ruiz-i-nando\/\"},\"author\":{\"name\":\"Informatius\",\"@id\":\"https:\/\/www.noubarris.net\/web40\/#\/schema\/person\/1827f92aaa316c54abbf4dac0de76069\"},\"headline\":\"Presentaci\u00f3 del llibre sobre la vida, la lluita i la solidaritat dels noubarriencs Maruja Ruiz i Nando\",\"datePublished\":\"2024-01-25T22:00:18+00:00\",\"mainEntityOfPage\":{\"@id\":\"https:\/\/www.noubarris.net\/web40\/presentacio-del-llibre-sobre-la-vida-la-lluita-i-la-solidaritat-dels-noubarriencs-maruja-ruiz-i-nando\/\"},\"wordCount\":281,\"publisher\":{\"@id\":\"https:\/\/www.noubarris.net\/web40\/#organization\"},\"image\":{\"@id\":\"https:\/\/www.noubarris.net\/web40\/presentacio-del-llibre-sobre-la-vida-la-lluita-i-la-solidaritat-dels-noubarriencs-maruja-ruiz-i-nando\/#primaryimage\"},\"thumbnailUrl\":\"https:\/\/www.noubarris.net\/web40\/wp-content\/uploads\/2024\/01\/260124.jpg\",\"articleSection\":[\"Cultura\",\"La Prosperitat\"],\"inLanguage\":\"ca\"},{\"@type\":\"WebPage\",\"@id\":\"https:\/\/www.noubarris.net\/web40\/presentacio-del-llibre-sobre-la-vida-la-lluita-i-la-solidaritat-dels-noubarriencs-maruja-ruiz-i-nando\/\",\"url\":\"https:\/\/www.noubarris.net\/web40\/presentacio-del-llibre-sobre-la-vida-la-lluita-i-la-solidaritat-dels-noubarriencs-maruja-ruiz-i-nando\/\",\"name\":\"Presentaci\u00f3 del llibre sobre la vida, la lluita i la solidaritat dels noubarriencs Maruja Ruiz i Nando - NouBarris.Net\",\"isPartOf\":{\"@id\":\"https:\/\/www.noubarris.net\/web40\/#website\"},\"primaryImageOfPage\":{\"@id\":\"https:\/\/www.noubarris.net\/web40\/presentacio-del-llibre-sobre-la-vida-la-lluita-i-la-solidaritat-dels-noubarriencs-maruja-ruiz-i-nando\/#primaryimage\"},\"image\":{\"@id\":\"https:\/\/www.noubarris.net\/web40\/presentacio-del-llibre-sobre-la-vida-la-lluita-i-la-solidaritat-dels-noubarriencs-maruja-ruiz-i-nando\/#primaryimage\"},\"thumbnailUrl\":\"https:\/\/www.noubarris.net\/web40\/wp-content\/uploads\/2024\/01\/260124.jpg\",\"datePublished\":\"2024-01-25T22:00:18+00:00\",\"breadcrumb\":{\"@id\":\"https:\/\/www.noubarris.net\/web40\/presentacio-del-llibre-sobre-la-vida-la-lluita-i-la-solidaritat-dels-noubarriencs-maruja-ruiz-i-nando\/#breadcrumb\"},\"inLanguage\":\"ca\",\"potentialAction\":[{\"@type\":\"ReadAction\",\"target\":[\"https:\/\/www.noubarris.net\/web40\/presentacio-del-llibre-sobre-la-vida-la-lluita-i-la-solidaritat-dels-noubarriencs-maruja-ruiz-i-nando\/\"]}]},{\"@type\":\"ImageObject\",\"inLanguage\":\"ca\",\"@id\":\"https:\/\/www.noubarris.net\/web40\/presentacio-del-llibre-sobre-la-vida-la-lluita-i-la-solidaritat-dels-noubarriencs-maruja-ruiz-i-nando\/#primaryimage\",\"url\":\"https:\/\/www.noubarris.net\/web40\/wp-content\/uploads\/2024\/01\/260124.jpg\",\"contentUrl\":\"https:\/\/www.noubarris.net\/web40\/wp-content\/uploads\/2024\/01\/260124.jpg\",\"width\":768,\"height\":432},{\"@type\":\"BreadcrumbList\",\"@id\":\"https:\/\/www.noubarris.net\/web40\/presentacio-del-llibre-sobre-la-vida-la-lluita-i-la-solidaritat-dels-noubarriencs-maruja-ruiz-i-nando\/#breadcrumb\",\"itemListElement\":[{\"@type\":\"ListItem\",\"position\":1,\"name\":\"Inici\",\"item\":\"https:\/\/www.noubarris.net\/web40\/\"},{\"@type\":\"ListItem\",\"position\":2,\"name\":\"Presentaci\u00f3 del llibre sobre la vida, la lluita i la solidaritat dels noubarriencs Maruja Ruiz i Nando\"}]},{\"@type\":\"WebSite\",\"@id\":\"https:\/\/www.noubarris.net\/web40\/#website\",\"url\":\"https:\/\/www.noubarris.net\/web40\/\",\"name\":\"NouBarris.Net\",\"description\":\"Seguint la vida de Nou Barris des de 1985\",\"publisher\":{\"@id\":\"https:\/\/www.noubarris.net\/web40\/#organization\"},\"potentialAction\":[{\"@type\":\"SearchAction\",\"target\":{\"@type\":\"EntryPoint\",\"urlTemplate\":\"https:\/\/www.noubarris.net\/web40\/?s={search_term_string}\"},\"query-input\":{\"@type\":\"PropertyValueSpecification\",\"valueRequired\":true,\"valueName\":\"search_term_string\"}}],\"inLanguage\":\"ca\"},{\"@type\":\"Organization\",\"@id\":\"https:\/\/www.noubarris.net\/web40\/#organization\",\"name\":\"NouBarris.Net\",\"url\":\"https:\/\/www.noubarris.net\/web40\/\",\"logo\":{\"@type\":\"ImageObject\",\"inLanguage\":\"ca\",\"@id\":\"https:\/\/www.noubarris.net\/web40\/#\/schema\/logo\/image\/\",\"url\":\"https:\/\/www.noubarris.net\/web40\/wp-content\/uploads\/2024\/11\/cropped-cropped-LOGO_9BTV-2024_Insta-1.jpg\",\"contentUrl\":\"https:\/\/www.noubarris.net\/web40\/wp-content\/uploads\/2024\/11\/cropped-cropped-LOGO_9BTV-2024_Insta-1.jpg\",\"width\":512,\"height\":512,\"caption\":\"NouBarris.Net\"},\"image\":{\"@id\":\"https:\/\/www.noubarris.net\/web40\/#\/schema\/logo\/image\/\"},\"sameAs\":[\"https:\/\/www.facebook.com\/NouBarris.net\/?locale=es_ES\",\"https:\/\/x.com\/9BTV\"]},{\"@type\":\"Person\",\"@id\":\"https:\/\/www.noubarris.net\/web40\/#\/schema\/person\/1827f92aaa316c54abbf4dac0de76069\",\"name\":\"Informatius\",\"image\":{\"@type\":\"ImageObject\",\"inLanguage\":\"ca\",\"@id\":\"https:\/\/www.noubarris.net\/web40\/#\/schema\/person\/image\/\",\"url\":\"https:\/\/secure.gravatar.com\/avatar\/87a3b47928835fc72c6ee5b0e1a7263ef0c2d05003a98189bc14926c5f11bcdb?s=96&d=mm&r=g\",\"contentUrl\":\"https:\/\/secure.gravatar.com\/avatar\/87a3b47928835fc72c6ee5b0e1a7263ef0c2d05003a98189bc14926c5f11bcdb?s=96&d=mm&r=g\",\"caption\":\"Informatius\"},\"url\":\"https:\/\/www.noubarris.net\/web40\/author\/tele\/\"}]}<\/script>\n<!-- \/ Yoast SEO plugin. -->","yoast_head_json":{"title":"Presentaci\u00f3 del llibre sobre la vida, la lluita i la solidaritat dels noubarriencs Maruja Ruiz i Nando - NouBarris.Net","robots":{"index":"index","follow":"follow","max-snippet":"max-snippet:-1","max-image-preview":"max-image-preview:large","max-video-preview":"max-video-preview:-1"},"canonical":"https:\/\/www.noubarris.net\/web40\/presentacio-del-llibre-sobre-la-vida-la-lluita-i-la-solidaritat-dels-noubarriencs-maruja-ruiz-i-nando\/","og_locale":"ca_ES","og_type":"article","og_title":"Presentaci\u00f3 del llibre sobre la vida, la lluita i la solidaritat dels noubarriencs Maruja Ruiz i Nando - NouBarris.Net","og_description":"La Fundaci\u00f3 Cipriano Garc\u00eda organitza l&#8217;acte a les 18h al Casal de Barri de la Prosperitat amb la pres\u00e8ncia de","og_url":"https:\/\/www.noubarris.net\/web40\/presentacio-del-llibre-sobre-la-vida-la-lluita-i-la-solidaritat-dels-noubarriencs-maruja-ruiz-i-nando\/","og_site_name":"NouBarris.Net","article_publisher":"https:\/\/www.facebook.com\/NouBarris.net\/?locale=es_ES","article_published_time":"2024-01-25T22:00:18+00:00","og_image":[{"width":768,"height":432,"url":"https:\/\/www.noubarris.net\/web40\/wp-content\/uploads\/2024\/01\/260124.jpg","type":"image\/jpeg"}],"author":"Informatius","twitter_card":"summary_large_image","twitter_creator":"@9BTV","twitter_site":"@9BTV","twitter_misc":{"Escrit per":"Informatius","Temps estimat de lectura":"2 minuts"},"schema":{"@context":"https:\/\/schema.org","@graph":[{"@type":"Article","@id":"https:\/\/www.noubarris.net\/web40\/presentacio-del-llibre-sobre-la-vida-la-lluita-i-la-solidaritat-dels-noubarriencs-maruja-ruiz-i-nando\/#article","isPartOf":{"@id":"https:\/\/www.noubarris.net\/web40\/presentacio-del-llibre-sobre-la-vida-la-lluita-i-la-solidaritat-dels-noubarriencs-maruja-ruiz-i-nando\/"},"author":{"name":"Informatius","@id":"https:\/\/www.noubarris.net\/web40\/#\/schema\/person\/1827f92aaa316c54abbf4dac0de76069"},"headline":"Presentaci\u00f3 del llibre sobre la vida, la lluita i la solidaritat dels noubarriencs Maruja Ruiz i Nando","datePublished":"2024-01-25T22:00:18+00:00","mainEntityOfPage":{"@id":"https:\/\/www.noubarris.net\/web40\/presentacio-del-llibre-sobre-la-vida-la-lluita-i-la-solidaritat-dels-noubarriencs-maruja-ruiz-i-nando\/"},"wordCount":281,"publisher":{"@id":"https:\/\/www.noubarris.net\/web40\/#organization"},"image":{"@id":"https:\/\/www.noubarris.net\/web40\/presentacio-del-llibre-sobre-la-vida-la-lluita-i-la-solidaritat-dels-noubarriencs-maruja-ruiz-i-nando\/#primaryimage"},"thumbnailUrl":"https:\/\/www.noubarris.net\/web40\/wp-content\/uploads\/2024\/01\/260124.jpg","articleSection":["Cultura","La Prosperitat"],"inLanguage":"ca"},{"@type":"WebPage","@id":"https:\/\/www.noubarris.net\/web40\/presentacio-del-llibre-sobre-la-vida-la-lluita-i-la-solidaritat-dels-noubarriencs-maruja-ruiz-i-nando\/","url":"https:\/\/www.noubarris.net\/web40\/presentacio-del-llibre-sobre-la-vida-la-lluita-i-la-solidaritat-dels-noubarriencs-maruja-ruiz-i-nando\/","name":"Presentaci\u00f3 del llibre sobre la vida, la lluita i la solidaritat dels noubarriencs Maruja Ruiz i Nando - NouBarris.Net","isPartOf":{"@id":"https:\/\/www.noubarris.net\/web40\/#website"},"primaryImageOfPage":{"@id":"https:\/\/www.noubarris.net\/web40\/presentacio-del-llibre-sobre-la-vida-la-lluita-i-la-solidaritat-dels-noubarriencs-maruja-ruiz-i-nando\/#primaryimage"},"image":{"@id":"https:\/\/www.noubarris.net\/web40\/presentacio-del-llibre-sobre-la-vida-la-lluita-i-la-solidaritat-dels-noubarriencs-maruja-ruiz-i-nando\/#primaryimage"},"thumbnailUrl":"https:\/\/www.noubarris.net\/web40\/wp-content\/uploads\/2024\/01\/260124.jpg","datePublished":"2024-01-25T22:00:18+00:00","breadcrumb":{"@id":"https:\/\/www.noubarris.net\/web40\/presentacio-del-llibre-sobre-la-vida-la-lluita-i-la-solidaritat-dels-noubarriencs-maruja-ruiz-i-nando\/#breadcrumb"},"inLanguage":"ca","potentialAction":[{"@type":"ReadAction","target":["https:\/\/www.noubarris.net\/web40\/presentacio-del-llibre-sobre-la-vida-la-lluita-i-la-solidaritat-dels-noubarriencs-maruja-ruiz-i-nando\/"]}]},{"@type":"ImageObject","inLanguage":"ca","@id":"https:\/\/www.noubarris.net\/web40\/presentacio-del-llibre-sobre-la-vida-la-lluita-i-la-solidaritat-dels-noubarriencs-maruja-ruiz-i-nando\/#primaryimage","url":"https:\/\/www.noubarris.net\/web40\/wp-content\/uploads\/2024\/01\/260124.jpg","contentUrl":"https:\/\/www.noubarris.net\/web40\/wp-content\/uploads\/2024\/01\/260124.jpg","width":768,"height":432},{"@type":"BreadcrumbList","@id":"https:\/\/www.noubarris.net\/web40\/presentacio-del-llibre-sobre-la-vida-la-lluita-i-la-solidaritat-dels-noubarriencs-maruja-ruiz-i-nando\/#breadcrumb","itemListElement":[{"@type":"ListItem","position":1,"name":"Inici","item":"https:\/\/www.noubarris.net\/web40\/"},{"@type":"ListItem","position":2,"name":"Presentaci\u00f3 del llibre sobre la vida, la lluita i la solidaritat dels noubarriencs Maruja Ruiz i Nando"}]},{"@type":"WebSite","@id":"https:\/\/www.noubarris.net\/web40\/#website","url":"https:\/\/www.noubarris.net\/web40\/","name":"NouBarris.Net","description":"Seguint la vida de Nou Barris des de 1985","publisher":{"@id":"https:\/\/www.noubarris.net\/web40\/#organization"},"potentialAction":[{"@type":"SearchAction","target":{"@type":"EntryPoint","urlTemplate":"https:\/\/www.noubarris.net\/web40\/?s={search_term_string}"},"query-input":{"@type":"PropertyValueSpecification","valueRequired":true,"valueName":"search_term_string"}}],"inLanguage":"ca"},{"@type":"Organization","@id":"https:\/\/www.noubarris.net\/web40\/#organization","name":"NouBarris.Net","url":"https:\/\/www.noubarris.net\/web40\/","logo":{"@type":"ImageObject","inLanguage":"ca","@id":"https:\/\/www.noubarris.net\/web40\/#\/schema\/logo\/image\/","url":"https:\/\/www.noubarris.net\/web40\/wp-content\/uploads\/2024\/11\/cropped-cropped-LOGO_9BTV-2024_Insta-1.jpg","contentUrl":"https:\/\/www.noubarris.net\/web40\/wp-content\/uploads\/2024\/11\/cropped-cropped-LOGO_9BTV-2024_Insta-1.jpg","width":512,"height":512,"caption":"NouBarris.Net"},"image":{"@id":"https:\/\/www.noubarris.net\/web40\/#\/schema\/logo\/image\/"},"sameAs":["https:\/\/www.facebook.com\/NouBarris.net\/?locale=es_ES","https:\/\/x.com\/9BTV"]},{"@type":"Person","@id":"https:\/\/www.noubarris.net\/web40\/#\/schema\/person\/1827f92aaa316c54abbf4dac0de76069","name":"Informatius","image":{"@type":"ImageObject","inLanguage":"ca","@id":"https:\/\/www.noubarris.net\/web40\/#\/schema\/person\/image\/","url":"https:\/\/secure.gravatar.com\/avatar\/87a3b47928835fc72c6ee5b0e1a7263ef0c2d05003a98189bc14926c5f11bcdb?s=96&d=mm&r=g","contentUrl":"https:\/\/secure.gravatar.com\/avatar\/87a3b47928835fc72c6ee5b0e1a7263ef0c2d05003a98189bc14926c5f11bcdb?s=96&d=mm&r=g","caption":"Informatius"},"url":"https:\/\/www.noubarris.net\/web40\/author\/tele\/"}]}},"_links":{"self":[{"href":"https:\/\/www.noubarris.net\/web40\/wp-json\/wp\/v2\/posts\/82283","targetHints":{"allow":["GET"]}}],"collection":[{"href":"https:\/\/www.noubarris.net\/web40\/wp-json\/wp\/v2\/posts"}],"about":[{"href":"https:\/\/www.noubarris.net\/web40\/wp-json\/wp\/v2\/types\/post"}],"author":[{"embeddable":true,"href":"https:\/\/www.noubarris.net\/web40\/wp-json\/wp\/v2\/users\/2"}],"replies":[{"embeddable":true,"href":"https:\/\/www.noubarris.net\/web40\/wp-json\/wp\/v2\/comments?post=82283"}],"version-history":[{"count":2,"href":"https:\/\/www.noubarris.net\/web40\/wp-json\/wp\/v2\/posts\/82283\/revisions"}],"predecessor-version":[{"id":82286,"href":"https:\/\/www.noubarris.net\/web40\/wp-json\/wp\/v2\/posts\/82283\/revisions\/82286"}],"wp:featuredmedia":[{"embeddable":true,"href":"https:\/\/www.noubarris.net\/web40\/wp-json\/wp\/v2\/media\/82284"}],"wp:attachment":[{"href":"https:\/\/www.noubarris.net\/web40\/wp-json\/wp\/v2\/media?parent=82283"}],"wp:term":[{"taxonomy":"category","embeddable":true,"href":"https:\/\/www.noubarris.net\/web40\/wp-json\/wp\/v2\/categories?post=82283"},{"taxonomy":"post_tag","embeddable":true,"href":"https:\/\/www.noubarris.net\/web40\/wp-json\/wp\/v2\/tags?post=82283"}],"curies":[{"name":"wp","href":"https:\/\/api.w.org\/{rel}","templated":true}]}}