{"id":82306,"date":"2024-02-02T19:07:27","date_gmt":"2024-02-02T17:07:27","guid":{"rendered":"https:\/\/www.noubarris.net\/web40\/?p=82306"},"modified":"2024-02-02T19:07:27","modified_gmt":"2024-02-02T17:07:27","slug":"barcelona-entra-en-emergencia-per-sequera","status":"publish","type":"post","link":"https:\/\/www.noubarris.net\/web40\/barcelona-entra-en-emergencia-per-sequera\/","title":{"rendered":"Barcelona entra en emerg\u00e8ncia per sequera"},"content":{"rendered":"<p><strong>No es preveuen talls de subministrament a les llars, per\u00f2 s\u00ed diverses accions per reduir la quantitat d\u2019aigua utilitzada per la ciutadania, les empreses i les administracions<\/strong><\/p>\n<p>Amb l\u2019entrada en vigor d\u2019aquesta fase del protocol davant la sequera es limita el consum d\u2019aigua a 200 litres per persona al dia. Barcelona s\u2019ha situat de mitjana el 2023 en 172 litres per habitant i dia, per aix\u00f2, en aquest moment, no es preveuen talls de subministrament a les llars, per\u00f2 s\u00ed diverses accions per reduir la quantitat d\u2019aigua utilitzada per la ciutadania, les empreses i les administracions. En el cas de Barcelona, l\u2019Ajuntament t\u00e9 el seu propi Protocol d\u2019actuaci\u00f3 per risc de sequera, que estableix tot un seguit de mesures als equipaments i serveis municipals per minimitzar les conseq\u00fc\u00e8ncies de la manca d\u2019aigua.<\/p>\n<p>En la fase d\u2019Emerg\u00e8ncia I nom\u00e9s est\u00e0 perm\u00e8s el\u00a0reg de superviv\u00e8ncia amb aigua regenerada o fre\u00e0tica, \u00e9s a dir, amb aigua no potable. Actualment ja hi ha 25 espais verds on es rega d\u2019aquesta manera, a m\u00e9s d\u2019espais amb canalitzaci\u00f3 d\u2019aigua fre\u00e0tica.\u00a0 A m\u00e9s, els equips de Parcs i Jardins utilitzen la\u00a0xarxa de camions nodrissa, que proporcionen aigua fre\u00e0tica als serveis de neteja per omplir camionetes amb dip\u00f2sits de 1.000 litres per regar jardineres i parterres.<\/p>\n<p>Pel que fa a les fonts ornamentals i els llacs artificials,\u00a0nom\u00e9s es reomplen amb aigua fre\u00e0tica els que serveixen de refugi de fauna\u00a0en perill d\u2019extinci\u00f3 i de fauna destinada a la recuperaci\u00f3 de les esp\u00e8cies aut\u00f2ctones en les masses d\u2019aigua.<\/p>\n<p>D\u2019altra banda, a partir d\u2019ara\u00a0no es podran regar els horts urbans amb aigua potable. Aix\u00f2 pot afectar un total de 349 horts escolars i 190 horts comunitaris i socials.<\/p>\n<p>Amb la sequera segueixen netejant els carrers amb aigua, per\u00f2 en cap cas es fa servir aigua potable. I\u00a0en el marc del\u00a0Pla Endre\u00e7a, s\u2019invertiran 14,4 milions d\u2019euros en l\u2019amplicaci\u00f3 de la xarxa d\u2019aigua fre\u00e0tica. Tamb\u00e9 hi ha prevista una inversi\u00f3 de 12 milions d\u2019euros per millorar les infraestructures de reg.<\/p>\n<p>En aquesta fase d\u2019emerg\u00e8ncia nom\u00e9s es poden\u00a0reomplir les piscines d\u2019equipaments esportius\u00a0i les piscines descobertes que es facin servir per practicar esport federat. Per\u00f2 a canvi, aquests equipaments\u00a0han d\u2019estalviar d\u2019altres maneres l\u2019equivalent d\u2019aigua\u00a0que hagin gastat per reomplir les piscines.<\/p>\n<p>En el cas del reg passa el mateix. Els camps esportius on es practiqui esport federat poden regar-se sempre que\u00a0utilitzin aigua regenerada o fre\u00e0tica i han d\u2019aplicar mesures per estalviar\u00a0l\u2019equivalent d\u2019aigua usada en el reg.<\/p>\n<p>Pel que fa als equipaments esportius municipals, i per reduir el consum d\u2019aigua,\u00a0es redueixen un 25% les dutxes disponibles als vestidors. A m\u00e9s, els\u00a0equips federats nom\u00e9s poden fer servir les dutxes despr\u00e9s dels partits, per\u00f2 no despr\u00e9s dels entrenaments. Tamb\u00e9 es posa en marxa la campanya comunicativa\u00a0\u201c1 dutxa \u2013 3 minuts\u201d, per fomentar l\u2019\u00fas responsable de les dutxes de les instal\u00b7lacions. Finalment, es monitoritzar\u00e0 els consum d\u2019aigua d\u2019aquests espais i progressivament s\u2019instal\u00b7laran\u00a0airejadors a les dutxes i aixetes\u00a0que no en tinguin, i se substituiran les aixetes dels rentamans que no disposin de polsador temporitzat.<\/p>\n<p>&nbsp;<\/p>\n<p>&nbsp;<\/p>\n","protected":false},"excerpt":{"rendered":"<p>No es preveuen talls de subministrament a les llars, per\u00f2 s\u00ed diverses accions per reduir la quantitat d\u2019aigua utilitzada per<\/p>\n","protected":false},"author":2,"featured_media":82307,"comment_status":"closed","ping_status":"closed","sticky":false,"template":"","format":"standard","meta":{"colormag_page_layout":"default_layout","_monsterinsights_skip_tracking":false,"_monsterinsights_sitenote_active":false,"_monsterinsights_sitenote_note":"","_monsterinsights_sitenote_category":0,"footnotes":""},"categories":[1,124],"tags":[352,319],"class_list":["post-82306","post","type-post","status-publish","format-standard","has-post-thumbnail","hentry","category-nou-barris","category-societat","tag-medi-ambient","tag-nou-barris"],"yoast_head":"<!-- This site is optimized with the Yoast SEO plugin v25.3 - https:\/\/yoast.com\/wordpress\/plugins\/seo\/ -->\n<title>Barcelona entra en emerg\u00e8ncia per sequera - NouBarris.Net<\/title>\n<meta name=\"description\" content=\"No es preveuen talls de subministrament a les llars, per\u00f2 s\u00ed diverses accions per reduir la quantitat d\u2019aigua utilitzada.\" \/>\n<meta name=\"robots\" content=\"index, follow, max-snippet:-1, max-image-preview:large, max-video-preview:-1\" \/>\n<link rel=\"canonical\" href=\"https:\/\/www.noubarris.net\/web40\/barcelona-entra-en-emergencia-per-sequera\/\" \/>\n<meta property=\"og:locale\" content=\"ca_ES\" \/>\n<meta property=\"og:type\" content=\"article\" \/>\n<meta property=\"og:title\" content=\"Barcelona entra en emerg\u00e8ncia per sequera - NouBarris.Net\" \/>\n<meta property=\"og:description\" content=\"No es preveuen talls de subministrament a les llars, per\u00f2 s\u00ed diverses accions per reduir la quantitat d\u2019aigua utilitzada.\" \/>\n<meta property=\"og:url\" content=\"https:\/\/www.noubarris.net\/web40\/barcelona-entra-en-emergencia-per-sequera\/\" \/>\n<meta property=\"og:site_name\" content=\"NouBarris.Net\" \/>\n<meta property=\"article:publisher\" content=\"https:\/\/www.facebook.com\/NouBarris.net\/?locale=es_ES\" \/>\n<meta property=\"article:published_time\" content=\"2024-02-02T17:07:27+00:00\" \/>\n<meta property=\"og:image\" content=\"https:\/\/www.noubarris.net\/web40\/wp-content\/uploads\/2024\/02\/020224.jpg\" \/>\n\t<meta property=\"og:image:width\" content=\"768\" \/>\n\t<meta property=\"og:image:height\" content=\"432\" \/>\n\t<meta property=\"og:image:type\" content=\"image\/jpeg\" \/>\n<meta name=\"author\" content=\"Informatius\" \/>\n<meta name=\"twitter:card\" content=\"summary_large_image\" \/>\n<meta name=\"twitter:creator\" content=\"@9BTV\" \/>\n<meta name=\"twitter:site\" content=\"@9BTV\" \/>\n<meta name=\"twitter:label1\" content=\"Escrit per\" \/>\n\t<meta name=\"twitter:data1\" content=\"Informatius\" \/>\n\t<meta name=\"twitter:label2\" content=\"Temps estimat de lectura\" \/>\n\t<meta name=\"twitter:data2\" content=\"3 minuts\" \/>\n<script type=\"application\/ld+json\" class=\"yoast-schema-graph\">{\"@context\":\"https:\/\/schema.org\",\"@graph\":[{\"@type\":\"Article\",\"@id\":\"https:\/\/www.noubarris.net\/web40\/barcelona-entra-en-emergencia-per-sequera\/#article\",\"isPartOf\":{\"@id\":\"https:\/\/www.noubarris.net\/web40\/barcelona-entra-en-emergencia-per-sequera\/\"},\"author\":{\"name\":\"Informatius\",\"@id\":\"https:\/\/www.noubarris.net\/web40\/#\/schema\/person\/1827f92aaa316c54abbf4dac0de76069\"},\"headline\":\"Barcelona entra en emerg\u00e8ncia per sequera\",\"datePublished\":\"2024-02-02T17:07:27+00:00\",\"mainEntityOfPage\":{\"@id\":\"https:\/\/www.noubarris.net\/web40\/barcelona-entra-en-emergencia-per-sequera\/\"},\"wordCount\":569,\"publisher\":{\"@id\":\"https:\/\/www.noubarris.net\/web40\/#organization\"},\"image\":{\"@id\":\"https:\/\/www.noubarris.net\/web40\/barcelona-entra-en-emergencia-per-sequera\/#primaryimage\"},\"thumbnailUrl\":\"https:\/\/www.noubarris.net\/web40\/wp-content\/uploads\/2024\/02\/020224.jpg\",\"keywords\":[\"Medi ambient\",\"Nou Barris\"],\"articleSection\":[\"Nou Barris\",\"Societat\"],\"inLanguage\":\"ca\"},{\"@type\":\"WebPage\",\"@id\":\"https:\/\/www.noubarris.net\/web40\/barcelona-entra-en-emergencia-per-sequera\/\",\"url\":\"https:\/\/www.noubarris.net\/web40\/barcelona-entra-en-emergencia-per-sequera\/\",\"name\":\"Barcelona entra en emerg\u00e8ncia per sequera - NouBarris.Net\",\"isPartOf\":{\"@id\":\"https:\/\/www.noubarris.net\/web40\/#website\"},\"primaryImageOfPage\":{\"@id\":\"https:\/\/www.noubarris.net\/web40\/barcelona-entra-en-emergencia-per-sequera\/#primaryimage\"},\"image\":{\"@id\":\"https:\/\/www.noubarris.net\/web40\/barcelona-entra-en-emergencia-per-sequera\/#primaryimage\"},\"thumbnailUrl\":\"https:\/\/www.noubarris.net\/web40\/wp-content\/uploads\/2024\/02\/020224.jpg\",\"datePublished\":\"2024-02-02T17:07:27+00:00\",\"description\":\"No es preveuen talls de subministrament a les llars, per\u00f2 s\u00ed diverses accions per reduir la quantitat d\u2019aigua utilitzada.\",\"breadcrumb\":{\"@id\":\"https:\/\/www.noubarris.net\/web40\/barcelona-entra-en-emergencia-per-sequera\/#breadcrumb\"},\"inLanguage\":\"ca\",\"potentialAction\":[{\"@type\":\"ReadAction\",\"target\":[\"https:\/\/www.noubarris.net\/web40\/barcelona-entra-en-emergencia-per-sequera\/\"]}]},{\"@type\":\"ImageObject\",\"inLanguage\":\"ca\",\"@id\":\"https:\/\/www.noubarris.net\/web40\/barcelona-entra-en-emergencia-per-sequera\/#primaryimage\",\"url\":\"https:\/\/www.noubarris.net\/web40\/wp-content\/uploads\/2024\/02\/020224.jpg\",\"contentUrl\":\"https:\/\/www.noubarris.net\/web40\/wp-content\/uploads\/2024\/02\/020224.jpg\",\"width\":768,\"height\":432},{\"@type\":\"BreadcrumbList\",\"@id\":\"https:\/\/www.noubarris.net\/web40\/barcelona-entra-en-emergencia-per-sequera\/#breadcrumb\",\"itemListElement\":[{\"@type\":\"ListItem\",\"position\":1,\"name\":\"Inici\",\"item\":\"https:\/\/www.noubarris.net\/web40\/\"},{\"@type\":\"ListItem\",\"position\":2,\"name\":\"Barcelona entra en emerg\u00e8ncia per sequera\"}]},{\"@type\":\"WebSite\",\"@id\":\"https:\/\/www.noubarris.net\/web40\/#website\",\"url\":\"https:\/\/www.noubarris.net\/web40\/\",\"name\":\"NouBarris.Net\",\"description\":\"Seguint la vida de Nou Barris des de 1985\",\"publisher\":{\"@id\":\"https:\/\/www.noubarris.net\/web40\/#organization\"},\"potentialAction\":[{\"@type\":\"SearchAction\",\"target\":{\"@type\":\"EntryPoint\",\"urlTemplate\":\"https:\/\/www.noubarris.net\/web40\/?s={search_term_string}\"},\"query-input\":{\"@type\":\"PropertyValueSpecification\",\"valueRequired\":true,\"valueName\":\"search_term_string\"}}],\"inLanguage\":\"ca\"},{\"@type\":\"Organization\",\"@id\":\"https:\/\/www.noubarris.net\/web40\/#organization\",\"name\":\"NouBarris.Net\",\"url\":\"https:\/\/www.noubarris.net\/web40\/\",\"logo\":{\"@type\":\"ImageObject\",\"inLanguage\":\"ca\",\"@id\":\"https:\/\/www.noubarris.net\/web40\/#\/schema\/logo\/image\/\",\"url\":\"https:\/\/www.noubarris.net\/web40\/wp-content\/uploads\/2024\/11\/cropped-cropped-LOGO_9BTV-2024_Insta-1.jpg\",\"contentUrl\":\"https:\/\/www.noubarris.net\/web40\/wp-content\/uploads\/2024\/11\/cropped-cropped-LOGO_9BTV-2024_Insta-1.jpg\",\"width\":512,\"height\":512,\"caption\":\"NouBarris.Net\"},\"image\":{\"@id\":\"https:\/\/www.noubarris.net\/web40\/#\/schema\/logo\/image\/\"},\"sameAs\":[\"https:\/\/www.facebook.com\/NouBarris.net\/?locale=es_ES\",\"https:\/\/x.com\/9BTV\"]},{\"@type\":\"Person\",\"@id\":\"https:\/\/www.noubarris.net\/web40\/#\/schema\/person\/1827f92aaa316c54abbf4dac0de76069\",\"name\":\"Informatius\",\"image\":{\"@type\":\"ImageObject\",\"inLanguage\":\"ca\",\"@id\":\"https:\/\/www.noubarris.net\/web40\/#\/schema\/person\/image\/\",\"url\":\"https:\/\/secure.gravatar.com\/avatar\/87a3b47928835fc72c6ee5b0e1a7263ef0c2d05003a98189bc14926c5f11bcdb?s=96&d=mm&r=g\",\"contentUrl\":\"https:\/\/secure.gravatar.com\/avatar\/87a3b47928835fc72c6ee5b0e1a7263ef0c2d05003a98189bc14926c5f11bcdb?s=96&d=mm&r=g\",\"caption\":\"Informatius\"},\"url\":\"https:\/\/www.noubarris.net\/web40\/author\/tele\/\"}]}<\/script>\n<!-- \/ Yoast SEO plugin. -->","yoast_head_json":{"title":"Barcelona entra en emerg\u00e8ncia per sequera - NouBarris.Net","description":"No es preveuen talls de subministrament a les llars, per\u00f2 s\u00ed diverses accions per reduir la quantitat d\u2019aigua utilitzada.","robots":{"index":"index","follow":"follow","max-snippet":"max-snippet:-1","max-image-preview":"max-image-preview:large","max-video-preview":"max-video-preview:-1"},"canonical":"https:\/\/www.noubarris.net\/web40\/barcelona-entra-en-emergencia-per-sequera\/","og_locale":"ca_ES","og_type":"article","og_title":"Barcelona entra en emerg\u00e8ncia per sequera - NouBarris.Net","og_description":"No es preveuen talls de subministrament a les llars, per\u00f2 s\u00ed diverses accions per reduir la quantitat d\u2019aigua utilitzada.","og_url":"https:\/\/www.noubarris.net\/web40\/barcelona-entra-en-emergencia-per-sequera\/","og_site_name":"NouBarris.Net","article_publisher":"https:\/\/www.facebook.com\/NouBarris.net\/?locale=es_ES","article_published_time":"2024-02-02T17:07:27+00:00","og_image":[{"width":768,"height":432,"url":"https:\/\/www.noubarris.net\/web40\/wp-content\/uploads\/2024\/02\/020224.jpg","type":"image\/jpeg"}],"author":"Informatius","twitter_card":"summary_large_image","twitter_creator":"@9BTV","twitter_site":"@9BTV","twitter_misc":{"Escrit per":"Informatius","Temps estimat de lectura":"3 minuts"},"schema":{"@context":"https:\/\/schema.org","@graph":[{"@type":"Article","@id":"https:\/\/www.noubarris.net\/web40\/barcelona-entra-en-emergencia-per-sequera\/#article","isPartOf":{"@id":"https:\/\/www.noubarris.net\/web40\/barcelona-entra-en-emergencia-per-sequera\/"},"author":{"name":"Informatius","@id":"https:\/\/www.noubarris.net\/web40\/#\/schema\/person\/1827f92aaa316c54abbf4dac0de76069"},"headline":"Barcelona entra en emerg\u00e8ncia per sequera","datePublished":"2024-02-02T17:07:27+00:00","mainEntityOfPage":{"@id":"https:\/\/www.noubarris.net\/web40\/barcelona-entra-en-emergencia-per-sequera\/"},"wordCount":569,"publisher":{"@id":"https:\/\/www.noubarris.net\/web40\/#organization"},"image":{"@id":"https:\/\/www.noubarris.net\/web40\/barcelona-entra-en-emergencia-per-sequera\/#primaryimage"},"thumbnailUrl":"https:\/\/www.noubarris.net\/web40\/wp-content\/uploads\/2024\/02\/020224.jpg","keywords":["Medi ambient","Nou Barris"],"articleSection":["Nou Barris","Societat"],"inLanguage":"ca"},{"@type":"WebPage","@id":"https:\/\/www.noubarris.net\/web40\/barcelona-entra-en-emergencia-per-sequera\/","url":"https:\/\/www.noubarris.net\/web40\/barcelona-entra-en-emergencia-per-sequera\/","name":"Barcelona entra en emerg\u00e8ncia per sequera - NouBarris.Net","isPartOf":{"@id":"https:\/\/www.noubarris.net\/web40\/#website"},"primaryImageOfPage":{"@id":"https:\/\/www.noubarris.net\/web40\/barcelona-entra-en-emergencia-per-sequera\/#primaryimage"},"image":{"@id":"https:\/\/www.noubarris.net\/web40\/barcelona-entra-en-emergencia-per-sequera\/#primaryimage"},"thumbnailUrl":"https:\/\/www.noubarris.net\/web40\/wp-content\/uploads\/2024\/02\/020224.jpg","datePublished":"2024-02-02T17:07:27+00:00","description":"No es preveuen talls de subministrament a les llars, per\u00f2 s\u00ed diverses accions per reduir la quantitat d\u2019aigua utilitzada.","breadcrumb":{"@id":"https:\/\/www.noubarris.net\/web40\/barcelona-entra-en-emergencia-per-sequera\/#breadcrumb"},"inLanguage":"ca","potentialAction":[{"@type":"ReadAction","target":["https:\/\/www.noubarris.net\/web40\/barcelona-entra-en-emergencia-per-sequera\/"]}]},{"@type":"ImageObject","inLanguage":"ca","@id":"https:\/\/www.noubarris.net\/web40\/barcelona-entra-en-emergencia-per-sequera\/#primaryimage","url":"https:\/\/www.noubarris.net\/web40\/wp-content\/uploads\/2024\/02\/020224.jpg","contentUrl":"https:\/\/www.noubarris.net\/web40\/wp-content\/uploads\/2024\/02\/020224.jpg","width":768,"height":432},{"@type":"BreadcrumbList","@id":"https:\/\/www.noubarris.net\/web40\/barcelona-entra-en-emergencia-per-sequera\/#breadcrumb","itemListElement":[{"@type":"ListItem","position":1,"name":"Inici","item":"https:\/\/www.noubarris.net\/web40\/"},{"@type":"ListItem","position":2,"name":"Barcelona entra en emerg\u00e8ncia per sequera"}]},{"@type":"WebSite","@id":"https:\/\/www.noubarris.net\/web40\/#website","url":"https:\/\/www.noubarris.net\/web40\/","name":"NouBarris.Net","description":"Seguint la vida de Nou Barris des de 1985","publisher":{"@id":"https:\/\/www.noubarris.net\/web40\/#organization"},"potentialAction":[{"@type":"SearchAction","target":{"@type":"EntryPoint","urlTemplate":"https:\/\/www.noubarris.net\/web40\/?s={search_term_string}"},"query-input":{"@type":"PropertyValueSpecification","valueRequired":true,"valueName":"search_term_string"}}],"inLanguage":"ca"},{"@type":"Organization","@id":"https:\/\/www.noubarris.net\/web40\/#organization","name":"NouBarris.Net","url":"https:\/\/www.noubarris.net\/web40\/","logo":{"@type":"ImageObject","inLanguage":"ca","@id":"https:\/\/www.noubarris.net\/web40\/#\/schema\/logo\/image\/","url":"https:\/\/www.noubarris.net\/web40\/wp-content\/uploads\/2024\/11\/cropped-cropped-LOGO_9BTV-2024_Insta-1.jpg","contentUrl":"https:\/\/www.noubarris.net\/web40\/wp-content\/uploads\/2024\/11\/cropped-cropped-LOGO_9BTV-2024_Insta-1.jpg","width":512,"height":512,"caption":"NouBarris.Net"},"image":{"@id":"https:\/\/www.noubarris.net\/web40\/#\/schema\/logo\/image\/"},"sameAs":["https:\/\/www.facebook.com\/NouBarris.net\/?locale=es_ES","https:\/\/x.com\/9BTV"]},{"@type":"Person","@id":"https:\/\/www.noubarris.net\/web40\/#\/schema\/person\/1827f92aaa316c54abbf4dac0de76069","name":"Informatius","image":{"@type":"ImageObject","inLanguage":"ca","@id":"https:\/\/www.noubarris.net\/web40\/#\/schema\/person\/image\/","url":"https:\/\/secure.gravatar.com\/avatar\/87a3b47928835fc72c6ee5b0e1a7263ef0c2d05003a98189bc14926c5f11bcdb?s=96&d=mm&r=g","contentUrl":"https:\/\/secure.gravatar.com\/avatar\/87a3b47928835fc72c6ee5b0e1a7263ef0c2d05003a98189bc14926c5f11bcdb?s=96&d=mm&r=g","caption":"Informatius"},"url":"https:\/\/www.noubarris.net\/web40\/author\/tele\/"}]}},"_links":{"self":[{"href":"https:\/\/www.noubarris.net\/web40\/wp-json\/wp\/v2\/posts\/82306","targetHints":{"allow":["GET"]}}],"collection":[{"href":"https:\/\/www.noubarris.net\/web40\/wp-json\/wp\/v2\/posts"}],"about":[{"href":"https:\/\/www.noubarris.net\/web40\/wp-json\/wp\/v2\/types\/post"}],"author":[{"embeddable":true,"href":"https:\/\/www.noubarris.net\/web40\/wp-json\/wp\/v2\/users\/2"}],"replies":[{"embeddable":true,"href":"https:\/\/www.noubarris.net\/web40\/wp-json\/wp\/v2\/comments?post=82306"}],"version-history":[{"count":1,"href":"https:\/\/www.noubarris.net\/web40\/wp-json\/wp\/v2\/posts\/82306\/revisions"}],"predecessor-version":[{"id":82309,"href":"https:\/\/www.noubarris.net\/web40\/wp-json\/wp\/v2\/posts\/82306\/revisions\/82309"}],"wp:featuredmedia":[{"embeddable":true,"href":"https:\/\/www.noubarris.net\/web40\/wp-json\/wp\/v2\/media\/82307"}],"wp:attachment":[{"href":"https:\/\/www.noubarris.net\/web40\/wp-json\/wp\/v2\/media?parent=82306"}],"wp:term":[{"taxonomy":"category","embeddable":true,"href":"https:\/\/www.noubarris.net\/web40\/wp-json\/wp\/v2\/categories?post=82306"},{"taxonomy":"post_tag","embeddable":true,"href":"https:\/\/www.noubarris.net\/web40\/wp-json\/wp\/v2\/tags?post=82306"}],"curies":[{"name":"wp","href":"https:\/\/api.w.org\/{rel}","templated":true}]}}