{"id":82313,"date":"2024-02-03T00:00:42","date_gmt":"2024-02-02T22:00:42","guid":{"rendered":"https:\/\/www.noubarris.net\/web40\/?p=82313"},"modified":"2024-02-02T19:26:36","modified_gmt":"2024-02-02T17:26:36","slug":"festes-de-santa-eulalia-a-la-placa-de-can-baste","status":"publish","type":"post","link":"https:\/\/www.noubarris.net\/web40\/festes-de-santa-eulalia-a-la-placa-de-can-baste\/","title":{"rendered":"Festes de Santa Eul\u00e0lia a la pla\u00e7a de Can Bast\u00e9"},"content":{"rendered":"<p><strong>La Colla Gegantera de Nou Barris organitza una cercavila pels voltants\u00a0 de la pla\u00e7a i un espectacle que repassa la hist\u00f2ria del barri<\/strong><\/p>\n<p>Com cada any el 12 de febrer els castells tornaran a tocar el cel de Barcelona, els diables ompliran de foc la ciutat i els bastons picaran m\u00e9s fort que mai en honor a la copatrona de la ciutat, Santa Eul\u00e0lia. Dies abans, aquest 3 de febrer, a la pla\u00e7a Can Bast\u00e9 ja hi ha organitzada una festa. La Colla Gegantera de Nou Barris prepara una cercavila pels voltants\u00a0 de la pla\u00e7a i un espectacle did\u00e0ctic en format d\u2019auca per repassar la hist\u00f2ria del barri.<\/p>\n<p>Festes de Santa Eul\u00e0lia a Can Bast\u00e9:<\/p>\n<ul>\n<li>17 h Inici de la cercavila<\/li>\n<li>\u00a018 h Espectacle &#8220;Santa Eul\u00e0lia de Vilapicina, el barri oblidat&#8221;, a c\u00e0rrec de la Colla Gegantera de Nou Barris. Gira al voltant de la hist\u00f2ria de l\u2019antic poblet de Santa Eul\u00e0lia, des de l\u2019\u00e8poca romana fins a l\u2019actualitat. Es representaran moments destacats de la hist\u00f2ria de Santa Eul\u00e0lia de Vilapicina i els elements de cultura popular seran els encarregats de plasmar-ho mitjan\u00e7ant la m\u00fasica i la dansa.<\/li>\n<li>19 h Repic de campanes al santuari, ofrena a Santa Eul\u00e0lia i fi de festa<\/li>\n<\/ul>\n<p>Organitzen: Colla Gegantera de Nou Barris, Centre C\u00edvic Can Bast\u00e9, pla\u00e7a de Can Bast\u00e9.<\/p>\n","protected":false},"excerpt":{"rendered":"<p>La Colla Gegantera de Nou Barris organitza una cercavila pels voltants\u00a0 de la pla\u00e7a i un espectacle que repassa la<\/p>\n","protected":false},"author":2,"featured_media":82314,"comment_status":"closed","ping_status":"closed","sticky":false,"template":"","format":"standard","meta":{"colormag_page_layout":"default_layout","_monsterinsights_skip_tracking":false,"_monsterinsights_sitenote_active":false,"_monsterinsights_sitenote_note":"","_monsterinsights_sitenote_category":0,"footnotes":""},"categories":[139,1],"tags":[246,319,626],"class_list":["post-82313","post","type-post","status-publish","format-standard","has-post-thumbnail","hentry","category-el-turo-de-la-peira","category-nou-barris","tag-el-turo-de-la-peira","tag-nou-barris","tag-santa-eulalia-de-vilapicina"],"yoast_head":"<!-- This site is optimized with the Yoast SEO plugin v25.3 - https:\/\/yoast.com\/wordpress\/plugins\/seo\/ -->\n<title>Festes de Santa Eul\u00e0lia a la pla\u00e7a de Can Bast\u00e9 - NouBarris.Net<\/title>\n<meta name=\"description\" content=\"La Colla Gegantera de Nou Barris organitza una cercavila pels voltants\u00a0 de la pla\u00e7a i un espectacle que repassa la hist\u00f2ria del barri.\" \/>\n<meta name=\"robots\" content=\"index, follow, max-snippet:-1, max-image-preview:large, max-video-preview:-1\" \/>\n<link rel=\"canonical\" href=\"https:\/\/www.noubarris.net\/web40\/festes-de-santa-eulalia-a-la-placa-de-can-baste\/\" \/>\n<meta property=\"og:locale\" content=\"ca_ES\" \/>\n<meta property=\"og:type\" content=\"article\" \/>\n<meta property=\"og:title\" content=\"Festes de Santa Eul\u00e0lia a la pla\u00e7a de Can Bast\u00e9 - NouBarris.Net\" \/>\n<meta property=\"og:description\" content=\"La Colla Gegantera de Nou Barris organitza una cercavila pels voltants\u00a0 de la pla\u00e7a i un espectacle que repassa la hist\u00f2ria del barri.\" \/>\n<meta property=\"og:url\" content=\"https:\/\/www.noubarris.net\/web40\/festes-de-santa-eulalia-a-la-placa-de-can-baste\/\" \/>\n<meta property=\"og:site_name\" content=\"NouBarris.Net\" \/>\n<meta property=\"article:publisher\" content=\"https:\/\/www.facebook.com\/NouBarris.net\/?locale=es_ES\" \/>\n<meta property=\"article:published_time\" content=\"2024-02-02T22:00:42+00:00\" \/>\n<meta property=\"og:image\" content=\"https:\/\/www.noubarris.net\/web40\/wp-content\/uploads\/2024\/02\/040224.jpg\" \/>\n\t<meta property=\"og:image:width\" content=\"768\" \/>\n\t<meta property=\"og:image:height\" content=\"432\" \/>\n\t<meta property=\"og:image:type\" content=\"image\/jpeg\" \/>\n<meta name=\"author\" content=\"Informatius\" \/>\n<meta name=\"twitter:card\" content=\"summary_large_image\" \/>\n<meta name=\"twitter:creator\" content=\"@9BTV\" \/>\n<meta name=\"twitter:site\" content=\"@9BTV\" \/>\n<meta name=\"twitter:label1\" content=\"Escrit per\" \/>\n\t<meta name=\"twitter:data1\" content=\"Informatius\" \/>\n\t<meta name=\"twitter:label2\" content=\"Temps estimat de lectura\" \/>\n\t<meta name=\"twitter:data2\" content=\"2 minuts\" \/>\n<script type=\"application\/ld+json\" class=\"yoast-schema-graph\">{\"@context\":\"https:\/\/schema.org\",\"@graph\":[{\"@type\":\"Article\",\"@id\":\"https:\/\/www.noubarris.net\/web40\/festes-de-santa-eulalia-a-la-placa-de-can-baste\/#article\",\"isPartOf\":{\"@id\":\"https:\/\/www.noubarris.net\/web40\/festes-de-santa-eulalia-a-la-placa-de-can-baste\/\"},\"author\":{\"name\":\"Informatius\",\"@id\":\"https:\/\/www.noubarris.net\/web40\/#\/schema\/person\/1827f92aaa316c54abbf4dac0de76069\"},\"headline\":\"Festes de Santa Eul\u00e0lia a la pla\u00e7a de Can Bast\u00e9\",\"datePublished\":\"2024-02-02T22:00:42+00:00\",\"mainEntityOfPage\":{\"@id\":\"https:\/\/www.noubarris.net\/web40\/festes-de-santa-eulalia-a-la-placa-de-can-baste\/\"},\"wordCount\":248,\"publisher\":{\"@id\":\"https:\/\/www.noubarris.net\/web40\/#organization\"},\"image\":{\"@id\":\"https:\/\/www.noubarris.net\/web40\/festes-de-santa-eulalia-a-la-placa-de-can-baste\/#primaryimage\"},\"thumbnailUrl\":\"https:\/\/www.noubarris.net\/web40\/wp-content\/uploads\/2024\/02\/040224.jpg\",\"keywords\":[\"El Tur\u00f3 de la Peira\",\"Nou Barris\",\"Santa Eul\u00e0lia de Vilapicina\"],\"articleSection\":[\"El Tur\u00f3 de la Peira\",\"Nou Barris\"],\"inLanguage\":\"ca\"},{\"@type\":\"WebPage\",\"@id\":\"https:\/\/www.noubarris.net\/web40\/festes-de-santa-eulalia-a-la-placa-de-can-baste\/\",\"url\":\"https:\/\/www.noubarris.net\/web40\/festes-de-santa-eulalia-a-la-placa-de-can-baste\/\",\"name\":\"Festes de Santa Eul\u00e0lia a la pla\u00e7a de Can Bast\u00e9 - NouBarris.Net\",\"isPartOf\":{\"@id\":\"https:\/\/www.noubarris.net\/web40\/#website\"},\"primaryImageOfPage\":{\"@id\":\"https:\/\/www.noubarris.net\/web40\/festes-de-santa-eulalia-a-la-placa-de-can-baste\/#primaryimage\"},\"image\":{\"@id\":\"https:\/\/www.noubarris.net\/web40\/festes-de-santa-eulalia-a-la-placa-de-can-baste\/#primaryimage\"},\"thumbnailUrl\":\"https:\/\/www.noubarris.net\/web40\/wp-content\/uploads\/2024\/02\/040224.jpg\",\"datePublished\":\"2024-02-02T22:00:42+00:00\",\"description\":\"La Colla Gegantera de Nou Barris organitza una cercavila pels voltants\u00a0 de la pla\u00e7a i un espectacle que repassa la hist\u00f2ria del barri.\",\"breadcrumb\":{\"@id\":\"https:\/\/www.noubarris.net\/web40\/festes-de-santa-eulalia-a-la-placa-de-can-baste\/#breadcrumb\"},\"inLanguage\":\"ca\",\"potentialAction\":[{\"@type\":\"ReadAction\",\"target\":[\"https:\/\/www.noubarris.net\/web40\/festes-de-santa-eulalia-a-la-placa-de-can-baste\/\"]}]},{\"@type\":\"ImageObject\",\"inLanguage\":\"ca\",\"@id\":\"https:\/\/www.noubarris.net\/web40\/festes-de-santa-eulalia-a-la-placa-de-can-baste\/#primaryimage\",\"url\":\"https:\/\/www.noubarris.net\/web40\/wp-content\/uploads\/2024\/02\/040224.jpg\",\"contentUrl\":\"https:\/\/www.noubarris.net\/web40\/wp-content\/uploads\/2024\/02\/040224.jpg\",\"width\":768,\"height\":432,\"caption\":\"Colla Gegantera Nou Barris\"},{\"@type\":\"BreadcrumbList\",\"@id\":\"https:\/\/www.noubarris.net\/web40\/festes-de-santa-eulalia-a-la-placa-de-can-baste\/#breadcrumb\",\"itemListElement\":[{\"@type\":\"ListItem\",\"position\":1,\"name\":\"Inici\",\"item\":\"https:\/\/www.noubarris.net\/web40\/\"},{\"@type\":\"ListItem\",\"position\":2,\"name\":\"Festes de Santa Eul\u00e0lia a la pla\u00e7a de Can Bast\u00e9\"}]},{\"@type\":\"WebSite\",\"@id\":\"https:\/\/www.noubarris.net\/web40\/#website\",\"url\":\"https:\/\/www.noubarris.net\/web40\/\",\"name\":\"NouBarris.Net\",\"description\":\"Seguint la vida de Nou Barris des de 1985\",\"publisher\":{\"@id\":\"https:\/\/www.noubarris.net\/web40\/#organization\"},\"potentialAction\":[{\"@type\":\"SearchAction\",\"target\":{\"@type\":\"EntryPoint\",\"urlTemplate\":\"https:\/\/www.noubarris.net\/web40\/?s={search_term_string}\"},\"query-input\":{\"@type\":\"PropertyValueSpecification\",\"valueRequired\":true,\"valueName\":\"search_term_string\"}}],\"inLanguage\":\"ca\"},{\"@type\":\"Organization\",\"@id\":\"https:\/\/www.noubarris.net\/web40\/#organization\",\"name\":\"NouBarris.Net\",\"url\":\"https:\/\/www.noubarris.net\/web40\/\",\"logo\":{\"@type\":\"ImageObject\",\"inLanguage\":\"ca\",\"@id\":\"https:\/\/www.noubarris.net\/web40\/#\/schema\/logo\/image\/\",\"url\":\"https:\/\/www.noubarris.net\/web40\/wp-content\/uploads\/2024\/11\/cropped-cropped-LOGO_9BTV-2024_Insta-1.jpg\",\"contentUrl\":\"https:\/\/www.noubarris.net\/web40\/wp-content\/uploads\/2024\/11\/cropped-cropped-LOGO_9BTV-2024_Insta-1.jpg\",\"width\":512,\"height\":512,\"caption\":\"NouBarris.Net\"},\"image\":{\"@id\":\"https:\/\/www.noubarris.net\/web40\/#\/schema\/logo\/image\/\"},\"sameAs\":[\"https:\/\/www.facebook.com\/NouBarris.net\/?locale=es_ES\",\"https:\/\/x.com\/9BTV\"]},{\"@type\":\"Person\",\"@id\":\"https:\/\/www.noubarris.net\/web40\/#\/schema\/person\/1827f92aaa316c54abbf4dac0de76069\",\"name\":\"Informatius\",\"image\":{\"@type\":\"ImageObject\",\"inLanguage\":\"ca\",\"@id\":\"https:\/\/www.noubarris.net\/web40\/#\/schema\/person\/image\/\",\"url\":\"https:\/\/secure.gravatar.com\/avatar\/87a3b47928835fc72c6ee5b0e1a7263ef0c2d05003a98189bc14926c5f11bcdb?s=96&d=mm&r=g\",\"contentUrl\":\"https:\/\/secure.gravatar.com\/avatar\/87a3b47928835fc72c6ee5b0e1a7263ef0c2d05003a98189bc14926c5f11bcdb?s=96&d=mm&r=g\",\"caption\":\"Informatius\"},\"url\":\"https:\/\/www.noubarris.net\/web40\/author\/tele\/\"}]}<\/script>\n<!-- \/ Yoast SEO plugin. -->","yoast_head_json":{"title":"Festes de Santa Eul\u00e0lia a la pla\u00e7a de Can Bast\u00e9 - NouBarris.Net","description":"La Colla Gegantera de Nou Barris organitza una cercavila pels voltants\u00a0 de la pla\u00e7a i un espectacle que repassa la hist\u00f2ria del barri.","robots":{"index":"index","follow":"follow","max-snippet":"max-snippet:-1","max-image-preview":"max-image-preview:large","max-video-preview":"max-video-preview:-1"},"canonical":"https:\/\/www.noubarris.net\/web40\/festes-de-santa-eulalia-a-la-placa-de-can-baste\/","og_locale":"ca_ES","og_type":"article","og_title":"Festes de Santa Eul\u00e0lia a la pla\u00e7a de Can Bast\u00e9 - NouBarris.Net","og_description":"La Colla Gegantera de Nou Barris organitza una cercavila pels voltants\u00a0 de la pla\u00e7a i un espectacle que repassa la hist\u00f2ria del barri.","og_url":"https:\/\/www.noubarris.net\/web40\/festes-de-santa-eulalia-a-la-placa-de-can-baste\/","og_site_name":"NouBarris.Net","article_publisher":"https:\/\/www.facebook.com\/NouBarris.net\/?locale=es_ES","article_published_time":"2024-02-02T22:00:42+00:00","og_image":[{"width":768,"height":432,"url":"https:\/\/www.noubarris.net\/web40\/wp-content\/uploads\/2024\/02\/040224.jpg","type":"image\/jpeg"}],"author":"Informatius","twitter_card":"summary_large_image","twitter_creator":"@9BTV","twitter_site":"@9BTV","twitter_misc":{"Escrit per":"Informatius","Temps estimat de lectura":"2 minuts"},"schema":{"@context":"https:\/\/schema.org","@graph":[{"@type":"Article","@id":"https:\/\/www.noubarris.net\/web40\/festes-de-santa-eulalia-a-la-placa-de-can-baste\/#article","isPartOf":{"@id":"https:\/\/www.noubarris.net\/web40\/festes-de-santa-eulalia-a-la-placa-de-can-baste\/"},"author":{"name":"Informatius","@id":"https:\/\/www.noubarris.net\/web40\/#\/schema\/person\/1827f92aaa316c54abbf4dac0de76069"},"headline":"Festes de Santa Eul\u00e0lia a la pla\u00e7a de Can Bast\u00e9","datePublished":"2024-02-02T22:00:42+00:00","mainEntityOfPage":{"@id":"https:\/\/www.noubarris.net\/web40\/festes-de-santa-eulalia-a-la-placa-de-can-baste\/"},"wordCount":248,"publisher":{"@id":"https:\/\/www.noubarris.net\/web40\/#organization"},"image":{"@id":"https:\/\/www.noubarris.net\/web40\/festes-de-santa-eulalia-a-la-placa-de-can-baste\/#primaryimage"},"thumbnailUrl":"https:\/\/www.noubarris.net\/web40\/wp-content\/uploads\/2024\/02\/040224.jpg","keywords":["El Tur\u00f3 de la Peira","Nou Barris","Santa Eul\u00e0lia de Vilapicina"],"articleSection":["El Tur\u00f3 de la Peira","Nou Barris"],"inLanguage":"ca"},{"@type":"WebPage","@id":"https:\/\/www.noubarris.net\/web40\/festes-de-santa-eulalia-a-la-placa-de-can-baste\/","url":"https:\/\/www.noubarris.net\/web40\/festes-de-santa-eulalia-a-la-placa-de-can-baste\/","name":"Festes de Santa Eul\u00e0lia a la pla\u00e7a de Can Bast\u00e9 - NouBarris.Net","isPartOf":{"@id":"https:\/\/www.noubarris.net\/web40\/#website"},"primaryImageOfPage":{"@id":"https:\/\/www.noubarris.net\/web40\/festes-de-santa-eulalia-a-la-placa-de-can-baste\/#primaryimage"},"image":{"@id":"https:\/\/www.noubarris.net\/web40\/festes-de-santa-eulalia-a-la-placa-de-can-baste\/#primaryimage"},"thumbnailUrl":"https:\/\/www.noubarris.net\/web40\/wp-content\/uploads\/2024\/02\/040224.jpg","datePublished":"2024-02-02T22:00:42+00:00","description":"La Colla Gegantera de Nou Barris organitza una cercavila pels voltants\u00a0 de la pla\u00e7a i un espectacle que repassa la hist\u00f2ria del barri.","breadcrumb":{"@id":"https:\/\/www.noubarris.net\/web40\/festes-de-santa-eulalia-a-la-placa-de-can-baste\/#breadcrumb"},"inLanguage":"ca","potentialAction":[{"@type":"ReadAction","target":["https:\/\/www.noubarris.net\/web40\/festes-de-santa-eulalia-a-la-placa-de-can-baste\/"]}]},{"@type":"ImageObject","inLanguage":"ca","@id":"https:\/\/www.noubarris.net\/web40\/festes-de-santa-eulalia-a-la-placa-de-can-baste\/#primaryimage","url":"https:\/\/www.noubarris.net\/web40\/wp-content\/uploads\/2024\/02\/040224.jpg","contentUrl":"https:\/\/www.noubarris.net\/web40\/wp-content\/uploads\/2024\/02\/040224.jpg","width":768,"height":432,"caption":"Colla Gegantera Nou Barris"},{"@type":"BreadcrumbList","@id":"https:\/\/www.noubarris.net\/web40\/festes-de-santa-eulalia-a-la-placa-de-can-baste\/#breadcrumb","itemListElement":[{"@type":"ListItem","position":1,"name":"Inici","item":"https:\/\/www.noubarris.net\/web40\/"},{"@type":"ListItem","position":2,"name":"Festes de Santa Eul\u00e0lia a la pla\u00e7a de Can Bast\u00e9"}]},{"@type":"WebSite","@id":"https:\/\/www.noubarris.net\/web40\/#website","url":"https:\/\/www.noubarris.net\/web40\/","name":"NouBarris.Net","description":"Seguint la vida de Nou Barris des de 1985","publisher":{"@id":"https:\/\/www.noubarris.net\/web40\/#organization"},"potentialAction":[{"@type":"SearchAction","target":{"@type":"EntryPoint","urlTemplate":"https:\/\/www.noubarris.net\/web40\/?s={search_term_string}"},"query-input":{"@type":"PropertyValueSpecification","valueRequired":true,"valueName":"search_term_string"}}],"inLanguage":"ca"},{"@type":"Organization","@id":"https:\/\/www.noubarris.net\/web40\/#organization","name":"NouBarris.Net","url":"https:\/\/www.noubarris.net\/web40\/","logo":{"@type":"ImageObject","inLanguage":"ca","@id":"https:\/\/www.noubarris.net\/web40\/#\/schema\/logo\/image\/","url":"https:\/\/www.noubarris.net\/web40\/wp-content\/uploads\/2024\/11\/cropped-cropped-LOGO_9BTV-2024_Insta-1.jpg","contentUrl":"https:\/\/www.noubarris.net\/web40\/wp-content\/uploads\/2024\/11\/cropped-cropped-LOGO_9BTV-2024_Insta-1.jpg","width":512,"height":512,"caption":"NouBarris.Net"},"image":{"@id":"https:\/\/www.noubarris.net\/web40\/#\/schema\/logo\/image\/"},"sameAs":["https:\/\/www.facebook.com\/NouBarris.net\/?locale=es_ES","https:\/\/x.com\/9BTV"]},{"@type":"Person","@id":"https:\/\/www.noubarris.net\/web40\/#\/schema\/person\/1827f92aaa316c54abbf4dac0de76069","name":"Informatius","image":{"@type":"ImageObject","inLanguage":"ca","@id":"https:\/\/www.noubarris.net\/web40\/#\/schema\/person\/image\/","url":"https:\/\/secure.gravatar.com\/avatar\/87a3b47928835fc72c6ee5b0e1a7263ef0c2d05003a98189bc14926c5f11bcdb?s=96&d=mm&r=g","contentUrl":"https:\/\/secure.gravatar.com\/avatar\/87a3b47928835fc72c6ee5b0e1a7263ef0c2d05003a98189bc14926c5f11bcdb?s=96&d=mm&r=g","caption":"Informatius"},"url":"https:\/\/www.noubarris.net\/web40\/author\/tele\/"}]}},"_links":{"self":[{"href":"https:\/\/www.noubarris.net\/web40\/wp-json\/wp\/v2\/posts\/82313","targetHints":{"allow":["GET"]}}],"collection":[{"href":"https:\/\/www.noubarris.net\/web40\/wp-json\/wp\/v2\/posts"}],"about":[{"href":"https:\/\/www.noubarris.net\/web40\/wp-json\/wp\/v2\/types\/post"}],"author":[{"embeddable":true,"href":"https:\/\/www.noubarris.net\/web40\/wp-json\/wp\/v2\/users\/2"}],"replies":[{"embeddable":true,"href":"https:\/\/www.noubarris.net\/web40\/wp-json\/wp\/v2\/comments?post=82313"}],"version-history":[{"count":1,"href":"https:\/\/www.noubarris.net\/web40\/wp-json\/wp\/v2\/posts\/82313\/revisions"}],"predecessor-version":[{"id":82315,"href":"https:\/\/www.noubarris.net\/web40\/wp-json\/wp\/v2\/posts\/82313\/revisions\/82315"}],"wp:featuredmedia":[{"embeddable":true,"href":"https:\/\/www.noubarris.net\/web40\/wp-json\/wp\/v2\/media\/82314"}],"wp:attachment":[{"href":"https:\/\/www.noubarris.net\/web40\/wp-json\/wp\/v2\/media?parent=82313"}],"wp:term":[{"taxonomy":"category","embeddable":true,"href":"https:\/\/www.noubarris.net\/web40\/wp-json\/wp\/v2\/categories?post=82313"},{"taxonomy":"post_tag","embeddable":true,"href":"https:\/\/www.noubarris.net\/web40\/wp-json\/wp\/v2\/tags?post=82313"}],"curies":[{"name":"wp","href":"https:\/\/api.w.org\/{rel}","templated":true}]}}