{"id":82316,"date":"2024-02-05T17:40:19","date_gmt":"2024-02-05T15:40:19","guid":{"rendered":"https:\/\/www.noubarris.net\/web40\/?p=82316"},"modified":"2024-02-05T17:40:19","modified_gmt":"2024-02-05T15:40:19","slug":"els-bombers-de-barcelona-visiten-els-mercats-de-nou-barris","status":"publish","type":"post","link":"https:\/\/www.noubarris.net\/web40\/els-bombers-de-barcelona-visiten-els-mercats-de-nou-barris\/","title":{"rendered":"Els Bombers de Barcelona visiten els mercats de Nou Barris"},"content":{"rendered":"<p><strong>El vehicle pedag\u00f2gic PREvenim! explicar\u00e0 com evitar els incendis dom\u00e8stics i qu\u00e8 cal fer en cas que se\u2019n produeixi un<\/strong><\/p>\n<p>El cos de Bombers de Barcelona visitar\u00e0 per tercer any consecutiu els Mercats de Barcelona per explicar com prevenir els incendis dom\u00e8stics i donar consells sobre qu\u00e8 cal fer en cas que se\u2019n produeixi un. En el vehicle PREvenim! es podr\u00e0 trobar una televisi\u00f3, un equip amb els estris necessaris per fer la pr\u00e0ctica d\u2019apagar un foc, una maqueta de metacrilat per visualitzar el comportament del fum en un edifici, les eines m\u00e9s habituals que porten els vehicles per atendre serveis d\u2019incendis i salvament, i altres materials com un ordinador i un projector per poder explicar i visualitzar v\u00eddeos de prevenci\u00f3.<\/p>\n<p>El vehicle pedag\u00f2gic dels bombers \u00e9s un vehicle bomba contra incendis que ja havia arribat al final de la seva vida \u00fatil en el servei actiu i s\u2019ha adequat com a aula sobre rodes. Els Bombers de Barcelona treballen en la promoci\u00f3, difusi\u00f3 i conscienciaci\u00f3 en la cultura de l\u2019autoprotecci\u00f3 entre la ciutadania en general (especialment entre les persones de major vulnerabilitat), i amb els infants, a trav\u00e9s d\u2019accions a les escoles.<\/p>\n<p>Durant l\u2019any 2024, el vehicle PREvenim! visitar\u00e0 tots els mercats alimentaris de la ciutat de Barcelona. Aquest \u00e9s el calendari per a Nou Barris, despr\u00e9s de la primera visita el passat 2 de febrer al Mercat de la Guineueta:<\/p>\n<ul>\n<li>Divendres, 9 febrer. Mercat de la Trinitat Nova<\/li>\n<li>Divendres, 16 febrer. Mercat de Montserrat<\/li>\n<li>Divendres, 3 maig. Mercat de Canyelles<\/li>\n<li>Divendres, 19 juliol. Mercat de Ciutat Meridiana<\/li>\n<li>Divendres, 6 setembre. Antic Mercat de N\u00faria<\/li>\n<li>Divendres, 22 novembre: Mercat de la Merc\u00e8<\/li>\n<\/ul>\n","protected":false},"excerpt":{"rendered":"<p>El vehicle pedag\u00f2gic PREvenim! explicar\u00e0 com evitar els incendis dom\u00e8stics i qu\u00e8 cal fer en cas que se\u2019n produeixi un<\/p>\n","protected":false},"author":2,"featured_media":82317,"comment_status":"closed","ping_status":"closed","sticky":false,"template":"","format":"standard","meta":{"colormag_page_layout":"default_layout","_monsterinsights_skip_tracking":false,"_monsterinsights_sitenote_active":false,"_monsterinsights_sitenote_note":"","_monsterinsights_sitenote_category":0,"footnotes":""},"categories":[1,124],"tags":[668,237,319,418],"class_list":["post-82316","post","type-post","status-publish","format-standard","has-post-thumbnail","hentry","category-nou-barris","category-societat","tag-bombers","tag-mercat","tag-nou-barris","tag-seguretat"],"yoast_head":"<!-- This site is optimized with the Yoast SEO plugin v25.3 - https:\/\/yoast.com\/wordpress\/plugins\/seo\/ -->\n<title>Els Bombers de Barcelona visiten els mercats de Nou Barris - NouBarris.Net<\/title>\n<meta name=\"description\" content=\"El vehicle pedag\u00f2gic PREvenim! explicar\u00e0 com evitar els incendis dom\u00e8stics i qu\u00e8 cal fer en cas que se\u2019n produeixi un.\" \/>\n<meta name=\"robots\" content=\"index, follow, max-snippet:-1, max-image-preview:large, max-video-preview:-1\" \/>\n<link rel=\"canonical\" href=\"https:\/\/www.noubarris.net\/web40\/els-bombers-de-barcelona-visiten-els-mercats-de-nou-barris\/\" \/>\n<meta property=\"og:locale\" content=\"ca_ES\" \/>\n<meta property=\"og:type\" content=\"article\" \/>\n<meta property=\"og:title\" content=\"Els Bombers de Barcelona visiten els mercats de Nou Barris - NouBarris.Net\" \/>\n<meta property=\"og:description\" content=\"El vehicle pedag\u00f2gic PREvenim! explicar\u00e0 com evitar els incendis dom\u00e8stics i qu\u00e8 cal fer en cas que se\u2019n produeixi un.\" \/>\n<meta property=\"og:url\" content=\"https:\/\/www.noubarris.net\/web40\/els-bombers-de-barcelona-visiten-els-mercats-de-nou-barris\/\" \/>\n<meta property=\"og:site_name\" content=\"NouBarris.Net\" \/>\n<meta property=\"article:publisher\" content=\"https:\/\/www.facebook.com\/NouBarris.net\/?locale=es_ES\" \/>\n<meta property=\"article:published_time\" content=\"2024-02-05T15:40:19+00:00\" \/>\n<meta property=\"og:image\" content=\"https:\/\/www.noubarris.net\/web40\/wp-content\/uploads\/2024\/02\/050224.jpg\" \/>\n\t<meta property=\"og:image:width\" content=\"768\" \/>\n\t<meta property=\"og:image:height\" content=\"432\" \/>\n\t<meta property=\"og:image:type\" content=\"image\/jpeg\" \/>\n<meta name=\"author\" content=\"Informatius\" \/>\n<meta name=\"twitter:card\" content=\"summary_large_image\" \/>\n<meta name=\"twitter:creator\" content=\"@9BTV\" \/>\n<meta name=\"twitter:site\" content=\"@9BTV\" \/>\n<meta name=\"twitter:label1\" content=\"Escrit per\" \/>\n\t<meta name=\"twitter:data1\" content=\"Informatius\" \/>\n\t<meta name=\"twitter:label2\" content=\"Temps estimat de lectura\" \/>\n\t<meta name=\"twitter:data2\" content=\"2 minuts\" \/>\n<script type=\"application\/ld+json\" class=\"yoast-schema-graph\">{\"@context\":\"https:\/\/schema.org\",\"@graph\":[{\"@type\":\"Article\",\"@id\":\"https:\/\/www.noubarris.net\/web40\/els-bombers-de-barcelona-visiten-els-mercats-de-nou-barris\/#article\",\"isPartOf\":{\"@id\":\"https:\/\/www.noubarris.net\/web40\/els-bombers-de-barcelona-visiten-els-mercats-de-nou-barris\/\"},\"author\":{\"name\":\"Informatius\",\"@id\":\"https:\/\/www.noubarris.net\/web40\/#\/schema\/person\/1827f92aaa316c54abbf4dac0de76069\"},\"headline\":\"Els Bombers de Barcelona visiten els mercats de Nou Barris\",\"datePublished\":\"2024-02-05T15:40:19+00:00\",\"mainEntityOfPage\":{\"@id\":\"https:\/\/www.noubarris.net\/web40\/els-bombers-de-barcelona-visiten-els-mercats-de-nou-barris\/\"},\"wordCount\":293,\"publisher\":{\"@id\":\"https:\/\/www.noubarris.net\/web40\/#organization\"},\"image\":{\"@id\":\"https:\/\/www.noubarris.net\/web40\/els-bombers-de-barcelona-visiten-els-mercats-de-nou-barris\/#primaryimage\"},\"thumbnailUrl\":\"https:\/\/www.noubarris.net\/web40\/wp-content\/uploads\/2024\/02\/050224.jpg\",\"keywords\":[\"bombers\",\"Mercat\",\"Nou Barris\",\"Seguretat\"],\"articleSection\":[\"Nou Barris\",\"Societat\"],\"inLanguage\":\"ca\"},{\"@type\":\"WebPage\",\"@id\":\"https:\/\/www.noubarris.net\/web40\/els-bombers-de-barcelona-visiten-els-mercats-de-nou-barris\/\",\"url\":\"https:\/\/www.noubarris.net\/web40\/els-bombers-de-barcelona-visiten-els-mercats-de-nou-barris\/\",\"name\":\"Els Bombers de Barcelona visiten els mercats de Nou Barris - NouBarris.Net\",\"isPartOf\":{\"@id\":\"https:\/\/www.noubarris.net\/web40\/#website\"},\"primaryImageOfPage\":{\"@id\":\"https:\/\/www.noubarris.net\/web40\/els-bombers-de-barcelona-visiten-els-mercats-de-nou-barris\/#primaryimage\"},\"image\":{\"@id\":\"https:\/\/www.noubarris.net\/web40\/els-bombers-de-barcelona-visiten-els-mercats-de-nou-barris\/#primaryimage\"},\"thumbnailUrl\":\"https:\/\/www.noubarris.net\/web40\/wp-content\/uploads\/2024\/02\/050224.jpg\",\"datePublished\":\"2024-02-05T15:40:19+00:00\",\"description\":\"El vehicle pedag\u00f2gic PREvenim! explicar\u00e0 com evitar els incendis dom\u00e8stics i qu\u00e8 cal fer en cas que se\u2019n produeixi un.\",\"breadcrumb\":{\"@id\":\"https:\/\/www.noubarris.net\/web40\/els-bombers-de-barcelona-visiten-els-mercats-de-nou-barris\/#breadcrumb\"},\"inLanguage\":\"ca\",\"potentialAction\":[{\"@type\":\"ReadAction\",\"target\":[\"https:\/\/www.noubarris.net\/web40\/els-bombers-de-barcelona-visiten-els-mercats-de-nou-barris\/\"]}]},{\"@type\":\"ImageObject\",\"inLanguage\":\"ca\",\"@id\":\"https:\/\/www.noubarris.net\/web40\/els-bombers-de-barcelona-visiten-els-mercats-de-nou-barris\/#primaryimage\",\"url\":\"https:\/\/www.noubarris.net\/web40\/wp-content\/uploads\/2024\/02\/050224.jpg\",\"contentUrl\":\"https:\/\/www.noubarris.net\/web40\/wp-content\/uploads\/2024\/02\/050224.jpg\",\"width\":768,\"height\":432},{\"@type\":\"BreadcrumbList\",\"@id\":\"https:\/\/www.noubarris.net\/web40\/els-bombers-de-barcelona-visiten-els-mercats-de-nou-barris\/#breadcrumb\",\"itemListElement\":[{\"@type\":\"ListItem\",\"position\":1,\"name\":\"Inici\",\"item\":\"https:\/\/www.noubarris.net\/web40\/\"},{\"@type\":\"ListItem\",\"position\":2,\"name\":\"Els Bombers de Barcelona visiten els mercats de Nou Barris\"}]},{\"@type\":\"WebSite\",\"@id\":\"https:\/\/www.noubarris.net\/web40\/#website\",\"url\":\"https:\/\/www.noubarris.net\/web40\/\",\"name\":\"NouBarris.Net\",\"description\":\"Seguint la vida de Nou Barris des de 1985\",\"publisher\":{\"@id\":\"https:\/\/www.noubarris.net\/web40\/#organization\"},\"potentialAction\":[{\"@type\":\"SearchAction\",\"target\":{\"@type\":\"EntryPoint\",\"urlTemplate\":\"https:\/\/www.noubarris.net\/web40\/?s={search_term_string}\"},\"query-input\":{\"@type\":\"PropertyValueSpecification\",\"valueRequired\":true,\"valueName\":\"search_term_string\"}}],\"inLanguage\":\"ca\"},{\"@type\":\"Organization\",\"@id\":\"https:\/\/www.noubarris.net\/web40\/#organization\",\"name\":\"NouBarris.Net\",\"url\":\"https:\/\/www.noubarris.net\/web40\/\",\"logo\":{\"@type\":\"ImageObject\",\"inLanguage\":\"ca\",\"@id\":\"https:\/\/www.noubarris.net\/web40\/#\/schema\/logo\/image\/\",\"url\":\"https:\/\/www.noubarris.net\/web40\/wp-content\/uploads\/2024\/11\/cropped-cropped-LOGO_9BTV-2024_Insta-1.jpg\",\"contentUrl\":\"https:\/\/www.noubarris.net\/web40\/wp-content\/uploads\/2024\/11\/cropped-cropped-LOGO_9BTV-2024_Insta-1.jpg\",\"width\":512,\"height\":512,\"caption\":\"NouBarris.Net\"},\"image\":{\"@id\":\"https:\/\/www.noubarris.net\/web40\/#\/schema\/logo\/image\/\"},\"sameAs\":[\"https:\/\/www.facebook.com\/NouBarris.net\/?locale=es_ES\",\"https:\/\/x.com\/9BTV\"]},{\"@type\":\"Person\",\"@id\":\"https:\/\/www.noubarris.net\/web40\/#\/schema\/person\/1827f92aaa316c54abbf4dac0de76069\",\"name\":\"Informatius\",\"image\":{\"@type\":\"ImageObject\",\"inLanguage\":\"ca\",\"@id\":\"https:\/\/www.noubarris.net\/web40\/#\/schema\/person\/image\/\",\"url\":\"https:\/\/secure.gravatar.com\/avatar\/87a3b47928835fc72c6ee5b0e1a7263ef0c2d05003a98189bc14926c5f11bcdb?s=96&d=mm&r=g\",\"contentUrl\":\"https:\/\/secure.gravatar.com\/avatar\/87a3b47928835fc72c6ee5b0e1a7263ef0c2d05003a98189bc14926c5f11bcdb?s=96&d=mm&r=g\",\"caption\":\"Informatius\"},\"url\":\"https:\/\/www.noubarris.net\/web40\/author\/tele\/\"}]}<\/script>\n<!-- \/ Yoast SEO plugin. -->","yoast_head_json":{"title":"Els Bombers de Barcelona visiten els mercats de Nou Barris - NouBarris.Net","description":"El vehicle pedag\u00f2gic PREvenim! explicar\u00e0 com evitar els incendis dom\u00e8stics i qu\u00e8 cal fer en cas que se\u2019n produeixi un.","robots":{"index":"index","follow":"follow","max-snippet":"max-snippet:-1","max-image-preview":"max-image-preview:large","max-video-preview":"max-video-preview:-1"},"canonical":"https:\/\/www.noubarris.net\/web40\/els-bombers-de-barcelona-visiten-els-mercats-de-nou-barris\/","og_locale":"ca_ES","og_type":"article","og_title":"Els Bombers de Barcelona visiten els mercats de Nou Barris - NouBarris.Net","og_description":"El vehicle pedag\u00f2gic PREvenim! explicar\u00e0 com evitar els incendis dom\u00e8stics i qu\u00e8 cal fer en cas que se\u2019n produeixi un.","og_url":"https:\/\/www.noubarris.net\/web40\/els-bombers-de-barcelona-visiten-els-mercats-de-nou-barris\/","og_site_name":"NouBarris.Net","article_publisher":"https:\/\/www.facebook.com\/NouBarris.net\/?locale=es_ES","article_published_time":"2024-02-05T15:40:19+00:00","og_image":[{"width":768,"height":432,"url":"https:\/\/www.noubarris.net\/web40\/wp-content\/uploads\/2024\/02\/050224.jpg","type":"image\/jpeg"}],"author":"Informatius","twitter_card":"summary_large_image","twitter_creator":"@9BTV","twitter_site":"@9BTV","twitter_misc":{"Escrit per":"Informatius","Temps estimat de lectura":"2 minuts"},"schema":{"@context":"https:\/\/schema.org","@graph":[{"@type":"Article","@id":"https:\/\/www.noubarris.net\/web40\/els-bombers-de-barcelona-visiten-els-mercats-de-nou-barris\/#article","isPartOf":{"@id":"https:\/\/www.noubarris.net\/web40\/els-bombers-de-barcelona-visiten-els-mercats-de-nou-barris\/"},"author":{"name":"Informatius","@id":"https:\/\/www.noubarris.net\/web40\/#\/schema\/person\/1827f92aaa316c54abbf4dac0de76069"},"headline":"Els Bombers de Barcelona visiten els mercats de Nou Barris","datePublished":"2024-02-05T15:40:19+00:00","mainEntityOfPage":{"@id":"https:\/\/www.noubarris.net\/web40\/els-bombers-de-barcelona-visiten-els-mercats-de-nou-barris\/"},"wordCount":293,"publisher":{"@id":"https:\/\/www.noubarris.net\/web40\/#organization"},"image":{"@id":"https:\/\/www.noubarris.net\/web40\/els-bombers-de-barcelona-visiten-els-mercats-de-nou-barris\/#primaryimage"},"thumbnailUrl":"https:\/\/www.noubarris.net\/web40\/wp-content\/uploads\/2024\/02\/050224.jpg","keywords":["bombers","Mercat","Nou Barris","Seguretat"],"articleSection":["Nou Barris","Societat"],"inLanguage":"ca"},{"@type":"WebPage","@id":"https:\/\/www.noubarris.net\/web40\/els-bombers-de-barcelona-visiten-els-mercats-de-nou-barris\/","url":"https:\/\/www.noubarris.net\/web40\/els-bombers-de-barcelona-visiten-els-mercats-de-nou-barris\/","name":"Els Bombers de Barcelona visiten els mercats de Nou Barris - NouBarris.Net","isPartOf":{"@id":"https:\/\/www.noubarris.net\/web40\/#website"},"primaryImageOfPage":{"@id":"https:\/\/www.noubarris.net\/web40\/els-bombers-de-barcelona-visiten-els-mercats-de-nou-barris\/#primaryimage"},"image":{"@id":"https:\/\/www.noubarris.net\/web40\/els-bombers-de-barcelona-visiten-els-mercats-de-nou-barris\/#primaryimage"},"thumbnailUrl":"https:\/\/www.noubarris.net\/web40\/wp-content\/uploads\/2024\/02\/050224.jpg","datePublished":"2024-02-05T15:40:19+00:00","description":"El vehicle pedag\u00f2gic PREvenim! explicar\u00e0 com evitar els incendis dom\u00e8stics i qu\u00e8 cal fer en cas que se\u2019n produeixi un.","breadcrumb":{"@id":"https:\/\/www.noubarris.net\/web40\/els-bombers-de-barcelona-visiten-els-mercats-de-nou-barris\/#breadcrumb"},"inLanguage":"ca","potentialAction":[{"@type":"ReadAction","target":["https:\/\/www.noubarris.net\/web40\/els-bombers-de-barcelona-visiten-els-mercats-de-nou-barris\/"]}]},{"@type":"ImageObject","inLanguage":"ca","@id":"https:\/\/www.noubarris.net\/web40\/els-bombers-de-barcelona-visiten-els-mercats-de-nou-barris\/#primaryimage","url":"https:\/\/www.noubarris.net\/web40\/wp-content\/uploads\/2024\/02\/050224.jpg","contentUrl":"https:\/\/www.noubarris.net\/web40\/wp-content\/uploads\/2024\/02\/050224.jpg","width":768,"height":432},{"@type":"BreadcrumbList","@id":"https:\/\/www.noubarris.net\/web40\/els-bombers-de-barcelona-visiten-els-mercats-de-nou-barris\/#breadcrumb","itemListElement":[{"@type":"ListItem","position":1,"name":"Inici","item":"https:\/\/www.noubarris.net\/web40\/"},{"@type":"ListItem","position":2,"name":"Els Bombers de Barcelona visiten els mercats de Nou Barris"}]},{"@type":"WebSite","@id":"https:\/\/www.noubarris.net\/web40\/#website","url":"https:\/\/www.noubarris.net\/web40\/","name":"NouBarris.Net","description":"Seguint la vida de Nou Barris des de 1985","publisher":{"@id":"https:\/\/www.noubarris.net\/web40\/#organization"},"potentialAction":[{"@type":"SearchAction","target":{"@type":"EntryPoint","urlTemplate":"https:\/\/www.noubarris.net\/web40\/?s={search_term_string}"},"query-input":{"@type":"PropertyValueSpecification","valueRequired":true,"valueName":"search_term_string"}}],"inLanguage":"ca"},{"@type":"Organization","@id":"https:\/\/www.noubarris.net\/web40\/#organization","name":"NouBarris.Net","url":"https:\/\/www.noubarris.net\/web40\/","logo":{"@type":"ImageObject","inLanguage":"ca","@id":"https:\/\/www.noubarris.net\/web40\/#\/schema\/logo\/image\/","url":"https:\/\/www.noubarris.net\/web40\/wp-content\/uploads\/2024\/11\/cropped-cropped-LOGO_9BTV-2024_Insta-1.jpg","contentUrl":"https:\/\/www.noubarris.net\/web40\/wp-content\/uploads\/2024\/11\/cropped-cropped-LOGO_9BTV-2024_Insta-1.jpg","width":512,"height":512,"caption":"NouBarris.Net"},"image":{"@id":"https:\/\/www.noubarris.net\/web40\/#\/schema\/logo\/image\/"},"sameAs":["https:\/\/www.facebook.com\/NouBarris.net\/?locale=es_ES","https:\/\/x.com\/9BTV"]},{"@type":"Person","@id":"https:\/\/www.noubarris.net\/web40\/#\/schema\/person\/1827f92aaa316c54abbf4dac0de76069","name":"Informatius","image":{"@type":"ImageObject","inLanguage":"ca","@id":"https:\/\/www.noubarris.net\/web40\/#\/schema\/person\/image\/","url":"https:\/\/secure.gravatar.com\/avatar\/87a3b47928835fc72c6ee5b0e1a7263ef0c2d05003a98189bc14926c5f11bcdb?s=96&d=mm&r=g","contentUrl":"https:\/\/secure.gravatar.com\/avatar\/87a3b47928835fc72c6ee5b0e1a7263ef0c2d05003a98189bc14926c5f11bcdb?s=96&d=mm&r=g","caption":"Informatius"},"url":"https:\/\/www.noubarris.net\/web40\/author\/tele\/"}]}},"_links":{"self":[{"href":"https:\/\/www.noubarris.net\/web40\/wp-json\/wp\/v2\/posts\/82316","targetHints":{"allow":["GET"]}}],"collection":[{"href":"https:\/\/www.noubarris.net\/web40\/wp-json\/wp\/v2\/posts"}],"about":[{"href":"https:\/\/www.noubarris.net\/web40\/wp-json\/wp\/v2\/types\/post"}],"author":[{"embeddable":true,"href":"https:\/\/www.noubarris.net\/web40\/wp-json\/wp\/v2\/users\/2"}],"replies":[{"embeddable":true,"href":"https:\/\/www.noubarris.net\/web40\/wp-json\/wp\/v2\/comments?post=82316"}],"version-history":[{"count":1,"href":"https:\/\/www.noubarris.net\/web40\/wp-json\/wp\/v2\/posts\/82316\/revisions"}],"predecessor-version":[{"id":82319,"href":"https:\/\/www.noubarris.net\/web40\/wp-json\/wp\/v2\/posts\/82316\/revisions\/82319"}],"wp:featuredmedia":[{"embeddable":true,"href":"https:\/\/www.noubarris.net\/web40\/wp-json\/wp\/v2\/media\/82317"}],"wp:attachment":[{"href":"https:\/\/www.noubarris.net\/web40\/wp-json\/wp\/v2\/media?parent=82316"}],"wp:term":[{"taxonomy":"category","embeddable":true,"href":"https:\/\/www.noubarris.net\/web40\/wp-json\/wp\/v2\/categories?post=82316"},{"taxonomy":"post_tag","embeddable":true,"href":"https:\/\/www.noubarris.net\/web40\/wp-json\/wp\/v2\/tags?post=82316"}],"curies":[{"name":"wp","href":"https:\/\/api.w.org\/{rel}","templated":true}]}}